{"id":840,"date":"2023-04-16T20:13:13","date_gmt":"2023-04-17T00:13:13","guid":{"rendered":"https:\/\/www.manaus.am.gov.br\/manauscult\/prefeito-lanca-edital-do-65o-festival-folclorico-do-amazonas-com-apoio-financeiro-de-quase-r-12-milhao\/"},"modified":"2023-06-19T09:14:41","modified_gmt":"2023-06-19T13:14:41","slug":"prefeito-lanca-edital-do-65o-festival-folclorico-do-amazonas-com-apoio-financeiro-de-quase-r-12-milhao","status":"publish","type":"post","link":"https:\/\/www.manaus.am.gov.br\/manauscult\/prefeito-lanca-edital-do-65o-festival-folclorico-do-amazonas-com-apoio-financeiro-de-quase-r-12-milhao\/","title":{"rendered":"Prefeito lan\u00e7a edital do 65\u00ba Festival Folcl\u00f3rico do Amazonas com apoio financeiro de quase R$ 1,2 milh\u00e3o"},"content":{"rendered":"\n<p>O prefeito de Manaus, David Almeida, acompanhado do diretor-presidente da Funda\u00e7\u00e3o Municipal de Cultura, Turismo e Eventos (<a href=\"https:\/\/manauscult.manaus.am.gov.br\/#\" target=\"_blank\" rel=\"noreferrer noopener\">Manauscult<\/a>), Osvaldo Cardoso, realizou, na noite deste domingo, 16\/4, o lan\u00e7amento do edital de apoio financeiro do 65\u00ba Festival Folcl\u00f3rico do Amazonas (FFA), no valor de quase R$ 1,2 milh\u00e3o.<\/p>\n\n\n\n<p>O tradicional evento cultural do Estado acontecer\u00e1 de 11 a 25 de junho, no Centro Cultural Povos da Amaz\u00f4nia (CCPA), localizado na Bola da Suframa, zona Sul. A abertura do festival contar\u00e1 com o show do cantor de forr\u00f3 JM Puxado.<\/p>\n\n\n\n<p>Durante a a\u00e7\u00e3o deste domingo, realizada no Parque Municipal do Idoso (PMI), localizado no bairro Nossa Senhora das Gra\u00e7as, zona Centro-Sul, David Almeida destacou o incentivo dado pela atual gest\u00e3o municipal aos grupos folcl\u00f3ricos.<\/p>\n\n\n\n<p>&#8220;Hoje, a Manauscult completa 14 anos e demos um presente ao folclore de Manaus, o lan\u00e7amento do edital e tamb\u00e9m um aumento no repasse aos grupos folcl\u00f3ricos. Isso faz com que possamos impulsionar a cultura e o folclore nos bairros e nas comunidades de Manaus, e aventar a possibilidade de um festival maravilhoso em 2023&#8221;, enfatizou Almeida.<\/p>\n\n\n\n<p>O certame de n\u00ba 004\/2023 prev\u00ea a concess\u00e3o de apoio financeiro para a apresenta\u00e7\u00e3o de 78 grupos folcl\u00f3ricos integrantes, sendo que ser\u00e3o: tr\u00eas agremia\u00e7\u00f5es na categoria Master A, que cont\u00e9m os bois-bumb\u00e1s, com apoio de R$ 120.494,22; 45 grupos da categoria Prata, que receber\u00e3o R$ 15 mil; e 30 grupos da Bronze, no valor de R$ 5 mil.<\/p>\n\n\n\n<p><strong>Emprego e renda<\/strong><\/p>\n\n\n\n<p>Questionado sobre os repasses, David Almeida destacou que esse investimento no folclore ajuda com que a economia gire na cidade, uma vez que o festival movimenta uma cadeia que engloba costureiras, ambulantes e pequenos empres\u00e1rios.<\/p>\n\n\n\n<p>&#8220;Desde que chegamos na prefeitura, aumentamos 150% o repasse dos grupos e vamos continuar incentivando a cultura e o folclore na cidade de Manaus que \u00e9 muito importante. Isso fomenta o com\u00e9rcio informal nas comunidades e no pr\u00f3prio entorno da realiza\u00e7\u00e3o do evento. Isso faz com que possamos trabalhar a inclus\u00e3o social por meio da cultura, gerando emprego e renda&#8221;, afirmou David.<\/p>\n\n\n\n<p><strong>Demandas atendidas<\/strong><\/p>\n\n\n\n<p>O titular da Manauscult, Osvaldo Cardoso, destacou que antes do lan\u00e7amento do edital, a comiss\u00e3o de cultura da Prefeitura de Manaus conversou com representantes do setor para discutir e encontrar solu\u00e7\u00f5es que impulsione o espet\u00e1culo apresentado no Povos da Amaz\u00f4nia. Para ele, essa edi\u00e7\u00e3o do festival j\u00e1 nasce grande, ainda mais que ter\u00e1 em sua abertura uma atra\u00e7\u00e3o nacional.<\/p>\n\n\n\n<p>&#8220;Hoje, \u00e9 um dia muito feliz. Manaus e a cultura da cidade ganharam um presente. Por determina\u00e7\u00e3o do prefeito David Almeida, conseguimos ampliar os investimentos no setor e estamos trazendo uma atra\u00e7\u00e3o nacional para a abertura do nosso festival folcl\u00f3rico. Atendemos todas as demandas, fizemos todas as mudan\u00e7as necess\u00e1rias para garantir que tenhamos o maior festival folcl\u00f3rico da nossa cidade&#8221;, concluiu Osvaldo.<\/p>\n\n\n\n<p>Integrante da quadrilha tradicional Fam\u00edlia Gald, a estudante Let\u00edcia Nishimura, de 18 anos, comemorou o lan\u00e7amento do edital, uma vez que o seu grupo promete trazer muitas novidades neste ano visando conquistar o sonhado acesso para o grupo Ouro.<\/p>\n\n\n\n<p>&#8220;Estamos muito animados com o lan\u00e7amento do edital, ainda mais que est\u00e1vamos na categoria Ouro e agora recebemos um grande incentivo. Por isso, a popula\u00e7\u00e3o pode ter certeza que iremos trazer muitas novidades para que possamos conseguir esse acesso. Vamos preparar novas alegorias e esse apoio da Prefeitura de Manaus \u00e9 fundamental, pois somos amantes da cultura e est\u00e1vamos ansiosos por essa oportunidade de continuar fazendo o nosso trabalho&#8221;, finalizou Let\u00edcia.<\/p>\n\n\n\n<p>&#8212; &#8212; &#8212;<\/p>\n\n\n\n<p><strong>Texto \u2013<\/strong> Thiago Fernando \/ Semcom<\/p>\n\n\n\n<p><strong>Fotos \u2013 <\/strong>Jo\u00e3o Viana e Ruan Souza \/ Semcom<\/p>\n\n\n\n<p><strong>Dispon\u00edveis em &#8211; <\/strong><a href=\"https:\/\/flic.kr\/s\/aHBqjAA2AT\">https:\/\/flic.kr\/s\/aHBqjAA2AT<\/a><\/p>\n","protected":false},"excerpt":{"rendered":"","protected":false},"author":39,"featured_media":841,"comment_status":"closed","ping_status":"closed","sticky":false,"template":"","format":"standard","meta":{"footnotes":""},"categories":[39],"tags":[5,40,67,198,9,16,69],"acf":[],"yoast_head":"<!-- This site is optimized with the Yoast SEO plugin v23.0 - https:\/\/yoast.com\/wordpress\/plugins\/seo\/ -->\n<title>Prefeito lan\u00e7a edital do 65\u00ba Festival Folcl\u00f3rico do Amazonas com apoio financeiro de quase R$ 1,2 milh\u00e3o<\/title>\n<meta name=\"description\" content=\"O tradicional evento cultural do Estado acontecer\u00e1 de 11 a 25 de junho, no Centro Cultural Povos da Amaz\u00f4nia (CCPA), localizado na Bola da Suframa, zona Sul. A abertura do festival contar\u00e1 com o show do cantor de forr\u00f3 JM Puxado.\" \/>\n<meta name=\"robots\" content=\"noindex, follow\" \/>\n<meta property=\"og:locale\" content=\"pt_BR\" \/>\n<meta property=\"og:type\" content=\"article\" \/>\n<meta property=\"og:title\" content=\"Prefeito lan\u00e7a edital do 65\u00ba Festival Folcl\u00f3rico do Amazonas com apoio financeiro de quase R$ 1,2 milh\u00e3o\" \/>\n<meta property=\"og:description\" content=\"O tradicional evento cultural do Estado acontecer\u00e1 de 11 a 25 de junho, no Centro Cultural Povos da Amaz\u00f4nia (CCPA), localizado na Bola da Suframa, zona Sul. A abertura do festival contar\u00e1 com o show do cantor de forr\u00f3 JM Puxado.\" \/>\n<meta property=\"og:url\" content=\"https:\/\/www.manaus.am.gov.br\/manauscult\/prefeito-lanca-edital-do-65o-festival-folclorico-do-amazonas-com-apoio-financeiro-de-quase-r-12-milhao\/\" \/>\n<meta property=\"og:site_name\" content=\"MANAUSCULT\" \/>\n<meta property=\"article:published_time\" content=\"2023-04-17T00:13:13+00:00\" \/>\n<meta property=\"article:modified_time\" content=\"2023-06-19T13:14:41+00:00\" \/>\n<meta property=\"og:image\" content=\"https:\/\/www.manaus.am.gov.br\/manauscult\/wp-content\/uploads\/sites\/11\/2023\/06\/52823311150_f90fe91b5f_b.jpg\" \/>\n\t<meta property=\"og:image:width\" content=\"1000\" \/>\n\t<meta property=\"og:image:height\" content=\"667\" \/>\n\t<meta property=\"og:image:type\" content=\"image\/jpeg\" \/>\n<meta name=\"author\" content=\"Bruna Greco\" \/>\n<meta name=\"twitter:card\" content=\"summary_large_image\" \/>\n<meta name=\"twitter:label1\" content=\"Written by\" \/>\n\t<meta name=\"twitter:data1\" content=\"Bruna Greco\" \/>\n\t<meta name=\"twitter:label2\" content=\"Est. reading time\" \/>\n\t<meta name=\"twitter:data2\" content=\"4 minutos\" \/>\n<script type=\"application\/ld+json\" class=\"yoast-schema-graph\">{\"@context\":\"https:\/\/schema.org\",\"@graph\":[{\"@type\":\"WebPage\",\"@id\":\"https:\/\/www.manaus.am.gov.br\/manauscult\/prefeito-lanca-edital-do-65o-festival-folclorico-do-amazonas-com-apoio-financeiro-de-quase-r-12-milhao\/\",\"url\":\"https:\/\/www.manaus.am.gov.br\/manauscult\/prefeito-lanca-edital-do-65o-festival-folclorico-do-amazonas-com-apoio-financeiro-de-quase-r-12-milhao\/\",\"name\":\"Prefeito lan\u00e7a edital do 65\u00ba Festival Folcl\u00f3rico do Amazonas com apoio financeiro de quase R$ 1,2 milh\u00e3o\",\"isPartOf\":{\"@id\":\"https:\/\/www.manaus.am.gov.br\/manauscult\/#website\"},\"primaryImageOfPage\":{\"@id\":\"https:\/\/www.manaus.am.gov.br\/manauscult\/prefeito-lanca-edital-do-65o-festival-folclorico-do-amazonas-com-apoio-financeiro-de-quase-r-12-milhao\/#primaryimage\"},\"image\":{\"@id\":\"https:\/\/www.manaus.am.gov.br\/manauscult\/prefeito-lanca-edital-do-65o-festival-folclorico-do-amazonas-com-apoio-financeiro-de-quase-r-12-milhao\/#primaryimage\"},\"thumbnailUrl\":\"https:\/\/www.manaus.am.gov.br\/manauscult\/wp-content\/uploads\/sites\/11\/2023\/06\/52823311150_f90fe91b5f_b.jpg\",\"datePublished\":\"2023-04-17T00:13:13+00:00\",\"dateModified\":\"2023-06-19T13:14:41+00:00\",\"author\":{\"@id\":\"https:\/\/www.manaus.am.gov.br\/manauscult\/#\/schema\/person\/05d223aea2bf115f9883a6ff3683d81b\"},\"description\":\"O tradicional evento cultural do Estado acontecer\u00e1 de 11 a 25 de junho, no Centro Cultural Povos da Amaz\u00f4nia (CCPA), localizado na Bola da Suframa, zona Sul. A abertura do festival contar\u00e1 com o show do cantor de forr\u00f3 JM Puxado.\",\"breadcrumb\":{\"@id\":\"https:\/\/www.manaus.am.gov.br\/manauscult\/prefeito-lanca-edital-do-65o-festival-folclorico-do-amazonas-com-apoio-financeiro-de-quase-r-12-milhao\/#breadcrumb\"},\"inLanguage\":\"pt-BR\",\"potentialAction\":[{\"@type\":\"ReadAction\",\"target\":[\"https:\/\/www.manaus.am.gov.br\/manauscult\/prefeito-lanca-edital-do-65o-festival-folclorico-do-amazonas-com-apoio-financeiro-de-quase-r-12-milhao\/\"]}]},{\"@type\":\"ImageObject\",\"inLanguage\":\"pt-BR\",\"@id\":\"https:\/\/www.manaus.am.gov.br\/manauscult\/prefeito-lanca-edital-do-65o-festival-folclorico-do-amazonas-com-apoio-financeiro-de-quase-r-12-milhao\/#primaryimage\",\"url\":\"https:\/\/www.manaus.am.gov.br\/manauscult\/wp-content\/uploads\/sites\/11\/2023\/06\/52823311150_f90fe91b5f_b.jpg\",\"contentUrl\":\"https:\/\/www.manaus.am.gov.br\/manauscult\/wp-content\/uploads\/sites\/11\/2023\/06\/52823311150_f90fe91b5f_b.jpg\",\"width\":1000,\"height\":667},{\"@type\":\"BreadcrumbList\",\"@id\":\"https:\/\/www.manaus.am.gov.br\/manauscult\/prefeito-lanca-edital-do-65o-festival-folclorico-do-amazonas-com-apoio-financeiro-de-quase-r-12-milhao\/#breadcrumb\",\"itemListElement\":[{\"@type\":\"ListItem\",\"position\":1,\"name\":\"Home\",\"item\":\"https:\/\/www.manaus.am.gov.br\/manauscult\/\"},{\"@type\":\"ListItem\",\"position\":2,\"name\":\"Prefeito lan\u00e7a edital do 65\u00ba Festival Folcl\u00f3rico do Amazonas com apoio financeiro de quase R$ 1,2 milh\u00e3o\"}]},{\"@type\":\"WebSite\",\"@id\":\"https:\/\/www.manaus.am.gov.br\/manauscult\/#website\",\"url\":\"https:\/\/www.manaus.am.gov.br\/manauscult\/\",\"name\":\"MANAUSCULT\",\"description\":\"Prefeitura de Manaus\",\"potentialAction\":[{\"@type\":\"SearchAction\",\"target\":{\"@type\":\"EntryPoint\",\"urlTemplate\":\"https:\/\/www.manaus.am.gov.br\/manauscult\/?s={search_term_string}\"},\"query-input\":\"required name=search_term_string\"}],\"inLanguage\":\"pt-BR\"},{\"@type\":\"Person\",\"@id\":\"https:\/\/www.manaus.am.gov.br\/manauscult\/#\/schema\/person\/05d223aea2bf115f9883a6ff3683d81b\",\"name\":\"Bruna Greco\",\"image\":{\"@type\":\"ImageObject\",\"inLanguage\":\"pt-BR\",\"@id\":\"https:\/\/www.manaus.am.gov.br\/manauscult\/#\/schema\/person\/image\/\",\"url\":\"https:\/\/secure.gravatar.com\/avatar\/9c877d1a6adc2a055330e5c09a8653ce?s=96&d=mm&r=g\",\"contentUrl\":\"https:\/\/secure.gravatar.com\/avatar\/9c877d1a6adc2a055330e5c09a8653ce?s=96&d=mm&r=g\",\"caption\":\"Bruna Greco\"}}]}<\/script>\n<!-- \/ Yoast SEO plugin. -->","yoast_head_json":{"title":"Prefeito lan\u00e7a edital do 65\u00ba Festival Folcl\u00f3rico do Amazonas com apoio financeiro de quase R$ 1,2 milh\u00e3o","description":"O tradicional evento cultural do Estado acontecer\u00e1 de 11 a 25 de junho, no Centro Cultural Povos da Amaz\u00f4nia (CCPA), localizado na Bola da Suframa, zona Sul. A abertura do festival contar\u00e1 com o show do cantor de forr\u00f3 JM Puxado.","robots":{"index":"noindex","follow":"follow"},"og_locale":"pt_BR","og_type":"article","og_title":"Prefeito lan\u00e7a edital do 65\u00ba Festival Folcl\u00f3rico do Amazonas com apoio financeiro de quase R$ 1,2 milh\u00e3o","og_description":"O tradicional evento cultural do Estado acontecer\u00e1 de 11 a 25 de junho, no Centro Cultural Povos da Amaz\u00f4nia (CCPA), localizado na Bola da Suframa, zona Sul. A abertura do festival contar\u00e1 com o show do cantor de forr\u00f3 JM Puxado.","og_url":"https:\/\/www.manaus.am.gov.br\/manauscult\/prefeito-lanca-edital-do-65o-festival-folclorico-do-amazonas-com-apoio-financeiro-de-quase-r-12-milhao\/","og_site_name":"MANAUSCULT","article_published_time":"2023-04-17T00:13:13+00:00","article_modified_time":"2023-06-19T13:14:41+00:00","og_image":[{"width":1000,"height":667,"url":"https:\/\/www.manaus.am.gov.br\/manauscult\/wp-content\/uploads\/sites\/11\/2023\/06\/52823311150_f90fe91b5f_b.jpg","type":"image\/jpeg"}],"author":"Bruna Greco","twitter_card":"summary_large_image","twitter_misc":{"Written by":"Bruna Greco","Est. reading time":"4 minutos"},"schema":{"@context":"https:\/\/schema.org","@graph":[{"@type":"WebPage","@id":"https:\/\/www.manaus.am.gov.br\/manauscult\/prefeito-lanca-edital-do-65o-festival-folclorico-do-amazonas-com-apoio-financeiro-de-quase-r-12-milhao\/","url":"https:\/\/www.manaus.am.gov.br\/manauscult\/prefeito-lanca-edital-do-65o-festival-folclorico-do-amazonas-com-apoio-financeiro-de-quase-r-12-milhao\/","name":"Prefeito lan\u00e7a edital do 65\u00ba Festival Folcl\u00f3rico do Amazonas com apoio financeiro de quase R$ 1,2 milh\u00e3o","isPartOf":{"@id":"https:\/\/www.manaus.am.gov.br\/manauscult\/#website"},"primaryImageOfPage":{"@id":"https:\/\/www.manaus.am.gov.br\/manauscult\/prefeito-lanca-edital-do-65o-festival-folclorico-do-amazonas-com-apoio-financeiro-de-quase-r-12-milhao\/#primaryimage"},"image":{"@id":"https:\/\/www.manaus.am.gov.br\/manauscult\/prefeito-lanca-edital-do-65o-festival-folclorico-do-amazonas-com-apoio-financeiro-de-quase-r-12-milhao\/#primaryimage"},"thumbnailUrl":"https:\/\/www.manaus.am.gov.br\/manauscult\/wp-content\/uploads\/sites\/11\/2023\/06\/52823311150_f90fe91b5f_b.jpg","datePublished":"2023-04-17T00:13:13+00:00","dateModified":"2023-06-19T13:14:41+00:00","author":{"@id":"https:\/\/www.manaus.am.gov.br\/manauscult\/#\/schema\/person\/05d223aea2bf115f9883a6ff3683d81b"},"description":"O tradicional evento cultural do Estado acontecer\u00e1 de 11 a 25 de junho, no Centro Cultural Povos da Amaz\u00f4nia (CCPA), localizado na Bola da Suframa, zona Sul. A abertura do festival contar\u00e1 com o show do cantor de forr\u00f3 JM Puxado.","breadcrumb":{"@id":"https:\/\/www.manaus.am.gov.br\/manauscult\/prefeito-lanca-edital-do-65o-festival-folclorico-do-amazonas-com-apoio-financeiro-de-quase-r-12-milhao\/#breadcrumb"},"inLanguage":"pt-BR","potentialAction":[{"@type":"ReadAction","target":["https:\/\/www.manaus.am.gov.br\/manauscult\/prefeito-lanca-edital-do-65o-festival-folclorico-do-amazonas-com-apoio-financeiro-de-quase-r-12-milhao\/"]}]},{"@type":"ImageObject","inLanguage":"pt-BR","@id":"https:\/\/www.manaus.am.gov.br\/manauscult\/prefeito-lanca-edital-do-65o-festival-folclorico-do-amazonas-com-apoio-financeiro-de-quase-r-12-milhao\/#primaryimage","url":"https:\/\/www.manaus.am.gov.br\/manauscult\/wp-content\/uploads\/sites\/11\/2023\/06\/52823311150_f90fe91b5f_b.jpg","contentUrl":"https:\/\/www.manaus.am.gov.br\/manauscult\/wp-content\/uploads\/sites\/11\/2023\/06\/52823311150_f90fe91b5f_b.jpg","width":1000,"height":667},{"@type":"BreadcrumbList","@id":"https:\/\/www.manaus.am.gov.br\/manauscult\/prefeito-lanca-edital-do-65o-festival-folclorico-do-amazonas-com-apoio-financeiro-de-quase-r-12-milhao\/#breadcrumb","itemListElement":[{"@type":"ListItem","position":1,"name":"Home","item":"https:\/\/www.manaus.am.gov.br\/manauscult\/"},{"@type":"ListItem","position":2,"name":"Prefeito lan\u00e7a edital do 65\u00ba Festival Folcl\u00f3rico do Amazonas com apoio financeiro de quase R$ 1,2 milh\u00e3o"}]},{"@type":"WebSite","@id":"https:\/\/www.manaus.am.gov.br\/manauscult\/#website","url":"https:\/\/www.manaus.am.gov.br\/manauscult\/","name":"MANAUSCULT","description":"Prefeitura de Manaus","potentialAction":[{"@type":"SearchAction","target":{"@type":"EntryPoint","urlTemplate":"https:\/\/www.manaus.am.gov.br\/manauscult\/?s={search_term_string}"},"query-input":"required name=search_term_string"}],"inLanguage":"pt-BR"},{"@type":"Person","@id":"https:\/\/www.manaus.am.gov.br\/manauscult\/#\/schema\/person\/05d223aea2bf115f9883a6ff3683d81b","name":"Bruna Greco","image":{"@type":"ImageObject","inLanguage":"pt-BR","@id":"https:\/\/www.manaus.am.gov.br\/manauscult\/#\/schema\/person\/image\/","url":"https:\/\/secure.gravatar.com\/avatar\/9c877d1a6adc2a055330e5c09a8653ce?s=96&d=mm&r=g","contentUrl":"https:\/\/secure.gravatar.com\/avatar\/9c877d1a6adc2a055330e5c09a8653ce?s=96&d=mm&r=g","caption":"Bruna Greco"}}]}},"_links":{"self":[{"href":"https:\/\/www.manaus.am.gov.br\/manauscult\/wp-json\/wp\/v2\/posts\/840"}],"collection":[{"href":"https:\/\/www.manaus.am.gov.br\/manauscult\/wp-json\/wp\/v2\/posts"}],"about":[{"href":"https:\/\/www.manaus.am.gov.br\/manauscult\/wp-json\/wp\/v2\/types\/post"}],"author":[{"embeddable":true,"href":"https:\/\/www.manaus.am.gov.br\/manauscult\/wp-json\/wp\/v2\/users\/39"}],"replies":[{"embeddable":true,"href":"https:\/\/www.manaus.am.gov.br\/manauscult\/wp-json\/wp\/v2\/comments?post=840"}],"version-history":[{"count":0,"href":"https:\/\/www.manaus.am.gov.br\/manauscult\/wp-json\/wp\/v2\/posts\/840\/revisions"}],"wp:featuredmedia":[{"embeddable":true,"href":"https:\/\/www.manaus.am.gov.br\/manauscult\/wp-json\/wp\/v2\/media\/841"}],"wp:attachment":[{"href":"https:\/\/www.manaus.am.gov.br\/manauscult\/wp-json\/wp\/v2\/media?parent=840"}],"wp:term":[{"taxonomy":"category","embeddable":true,"href":"https:\/\/www.manaus.am.gov.br\/manauscult\/wp-json\/wp\/v2\/categories?post=840"},{"taxonomy":"post_tag","embeddable":true,"href":"https:\/\/www.manaus.am.gov.br\/manauscult\/wp-json\/wp\/v2\/tags?post=840"}],"curies":[{"name":"wp","href":"https:\/\/api.w.org\/{rel}","templated":true}]}}