{"id":835,"date":"2023-06-16T13:46:56","date_gmt":"2023-06-16T17:46:56","guid":{"rendered":"https:\/\/www.manaus.am.gov.br\/manauscult\/casa-de-praia-zezinho-correa-recebe-programacao-especial-no-fim-de-semana\/"},"modified":"2023-06-19T09:04:19","modified_gmt":"2023-06-19T13:04:19","slug":"casa-de-praia-zezinho-correa-recebe-programacao-especial-no-fim-de-semana","status":"publish","type":"post","link":"https:\/\/www.manaus.am.gov.br\/manauscult\/casa-de-praia-zezinho-correa-recebe-programacao-especial-no-fim-de-semana\/","title":{"rendered":"Casa de Praia Zezinho Corr\u00eaa recebe programa\u00e7\u00e3o especial no fim de semana"},"content":{"rendered":"\n<p>A Prefeitura de Manaus, por meio da Secretaria Municipal do Trabalho, Empreendedorismo e Inova\u00e7\u00e3o (Semtepi), promove, desta sexta at\u00e9 domingo, 16, 17 e 18\/6, uma programa\u00e7\u00e3o de shows na Casa de Praia Zezinho Corr\u00eaa, localizada no complexo tur\u00edstico Ponta Negra, zona Oeste.<\/p>\n\n\n\n<p>Nesta sexta-feira, tem \u201cLouvorz\u00e3o\u201d, a partir das 18h, com Tonny Salles, J\u00f4 Souza e banda e Bianca Kelen. J\u00e1 no s\u00e1bado, a partir das 18h, o local recebe o esquenta para o Festival Folcl\u00f3rico de Parintins, o \u201cBye Bye Manaus, Al\u00f4 Al\u00f4 Parintins\u201d, com a participa\u00e7\u00e3o dos artistas M\u00e1rcia Siqueira, Edmundo Oran, Arlindo Neto, PA Chaves e o grupo Kboclos.<\/p>\n\n\n\n<p>\u201cNo \u00faltimo final de semana, promovemos o #Toadas na Casa de Praia. Estamos valorizando essa cultura local, que atrai um grande p\u00fablico para o espa\u00e7o tur\u00edstico. Agora, neste s\u00e1bado, vai ter muito boi-bumb\u00e1, no \u2018esquenta\u2019 para o festival de Parintins\u201d, destacou Radyr J\u00fanior.<\/p>\n\n\n\n<p>No domingo, a tradicional \u201cTardezinha na Casa de Praia\u201d recebe o show da banda Frutos do Pagode, a partir das 17h. Na sequ\u00eancia, a cantora Vanessa Auzier faz uma apresenta\u00e7\u00e3o especial, encerrando o final de semana.<\/p>\n\n\n\n<p>&#8212; &#8212; &#8212;<\/p>\n\n\n\n<p><strong>Texto<\/strong>&nbsp;&#8211; Rita Ben\u00edcio\/Semtepi&nbsp;<br><strong>Fotos<\/strong>&nbsp;\u2013 Jo\u00e3o Viana\/Semcom e Dhyeizo Lemos\/Semcom<\/p>\n\n\n\n<p><strong>Dispon\u00edveis em&nbsp;<\/strong>&#8211;&nbsp;<a href=\"https:\/\/flic.kr\/s\/aHBqjACTYZ\" target=\"_blank\" rel=\"noreferrer noopener\">https:\/\/flic.kr\/s\/aHBqjACTYZ<\/a><\/p>\n","protected":false},"excerpt":{"rendered":"","protected":false},"author":23,"featured_media":836,"comment_status":"closed","ping_status":"closed","sticky":false,"template":"","format":"standard","meta":{"footnotes":""},"categories":[3],"tags":[58,197,11,61,38],"acf":[],"yoast_head":"<!-- This site is optimized with the Yoast SEO plugin v23.0 - https:\/\/yoast.com\/wordpress\/plugins\/seo\/ -->\n<title>Casa de Praia Zezinho Corr\u00eaa recebe programa\u00e7\u00e3o especial no fim de semana<\/title>\n<meta name=\"description\" content=\"A Prefeitura de Manaus, por meio da Secretaria Municipal do Trabalho, Empreendedorismo e Inova\u00e7\u00e3o (Semtepi), promove, desta sexta at\u00e9 domingo, 16, 17 e 18\/6, uma programa\u00e7\u00e3o de shows na Casa de Praia Zezinho Corr\u00eaa, localizada no complexo tur\u00edstico Ponta Negra, zona Oeste.\" \/>\n<meta name=\"robots\" content=\"noindex, follow\" \/>\n<meta property=\"og:locale\" content=\"pt_BR\" \/>\n<meta property=\"og:type\" content=\"article\" \/>\n<meta property=\"og:title\" content=\"Casa de Praia Zezinho Corr\u00eaa recebe programa\u00e7\u00e3o especial no fim de semana\" \/>\n<meta property=\"og:description\" content=\"A Prefeitura de Manaus, por meio da Secretaria Municipal do Trabalho, Empreendedorismo e Inova\u00e7\u00e3o (Semtepi), promove, desta sexta at\u00e9 domingo, 16, 17 e 18\/6, uma programa\u00e7\u00e3o de shows na Casa de Praia Zezinho Corr\u00eaa, localizada no complexo tur\u00edstico Ponta Negra, zona Oeste.\" \/>\n<meta property=\"og:url\" content=\"https:\/\/www.manaus.am.gov.br\/manauscult\/casa-de-praia-zezinho-correa-recebe-programacao-especial-no-fim-de-semana\/\" \/>\n<meta property=\"og:site_name\" content=\"MANAUSCULT\" \/>\n<meta property=\"article:published_time\" content=\"2023-06-16T17:46:56+00:00\" \/>\n<meta property=\"article:modified_time\" content=\"2023-06-19T13:04:19+00:00\" \/>\n<meta property=\"og:image\" content=\"https:\/\/www.manaus.am.gov.br\/manauscult\/wp-content\/uploads\/sites\/11\/2023\/06\/52879176931_91638c1171_c.jpg\" \/>\n\t<meta property=\"og:image:width\" content=\"800\" \/>\n\t<meta property=\"og:image:height\" content=\"534\" \/>\n\t<meta property=\"og:image:type\" content=\"image\/jpeg\" \/>\n<meta name=\"author\" content=\"Adriana Costa\" \/>\n<meta name=\"twitter:card\" content=\"summary_large_image\" \/>\n<meta name=\"twitter:label1\" content=\"Written by\" \/>\n\t<meta name=\"twitter:data1\" content=\"Adriana Costa\" \/>\n\t<meta name=\"twitter:label2\" content=\"Est. reading time\" \/>\n\t<meta name=\"twitter:data2\" content=\"2 minutos\" \/>\n<script type=\"application\/ld+json\" class=\"yoast-schema-graph\">{\"@context\":\"https:\/\/schema.org\",\"@graph\":[{\"@type\":\"WebPage\",\"@id\":\"https:\/\/www.manaus.am.gov.br\/manauscult\/casa-de-praia-zezinho-correa-recebe-programacao-especial-no-fim-de-semana\/\",\"url\":\"https:\/\/www.manaus.am.gov.br\/manauscult\/casa-de-praia-zezinho-correa-recebe-programacao-especial-no-fim-de-semana\/\",\"name\":\"Casa de Praia Zezinho Corr\u00eaa recebe programa\u00e7\u00e3o especial no fim de semana\",\"isPartOf\":{\"@id\":\"https:\/\/www.manaus.am.gov.br\/manauscult\/#website\"},\"primaryImageOfPage\":{\"@id\":\"https:\/\/www.manaus.am.gov.br\/manauscult\/casa-de-praia-zezinho-correa-recebe-programacao-especial-no-fim-de-semana\/#primaryimage\"},\"image\":{\"@id\":\"https:\/\/www.manaus.am.gov.br\/manauscult\/casa-de-praia-zezinho-correa-recebe-programacao-especial-no-fim-de-semana\/#primaryimage\"},\"thumbnailUrl\":\"https:\/\/www.manaus.am.gov.br\/manauscult\/wp-content\/uploads\/sites\/11\/2023\/06\/52879176931_91638c1171_c.jpg\",\"datePublished\":\"2023-06-16T17:46:56+00:00\",\"dateModified\":\"2023-06-19T13:04:19+00:00\",\"author\":{\"@id\":\"https:\/\/www.manaus.am.gov.br\/manauscult\/#\/schema\/person\/4e49f4e267757a06ca072ec61b2b9968\"},\"description\":\"A Prefeitura de Manaus, por meio da Secretaria Municipal do Trabalho, Empreendedorismo e Inova\u00e7\u00e3o (Semtepi), promove, desta sexta at\u00e9 domingo, 16, 17 e 18\/6, uma programa\u00e7\u00e3o de shows na Casa de Praia Zezinho Corr\u00eaa, localizada no complexo tur\u00edstico Ponta Negra, zona Oeste.\",\"breadcrumb\":{\"@id\":\"https:\/\/www.manaus.am.gov.br\/manauscult\/casa-de-praia-zezinho-correa-recebe-programacao-especial-no-fim-de-semana\/#breadcrumb\"},\"inLanguage\":\"pt-BR\",\"potentialAction\":[{\"@type\":\"ReadAction\",\"target\":[\"https:\/\/www.manaus.am.gov.br\/manauscult\/casa-de-praia-zezinho-correa-recebe-programacao-especial-no-fim-de-semana\/\"]}]},{\"@type\":\"ImageObject\",\"inLanguage\":\"pt-BR\",\"@id\":\"https:\/\/www.manaus.am.gov.br\/manauscult\/casa-de-praia-zezinho-correa-recebe-programacao-especial-no-fim-de-semana\/#primaryimage\",\"url\":\"https:\/\/www.manaus.am.gov.br\/manauscult\/wp-content\/uploads\/sites\/11\/2023\/06\/52879176931_91638c1171_c.jpg\",\"contentUrl\":\"https:\/\/www.manaus.am.gov.br\/manauscult\/wp-content\/uploads\/sites\/11\/2023\/06\/52879176931_91638c1171_c.jpg\",\"width\":800,\"height\":534},{\"@type\":\"BreadcrumbList\",\"@id\":\"https:\/\/www.manaus.am.gov.br\/manauscult\/casa-de-praia-zezinho-correa-recebe-programacao-especial-no-fim-de-semana\/#breadcrumb\",\"itemListElement\":[{\"@type\":\"ListItem\",\"position\":1,\"name\":\"Home\",\"item\":\"https:\/\/www.manaus.am.gov.br\/manauscult\/\"},{\"@type\":\"ListItem\",\"position\":2,\"name\":\"Casa de Praia Zezinho Corr\u00eaa recebe programa\u00e7\u00e3o especial no fim de semana\"}]},{\"@type\":\"WebSite\",\"@id\":\"https:\/\/www.manaus.am.gov.br\/manauscult\/#website\",\"url\":\"https:\/\/www.manaus.am.gov.br\/manauscult\/\",\"name\":\"MANAUSCULT\",\"description\":\"Prefeitura de Manaus\",\"potentialAction\":[{\"@type\":\"SearchAction\",\"target\":{\"@type\":\"EntryPoint\",\"urlTemplate\":\"https:\/\/www.manaus.am.gov.br\/manauscult\/?s={search_term_string}\"},\"query-input\":\"required name=search_term_string\"}],\"inLanguage\":\"pt-BR\"},{\"@type\":\"Person\",\"@id\":\"https:\/\/www.manaus.am.gov.br\/manauscult\/#\/schema\/person\/4e49f4e267757a06ca072ec61b2b9968\",\"name\":\"Adriana Costa\",\"image\":{\"@type\":\"ImageObject\",\"inLanguage\":\"pt-BR\",\"@id\":\"https:\/\/www.manaus.am.gov.br\/manauscult\/#\/schema\/person\/image\/\",\"url\":\"https:\/\/secure.gravatar.com\/avatar\/576258617ef7194f718179e766d57bd4?s=96&d=mm&r=g\",\"contentUrl\":\"https:\/\/secure.gravatar.com\/avatar\/576258617ef7194f718179e766d57bd4?s=96&d=mm&r=g\",\"caption\":\"Adriana Costa\"}}]}<\/script>\n<!-- \/ Yoast SEO plugin. -->","yoast_head_json":{"title":"Casa de Praia Zezinho Corr\u00eaa recebe programa\u00e7\u00e3o especial no fim de semana","description":"A Prefeitura de Manaus, por meio da Secretaria Municipal do Trabalho, Empreendedorismo e Inova\u00e7\u00e3o (Semtepi), promove, desta sexta at\u00e9 domingo, 16, 17 e 18\/6, uma programa\u00e7\u00e3o de shows na Casa de Praia Zezinho Corr\u00eaa, localizada no complexo tur\u00edstico Ponta Negra, zona Oeste.","robots":{"index":"noindex","follow":"follow"},"og_locale":"pt_BR","og_type":"article","og_title":"Casa de Praia Zezinho Corr\u00eaa recebe programa\u00e7\u00e3o especial no fim de semana","og_description":"A Prefeitura de Manaus, por meio da Secretaria Municipal do Trabalho, Empreendedorismo e Inova\u00e7\u00e3o (Semtepi), promove, desta sexta at\u00e9 domingo, 16, 17 e 18\/6, uma programa\u00e7\u00e3o de shows na Casa de Praia Zezinho Corr\u00eaa, localizada no complexo tur\u00edstico Ponta Negra, zona Oeste.","og_url":"https:\/\/www.manaus.am.gov.br\/manauscult\/casa-de-praia-zezinho-correa-recebe-programacao-especial-no-fim-de-semana\/","og_site_name":"MANAUSCULT","article_published_time":"2023-06-16T17:46:56+00:00","article_modified_time":"2023-06-19T13:04:19+00:00","og_image":[{"width":800,"height":534,"url":"https:\/\/www.manaus.am.gov.br\/manauscult\/wp-content\/uploads\/sites\/11\/2023\/06\/52879176931_91638c1171_c.jpg","type":"image\/jpeg"}],"author":"Adriana Costa","twitter_card":"summary_large_image","twitter_misc":{"Written by":"Adriana Costa","Est. reading time":"2 minutos"},"schema":{"@context":"https:\/\/schema.org","@graph":[{"@type":"WebPage","@id":"https:\/\/www.manaus.am.gov.br\/manauscult\/casa-de-praia-zezinho-correa-recebe-programacao-especial-no-fim-de-semana\/","url":"https:\/\/www.manaus.am.gov.br\/manauscult\/casa-de-praia-zezinho-correa-recebe-programacao-especial-no-fim-de-semana\/","name":"Casa de Praia Zezinho Corr\u00eaa recebe programa\u00e7\u00e3o especial no fim de semana","isPartOf":{"@id":"https:\/\/www.manaus.am.gov.br\/manauscult\/#website"},"primaryImageOfPage":{"@id":"https:\/\/www.manaus.am.gov.br\/manauscult\/casa-de-praia-zezinho-correa-recebe-programacao-especial-no-fim-de-semana\/#primaryimage"},"image":{"@id":"https:\/\/www.manaus.am.gov.br\/manauscult\/casa-de-praia-zezinho-correa-recebe-programacao-especial-no-fim-de-semana\/#primaryimage"},"thumbnailUrl":"https:\/\/www.manaus.am.gov.br\/manauscult\/wp-content\/uploads\/sites\/11\/2023\/06\/52879176931_91638c1171_c.jpg","datePublished":"2023-06-16T17:46:56+00:00","dateModified":"2023-06-19T13:04:19+00:00","author":{"@id":"https:\/\/www.manaus.am.gov.br\/manauscult\/#\/schema\/person\/4e49f4e267757a06ca072ec61b2b9968"},"description":"A Prefeitura de Manaus, por meio da Secretaria Municipal do Trabalho, Empreendedorismo e Inova\u00e7\u00e3o (Semtepi), promove, desta sexta at\u00e9 domingo, 16, 17 e 18\/6, uma programa\u00e7\u00e3o de shows na Casa de Praia Zezinho Corr\u00eaa, localizada no complexo tur\u00edstico Ponta Negra, zona Oeste.","breadcrumb":{"@id":"https:\/\/www.manaus.am.gov.br\/manauscult\/casa-de-praia-zezinho-correa-recebe-programacao-especial-no-fim-de-semana\/#breadcrumb"},"inLanguage":"pt-BR","potentialAction":[{"@type":"ReadAction","target":["https:\/\/www.manaus.am.gov.br\/manauscult\/casa-de-praia-zezinho-correa-recebe-programacao-especial-no-fim-de-semana\/"]}]},{"@type":"ImageObject","inLanguage":"pt-BR","@id":"https:\/\/www.manaus.am.gov.br\/manauscult\/casa-de-praia-zezinho-correa-recebe-programacao-especial-no-fim-de-semana\/#primaryimage","url":"https:\/\/www.manaus.am.gov.br\/manauscult\/wp-content\/uploads\/sites\/11\/2023\/06\/52879176931_91638c1171_c.jpg","contentUrl":"https:\/\/www.manaus.am.gov.br\/manauscult\/wp-content\/uploads\/sites\/11\/2023\/06\/52879176931_91638c1171_c.jpg","width":800,"height":534},{"@type":"BreadcrumbList","@id":"https:\/\/www.manaus.am.gov.br\/manauscult\/casa-de-praia-zezinho-correa-recebe-programacao-especial-no-fim-de-semana\/#breadcrumb","itemListElement":[{"@type":"ListItem","position":1,"name":"Home","item":"https:\/\/www.manaus.am.gov.br\/manauscult\/"},{"@type":"ListItem","position":2,"name":"Casa de Praia Zezinho Corr\u00eaa recebe programa\u00e7\u00e3o especial no fim de semana"}]},{"@type":"WebSite","@id":"https:\/\/www.manaus.am.gov.br\/manauscult\/#website","url":"https:\/\/www.manaus.am.gov.br\/manauscult\/","name":"MANAUSCULT","description":"Prefeitura de Manaus","potentialAction":[{"@type":"SearchAction","target":{"@type":"EntryPoint","urlTemplate":"https:\/\/www.manaus.am.gov.br\/manauscult\/?s={search_term_string}"},"query-input":"required name=search_term_string"}],"inLanguage":"pt-BR"},{"@type":"Person","@id":"https:\/\/www.manaus.am.gov.br\/manauscult\/#\/schema\/person\/4e49f4e267757a06ca072ec61b2b9968","name":"Adriana Costa","image":{"@type":"ImageObject","inLanguage":"pt-BR","@id":"https:\/\/www.manaus.am.gov.br\/manauscult\/#\/schema\/person\/image\/","url":"https:\/\/secure.gravatar.com\/avatar\/576258617ef7194f718179e766d57bd4?s=96&d=mm&r=g","contentUrl":"https:\/\/secure.gravatar.com\/avatar\/576258617ef7194f718179e766d57bd4?s=96&d=mm&r=g","caption":"Adriana Costa"}}]}},"_links":{"self":[{"href":"https:\/\/www.manaus.am.gov.br\/manauscult\/wp-json\/wp\/v2\/posts\/835"}],"collection":[{"href":"https:\/\/www.manaus.am.gov.br\/manauscult\/wp-json\/wp\/v2\/posts"}],"about":[{"href":"https:\/\/www.manaus.am.gov.br\/manauscult\/wp-json\/wp\/v2\/types\/post"}],"author":[{"embeddable":true,"href":"https:\/\/www.manaus.am.gov.br\/manauscult\/wp-json\/wp\/v2\/users\/23"}],"replies":[{"embeddable":true,"href":"https:\/\/www.manaus.am.gov.br\/manauscult\/wp-json\/wp\/v2\/comments?post=835"}],"version-history":[{"count":0,"href":"https:\/\/www.manaus.am.gov.br\/manauscult\/wp-json\/wp\/v2\/posts\/835\/revisions"}],"wp:featuredmedia":[{"embeddable":true,"href":"https:\/\/www.manaus.am.gov.br\/manauscult\/wp-json\/wp\/v2\/media\/836"}],"wp:attachment":[{"href":"https:\/\/www.manaus.am.gov.br\/manauscult\/wp-json\/wp\/v2\/media?parent=835"}],"wp:term":[{"taxonomy":"category","embeddable":true,"href":"https:\/\/www.manaus.am.gov.br\/manauscult\/wp-json\/wp\/v2\/categories?post=835"},{"taxonomy":"post_tag","embeddable":true,"href":"https:\/\/www.manaus.am.gov.br\/manauscult\/wp-json\/wp\/v2\/tags?post=835"}],"curies":[{"name":"wp","href":"https:\/\/api.w.org\/{rel}","templated":true}]}}