{"id":831,"date":"2023-06-04T21:27:50","date_gmt":"2023-06-05T01:27:50","guid":{"rendered":"https:\/\/www.manaus.am.gov.br\/manauscult\/elymar-santos-movimenta-casa-de-praia-zezinho-correa-com-os-melhores-sucessos-da-musica-romantica\/"},"modified":"2023-06-19T09:04:13","modified_gmt":"2023-06-19T13:04:13","slug":"elymar-santos-movimenta-casa-de-praia-zezinho-correa-com-os-melhores-sucessos-da-musica-romantica","status":"publish","type":"post","link":"https:\/\/www.manaus.am.gov.br\/manauscult\/elymar-santos-movimenta-casa-de-praia-zezinho-correa-com-os-melhores-sucessos-da-musica-romantica\/","title":{"rendered":"Elymar Santos movimenta casa de praia Zezinho Corr\u00eaa com os melhores sucessos da m\u00fasica rom\u00e2ntica"},"content":{"rendered":"\n<p>O prefeito de Manaus, David Almeida, prestigiou, na noite deste domingo, 4\/6, a programa\u00e7\u00e3o multicultural realizada na casa de praia Zezinho Corr\u00eaa, localizada no complexo tur\u00edstico Ponta Negra, zona Oeste da capital amazonense. O evento contou com diversas apresenta\u00e7\u00f5es de artistas locais, al\u00e9m da atra\u00e7\u00e3o nacional Elymar Santos.<\/p>\n\n\n\n<p>Cerca de 1.500 pessoas passaram pelo local, para prestigiar os melhores sucessos da m\u00fasica rom\u00e2ntica de Elymar Santos. Na ocasi\u00e3o, o prefeito destacou que a nova estrutura tem o intuito de impulsionar a realiza\u00e7\u00e3o de eventos culturais na cidade, e que a grande presen\u00e7a do p\u00fablico demonstra a consolida\u00e7\u00e3o do espa\u00e7o.<\/p>\n\n\n\n<p>\u201cEsse \u00e9 o terceiro evento nacional aqui no local em um m\u00eas. Nomes como Neguinho da Beija-Flor e Frejat j\u00e1 se apresentaram aqui, al\u00e9m de mais de 35 artistas locais, e esse \u00e9 um espa\u00e7o para a cultura, para o lazer, para o turismo, para a gastronomia, um espa\u00e7o que Manaus ganha e que est\u00e1 se consolidando tamb\u00e9m com a presen\u00e7a do p\u00fablico\u201d, disse Almeida.<\/p>\n\n\n\n<p>Com mais de um m\u00eas de funcionamento, o novo espa\u00e7o tur\u00edstico administrado pela Secretaria Municipal do Trabalho, Empreendedorismo e Inova\u00e7\u00e3o (Semtepi), j\u00e1 recebeu grandes nomes da m\u00fasica regional e nacional.<\/p>\n\n\n\n<p>Segundo o titular da Semtepi, Radyr J\u00fanior, o trabalho \u00e9 realizado de forma transversal com outras secretarias municipais, para que o ambiente tenha uma programa\u00e7\u00e3o atrativa nos finais de semana e, dessa forma, consolidar o espa\u00e7o como atrativo tur\u00edstico da nossa cidade.<\/p>\n\n\n\n<p>\u201cA casa de praia est\u00e1 cumprindo seu papel de fomento ao turismo, a gastronomia, mas tamb\u00e9m a arte local, e a Ponta Negra ganhou esse espa\u00e7o importante, temos aqui atra\u00e7\u00f5es locais e nacionais, que s\u00e3o fundamentais tamb\u00e9m para a recupera\u00e7\u00e3o da economia, considerando a pandemia da Covid-19\u201d, completou o Radyr.<\/p>\n\n\n\n<p><strong>Espa\u00e7o multiuso<\/strong><\/p>\n\n\n\n<p>Convertido em um espa\u00e7o multiuso, com foco no lazer, turismo, neg\u00f3cios, artesanato e gastronomia, a casa de praia Zezinho Corr\u00eaa possui \u00e1rea constru\u00edda de 1.650 metros quadrados, incluindo restaurante, lanchonetes, administra\u00e7\u00e3o, banheiros, playgrounds, palco, \u00e1reas de conviv\u00eancia e para exposi\u00e7\u00e3o de artesanato, em um formato modernizado, onde o turista poder\u00e1 apreciar e adquirir acess\u00f3rios regionais.<\/p>\n\n\n\n<p>&#8212; &#8212; &#8212;<\/p>\n\n\n\n<p><strong>Texto&nbsp;&#8211;<\/strong> Beathriz Torres \/ Semcom e Divulga\u00e7\u00e3o \/ Semtepi<\/p>\n\n\n\n<p><strong>Fotos \u2013 <\/strong>Dhyeizo Lemos e Jo\u00e3o Viana \/ Semcom<\/p>\n\n\n\n<p><strong>Dispon\u00edveis em &#8211;<\/strong> <a href=\"https:\/\/flic.kr\/s\/aHBqjAGzex\">https:\/\/flic.kr\/s\/aHBqjAGzex<\/a><\/p>\n","protected":false},"excerpt":{"rendered":"","protected":false},"author":39,"featured_media":832,"comment_status":"closed","ping_status":"closed","sticky":false,"template":"","format":"standard","meta":{"footnotes":""},"categories":[3],"tags":[194,58,67,195,196,69,11,38],"acf":[],"yoast_head":"<!-- This site is optimized with the Yoast SEO plugin v23.0 - https:\/\/yoast.com\/wordpress\/plugins\/seo\/ -->\n<title>Elymar Santos movimenta casa de praia Zezinho Corr\u00eaa com os melhores sucessos da m\u00fasica rom\u00e2ntica<\/title>\n<meta name=\"description\" content=\"O prefeito de Manaus, David Almeida, prestigiou, na noite deste domingo, 4\/6, a programa\u00e7\u00e3o multicultural realizada na casa de praia Zezinho Corr\u00eaa, localizada no complexo tur\u00edstico Ponta Negra, zona Oeste da capital amazonense. O evento contou com diversas apresenta\u00e7\u00f5es de artistas locais, al\u00e9m da atra\u00e7\u00e3o nacional Elymar Santos.\" \/>\n<meta name=\"robots\" content=\"noindex, follow\" \/>\n<meta property=\"og:locale\" content=\"pt_BR\" \/>\n<meta property=\"og:type\" content=\"article\" \/>\n<meta property=\"og:title\" content=\"Elymar Santos movimenta casa de praia Zezinho Corr\u00eaa com os melhores sucessos da m\u00fasica rom\u00e2ntica\" \/>\n<meta property=\"og:description\" content=\"O prefeito de Manaus, David Almeida, prestigiou, na noite deste domingo, 4\/6, a programa\u00e7\u00e3o multicultural realizada na casa de praia Zezinho Corr\u00eaa, localizada no complexo tur\u00edstico Ponta Negra, zona Oeste da capital amazonense. O evento contou com diversas apresenta\u00e7\u00f5es de artistas locais, al\u00e9m da atra\u00e7\u00e3o nacional Elymar Santos.\" \/>\n<meta property=\"og:url\" content=\"https:\/\/www.manaus.am.gov.br\/manauscult\/elymar-santos-movimenta-casa-de-praia-zezinho-correa-com-os-melhores-sucessos-da-musica-romantica\/\" \/>\n<meta property=\"og:site_name\" content=\"MANAUSCULT\" \/>\n<meta property=\"article:published_time\" content=\"2023-06-05T01:27:50+00:00\" \/>\n<meta property=\"article:modified_time\" content=\"2023-06-19T13:04:13+00:00\" \/>\n<meta property=\"og:image\" content=\"https:\/\/www.manaus.am.gov.br\/manauscult\/wp-content\/uploads\/sites\/11\/2023\/06\/52951330981_cacb64e34d_k.jpg\" \/>\n\t<meta property=\"og:image:width\" content=\"2047\" \/>\n\t<meta property=\"og:image:height\" content=\"1365\" \/>\n\t<meta property=\"og:image:type\" content=\"image\/jpeg\" \/>\n<meta name=\"author\" content=\"Bruna Greco\" \/>\n<meta name=\"twitter:card\" content=\"summary_large_image\" \/>\n<meta name=\"twitter:label1\" content=\"Written by\" \/>\n\t<meta name=\"twitter:data1\" content=\"Bruna Greco\" \/>\n\t<meta name=\"twitter:label2\" content=\"Est. reading time\" \/>\n\t<meta name=\"twitter:data2\" content=\"3 minutos\" \/>\n<script type=\"application\/ld+json\" class=\"yoast-schema-graph\">{\"@context\":\"https:\/\/schema.org\",\"@graph\":[{\"@type\":\"WebPage\",\"@id\":\"https:\/\/www.manaus.am.gov.br\/manauscult\/elymar-santos-movimenta-casa-de-praia-zezinho-correa-com-os-melhores-sucessos-da-musica-romantica\/\",\"url\":\"https:\/\/www.manaus.am.gov.br\/manauscult\/elymar-santos-movimenta-casa-de-praia-zezinho-correa-com-os-melhores-sucessos-da-musica-romantica\/\",\"name\":\"Elymar Santos movimenta casa de praia Zezinho Corr\u00eaa com os melhores sucessos da m\u00fasica rom\u00e2ntica\",\"isPartOf\":{\"@id\":\"https:\/\/www.manaus.am.gov.br\/manauscult\/#website\"},\"primaryImageOfPage\":{\"@id\":\"https:\/\/www.manaus.am.gov.br\/manauscult\/elymar-santos-movimenta-casa-de-praia-zezinho-correa-com-os-melhores-sucessos-da-musica-romantica\/#primaryimage\"},\"image\":{\"@id\":\"https:\/\/www.manaus.am.gov.br\/manauscult\/elymar-santos-movimenta-casa-de-praia-zezinho-correa-com-os-melhores-sucessos-da-musica-romantica\/#primaryimage\"},\"thumbnailUrl\":\"https:\/\/www.manaus.am.gov.br\/manauscult\/wp-content\/uploads\/sites\/11\/2023\/06\/52951330981_cacb64e34d_k.jpg\",\"datePublished\":\"2023-06-05T01:27:50+00:00\",\"dateModified\":\"2023-06-19T13:04:13+00:00\",\"author\":{\"@id\":\"https:\/\/www.manaus.am.gov.br\/manauscult\/#\/schema\/person\/05d223aea2bf115f9883a6ff3683d81b\"},\"description\":\"O prefeito de Manaus, David Almeida, prestigiou, na noite deste domingo, 4\/6, a programa\u00e7\u00e3o multicultural realizada na casa de praia Zezinho Corr\u00eaa, localizada no complexo tur\u00edstico Ponta Negra, zona Oeste da capital amazonense. O evento contou com diversas apresenta\u00e7\u00f5es de artistas locais, al\u00e9m da atra\u00e7\u00e3o nacional Elymar Santos.\",\"breadcrumb\":{\"@id\":\"https:\/\/www.manaus.am.gov.br\/manauscult\/elymar-santos-movimenta-casa-de-praia-zezinho-correa-com-os-melhores-sucessos-da-musica-romantica\/#breadcrumb\"},\"inLanguage\":\"pt-BR\",\"potentialAction\":[{\"@type\":\"ReadAction\",\"target\":[\"https:\/\/www.manaus.am.gov.br\/manauscult\/elymar-santos-movimenta-casa-de-praia-zezinho-correa-com-os-melhores-sucessos-da-musica-romantica\/\"]}]},{\"@type\":\"ImageObject\",\"inLanguage\":\"pt-BR\",\"@id\":\"https:\/\/www.manaus.am.gov.br\/manauscult\/elymar-santos-movimenta-casa-de-praia-zezinho-correa-com-os-melhores-sucessos-da-musica-romantica\/#primaryimage\",\"url\":\"https:\/\/www.manaus.am.gov.br\/manauscult\/wp-content\/uploads\/sites\/11\/2023\/06\/52951330981_cacb64e34d_k.jpg\",\"contentUrl\":\"https:\/\/www.manaus.am.gov.br\/manauscult\/wp-content\/uploads\/sites\/11\/2023\/06\/52951330981_cacb64e34d_k.jpg\",\"width\":2047,\"height\":1365},{\"@type\":\"BreadcrumbList\",\"@id\":\"https:\/\/www.manaus.am.gov.br\/manauscult\/elymar-santos-movimenta-casa-de-praia-zezinho-correa-com-os-melhores-sucessos-da-musica-romantica\/#breadcrumb\",\"itemListElement\":[{\"@type\":\"ListItem\",\"position\":1,\"name\":\"Home\",\"item\":\"https:\/\/www.manaus.am.gov.br\/manauscult\/\"},{\"@type\":\"ListItem\",\"position\":2,\"name\":\"Elymar Santos movimenta casa de praia Zezinho Corr\u00eaa com os melhores sucessos da m\u00fasica rom\u00e2ntica\"}]},{\"@type\":\"WebSite\",\"@id\":\"https:\/\/www.manaus.am.gov.br\/manauscult\/#website\",\"url\":\"https:\/\/www.manaus.am.gov.br\/manauscult\/\",\"name\":\"MANAUSCULT\",\"description\":\"Prefeitura de Manaus\",\"potentialAction\":[{\"@type\":\"SearchAction\",\"target\":{\"@type\":\"EntryPoint\",\"urlTemplate\":\"https:\/\/www.manaus.am.gov.br\/manauscult\/?s={search_term_string}\"},\"query-input\":\"required name=search_term_string\"}],\"inLanguage\":\"pt-BR\"},{\"@type\":\"Person\",\"@id\":\"https:\/\/www.manaus.am.gov.br\/manauscult\/#\/schema\/person\/05d223aea2bf115f9883a6ff3683d81b\",\"name\":\"Bruna Greco\",\"image\":{\"@type\":\"ImageObject\",\"inLanguage\":\"pt-BR\",\"@id\":\"https:\/\/www.manaus.am.gov.br\/manauscult\/#\/schema\/person\/image\/\",\"url\":\"https:\/\/secure.gravatar.com\/avatar\/9c877d1a6adc2a055330e5c09a8653ce?s=96&d=mm&r=g\",\"contentUrl\":\"https:\/\/secure.gravatar.com\/avatar\/9c877d1a6adc2a055330e5c09a8653ce?s=96&d=mm&r=g\",\"caption\":\"Bruna Greco\"}}]}<\/script>\n<!-- \/ Yoast SEO plugin. -->","yoast_head_json":{"title":"Elymar Santos movimenta casa de praia Zezinho Corr\u00eaa com os melhores sucessos da m\u00fasica rom\u00e2ntica","description":"O prefeito de Manaus, David Almeida, prestigiou, na noite deste domingo, 4\/6, a programa\u00e7\u00e3o multicultural realizada na casa de praia Zezinho Corr\u00eaa, localizada no complexo tur\u00edstico Ponta Negra, zona Oeste da capital amazonense. O evento contou com diversas apresenta\u00e7\u00f5es de artistas locais, al\u00e9m da atra\u00e7\u00e3o nacional Elymar Santos.","robots":{"index":"noindex","follow":"follow"},"og_locale":"pt_BR","og_type":"article","og_title":"Elymar Santos movimenta casa de praia Zezinho Corr\u00eaa com os melhores sucessos da m\u00fasica rom\u00e2ntica","og_description":"O prefeito de Manaus, David Almeida, prestigiou, na noite deste domingo, 4\/6, a programa\u00e7\u00e3o multicultural realizada na casa de praia Zezinho Corr\u00eaa, localizada no complexo tur\u00edstico Ponta Negra, zona Oeste da capital amazonense. O evento contou com diversas apresenta\u00e7\u00f5es de artistas locais, al\u00e9m da atra\u00e7\u00e3o nacional Elymar Santos.","og_url":"https:\/\/www.manaus.am.gov.br\/manauscult\/elymar-santos-movimenta-casa-de-praia-zezinho-correa-com-os-melhores-sucessos-da-musica-romantica\/","og_site_name":"MANAUSCULT","article_published_time":"2023-06-05T01:27:50+00:00","article_modified_time":"2023-06-19T13:04:13+00:00","og_image":[{"width":2047,"height":1365,"url":"https:\/\/www.manaus.am.gov.br\/manauscult\/wp-content\/uploads\/sites\/11\/2023\/06\/52951330981_cacb64e34d_k.jpg","type":"image\/jpeg"}],"author":"Bruna Greco","twitter_card":"summary_large_image","twitter_misc":{"Written by":"Bruna Greco","Est. reading time":"3 minutos"},"schema":{"@context":"https:\/\/schema.org","@graph":[{"@type":"WebPage","@id":"https:\/\/www.manaus.am.gov.br\/manauscult\/elymar-santos-movimenta-casa-de-praia-zezinho-correa-com-os-melhores-sucessos-da-musica-romantica\/","url":"https:\/\/www.manaus.am.gov.br\/manauscult\/elymar-santos-movimenta-casa-de-praia-zezinho-correa-com-os-melhores-sucessos-da-musica-romantica\/","name":"Elymar Santos movimenta casa de praia Zezinho Corr\u00eaa com os melhores sucessos da m\u00fasica rom\u00e2ntica","isPartOf":{"@id":"https:\/\/www.manaus.am.gov.br\/manauscult\/#website"},"primaryImageOfPage":{"@id":"https:\/\/www.manaus.am.gov.br\/manauscult\/elymar-santos-movimenta-casa-de-praia-zezinho-correa-com-os-melhores-sucessos-da-musica-romantica\/#primaryimage"},"image":{"@id":"https:\/\/www.manaus.am.gov.br\/manauscult\/elymar-santos-movimenta-casa-de-praia-zezinho-correa-com-os-melhores-sucessos-da-musica-romantica\/#primaryimage"},"thumbnailUrl":"https:\/\/www.manaus.am.gov.br\/manauscult\/wp-content\/uploads\/sites\/11\/2023\/06\/52951330981_cacb64e34d_k.jpg","datePublished":"2023-06-05T01:27:50+00:00","dateModified":"2023-06-19T13:04:13+00:00","author":{"@id":"https:\/\/www.manaus.am.gov.br\/manauscult\/#\/schema\/person\/05d223aea2bf115f9883a6ff3683d81b"},"description":"O prefeito de Manaus, David Almeida, prestigiou, na noite deste domingo, 4\/6, a programa\u00e7\u00e3o multicultural realizada na casa de praia Zezinho Corr\u00eaa, localizada no complexo tur\u00edstico Ponta Negra, zona Oeste da capital amazonense. O evento contou com diversas apresenta\u00e7\u00f5es de artistas locais, al\u00e9m da atra\u00e7\u00e3o nacional Elymar Santos.","breadcrumb":{"@id":"https:\/\/www.manaus.am.gov.br\/manauscult\/elymar-santos-movimenta-casa-de-praia-zezinho-correa-com-os-melhores-sucessos-da-musica-romantica\/#breadcrumb"},"inLanguage":"pt-BR","potentialAction":[{"@type":"ReadAction","target":["https:\/\/www.manaus.am.gov.br\/manauscult\/elymar-santos-movimenta-casa-de-praia-zezinho-correa-com-os-melhores-sucessos-da-musica-romantica\/"]}]},{"@type":"ImageObject","inLanguage":"pt-BR","@id":"https:\/\/www.manaus.am.gov.br\/manauscult\/elymar-santos-movimenta-casa-de-praia-zezinho-correa-com-os-melhores-sucessos-da-musica-romantica\/#primaryimage","url":"https:\/\/www.manaus.am.gov.br\/manauscult\/wp-content\/uploads\/sites\/11\/2023\/06\/52951330981_cacb64e34d_k.jpg","contentUrl":"https:\/\/www.manaus.am.gov.br\/manauscult\/wp-content\/uploads\/sites\/11\/2023\/06\/52951330981_cacb64e34d_k.jpg","width":2047,"height":1365},{"@type":"BreadcrumbList","@id":"https:\/\/www.manaus.am.gov.br\/manauscult\/elymar-santos-movimenta-casa-de-praia-zezinho-correa-com-os-melhores-sucessos-da-musica-romantica\/#breadcrumb","itemListElement":[{"@type":"ListItem","position":1,"name":"Home","item":"https:\/\/www.manaus.am.gov.br\/manauscult\/"},{"@type":"ListItem","position":2,"name":"Elymar Santos movimenta casa de praia Zezinho Corr\u00eaa com os melhores sucessos da m\u00fasica rom\u00e2ntica"}]},{"@type":"WebSite","@id":"https:\/\/www.manaus.am.gov.br\/manauscult\/#website","url":"https:\/\/www.manaus.am.gov.br\/manauscult\/","name":"MANAUSCULT","description":"Prefeitura de Manaus","potentialAction":[{"@type":"SearchAction","target":{"@type":"EntryPoint","urlTemplate":"https:\/\/www.manaus.am.gov.br\/manauscult\/?s={search_term_string}"},"query-input":"required name=search_term_string"}],"inLanguage":"pt-BR"},{"@type":"Person","@id":"https:\/\/www.manaus.am.gov.br\/manauscult\/#\/schema\/person\/05d223aea2bf115f9883a6ff3683d81b","name":"Bruna Greco","image":{"@type":"ImageObject","inLanguage":"pt-BR","@id":"https:\/\/www.manaus.am.gov.br\/manauscult\/#\/schema\/person\/image\/","url":"https:\/\/secure.gravatar.com\/avatar\/9c877d1a6adc2a055330e5c09a8653ce?s=96&d=mm&r=g","contentUrl":"https:\/\/secure.gravatar.com\/avatar\/9c877d1a6adc2a055330e5c09a8653ce?s=96&d=mm&r=g","caption":"Bruna Greco"}}]}},"_links":{"self":[{"href":"https:\/\/www.manaus.am.gov.br\/manauscult\/wp-json\/wp\/v2\/posts\/831"}],"collection":[{"href":"https:\/\/www.manaus.am.gov.br\/manauscult\/wp-json\/wp\/v2\/posts"}],"about":[{"href":"https:\/\/www.manaus.am.gov.br\/manauscult\/wp-json\/wp\/v2\/types\/post"}],"author":[{"embeddable":true,"href":"https:\/\/www.manaus.am.gov.br\/manauscult\/wp-json\/wp\/v2\/users\/39"}],"replies":[{"embeddable":true,"href":"https:\/\/www.manaus.am.gov.br\/manauscult\/wp-json\/wp\/v2\/comments?post=831"}],"version-history":[{"count":0,"href":"https:\/\/www.manaus.am.gov.br\/manauscult\/wp-json\/wp\/v2\/posts\/831\/revisions"}],"wp:featuredmedia":[{"embeddable":true,"href":"https:\/\/www.manaus.am.gov.br\/manauscult\/wp-json\/wp\/v2\/media\/832"}],"wp:attachment":[{"href":"https:\/\/www.manaus.am.gov.br\/manauscult\/wp-json\/wp\/v2\/media?parent=831"}],"wp:term":[{"taxonomy":"category","embeddable":true,"href":"https:\/\/www.manaus.am.gov.br\/manauscult\/wp-json\/wp\/v2\/categories?post=831"},{"taxonomy":"post_tag","embeddable":true,"href":"https:\/\/www.manaus.am.gov.br\/manauscult\/wp-json\/wp\/v2\/tags?post=831"}],"curies":[{"name":"wp","href":"https:\/\/api.w.org\/{rel}","templated":true}]}}