{"id":826,"date":"2023-05-28T20:59:42","date_gmt":"2023-05-29T00:59:42","guid":{"rendered":"https:\/\/www.manaus.am.gov.br\/manauscult\/prefeito-david-almeida-destaca-valorizacao-dos-artistas-locais-com-a-sancao-do-plano-municipal-de-cultura\/"},"modified":"2023-06-19T09:00:33","modified_gmt":"2023-06-19T13:00:33","slug":"prefeito-david-almeida-destaca-valorizacao-dos-artistas-locais-com-a-sancao-do-plano-municipal-de-cultura","status":"publish","type":"post","link":"https:\/\/www.manaus.am.gov.br\/manauscult\/prefeito-david-almeida-destaca-valorizacao-dos-artistas-locais-com-a-sancao-do-plano-municipal-de-cultura\/","title":{"rendered":"Prefeito David Almeida destaca valoriza\u00e7\u00e3o dos artistas locais com a san\u00e7\u00e3o do Plano Municipal de Cultura"},"content":{"rendered":"\n<p>O prefeito de Manaus, David Almeida, sancionou, na noite deste domingo, 28\/5, a lei que cria o Plano Municipal de Cultura (PMC). O projeto, que \u00e9 uma demanda h\u00e1 mais de 70 anos pela classe art\u00edstica, re\u00fane um conjunto de diretrizes, estrat\u00e9gias e metas para orientar o poder p\u00fablico na formula\u00e7\u00e3o de pol\u00edticas culturais pelos pr\u00f3ximos dez anos, al\u00e9m de abrir portas para a capta\u00e7\u00e3o de recursos e investimentos na \u00e1rea cultural.<\/p>\n\n\n\n<p>A cerim\u00f4nia de assinatura da lei aconteceu no palco Murilo Rayol, localizado no Casa de Praia Zezinho Corr\u00eaa, no complexo tur\u00edstico Ponta Negra, zona Oeste da capital.<\/p>\n\n\n\n<p>&#8220;Esse \u00e9 um ato meramente administrativo, mas que merecia ser comemorado. S\u00e3o 70 anos de espera pela classe art\u00edstica. Por isso, decidimos fazer essa festa como forma de comemorar com toda a nossa sociedade essa conquista. A prefeitura construiu esse plano, foi aprovado pela C\u00e2mara Municipal de Manaus e agora vai beneficiar toda a sociedade. Estamos reformando diversos espa\u00e7os culturais pela cidade, como o anfiteatro do Jorge Teixeira e j\u00e1 entregamos o palco da Baixada Fluminense, no bairro Cidade Nova. Vamos fazer o mesmo no Viver Melhor. O nosso compromisso \u00e9 fazer o mesmo que estamos fazendo aqui, na Casa de Praia, em todas as zonas da cidade. S\u00f3 temos que celebrar. Parab\u00e9ns, Manaus, parab\u00e9ns \u00e0 cultura&#8221;, enfatizou Almeida.<\/p>\n\n\n\n<p>O Plano Municipal de Cultura \u00e9 um dos compromissos de campanha do prefeito David Almeida e a pe\u00e7a que faltava para completar o chamado \u201cCPF\u201d da Cultura, sigla que significa: Conselho, Plano e Fundo, representando as inst\u00e2ncias b\u00e1sicas que integram o Sistema Municipal de Cultura, um modelo de gest\u00e3o apresentado pelo Sistema Nacional de Cultura.<\/p>\n\n\n\n<p>O diretor-presidente da Funda\u00e7\u00e3o Municipal de Cultura, Turismo e Eventos (Manauscult), Osvaldo Cardoso, salientou a grande conquista da classe art\u00edstica. Al\u00e9m disso, anunciou a realiza\u00e7\u00e3o do primeiro \u201cEsquenta\u201d do #SouManaus, na zona Norte da capital.<\/p>\n\n\n\n<p>&#8220;N\u00f3s estamos fazendo um resgate na nossa sociedade com a san\u00e7\u00e3o deste plano municipal. Para que isso fosse poss\u00edvel, tenho que destacar a coragem do prefeito David Almeida. Quero informar que logo, logo, as festas v\u00e3o para os bairros. Vamos fazer o primeiro &#8216;Esquenta\u2019 do #SouManaus no conjunto Viver Melhor. Ent\u00e3o, a nossa popula\u00e7\u00e3o pode esperar que muitas novidades v\u00eam por a\u00ed&#8221;, destacou Cardoso.<\/p>\n\n\n\n<h2 class=\"wp-block-heading\">Programa\u00e7\u00e3o<\/h2>\n\n\n\n<p>Durante a noite deste domingo festivo para a cultura manauara, o Casa de Praia Zezinho Corr\u00eaa recebeu uma programa\u00e7\u00e3o multicultural com apresenta\u00e7\u00e3o de segmentos art\u00edsticos, entre eles m\u00fasica, teatro e malabarismo.<\/p>\n\n\n\n<p>As principais atra\u00e7\u00f5es do evento foram os cantores Uendel Pinheiro e Wanderley Andrade.<\/p>\n\n\n\n<h2 class=\"wp-block-heading\">Novidades<\/h2>\n\n\n\n<p>Al\u00e9m disso, David Almeida aproveitou a oportunidade para anunciar as duas primeiras atra\u00e7\u00f5es nacionais do festival #SouManaus Passo a Pa\u00e7o. S\u00e3o os cantores Zeca Pagodinho, que est\u00e1 comemorando 40 anos de carreira, e o roqueiro ga\u00facho Humberto Gessinger, vocalista da banda Engenheiros do Hawai.<\/p>\n\n\n\n<p>&#8212; &#8212; &#8212;<\/p>\n\n\n\n<p><strong>Texto <\/strong>\u2013 Thiago Fernando \/ Semcom<br><strong>Fotos <\/strong>\u2013 Jo\u00e3o Viana \/ Semcom<br><strong>Dispon\u00edveis em &#8211; <\/strong><a href=\"https:\/\/flic.kr\/s\/aHBqjAFF8T\">https:\/\/flic.kr\/s\/aHBqjAFF8T<\/a><\/p>\n","protected":false},"excerpt":{"rendered":"","protected":false},"author":24,"featured_media":827,"comment_status":"closed","ping_status":"closed","sticky":false,"template":"","format":"standard","meta":{"footnotes":""},"categories":[12],"tags":[182,183,184,58,67,185,9,186,15,11,187,188,189,190],"acf":[],"yoast_head":"<!-- This site is optimized with the Yoast SEO plugin v23.0 - https:\/\/yoast.com\/wordpress\/plugins\/seo\/ -->\n<title>Prefeito David Almeida destaca valoriza\u00e7\u00e3o dos artistas locais com a san\u00e7\u00e3o do Plano Municipal de Cultura - MANAUSCULT<\/title>\n<meta name=\"description\" content=\"O prefeito de Manaus, David Almeida, sancionou, na noite deste domingo, 28\/5, a lei que cria o Plano Municipal de Cultura (PMC).\" \/>\n<meta name=\"robots\" content=\"noindex, follow\" \/>\n<meta property=\"og:locale\" content=\"pt_BR\" \/>\n<meta property=\"og:type\" content=\"article\" \/>\n<meta property=\"og:title\" content=\"Prefeito David Almeida destaca valoriza\u00e7\u00e3o dos artistas locais com a san\u00e7\u00e3o do Plano Municipal de Cultura - MANAUSCULT\" \/>\n<meta property=\"og:description\" content=\"O prefeito de Manaus, David Almeida, sancionou, na noite deste domingo, 28\/5, a lei que cria o Plano Municipal de Cultura (PMC).\" \/>\n<meta property=\"og:url\" content=\"https:\/\/www.manaus.am.gov.br\/manauscult\/prefeito-david-almeida-destaca-valorizacao-dos-artistas-locais-com-a-sancao-do-plano-municipal-de-cultura\/\" \/>\n<meta property=\"og:site_name\" content=\"MANAUSCULT\" \/>\n<meta property=\"article:published_time\" content=\"2023-05-29T00:59:42+00:00\" \/>\n<meta property=\"article:modified_time\" content=\"2023-06-19T13:00:33+00:00\" \/>\n<meta property=\"og:image\" content=\"https:\/\/www.manaus.am.gov.br\/manauscult\/wp-content\/uploads\/sites\/11\/2023\/06\/Prefeito-David-Almeida-destaca-valorizacao-dos-artistas-locais-com-a-sancao-do-Plano-Municipal-de-Cultura-1-scaled.jpg\" \/>\n\t<meta property=\"og:image:width\" content=\"2560\" \/>\n\t<meta property=\"og:image:height\" content=\"1707\" \/>\n\t<meta property=\"og:image:type\" content=\"image\/jpeg\" \/>\n<meta name=\"author\" content=\"Cl\u00e1udia Barbosa\" \/>\n<meta name=\"twitter:card\" content=\"summary_large_image\" \/>\n<meta name=\"twitter:label1\" content=\"Written by\" \/>\n\t<meta name=\"twitter:data1\" content=\"Cl\u00e1udia Barbosa\" \/>\n\t<meta name=\"twitter:label2\" content=\"Est. reading time\" \/>\n\t<meta name=\"twitter:data2\" content=\"3 minutos\" \/>\n<script type=\"application\/ld+json\" class=\"yoast-schema-graph\">{\"@context\":\"https:\/\/schema.org\",\"@graph\":[{\"@type\":\"WebPage\",\"@id\":\"https:\/\/www.manaus.am.gov.br\/manauscult\/prefeito-david-almeida-destaca-valorizacao-dos-artistas-locais-com-a-sancao-do-plano-municipal-de-cultura\/\",\"url\":\"https:\/\/www.manaus.am.gov.br\/manauscult\/prefeito-david-almeida-destaca-valorizacao-dos-artistas-locais-com-a-sancao-do-plano-municipal-de-cultura\/\",\"name\":\"Prefeito David Almeida destaca valoriza\u00e7\u00e3o dos artistas locais com a san\u00e7\u00e3o do Plano Municipal de Cultura - MANAUSCULT\",\"isPartOf\":{\"@id\":\"https:\/\/www.manaus.am.gov.br\/manauscult\/#website\"},\"primaryImageOfPage\":{\"@id\":\"https:\/\/www.manaus.am.gov.br\/manauscult\/prefeito-david-almeida-destaca-valorizacao-dos-artistas-locais-com-a-sancao-do-plano-municipal-de-cultura\/#primaryimage\"},\"image\":{\"@id\":\"https:\/\/www.manaus.am.gov.br\/manauscult\/prefeito-david-almeida-destaca-valorizacao-dos-artistas-locais-com-a-sancao-do-plano-municipal-de-cultura\/#primaryimage\"},\"thumbnailUrl\":\"https:\/\/www.manaus.am.gov.br\/manauscult\/wp-content\/uploads\/sites\/11\/2023\/06\/Prefeito-David-Almeida-destaca-valorizacao-dos-artistas-locais-com-a-sancao-do-Plano-Municipal-de-Cultura-1-scaled.jpg\",\"datePublished\":\"2023-05-29T00:59:42+00:00\",\"dateModified\":\"2023-06-19T13:00:33+00:00\",\"author\":{\"@id\":\"https:\/\/www.manaus.am.gov.br\/manauscult\/#\/schema\/person\/d0a166b5031154c33c77794ddc9a827e\"},\"description\":\"O prefeito de Manaus, David Almeida, sancionou, na noite deste domingo, 28\/5, a lei que cria o Plano Municipal de Cultura (PMC).\",\"breadcrumb\":{\"@id\":\"https:\/\/www.manaus.am.gov.br\/manauscult\/prefeito-david-almeida-destaca-valorizacao-dos-artistas-locais-com-a-sancao-do-plano-municipal-de-cultura\/#breadcrumb\"},\"inLanguage\":\"pt-BR\",\"potentialAction\":[{\"@type\":\"ReadAction\",\"target\":[\"https:\/\/www.manaus.am.gov.br\/manauscult\/prefeito-david-almeida-destaca-valorizacao-dos-artistas-locais-com-a-sancao-do-plano-municipal-de-cultura\/\"]}]},{\"@type\":\"ImageObject\",\"inLanguage\":\"pt-BR\",\"@id\":\"https:\/\/www.manaus.am.gov.br\/manauscult\/prefeito-david-almeida-destaca-valorizacao-dos-artistas-locais-com-a-sancao-do-plano-municipal-de-cultura\/#primaryimage\",\"url\":\"https:\/\/www.manaus.am.gov.br\/manauscult\/wp-content\/uploads\/sites\/11\/2023\/06\/Prefeito-David-Almeida-destaca-valorizacao-dos-artistas-locais-com-a-sancao-do-Plano-Municipal-de-Cultura-1-scaled.jpg\",\"contentUrl\":\"https:\/\/www.manaus.am.gov.br\/manauscult\/wp-content\/uploads\/sites\/11\/2023\/06\/Prefeito-David-Almeida-destaca-valorizacao-dos-artistas-locais-com-a-sancao-do-Plano-Municipal-de-Cultura-1-scaled.jpg\",\"width\":2560,\"height\":1707},{\"@type\":\"BreadcrumbList\",\"@id\":\"https:\/\/www.manaus.am.gov.br\/manauscult\/prefeito-david-almeida-destaca-valorizacao-dos-artistas-locais-com-a-sancao-do-plano-municipal-de-cultura\/#breadcrumb\",\"itemListElement\":[{\"@type\":\"ListItem\",\"position\":1,\"name\":\"Home\",\"item\":\"https:\/\/www.manaus.am.gov.br\/manauscult\/\"},{\"@type\":\"ListItem\",\"position\":2,\"name\":\"Prefeito David Almeida destaca valoriza\u00e7\u00e3o dos artistas locais com a san\u00e7\u00e3o do Plano Municipal de Cultura\"}]},{\"@type\":\"WebSite\",\"@id\":\"https:\/\/www.manaus.am.gov.br\/manauscult\/#website\",\"url\":\"https:\/\/www.manaus.am.gov.br\/manauscult\/\",\"name\":\"MANAUSCULT\",\"description\":\"Prefeitura de Manaus\",\"potentialAction\":[{\"@type\":\"SearchAction\",\"target\":{\"@type\":\"EntryPoint\",\"urlTemplate\":\"https:\/\/www.manaus.am.gov.br\/manauscult\/?s={search_term_string}\"},\"query-input\":\"required name=search_term_string\"}],\"inLanguage\":\"pt-BR\"},{\"@type\":\"Person\",\"@id\":\"https:\/\/www.manaus.am.gov.br\/manauscult\/#\/schema\/person\/d0a166b5031154c33c77794ddc9a827e\",\"name\":\"Cl\u00e1udia Barbosa\",\"image\":{\"@type\":\"ImageObject\",\"inLanguage\":\"pt-BR\",\"@id\":\"https:\/\/www.manaus.am.gov.br\/manauscult\/#\/schema\/person\/image\/\",\"url\":\"https:\/\/secure.gravatar.com\/avatar\/42958a1cf007f1a00534009218c72590?s=96&d=mm&r=g\",\"contentUrl\":\"https:\/\/secure.gravatar.com\/avatar\/42958a1cf007f1a00534009218c72590?s=96&d=mm&r=g\",\"caption\":\"Cl\u00e1udia Barbosa\"}}]}<\/script>\n<!-- \/ Yoast SEO plugin. -->","yoast_head_json":{"title":"Prefeito David Almeida destaca valoriza\u00e7\u00e3o dos artistas locais com a san\u00e7\u00e3o do Plano Municipal de Cultura - MANAUSCULT","description":"O prefeito de Manaus, David Almeida, sancionou, na noite deste domingo, 28\/5, a lei que cria o Plano Municipal de Cultura (PMC).","robots":{"index":"noindex","follow":"follow"},"og_locale":"pt_BR","og_type":"article","og_title":"Prefeito David Almeida destaca valoriza\u00e7\u00e3o dos artistas locais com a san\u00e7\u00e3o do Plano Municipal de Cultura - MANAUSCULT","og_description":"O prefeito de Manaus, David Almeida, sancionou, na noite deste domingo, 28\/5, a lei que cria o Plano Municipal de Cultura (PMC).","og_url":"https:\/\/www.manaus.am.gov.br\/manauscult\/prefeito-david-almeida-destaca-valorizacao-dos-artistas-locais-com-a-sancao-do-plano-municipal-de-cultura\/","og_site_name":"MANAUSCULT","article_published_time":"2023-05-29T00:59:42+00:00","article_modified_time":"2023-06-19T13:00:33+00:00","og_image":[{"width":2560,"height":1707,"url":"https:\/\/www.manaus.am.gov.br\/manauscult\/wp-content\/uploads\/sites\/11\/2023\/06\/Prefeito-David-Almeida-destaca-valorizacao-dos-artistas-locais-com-a-sancao-do-Plano-Municipal-de-Cultura-1-scaled.jpg","type":"image\/jpeg"}],"author":"Cl\u00e1udia Barbosa","twitter_card":"summary_large_image","twitter_misc":{"Written by":"Cl\u00e1udia Barbosa","Est. reading time":"3 minutos"},"schema":{"@context":"https:\/\/schema.org","@graph":[{"@type":"WebPage","@id":"https:\/\/www.manaus.am.gov.br\/manauscult\/prefeito-david-almeida-destaca-valorizacao-dos-artistas-locais-com-a-sancao-do-plano-municipal-de-cultura\/","url":"https:\/\/www.manaus.am.gov.br\/manauscult\/prefeito-david-almeida-destaca-valorizacao-dos-artistas-locais-com-a-sancao-do-plano-municipal-de-cultura\/","name":"Prefeito David Almeida destaca valoriza\u00e7\u00e3o dos artistas locais com a san\u00e7\u00e3o do Plano Municipal de Cultura - MANAUSCULT","isPartOf":{"@id":"https:\/\/www.manaus.am.gov.br\/manauscult\/#website"},"primaryImageOfPage":{"@id":"https:\/\/www.manaus.am.gov.br\/manauscult\/prefeito-david-almeida-destaca-valorizacao-dos-artistas-locais-com-a-sancao-do-plano-municipal-de-cultura\/#primaryimage"},"image":{"@id":"https:\/\/www.manaus.am.gov.br\/manauscult\/prefeito-david-almeida-destaca-valorizacao-dos-artistas-locais-com-a-sancao-do-plano-municipal-de-cultura\/#primaryimage"},"thumbnailUrl":"https:\/\/www.manaus.am.gov.br\/manauscult\/wp-content\/uploads\/sites\/11\/2023\/06\/Prefeito-David-Almeida-destaca-valorizacao-dos-artistas-locais-com-a-sancao-do-Plano-Municipal-de-Cultura-1-scaled.jpg","datePublished":"2023-05-29T00:59:42+00:00","dateModified":"2023-06-19T13:00:33+00:00","author":{"@id":"https:\/\/www.manaus.am.gov.br\/manauscult\/#\/schema\/person\/d0a166b5031154c33c77794ddc9a827e"},"description":"O prefeito de Manaus, David Almeida, sancionou, na noite deste domingo, 28\/5, a lei que cria o Plano Municipal de Cultura (PMC).","breadcrumb":{"@id":"https:\/\/www.manaus.am.gov.br\/manauscult\/prefeito-david-almeida-destaca-valorizacao-dos-artistas-locais-com-a-sancao-do-plano-municipal-de-cultura\/#breadcrumb"},"inLanguage":"pt-BR","potentialAction":[{"@type":"ReadAction","target":["https:\/\/www.manaus.am.gov.br\/manauscult\/prefeito-david-almeida-destaca-valorizacao-dos-artistas-locais-com-a-sancao-do-plano-municipal-de-cultura\/"]}]},{"@type":"ImageObject","inLanguage":"pt-BR","@id":"https:\/\/www.manaus.am.gov.br\/manauscult\/prefeito-david-almeida-destaca-valorizacao-dos-artistas-locais-com-a-sancao-do-plano-municipal-de-cultura\/#primaryimage","url":"https:\/\/www.manaus.am.gov.br\/manauscult\/wp-content\/uploads\/sites\/11\/2023\/06\/Prefeito-David-Almeida-destaca-valorizacao-dos-artistas-locais-com-a-sancao-do-Plano-Municipal-de-Cultura-1-scaled.jpg","contentUrl":"https:\/\/www.manaus.am.gov.br\/manauscult\/wp-content\/uploads\/sites\/11\/2023\/06\/Prefeito-David-Almeida-destaca-valorizacao-dos-artistas-locais-com-a-sancao-do-Plano-Municipal-de-Cultura-1-scaled.jpg","width":2560,"height":1707},{"@type":"BreadcrumbList","@id":"https:\/\/www.manaus.am.gov.br\/manauscult\/prefeito-david-almeida-destaca-valorizacao-dos-artistas-locais-com-a-sancao-do-plano-municipal-de-cultura\/#breadcrumb","itemListElement":[{"@type":"ListItem","position":1,"name":"Home","item":"https:\/\/www.manaus.am.gov.br\/manauscult\/"},{"@type":"ListItem","position":2,"name":"Prefeito David Almeida destaca valoriza\u00e7\u00e3o dos artistas locais com a san\u00e7\u00e3o do Plano Municipal de Cultura"}]},{"@type":"WebSite","@id":"https:\/\/www.manaus.am.gov.br\/manauscult\/#website","url":"https:\/\/www.manaus.am.gov.br\/manauscult\/","name":"MANAUSCULT","description":"Prefeitura de Manaus","potentialAction":[{"@type":"SearchAction","target":{"@type":"EntryPoint","urlTemplate":"https:\/\/www.manaus.am.gov.br\/manauscult\/?s={search_term_string}"},"query-input":"required name=search_term_string"}],"inLanguage":"pt-BR"},{"@type":"Person","@id":"https:\/\/www.manaus.am.gov.br\/manauscult\/#\/schema\/person\/d0a166b5031154c33c77794ddc9a827e","name":"Cl\u00e1udia Barbosa","image":{"@type":"ImageObject","inLanguage":"pt-BR","@id":"https:\/\/www.manaus.am.gov.br\/manauscult\/#\/schema\/person\/image\/","url":"https:\/\/secure.gravatar.com\/avatar\/42958a1cf007f1a00534009218c72590?s=96&d=mm&r=g","contentUrl":"https:\/\/secure.gravatar.com\/avatar\/42958a1cf007f1a00534009218c72590?s=96&d=mm&r=g","caption":"Cl\u00e1udia Barbosa"}}]}},"_links":{"self":[{"href":"https:\/\/www.manaus.am.gov.br\/manauscult\/wp-json\/wp\/v2\/posts\/826"}],"collection":[{"href":"https:\/\/www.manaus.am.gov.br\/manauscult\/wp-json\/wp\/v2\/posts"}],"about":[{"href":"https:\/\/www.manaus.am.gov.br\/manauscult\/wp-json\/wp\/v2\/types\/post"}],"author":[{"embeddable":true,"href":"https:\/\/www.manaus.am.gov.br\/manauscult\/wp-json\/wp\/v2\/users\/24"}],"replies":[{"embeddable":true,"href":"https:\/\/www.manaus.am.gov.br\/manauscult\/wp-json\/wp\/v2\/comments?post=826"}],"version-history":[{"count":0,"href":"https:\/\/www.manaus.am.gov.br\/manauscult\/wp-json\/wp\/v2\/posts\/826\/revisions"}],"wp:featuredmedia":[{"embeddable":true,"href":"https:\/\/www.manaus.am.gov.br\/manauscult\/wp-json\/wp\/v2\/media\/827"}],"wp:attachment":[{"href":"https:\/\/www.manaus.am.gov.br\/manauscult\/wp-json\/wp\/v2\/media?parent=826"}],"wp:term":[{"taxonomy":"category","embeddable":true,"href":"https:\/\/www.manaus.am.gov.br\/manauscult\/wp-json\/wp\/v2\/categories?post=826"},{"taxonomy":"post_tag","embeddable":true,"href":"https:\/\/www.manaus.am.gov.br\/manauscult\/wp-json\/wp\/v2\/tags?post=826"}],"curies":[{"name":"wp","href":"https:\/\/api.w.org\/{rel}","templated":true}]}}