{"id":820,"date":"2023-06-15T18:34:26","date_gmt":"2023-06-15T22:34:26","guid":{"rendered":"https:\/\/www.manaus.am.gov.br\/manauscult\/prefeitura-prorroga-cadastramento-de-artistas-e-espacos-culturais-ate-o-dia-25-6\/"},"modified":"2023-06-19T08:58:28","modified_gmt":"2023-06-19T12:58:28","slug":"prefeitura-prorroga-cadastramento-de-artistas-e-espacos-culturais-ate-o-dia-25-6","status":"publish","type":"post","link":"https:\/\/www.manaus.am.gov.br\/manauscult\/prefeitura-prorroga-cadastramento-de-artistas-e-espacos-culturais-ate-o-dia-25-6\/","title":{"rendered":"Prefeitura prorroga cadastramento de artistas e espa\u00e7os culturais at\u00e9 o dia 25\/6"},"content":{"rendered":"\n<p>A Prefeitura de Manaus, por meio da Funda\u00e7\u00e3o Municipal de Cultura, Turismo e Eventos (Manauscult), prorrogou em dez dias o prazo para artistas, grupo de artistas, produtores, t\u00e9cnicos e outros segmentos do setor art\u00edstico e cultural, bem como espa\u00e7os culturais, empresas culturais, legalmente constitu\u00eddos como pessoas jur\u00eddicas ou n\u00e3o, se cadastrarem no banco de dados da funda\u00e7\u00e3o. O \u201cCadastramento de Artistas e Espa\u00e7os Culturais\u201d segue aberto at\u00e9 domingo, 25\/6.<\/p>\n\n\n\n<p>O diretor-presidente da Manauscult, Osvaldo Cardoso, comenta sobre a import\u00e2ncia dos artistas locais se cadastrarem no banco de dados.<\/p>\n\n\n\n<p>\u201cA Manauscult vem desenvolvendo um trabalho para entender e filtrar melhor o setor art\u00edstico de Manaus: onde est\u00e3o localizados nossos artistas, quantos s\u00e3o os espa\u00e7os culturais da cidade, quais os segmentos art\u00edsticos predominantes nas zonas da cidade, entre outros fatores. Por isso, \u00e9 importante que os artistas fa\u00e7am seu cadastro, para que possamos conhec\u00ea-los e sabermos onde buscar por esses talentos\u201d, disse.<\/p>\n\n\n\n<p>O cadastro de artistas \u00e9 a base de dados para in\u00fameras a\u00e7\u00f5es voltadas para pol\u00edticas culturais do munic\u00edpio de Manaus, servindo tamb\u00e9m para alimentar e dar visibilidade para os artistas e espa\u00e7os culturais nas plataformas digitais da Manauscult.<\/p>\n\n\n\n<p>O diretor de Cultura da Manauscult, Wallace Almeida, explica o motivo da prorroga\u00e7\u00e3o do cadastro.<\/p>\n\n\n\n<p>\u201cVamos prorrogar o cadastro dos artistas por mais dez dias, para que os fazedores de cultura e espa\u00e7os culturais tenham a op\u00e7\u00e3o de fazer parte do banco de dados da Manauscult, que \u00e9 uma de nossas ferramentas para mapear o que se faz de cultura em nossa cidade, ele \u00e9 uma das bases de dados para se construir pol\u00edticas culturais e serve tamb\u00e9m, como banco de dados para atender futuras a\u00e7\u00f5es de cultura, turismo e eventos\u201d, comentou Almeida.<\/p>\n\n\n\n<p><strong>Inscri\u00e7\u00f5es<\/strong><\/p>\n\n\n\n<p>O cadastro pode ser realizado na aba \u201ceditais\u201d, no site&nbsp;<a href=\"https:\/\/manauscult.manaus.am.gov.br\/\" target=\"_blank\" rel=\"noreferrer noopener\">https:\/\/manauscult.manaus.am.gov.br<\/a>. Cada pessoa f\u00edsica ou pessoa jur\u00eddica poder\u00e1 apresentar apenas uma inscri\u00e7\u00e3o, preenchendo os formul\u00e1rios dispon\u00edveis no site.<\/p>\n\n\n\n<p>&#8212; &#8212; &#8212;<\/p>\n\n\n\n<p><strong>Texto<\/strong> \u2013 Clara Gon\u00e7alves \/ Manauscult<br><strong>Foto<\/strong> \u2013 Arquivo \/ Semcom<br>Dispon\u00edvel em &#8211; <a href=\"https:\/\/flic.kr\/p\/2oDxbPA\">https:\/\/flic.kr\/p\/2oDxbPA<\/a><\/p>\n","protected":false},"excerpt":{"rendered":"","protected":false},"author":31,"featured_media":821,"comment_status":"closed","ping_status":"closed","sticky":false,"template":"","format":"standard","meta":{"footnotes":""},"categories":[133],"tags":[178,179,180],"acf":[],"yoast_head":"<!-- This site is optimized with the Yoast SEO plugin v23.0 - https:\/\/yoast.com\/wordpress\/plugins\/seo\/ -->\n<title>Prefeitura prorroga cadastramento de artistas e espa\u00e7os culturais at\u00e9 o dia 25\/6 - MANAUSCULT<\/title>\n<meta name=\"robots\" content=\"noindex, follow\" \/>\n<meta property=\"og:locale\" content=\"pt_BR\" \/>\n<meta property=\"og:type\" content=\"article\" \/>\n<meta property=\"og:title\" content=\"Prefeitura prorroga cadastramento de artistas e espa\u00e7os culturais at\u00e9 o dia 25\/6 - MANAUSCULT\" \/>\n<meta property=\"og:url\" content=\"https:\/\/www.manaus.am.gov.br\/manauscult\/prefeitura-prorroga-cadastramento-de-artistas-e-espacos-culturais-ate-o-dia-25-6\/\" \/>\n<meta property=\"og:site_name\" content=\"MANAUSCULT\" \/>\n<meta property=\"article:published_time\" content=\"2023-06-15T22:34:26+00:00\" \/>\n<meta property=\"article:modified_time\" content=\"2023-06-19T12:58:28+00:00\" \/>\n<meta property=\"og:image\" content=\"https:\/\/www.manaus.am.gov.br\/manauscult\/wp-content\/uploads\/sites\/11\/2023\/06\/52933336664_8a67feedc0_c.jpg\" \/>\n\t<meta property=\"og:image:width\" content=\"799\" \/>\n\t<meta property=\"og:image:height\" content=\"533\" \/>\n\t<meta property=\"og:image:type\" content=\"image\/jpeg\" \/>\n<meta name=\"author\" content=\"Renata Felix\" \/>\n<meta name=\"twitter:card\" content=\"summary_large_image\" \/>\n<meta name=\"twitter:label1\" content=\"Written by\" \/>\n\t<meta name=\"twitter:data1\" content=\"Renata Felix\" \/>\n\t<meta name=\"twitter:label2\" content=\"Est. reading time\" \/>\n\t<meta name=\"twitter:data2\" content=\"2 minutos\" \/>\n<script type=\"application\/ld+json\" class=\"yoast-schema-graph\">{\"@context\":\"https:\/\/schema.org\",\"@graph\":[{\"@type\":\"WebPage\",\"@id\":\"https:\/\/www.manaus.am.gov.br\/manauscult\/prefeitura-prorroga-cadastramento-de-artistas-e-espacos-culturais-ate-o-dia-25-6\/\",\"url\":\"https:\/\/www.manaus.am.gov.br\/manauscult\/prefeitura-prorroga-cadastramento-de-artistas-e-espacos-culturais-ate-o-dia-25-6\/\",\"name\":\"Prefeitura prorroga cadastramento de artistas e espa\u00e7os culturais at\u00e9 o dia 25\/6 - MANAUSCULT\",\"isPartOf\":{\"@id\":\"https:\/\/www.manaus.am.gov.br\/manauscult\/#website\"},\"primaryImageOfPage\":{\"@id\":\"https:\/\/www.manaus.am.gov.br\/manauscult\/prefeitura-prorroga-cadastramento-de-artistas-e-espacos-culturais-ate-o-dia-25-6\/#primaryimage\"},\"image\":{\"@id\":\"https:\/\/www.manaus.am.gov.br\/manauscult\/prefeitura-prorroga-cadastramento-de-artistas-e-espacos-culturais-ate-o-dia-25-6\/#primaryimage\"},\"thumbnailUrl\":\"https:\/\/www.manaus.am.gov.br\/manauscult\/wp-content\/uploads\/sites\/11\/2023\/06\/52933336664_8a67feedc0_c.jpg\",\"datePublished\":\"2023-06-15T22:34:26+00:00\",\"dateModified\":\"2023-06-19T12:58:28+00:00\",\"author\":{\"@id\":\"https:\/\/www.manaus.am.gov.br\/manauscult\/#\/schema\/person\/4eea2a8f78dc853097abb026f728aa06\"},\"breadcrumb\":{\"@id\":\"https:\/\/www.manaus.am.gov.br\/manauscult\/prefeitura-prorroga-cadastramento-de-artistas-e-espacos-culturais-ate-o-dia-25-6\/#breadcrumb\"},\"inLanguage\":\"pt-BR\",\"potentialAction\":[{\"@type\":\"ReadAction\",\"target\":[\"https:\/\/www.manaus.am.gov.br\/manauscult\/prefeitura-prorroga-cadastramento-de-artistas-e-espacos-culturais-ate-o-dia-25-6\/\"]}]},{\"@type\":\"ImageObject\",\"inLanguage\":\"pt-BR\",\"@id\":\"https:\/\/www.manaus.am.gov.br\/manauscult\/prefeitura-prorroga-cadastramento-de-artistas-e-espacos-culturais-ate-o-dia-25-6\/#primaryimage\",\"url\":\"https:\/\/www.manaus.am.gov.br\/manauscult\/wp-content\/uploads\/sites\/11\/2023\/06\/52933336664_8a67feedc0_c.jpg\",\"contentUrl\":\"https:\/\/www.manaus.am.gov.br\/manauscult\/wp-content\/uploads\/sites\/11\/2023\/06\/52933336664_8a67feedc0_c.jpg\",\"width\":799,\"height\":533},{\"@type\":\"BreadcrumbList\",\"@id\":\"https:\/\/www.manaus.am.gov.br\/manauscult\/prefeitura-prorroga-cadastramento-de-artistas-e-espacos-culturais-ate-o-dia-25-6\/#breadcrumb\",\"itemListElement\":[{\"@type\":\"ListItem\",\"position\":1,\"name\":\"Home\",\"item\":\"https:\/\/www.manaus.am.gov.br\/manauscult\/\"},{\"@type\":\"ListItem\",\"position\":2,\"name\":\"Prefeitura prorroga cadastramento de artistas e espa\u00e7os culturais at\u00e9 o dia 25\/6\"}]},{\"@type\":\"WebSite\",\"@id\":\"https:\/\/www.manaus.am.gov.br\/manauscult\/#website\",\"url\":\"https:\/\/www.manaus.am.gov.br\/manauscult\/\",\"name\":\"MANAUSCULT\",\"description\":\"Prefeitura de Manaus\",\"potentialAction\":[{\"@type\":\"SearchAction\",\"target\":{\"@type\":\"EntryPoint\",\"urlTemplate\":\"https:\/\/www.manaus.am.gov.br\/manauscult\/?s={search_term_string}\"},\"query-input\":\"required name=search_term_string\"}],\"inLanguage\":\"pt-BR\"},{\"@type\":\"Person\",\"@id\":\"https:\/\/www.manaus.am.gov.br\/manauscult\/#\/schema\/person\/4eea2a8f78dc853097abb026f728aa06\",\"name\":\"Renata Felix\",\"image\":{\"@type\":\"ImageObject\",\"inLanguage\":\"pt-BR\",\"@id\":\"https:\/\/www.manaus.am.gov.br\/manauscult\/#\/schema\/person\/image\/\",\"url\":\"https:\/\/secure.gravatar.com\/avatar\/3c196cf9d3b837b24c8edb2c50fd8f29?s=96&d=mm&r=g\",\"contentUrl\":\"https:\/\/secure.gravatar.com\/avatar\/3c196cf9d3b837b24c8edb2c50fd8f29?s=96&d=mm&r=g\",\"caption\":\"Renata Felix\"}}]}<\/script>\n<!-- \/ Yoast SEO plugin. -->","yoast_head_json":{"title":"Prefeitura prorroga cadastramento de artistas e espa\u00e7os culturais at\u00e9 o dia 25\/6 - MANAUSCULT","robots":{"index":"noindex","follow":"follow"},"og_locale":"pt_BR","og_type":"article","og_title":"Prefeitura prorroga cadastramento de artistas e espa\u00e7os culturais at\u00e9 o dia 25\/6 - MANAUSCULT","og_url":"https:\/\/www.manaus.am.gov.br\/manauscult\/prefeitura-prorroga-cadastramento-de-artistas-e-espacos-culturais-ate-o-dia-25-6\/","og_site_name":"MANAUSCULT","article_published_time":"2023-06-15T22:34:26+00:00","article_modified_time":"2023-06-19T12:58:28+00:00","og_image":[{"width":799,"height":533,"url":"https:\/\/www.manaus.am.gov.br\/manauscult\/wp-content\/uploads\/sites\/11\/2023\/06\/52933336664_8a67feedc0_c.jpg","type":"image\/jpeg"}],"author":"Renata Felix","twitter_card":"summary_large_image","twitter_misc":{"Written by":"Renata Felix","Est. reading time":"2 minutos"},"schema":{"@context":"https:\/\/schema.org","@graph":[{"@type":"WebPage","@id":"https:\/\/www.manaus.am.gov.br\/manauscult\/prefeitura-prorroga-cadastramento-de-artistas-e-espacos-culturais-ate-o-dia-25-6\/","url":"https:\/\/www.manaus.am.gov.br\/manauscult\/prefeitura-prorroga-cadastramento-de-artistas-e-espacos-culturais-ate-o-dia-25-6\/","name":"Prefeitura prorroga cadastramento de artistas e espa\u00e7os culturais at\u00e9 o dia 25\/6 - MANAUSCULT","isPartOf":{"@id":"https:\/\/www.manaus.am.gov.br\/manauscult\/#website"},"primaryImageOfPage":{"@id":"https:\/\/www.manaus.am.gov.br\/manauscult\/prefeitura-prorroga-cadastramento-de-artistas-e-espacos-culturais-ate-o-dia-25-6\/#primaryimage"},"image":{"@id":"https:\/\/www.manaus.am.gov.br\/manauscult\/prefeitura-prorroga-cadastramento-de-artistas-e-espacos-culturais-ate-o-dia-25-6\/#primaryimage"},"thumbnailUrl":"https:\/\/www.manaus.am.gov.br\/manauscult\/wp-content\/uploads\/sites\/11\/2023\/06\/52933336664_8a67feedc0_c.jpg","datePublished":"2023-06-15T22:34:26+00:00","dateModified":"2023-06-19T12:58:28+00:00","author":{"@id":"https:\/\/www.manaus.am.gov.br\/manauscult\/#\/schema\/person\/4eea2a8f78dc853097abb026f728aa06"},"breadcrumb":{"@id":"https:\/\/www.manaus.am.gov.br\/manauscult\/prefeitura-prorroga-cadastramento-de-artistas-e-espacos-culturais-ate-o-dia-25-6\/#breadcrumb"},"inLanguage":"pt-BR","potentialAction":[{"@type":"ReadAction","target":["https:\/\/www.manaus.am.gov.br\/manauscult\/prefeitura-prorroga-cadastramento-de-artistas-e-espacos-culturais-ate-o-dia-25-6\/"]}]},{"@type":"ImageObject","inLanguage":"pt-BR","@id":"https:\/\/www.manaus.am.gov.br\/manauscult\/prefeitura-prorroga-cadastramento-de-artistas-e-espacos-culturais-ate-o-dia-25-6\/#primaryimage","url":"https:\/\/www.manaus.am.gov.br\/manauscult\/wp-content\/uploads\/sites\/11\/2023\/06\/52933336664_8a67feedc0_c.jpg","contentUrl":"https:\/\/www.manaus.am.gov.br\/manauscult\/wp-content\/uploads\/sites\/11\/2023\/06\/52933336664_8a67feedc0_c.jpg","width":799,"height":533},{"@type":"BreadcrumbList","@id":"https:\/\/www.manaus.am.gov.br\/manauscult\/prefeitura-prorroga-cadastramento-de-artistas-e-espacos-culturais-ate-o-dia-25-6\/#breadcrumb","itemListElement":[{"@type":"ListItem","position":1,"name":"Home","item":"https:\/\/www.manaus.am.gov.br\/manauscult\/"},{"@type":"ListItem","position":2,"name":"Prefeitura prorroga cadastramento de artistas e espa\u00e7os culturais at\u00e9 o dia 25\/6"}]},{"@type":"WebSite","@id":"https:\/\/www.manaus.am.gov.br\/manauscult\/#website","url":"https:\/\/www.manaus.am.gov.br\/manauscult\/","name":"MANAUSCULT","description":"Prefeitura de Manaus","potentialAction":[{"@type":"SearchAction","target":{"@type":"EntryPoint","urlTemplate":"https:\/\/www.manaus.am.gov.br\/manauscult\/?s={search_term_string}"},"query-input":"required name=search_term_string"}],"inLanguage":"pt-BR"},{"@type":"Person","@id":"https:\/\/www.manaus.am.gov.br\/manauscult\/#\/schema\/person\/4eea2a8f78dc853097abb026f728aa06","name":"Renata Felix","image":{"@type":"ImageObject","inLanguage":"pt-BR","@id":"https:\/\/www.manaus.am.gov.br\/manauscult\/#\/schema\/person\/image\/","url":"https:\/\/secure.gravatar.com\/avatar\/3c196cf9d3b837b24c8edb2c50fd8f29?s=96&d=mm&r=g","contentUrl":"https:\/\/secure.gravatar.com\/avatar\/3c196cf9d3b837b24c8edb2c50fd8f29?s=96&d=mm&r=g","caption":"Renata Felix"}}]}},"_links":{"self":[{"href":"https:\/\/www.manaus.am.gov.br\/manauscult\/wp-json\/wp\/v2\/posts\/820"}],"collection":[{"href":"https:\/\/www.manaus.am.gov.br\/manauscult\/wp-json\/wp\/v2\/posts"}],"about":[{"href":"https:\/\/www.manaus.am.gov.br\/manauscult\/wp-json\/wp\/v2\/types\/post"}],"author":[{"embeddable":true,"href":"https:\/\/www.manaus.am.gov.br\/manauscult\/wp-json\/wp\/v2\/users\/31"}],"replies":[{"embeddable":true,"href":"https:\/\/www.manaus.am.gov.br\/manauscult\/wp-json\/wp\/v2\/comments?post=820"}],"version-history":[{"count":0,"href":"https:\/\/www.manaus.am.gov.br\/manauscult\/wp-json\/wp\/v2\/posts\/820\/revisions"}],"wp:featuredmedia":[{"embeddable":true,"href":"https:\/\/www.manaus.am.gov.br\/manauscult\/wp-json\/wp\/v2\/media\/821"}],"wp:attachment":[{"href":"https:\/\/www.manaus.am.gov.br\/manauscult\/wp-json\/wp\/v2\/media?parent=820"}],"wp:term":[{"taxonomy":"category","embeddable":true,"href":"https:\/\/www.manaus.am.gov.br\/manauscult\/wp-json\/wp\/v2\/categories?post=820"},{"taxonomy":"post_tag","embeddable":true,"href":"https:\/\/www.manaus.am.gov.br\/manauscult\/wp-json\/wp\/v2\/tags?post=820"}],"curies":[{"name":"wp","href":"https:\/\/api.w.org\/{rel}","templated":true}]}}