{"id":82,"date":"2022-09-05T02:48:18","date_gmt":"2022-09-05T06:48:18","guid":{"rendered":"https:\/\/www.manaus.am.gov.br\/manauscult\/segunda-noite-do-soumanaus-passo-a-paco-e-marcada-por-mistura-de-ritmos-no-palco-tucupi\/"},"modified":"2023-05-18T10:41:47","modified_gmt":"2023-05-18T14:41:47","slug":"segunda-noite-do-soumanaus-passo-a-paco-e-marcada-por-mistura-de-ritmos-no-palco-tucupi","status":"publish","type":"post","link":"https:\/\/www.manaus.am.gov.br\/manauscult\/segunda-noite-do-soumanaus-passo-a-paco-e-marcada-por-mistura-de-ritmos-no-palco-tucupi\/","title":{"rendered":"Segunda noite do #SouManaus Passo a Pa\u00e7o \u00e9 marcada por mistura de ritmos no palco Tucupi"},"content":{"rendered":"\n<p>O #SouManaus Passo a Pa\u00e7o 2022 seguiu a segunda noite de festa neste domingo, 4\/9, com sua variada programa\u00e7\u00e3o e entre as atra\u00e7\u00f5es do palco Tucupi, o maior do festival, estiveram Odair Jos\u00e9, Uendel Pinheiro e Oficial 80.<\/p>\n\n\n\n<p>No in\u00edcio da noite, guitarra e bateria da banda Official 80 deram o tom no palco \u00e2ncora do festival, levando rock&#8217;n roll para a galera que esteve no espa\u00e7o. O grupo mescla um setlist de m\u00fasicas nacionais e internacionais que v\u00e3o do pop \u00e0s cl\u00e1ssicas.\u00a0 O guitarrista da banda, Alison Pontes, contou a empolga\u00e7\u00e3o de se apresentar na megaestrutura montada para as apresenta\u00e7\u00f5es no #SouManaus.<\/p>\n\n\n\n<p>&#8220;Para o grupo \u00e9 uma honra estar participando deste evento multicultural coordenado pela Manauscult, realizado por essa nova gest\u00e3o do prefeito David Almeida, que s\u00f3 est\u00e1 alegrando a popula\u00e7\u00e3o. \u00c9 incr\u00edvel representar o rock neste grande festival que teve todas as \u00e1reas aproveitadas e est\u00e1 tudo bem organizado, com uma estrutura em n\u00edvel internacional. Hoje vai ser bem especial, porque preparamos um supershow&#8221;, disse o m\u00fasico.<\/p>\n\n\n\n<p>Com mais de 50 anos de carreira, o cantor Odair Jos\u00e9 foi a grande atra\u00e7\u00e3o da noite no Tucupi. Suas m\u00fasicas irreverentes conquistaram o pa\u00eds fazendo com que o m\u00fasico colecione mais de 80 milh\u00f5es de discos vendidos ao longo de sua trajet\u00f3ria. Dono do hit \u201cCad\u00ea voc\u00ea\u201d, que n\u00e3o pode faltar no repert\u00f3rio, o artista contou a emo\u00e7\u00e3o de voltar a se apresentar para o p\u00fablico manauara.<\/p>\n\n\n\n<p>&#8220;J\u00e1 fazia tempo que n\u00e3o vinha a Manaus e estou feliz de estar nesta festa, por estar neste palco e espero que meu trabalho leve emo\u00e7\u00e3o \u00e0s pessoas. \u00c9 muito bom voltar e tocar no festival\u201d, declarou Odair Jos\u00e9, minutos antes de subir ao palco Tucupi.<\/p>\n\n\n\n<p>J\u00e1 o pagode do cantor Uendel Pinheiro encerrou a segunda noite de shows no Tucupi. Ele que j\u00e1 se apresentou com m\u00fasicos nacionais\u00a0 e comentou sobre o destaque que os artistas locais receberam nesta edi\u00e7\u00e3o, al\u00e9m da estrutura do evento.\u00a0 Para ele, o #SouManaus j\u00e1 \u00e9 um sucesso.<\/p>\n\n\n\n<p>&#8220;Eu sou um artista da terra, j\u00e1 cantei em todas as regi\u00f5es e ainda me surpreendo com o que ainda acontece. Hoje o #SouManaus \u00e9 evento direcionado para o p\u00fablico manauara, e que tem o abra\u00e7o da prefeitura que automaticamente abra\u00e7ou mais de 600 artistas regionais. Aqui tem muita gente talentosa e \u00e0s vezes falta oportunidade necess\u00e1ria para mostrar esse trabalho. Quando a prefeitura vem e faz um evento dessa grandeza, colocando artistas num palco gigantesco, com uma luz \u00f3tima, com som maravilhoso, ela consegue abra\u00e7ar de fato o que o artista manauara \u00e9, um gigante. Ent\u00e3o, eu quero agradecer a todos os envolvidos no #SouManaus 2022 que \u00e9 j\u00e1 \u00e9 um sucesso absoluto. Eu tenho certeza que a gente d\u00e1 um\u00a0<em>start<\/em>\u00a0para algo que a cada ano vai crescer mais e mais\u201d, afirmou.<\/p>\n\n\n\n<p>O p\u00fablico que passou pelo palco Tucupi dan\u00e7ou e cantou muito com as atra\u00e7\u00f5es deste domingo. As amigas Meire Cerdeira e Marina Chagas, ambas nutricionistas, vieram curtir a segunda noite juntas e elogiaram a programa\u00e7\u00e3o e a seguran\u00e7a do festival.<\/p>\n\n\n\n<p>\u201cEu estou achando essa edi\u00e7\u00e3o maravilhosa, a estrutura linda, tudo perfeito. A prefeitura est\u00e1 de parab\u00e9ns pela organiza\u00e7\u00e3o e a seguran\u00e7a\u201d, disse Meire.<\/p>\n\n\n\n<p>\u201c\u00c9 a primeira vez que eu venho e estou adorando, gostei muito da quest\u00e3o de seguran\u00e7a, as rotas de fugas est\u00e3o bem planejadas, policiamento. A organiza\u00e7\u00e3o est\u00e1 excelente\u201d, completou Marina.<\/p>\n\n\n\n<p>E no meio da multid\u00e3o, o corretor Jorge Dutra, de 21 anos, chamou a aten\u00e7\u00e3o pela caracteriza\u00e7\u00e3o inspirada no seu \u00eddolo, Odair Jos\u00e9. Animado e cantando todas as can\u00e7\u00f5es, ele revelou a sensa\u00e7\u00e3o de ver o m\u00fasico de perto e elogiou o repert\u00f3rio.<\/p>\n\n\n\n<p>\u201cEu naturalmente me identifico com a \u00e9poca e ele \u00e9 um artista que transgrediu as regras e quebrou muitos tabus. E ver o show \u00e9 uma coisa espetacular, t\u00e1 melhor do que eu imaginava. A sensa\u00e7\u00e3o de ver um artista que eu gosto h\u00e1 tanto tempo \u00e9 muito boa. Estou muito feliz\u201d, contou.<\/p>\n\n\n\n<p>A programa\u00e7\u00e3o do festival #SouManaus Passo a Pa\u00e7o 2022 segue at\u00e9 a pr\u00f3xima ter\u00e7a-feira, 6\/9, com shows de nomes conhecidos nacionalmente como Scalene, Joelma, Jota Quest, Andr\u00e9 Valad\u00e3o, entre outras atra\u00e7\u00f5es. A entrada \u00e9 gratuita.<\/p>\n\n\n\n<hr class=\"wp-block-separator has-alpha-channel-opacity\"\/>\n\n\n\n<p><strong>Texto<\/strong> &#8211; Hellen Miranda \/ Semcom<br><strong>Fotos<\/strong> &#8211; Ant\u00f4nio Pereira \/ Semcom<br>Dispon\u00edveis em &#8211; <a href=\"https:\/\/flic.kr\/s\/aHBqjA5NQk\">https:\/\/flic.kr\/s\/aHBqjA5NQk\u00a0\u00a0<\/a> <a href=\"https:\/\/flic.kr\/s\/aHBqjA5KBj\">https:\/\/flic.kr\/s\/aHBqjA5KBj<\/a> e <a href=\"https:\/\/flic.kr\/s\/aHBqjA5NSw\">https:\/\/flic.kr\/s\/aHBqjA5NSw<\/a><\/p>\n","protected":false},"excerpt":{"rendered":"","protected":false},"author":31,"featured_media":83,"comment_status":"closed","ping_status":"closed","sticky":false,"template":"","format":"standard","meta":{"footnotes":""},"categories":[30],"tags":[31,32,33],"acf":[],"yoast_head":"<!-- This site is optimized with the Yoast SEO plugin v23.0 - https:\/\/yoast.com\/wordpress\/plugins\/seo\/ -->\n<title>Segunda noite do #SouManaus Passo a Pa\u00e7o \u00e9 marcada por mistura de ritmos no palco Tucupi - MANAUSCULT<\/title>\n<meta name=\"robots\" content=\"noindex, follow\" \/>\n<meta property=\"og:locale\" content=\"pt_BR\" \/>\n<meta property=\"og:type\" content=\"article\" \/>\n<meta property=\"og:title\" content=\"Segunda noite do #SouManaus Passo a Pa\u00e7o \u00e9 marcada por mistura de ritmos no palco Tucupi - MANAUSCULT\" \/>\n<meta property=\"og:url\" content=\"https:\/\/www.manaus.am.gov.br\/manauscult\/segunda-noite-do-soumanaus-passo-a-paco-e-marcada-por-mistura-de-ritmos-no-palco-tucupi\/\" \/>\n<meta property=\"og:site_name\" content=\"MANAUSCULT\" \/>\n<meta property=\"article:published_time\" content=\"2022-09-05T06:48:18+00:00\" \/>\n<meta property=\"article:modified_time\" content=\"2023-05-18T14:41:47+00:00\" \/>\n<meta property=\"og:image\" content=\"https:\/\/www.manaus.am.gov.br\/manauscult\/wp-content\/uploads\/sites\/11\/2023\/05\/Segunda-noite-do-SouManaus-Passo-a-Paco-e-marcada-por-mistura-de-ritmos-no-palco-Tucupi.jpg\" \/>\n\t<meta property=\"og:image:width\" content=\"799\" \/>\n\t<meta property=\"og:image:height\" content=\"533\" \/>\n\t<meta property=\"og:image:type\" content=\"image\/jpeg\" \/>\n<meta name=\"author\" content=\"Renata Felix\" \/>\n<meta name=\"twitter:card\" content=\"summary_large_image\" \/>\n<meta name=\"twitter:label1\" content=\"Written by\" \/>\n\t<meta name=\"twitter:data1\" content=\"Renata Felix\" \/>\n\t<meta name=\"twitter:label2\" content=\"Est. reading time\" \/>\n\t<meta name=\"twitter:data2\" content=\"4 minutos\" \/>\n<script type=\"application\/ld+json\" class=\"yoast-schema-graph\">{\"@context\":\"https:\/\/schema.org\",\"@graph\":[{\"@type\":\"WebPage\",\"@id\":\"https:\/\/www.manaus.am.gov.br\/manauscult\/segunda-noite-do-soumanaus-passo-a-paco-e-marcada-por-mistura-de-ritmos-no-palco-tucupi\/\",\"url\":\"https:\/\/www.manaus.am.gov.br\/manauscult\/segunda-noite-do-soumanaus-passo-a-paco-e-marcada-por-mistura-de-ritmos-no-palco-tucupi\/\",\"name\":\"Segunda noite do #SouManaus Passo a Pa\u00e7o \u00e9 marcada por mistura de ritmos no palco Tucupi - MANAUSCULT\",\"isPartOf\":{\"@id\":\"https:\/\/www.manaus.am.gov.br\/manauscult\/#website\"},\"primaryImageOfPage\":{\"@id\":\"https:\/\/www.manaus.am.gov.br\/manauscult\/segunda-noite-do-soumanaus-passo-a-paco-e-marcada-por-mistura-de-ritmos-no-palco-tucupi\/#primaryimage\"},\"image\":{\"@id\":\"https:\/\/www.manaus.am.gov.br\/manauscult\/segunda-noite-do-soumanaus-passo-a-paco-e-marcada-por-mistura-de-ritmos-no-palco-tucupi\/#primaryimage\"},\"thumbnailUrl\":\"https:\/\/www.manaus.am.gov.br\/manauscult\/wp-content\/uploads\/sites\/11\/2023\/05\/Segunda-noite-do-SouManaus-Passo-a-Paco-e-marcada-por-mistura-de-ritmos-no-palco-Tucupi.jpg\",\"datePublished\":\"2022-09-05T06:48:18+00:00\",\"dateModified\":\"2023-05-18T14:41:47+00:00\",\"author\":{\"@id\":\"https:\/\/www.manaus.am.gov.br\/manauscult\/#\/schema\/person\/4eea2a8f78dc853097abb026f728aa06\"},\"breadcrumb\":{\"@id\":\"https:\/\/www.manaus.am.gov.br\/manauscult\/segunda-noite-do-soumanaus-passo-a-paco-e-marcada-por-mistura-de-ritmos-no-palco-tucupi\/#breadcrumb\"},\"inLanguage\":\"pt-BR\",\"potentialAction\":[{\"@type\":\"ReadAction\",\"target\":[\"https:\/\/www.manaus.am.gov.br\/manauscult\/segunda-noite-do-soumanaus-passo-a-paco-e-marcada-por-mistura-de-ritmos-no-palco-tucupi\/\"]}]},{\"@type\":\"ImageObject\",\"inLanguage\":\"pt-BR\",\"@id\":\"https:\/\/www.manaus.am.gov.br\/manauscult\/segunda-noite-do-soumanaus-passo-a-paco-e-marcada-por-mistura-de-ritmos-no-palco-tucupi\/#primaryimage\",\"url\":\"https:\/\/www.manaus.am.gov.br\/manauscult\/wp-content\/uploads\/sites\/11\/2023\/05\/Segunda-noite-do-SouManaus-Passo-a-Paco-e-marcada-por-mistura-de-ritmos-no-palco-Tucupi.jpg\",\"contentUrl\":\"https:\/\/www.manaus.am.gov.br\/manauscult\/wp-content\/uploads\/sites\/11\/2023\/05\/Segunda-noite-do-SouManaus-Passo-a-Paco-e-marcada-por-mistura-de-ritmos-no-palco-Tucupi.jpg\",\"width\":799,\"height\":533,\"caption\":\"Segunda noite do #SouManaus Passo a Pa\u00e7o \u00e9 marcada por mistura de ritmos no palco Tucupi\"},{\"@type\":\"BreadcrumbList\",\"@id\":\"https:\/\/www.manaus.am.gov.br\/manauscult\/segunda-noite-do-soumanaus-passo-a-paco-e-marcada-por-mistura-de-ritmos-no-palco-tucupi\/#breadcrumb\",\"itemListElement\":[{\"@type\":\"ListItem\",\"position\":1,\"name\":\"Home\",\"item\":\"https:\/\/www.manaus.am.gov.br\/manauscult\/\"},{\"@type\":\"ListItem\",\"position\":2,\"name\":\"Segunda noite do #SouManaus Passo a Pa\u00e7o \u00e9 marcada por mistura de ritmos no palco Tucupi\"}]},{\"@type\":\"WebSite\",\"@id\":\"https:\/\/www.manaus.am.gov.br\/manauscult\/#website\",\"url\":\"https:\/\/www.manaus.am.gov.br\/manauscult\/\",\"name\":\"MANAUSCULT\",\"description\":\"Prefeitura de Manaus\",\"potentialAction\":[{\"@type\":\"SearchAction\",\"target\":{\"@type\":\"EntryPoint\",\"urlTemplate\":\"https:\/\/www.manaus.am.gov.br\/manauscult\/?s={search_term_string}\"},\"query-input\":\"required name=search_term_string\"}],\"inLanguage\":\"pt-BR\"},{\"@type\":\"Person\",\"@id\":\"https:\/\/www.manaus.am.gov.br\/manauscult\/#\/schema\/person\/4eea2a8f78dc853097abb026f728aa06\",\"name\":\"Renata Felix\",\"image\":{\"@type\":\"ImageObject\",\"inLanguage\":\"pt-BR\",\"@id\":\"https:\/\/www.manaus.am.gov.br\/manauscult\/#\/schema\/person\/image\/\",\"url\":\"https:\/\/secure.gravatar.com\/avatar\/3c196cf9d3b837b24c8edb2c50fd8f29?s=96&d=mm&r=g\",\"contentUrl\":\"https:\/\/secure.gravatar.com\/avatar\/3c196cf9d3b837b24c8edb2c50fd8f29?s=96&d=mm&r=g\",\"caption\":\"Renata Felix\"}}]}<\/script>\n<!-- \/ Yoast SEO plugin. -->","yoast_head_json":{"title":"Segunda noite do #SouManaus Passo a Pa\u00e7o \u00e9 marcada por mistura de ritmos no palco Tucupi - MANAUSCULT","robots":{"index":"noindex","follow":"follow"},"og_locale":"pt_BR","og_type":"article","og_title":"Segunda noite do #SouManaus Passo a Pa\u00e7o \u00e9 marcada por mistura de ritmos no palco Tucupi - MANAUSCULT","og_url":"https:\/\/www.manaus.am.gov.br\/manauscult\/segunda-noite-do-soumanaus-passo-a-paco-e-marcada-por-mistura-de-ritmos-no-palco-tucupi\/","og_site_name":"MANAUSCULT","article_published_time":"2022-09-05T06:48:18+00:00","article_modified_time":"2023-05-18T14:41:47+00:00","og_image":[{"width":799,"height":533,"url":"https:\/\/www.manaus.am.gov.br\/manauscult\/wp-content\/uploads\/sites\/11\/2023\/05\/Segunda-noite-do-SouManaus-Passo-a-Paco-e-marcada-por-mistura-de-ritmos-no-palco-Tucupi.jpg","type":"image\/jpeg"}],"author":"Renata Felix","twitter_card":"summary_large_image","twitter_misc":{"Written by":"Renata Felix","Est. reading time":"4 minutos"},"schema":{"@context":"https:\/\/schema.org","@graph":[{"@type":"WebPage","@id":"https:\/\/www.manaus.am.gov.br\/manauscult\/segunda-noite-do-soumanaus-passo-a-paco-e-marcada-por-mistura-de-ritmos-no-palco-tucupi\/","url":"https:\/\/www.manaus.am.gov.br\/manauscult\/segunda-noite-do-soumanaus-passo-a-paco-e-marcada-por-mistura-de-ritmos-no-palco-tucupi\/","name":"Segunda noite do #SouManaus Passo a Pa\u00e7o \u00e9 marcada por mistura de ritmos no palco Tucupi - MANAUSCULT","isPartOf":{"@id":"https:\/\/www.manaus.am.gov.br\/manauscult\/#website"},"primaryImageOfPage":{"@id":"https:\/\/www.manaus.am.gov.br\/manauscult\/segunda-noite-do-soumanaus-passo-a-paco-e-marcada-por-mistura-de-ritmos-no-palco-tucupi\/#primaryimage"},"image":{"@id":"https:\/\/www.manaus.am.gov.br\/manauscult\/segunda-noite-do-soumanaus-passo-a-paco-e-marcada-por-mistura-de-ritmos-no-palco-tucupi\/#primaryimage"},"thumbnailUrl":"https:\/\/www.manaus.am.gov.br\/manauscult\/wp-content\/uploads\/sites\/11\/2023\/05\/Segunda-noite-do-SouManaus-Passo-a-Paco-e-marcada-por-mistura-de-ritmos-no-palco-Tucupi.jpg","datePublished":"2022-09-05T06:48:18+00:00","dateModified":"2023-05-18T14:41:47+00:00","author":{"@id":"https:\/\/www.manaus.am.gov.br\/manauscult\/#\/schema\/person\/4eea2a8f78dc853097abb026f728aa06"},"breadcrumb":{"@id":"https:\/\/www.manaus.am.gov.br\/manauscult\/segunda-noite-do-soumanaus-passo-a-paco-e-marcada-por-mistura-de-ritmos-no-palco-tucupi\/#breadcrumb"},"inLanguage":"pt-BR","potentialAction":[{"@type":"ReadAction","target":["https:\/\/www.manaus.am.gov.br\/manauscult\/segunda-noite-do-soumanaus-passo-a-paco-e-marcada-por-mistura-de-ritmos-no-palco-tucupi\/"]}]},{"@type":"ImageObject","inLanguage":"pt-BR","@id":"https:\/\/www.manaus.am.gov.br\/manauscult\/segunda-noite-do-soumanaus-passo-a-paco-e-marcada-por-mistura-de-ritmos-no-palco-tucupi\/#primaryimage","url":"https:\/\/www.manaus.am.gov.br\/manauscult\/wp-content\/uploads\/sites\/11\/2023\/05\/Segunda-noite-do-SouManaus-Passo-a-Paco-e-marcada-por-mistura-de-ritmos-no-palco-Tucupi.jpg","contentUrl":"https:\/\/www.manaus.am.gov.br\/manauscult\/wp-content\/uploads\/sites\/11\/2023\/05\/Segunda-noite-do-SouManaus-Passo-a-Paco-e-marcada-por-mistura-de-ritmos-no-palco-Tucupi.jpg","width":799,"height":533,"caption":"Segunda noite do #SouManaus Passo a Pa\u00e7o \u00e9 marcada por mistura de ritmos no palco Tucupi"},{"@type":"BreadcrumbList","@id":"https:\/\/www.manaus.am.gov.br\/manauscult\/segunda-noite-do-soumanaus-passo-a-paco-e-marcada-por-mistura-de-ritmos-no-palco-tucupi\/#breadcrumb","itemListElement":[{"@type":"ListItem","position":1,"name":"Home","item":"https:\/\/www.manaus.am.gov.br\/manauscult\/"},{"@type":"ListItem","position":2,"name":"Segunda noite do #SouManaus Passo a Pa\u00e7o \u00e9 marcada por mistura de ritmos no palco Tucupi"}]},{"@type":"WebSite","@id":"https:\/\/www.manaus.am.gov.br\/manauscult\/#website","url":"https:\/\/www.manaus.am.gov.br\/manauscult\/","name":"MANAUSCULT","description":"Prefeitura de Manaus","potentialAction":[{"@type":"SearchAction","target":{"@type":"EntryPoint","urlTemplate":"https:\/\/www.manaus.am.gov.br\/manauscult\/?s={search_term_string}"},"query-input":"required name=search_term_string"}],"inLanguage":"pt-BR"},{"@type":"Person","@id":"https:\/\/www.manaus.am.gov.br\/manauscult\/#\/schema\/person\/4eea2a8f78dc853097abb026f728aa06","name":"Renata Felix","image":{"@type":"ImageObject","inLanguage":"pt-BR","@id":"https:\/\/www.manaus.am.gov.br\/manauscult\/#\/schema\/person\/image\/","url":"https:\/\/secure.gravatar.com\/avatar\/3c196cf9d3b837b24c8edb2c50fd8f29?s=96&d=mm&r=g","contentUrl":"https:\/\/secure.gravatar.com\/avatar\/3c196cf9d3b837b24c8edb2c50fd8f29?s=96&d=mm&r=g","caption":"Renata Felix"}}]}},"_links":{"self":[{"href":"https:\/\/www.manaus.am.gov.br\/manauscult\/wp-json\/wp\/v2\/posts\/82"}],"collection":[{"href":"https:\/\/www.manaus.am.gov.br\/manauscult\/wp-json\/wp\/v2\/posts"}],"about":[{"href":"https:\/\/www.manaus.am.gov.br\/manauscult\/wp-json\/wp\/v2\/types\/post"}],"author":[{"embeddable":true,"href":"https:\/\/www.manaus.am.gov.br\/manauscult\/wp-json\/wp\/v2\/users\/31"}],"replies":[{"embeddable":true,"href":"https:\/\/www.manaus.am.gov.br\/manauscult\/wp-json\/wp\/v2\/comments?post=82"}],"version-history":[{"count":0,"href":"https:\/\/www.manaus.am.gov.br\/manauscult\/wp-json\/wp\/v2\/posts\/82\/revisions"}],"wp:featuredmedia":[{"embeddable":true,"href":"https:\/\/www.manaus.am.gov.br\/manauscult\/wp-json\/wp\/v2\/media\/83"}],"wp:attachment":[{"href":"https:\/\/www.manaus.am.gov.br\/manauscult\/wp-json\/wp\/v2\/media?parent=82"}],"wp:term":[{"taxonomy":"category","embeddable":true,"href":"https:\/\/www.manaus.am.gov.br\/manauscult\/wp-json\/wp\/v2\/categories?post=82"},{"taxonomy":"post_tag","embeddable":true,"href":"https:\/\/www.manaus.am.gov.br\/manauscult\/wp-json\/wp\/v2\/tags?post=82"}],"curies":[{"name":"wp","href":"https:\/\/api.w.org\/{rel}","templated":true}]}}