{"id":817,"date":"2023-06-19T00:10:18","date_gmt":"2023-06-19T04:10:18","guid":{"rendered":"https:\/\/www.manaus.am.gov.br\/manauscult\/quase-55-mil-pessoas-passaram-pelo-festival-folclorico-do-amazonas-em-oito-dias-de-evento\/"},"modified":"2023-06-19T09:09:40","modified_gmt":"2023-06-19T13:09:40","slug":"quase-55-mil-pessoas-passaram-pelo-festival-folclorico-do-amazonas-em-oito-dias-de-evento","status":"publish","type":"post","link":"https:\/\/www.manaus.am.gov.br\/manauscult\/quase-55-mil-pessoas-passaram-pelo-festival-folclorico-do-amazonas-em-oito-dias-de-evento\/","title":{"rendered":"Quase 55 mil pessoas passaram pelo Festival Folcl\u00f3rico do Amazonas em oito dias de evento"},"content":{"rendered":"\n<p>Em apenas oito dias, quase 55 mil pessoas j\u00e1 passaram pela festa mais tradicional da cidade, o 65\u00b0 Festival Folcl\u00f3rico do Amazonas, realizado no Centro Cultural dos Povos da Amaz\u00f4nia (CCPA), no Distrito Industrial, zona Sul. O evento, que iniciou no \u00faltimo domingo, 11\/6, \u00e9 promovido pela Prefeitura de Manaus, em parceria com o governo do Amazonas, sempre a partir das 19h, com entrada gratuita.<\/p>\n\n\n\n<p>O diretor-presidente da Funda\u00e7\u00e3o Municipal de Cultura, Turismo e Eventos (Manauscult), Osvaldo Cardoso,&nbsp; avalia que a presen\u00e7a maci\u00e7a do p\u00fablico \u00e9 fruto do planejamento estrat\u00e9gico feito entre Manauscult e Secretaria de Comunica\u00e7\u00e3o (Semcom), da Prefeitura de Manaus, que tinha como mote \u201cViva essa Tradi\u00e7\u00e3o\u201d.<\/p>\n\n\n\n<p>\u201cO sucesso do evento veio na primeira noite de festival, quando tivemos um p\u00fablico de mais de 10 mil pessoas. E quero ressaltar que a nossa expectativa n\u00e3o se concentra em n\u00fameros, mas na meta de alcan\u00e7armos o resgate real dessa festa tradicional com a participa\u00e7\u00e3o das fam\u00edlias manauaras. Os n\u00fameros s\u00e3o consequ\u00eancias. Aproveito para agradecer a parceria da Semcom nesse processo e das demais secretarias municipais que est\u00e3o conosco nesse projeto, como determina o prefeito David Almeida\u201d, ressalta.<\/p>\n\n\n\n<p>Quadrilhas, cirandas, cacetinho, tribos, boi-bumb\u00e1, dan\u00e7as nacionais, internacionais e nordestinas, das categorias Bronze e Prata, se apresentam na arena do CCPA. Os hor\u00e1rios e a programa\u00e7\u00e3o completa do festival podem ser consultados no site da Manauscult (manauscult.manaus.am.gov.br), na aba editais.<\/p>\n\n\n\n<p>A t\u00e9cnica em radiologia Alessandra Maria Rocha da Silva, 48, que prestigiou a oitava noite do festival, elogia a organiza\u00e7\u00e3o e policiamento do evento, que s\u00f3 neste domingo (18) reuniu pouco mais de 16 mil pessoas.<\/p>\n\n\n\n<p>\u201cEu achei tudo muito organizado, est\u00e1 muito bom. O que mais me chamou a aten\u00e7\u00e3o foi a quest\u00e3o da entrada dos brincantes, est\u00e1 tudo muito bonito e organizado. E sobre a seguran\u00e7a, voc\u00eas est\u00e3o de parab\u00e9ns. Eu sa\u00ed e entrei e, nas duas vezes, fui revistada. Isso passa uma sensa\u00e7\u00e3o de seguran\u00e7a. Aqui est\u00e1 cheio de fam\u00edlias. Amei a decora\u00e7\u00e3o. Est\u00e1 muito linda. Nem conhecia aquele pr\u00e9dio do Museu. E quero parabenizar a comunica\u00e7\u00e3o, porque de primeira a gente tinha muita dificuldade de saber as coisas e agora est\u00e1 mais vis\u00edvel, transparente. Tudo sendo muito bem divulgado. Parab\u00e9ns\u201d, conclui.<\/p>\n\n\n\n<p><strong>Categoria Prata<\/strong><\/p>\n\n\n\n<p>A apresenta\u00e7\u00e3o da oitava noite do evento ficou a cargo dos grupos folcl\u00f3ricos Brotinhos do Parque (Quadrilha Tradicional), Cabras do Capit\u00e3o Galdino (Dan\u00e7a Nordestina), Tradi\u00e7\u00e3o do Parque 10 (Ciranda), Alegria Caipira (Quadrilha Tradicional), Cabras do Capit\u00e3o Cabeleira (Dan\u00e7a Nordestina), e Princesinha da Vila (Ciranda), que deram a largada na disputa da categoria Prata e empolgaram o p\u00fablico presente.<\/p>\n\n\n\n<p><strong>Economia Criativa<\/strong><\/p>\n\n\n\n<p>Al\u00e9m das apresenta\u00e7\u00f5es dos grupos folcl\u00f3ricos, o festival tamb\u00e9m conta com uma feira de artesanato coordenada pela Secretaria Municipal do Trabalho, Empreendedorismo e Inova\u00e7\u00e3o (Semtepi) e um parque de divers\u00f5es para crian\u00e7as, um pleito esperado h\u00e1 23 anos.<\/p>\n\n\n\n<p><strong>Gastronomia<\/strong><\/p>\n\n\n\n<p>Este ano, 30 barracas comp\u00f5em a feira gastron\u00f4mica do festival, que foram doadas pela Prefeitura de Manaus a institui\u00e7\u00f5es sociais e entidades apoiadas pelo Fundo Manaus Solid\u00e1ria (FMS), que est\u00e3o operando as vendas de comidas e bebidas no local.<\/p>\n\n\n\n<p>As barracas est\u00e3o localizadas pr\u00f3ximas \u00e0 arquibancada do anfiteatro e funcionar\u00e3o durante todo o evento, iniciando a venda de produtos \u00e0s 18h, com pre\u00e7os variando entre R$ 5 e R$ 35.<\/p>\n\n\n\n<p>O card\u00e1pio do festival apresenta comidas regionais e t\u00edpicas da \u00e9poca junina, como milho cozido, pamonha, bolo de macaxeira, acaraj\u00e9, al\u00e9m de outros pratos, como carne de sol, pirarucu \u00e0 casaca, tacac\u00e1, farofas diversas, cachorro-quente, sandu\u00edches, pizza, entre outros.<\/p>\n\n\n\n<p>&#8212; &#8212; &#8212;<\/p>\n\n\n\n<p><strong>Texto<\/strong> &#8211; Emanuelle Baires\/Manauscult<\/p>\n\n\n\n<p><strong>Fotos<\/strong> \u2013 Cl\u00f3vis Miranda\/Semcom e Oliveira J\u00fanior \/ Manauscult<\/p>\n\n\n\n<p><strong>Dispon\u00edveis em<\/strong> \u2013 https:\/\/flic.kr\/s\/aHBqjAJjxd<\/p>\n","protected":false},"excerpt":{"rendered":"","protected":false},"author":23,"featured_media":818,"comment_status":"closed","ping_status":"closed","sticky":false,"template":"","format":"standard","meta":{"footnotes":""},"categories":[12],"tags":[176,152,9,11,177],"acf":[],"yoast_head":"<!-- This site is optimized with the Yoast SEO plugin v23.0 - https:\/\/yoast.com\/wordpress\/plugins\/seo\/ -->\n<title>Quase 55 mil pessoas passaram pelo Festival Folcl\u00f3rico do Amazonas em oito dias de evento<\/title>\n<meta name=\"description\" content=\"Em apenas oito dias, quase 55 mil pessoas j\u00e1 passaram pela festa mais tradicional da cidade, o 65\u00b0 Festival Folcl\u00f3rico do Amazonas, realizado no Centro Cultural dos Povos da Amaz\u00f4nia (CCPA), no Distrito Industrial, zona Sul. O evento, que iniciou no \u00faltimo domingo, 11\/6, \u00e9 promovido pela Prefeitura de Manaus, em parceria com o Governo do Amazonas, sempre a partir das 19h, com entrada gratuita.\" \/>\n<meta name=\"robots\" content=\"noindex, follow\" \/>\n<meta property=\"og:locale\" content=\"pt_BR\" \/>\n<meta property=\"og:type\" content=\"article\" \/>\n<meta property=\"og:title\" content=\"Quase 55 mil pessoas passaram pelo Festival Folcl\u00f3rico do Amazonas em oito dias de evento\" \/>\n<meta property=\"og:description\" content=\"Em apenas oito dias, quase 55 mil pessoas j\u00e1 passaram pela festa mais tradicional da cidade, o 65\u00b0 Festival Folcl\u00f3rico do Amazonas, realizado no Centro Cultural dos Povos da Amaz\u00f4nia (CCPA), no Distrito Industrial, zona Sul. O evento, que iniciou no \u00faltimo domingo, 11\/6, \u00e9 promovido pela Prefeitura de Manaus, em parceria com o Governo do Amazonas, sempre a partir das 19h, com entrada gratuita.\" \/>\n<meta property=\"og:url\" content=\"https:\/\/www.manaus.am.gov.br\/manauscult\/quase-55-mil-pessoas-passaram-pelo-festival-folclorico-do-amazonas-em-oito-dias-de-evento\/\" \/>\n<meta property=\"og:site_name\" content=\"MANAUSCULT\" \/>\n<meta property=\"article:published_time\" content=\"2023-06-19T04:10:18+00:00\" \/>\n<meta property=\"article:modified_time\" content=\"2023-06-19T13:09:40+00:00\" \/>\n<meta property=\"og:image\" content=\"https:\/\/www.manaus.am.gov.br\/manauscult\/wp-content\/uploads\/sites\/11\/2023\/06\/52985389568_33ee20353a_c.jpg\" \/>\n\t<meta property=\"og:image:width\" content=\"799\" \/>\n\t<meta property=\"og:image:height\" content=\"533\" \/>\n\t<meta property=\"og:image:type\" content=\"image\/jpeg\" \/>\n<meta name=\"author\" content=\"Adriana Costa\" \/>\n<meta name=\"twitter:card\" content=\"summary_large_image\" \/>\n<meta name=\"twitter:label1\" content=\"Written by\" \/>\n\t<meta name=\"twitter:data1\" content=\"Adriana Costa\" \/>\n\t<meta name=\"twitter:label2\" content=\"Est. reading time\" \/>\n\t<meta name=\"twitter:data2\" content=\"4 minutos\" \/>\n<script type=\"application\/ld+json\" class=\"yoast-schema-graph\">{\"@context\":\"https:\/\/schema.org\",\"@graph\":[{\"@type\":\"WebPage\",\"@id\":\"https:\/\/www.manaus.am.gov.br\/manauscult\/quase-55-mil-pessoas-passaram-pelo-festival-folclorico-do-amazonas-em-oito-dias-de-evento\/\",\"url\":\"https:\/\/www.manaus.am.gov.br\/manauscult\/quase-55-mil-pessoas-passaram-pelo-festival-folclorico-do-amazonas-em-oito-dias-de-evento\/\",\"name\":\"Quase 55 mil pessoas passaram pelo Festival Folcl\u00f3rico do Amazonas em oito dias de evento\",\"isPartOf\":{\"@id\":\"https:\/\/www.manaus.am.gov.br\/manauscult\/#website\"},\"primaryImageOfPage\":{\"@id\":\"https:\/\/www.manaus.am.gov.br\/manauscult\/quase-55-mil-pessoas-passaram-pelo-festival-folclorico-do-amazonas-em-oito-dias-de-evento\/#primaryimage\"},\"image\":{\"@id\":\"https:\/\/www.manaus.am.gov.br\/manauscult\/quase-55-mil-pessoas-passaram-pelo-festival-folclorico-do-amazonas-em-oito-dias-de-evento\/#primaryimage\"},\"thumbnailUrl\":\"https:\/\/www.manaus.am.gov.br\/manauscult\/wp-content\/uploads\/sites\/11\/2023\/06\/52985389568_33ee20353a_c.jpg\",\"datePublished\":\"2023-06-19T04:10:18+00:00\",\"dateModified\":\"2023-06-19T13:09:40+00:00\",\"author\":{\"@id\":\"https:\/\/www.manaus.am.gov.br\/manauscult\/#\/schema\/person\/4e49f4e267757a06ca072ec61b2b9968\"},\"description\":\"Em apenas oito dias, quase 55 mil pessoas j\u00e1 passaram pela festa mais tradicional da cidade, o 65\u00b0 Festival Folcl\u00f3rico do Amazonas, realizado no Centro Cultural dos Povos da Amaz\u00f4nia (CCPA), no Distrito Industrial, zona Sul. O evento, que iniciou no \u00faltimo domingo, 11\/6, \u00e9 promovido pela Prefeitura de Manaus, em parceria com o Governo do Amazonas, sempre a partir das 19h, com entrada gratuita.\",\"breadcrumb\":{\"@id\":\"https:\/\/www.manaus.am.gov.br\/manauscult\/quase-55-mil-pessoas-passaram-pelo-festival-folclorico-do-amazonas-em-oito-dias-de-evento\/#breadcrumb\"},\"inLanguage\":\"pt-BR\",\"potentialAction\":[{\"@type\":\"ReadAction\",\"target\":[\"https:\/\/www.manaus.am.gov.br\/manauscult\/quase-55-mil-pessoas-passaram-pelo-festival-folclorico-do-amazonas-em-oito-dias-de-evento\/\"]}]},{\"@type\":\"ImageObject\",\"inLanguage\":\"pt-BR\",\"@id\":\"https:\/\/www.manaus.am.gov.br\/manauscult\/quase-55-mil-pessoas-passaram-pelo-festival-folclorico-do-amazonas-em-oito-dias-de-evento\/#primaryimage\",\"url\":\"https:\/\/www.manaus.am.gov.br\/manauscult\/wp-content\/uploads\/sites\/11\/2023\/06\/52985389568_33ee20353a_c.jpg\",\"contentUrl\":\"https:\/\/www.manaus.am.gov.br\/manauscult\/wp-content\/uploads\/sites\/11\/2023\/06\/52985389568_33ee20353a_c.jpg\",\"width\":799,\"height\":533},{\"@type\":\"BreadcrumbList\",\"@id\":\"https:\/\/www.manaus.am.gov.br\/manauscult\/quase-55-mil-pessoas-passaram-pelo-festival-folclorico-do-amazonas-em-oito-dias-de-evento\/#breadcrumb\",\"itemListElement\":[{\"@type\":\"ListItem\",\"position\":1,\"name\":\"Home\",\"item\":\"https:\/\/www.manaus.am.gov.br\/manauscult\/\"},{\"@type\":\"ListItem\",\"position\":2,\"name\":\"Quase 55 mil pessoas passaram pelo Festival Folcl\u00f3rico do Amazonas em oito dias de evento\"}]},{\"@type\":\"WebSite\",\"@id\":\"https:\/\/www.manaus.am.gov.br\/manauscult\/#website\",\"url\":\"https:\/\/www.manaus.am.gov.br\/manauscult\/\",\"name\":\"MANAUSCULT\",\"description\":\"Prefeitura de Manaus\",\"potentialAction\":[{\"@type\":\"SearchAction\",\"target\":{\"@type\":\"EntryPoint\",\"urlTemplate\":\"https:\/\/www.manaus.am.gov.br\/manauscult\/?s={search_term_string}\"},\"query-input\":\"required name=search_term_string\"}],\"inLanguage\":\"pt-BR\"},{\"@type\":\"Person\",\"@id\":\"https:\/\/www.manaus.am.gov.br\/manauscult\/#\/schema\/person\/4e49f4e267757a06ca072ec61b2b9968\",\"name\":\"Adriana Costa\",\"image\":{\"@type\":\"ImageObject\",\"inLanguage\":\"pt-BR\",\"@id\":\"https:\/\/www.manaus.am.gov.br\/manauscult\/#\/schema\/person\/image\/\",\"url\":\"https:\/\/secure.gravatar.com\/avatar\/576258617ef7194f718179e766d57bd4?s=96&d=mm&r=g\",\"contentUrl\":\"https:\/\/secure.gravatar.com\/avatar\/576258617ef7194f718179e766d57bd4?s=96&d=mm&r=g\",\"caption\":\"Adriana Costa\"}}]}<\/script>\n<!-- \/ Yoast SEO plugin. -->","yoast_head_json":{"title":"Quase 55 mil pessoas passaram pelo Festival Folcl\u00f3rico do Amazonas em oito dias de evento","description":"Em apenas oito dias, quase 55 mil pessoas j\u00e1 passaram pela festa mais tradicional da cidade, o 65\u00b0 Festival Folcl\u00f3rico do Amazonas, realizado no Centro Cultural dos Povos da Amaz\u00f4nia (CCPA), no Distrito Industrial, zona Sul. O evento, que iniciou no \u00faltimo domingo, 11\/6, \u00e9 promovido pela Prefeitura de Manaus, em parceria com o Governo do Amazonas, sempre a partir das 19h, com entrada gratuita.","robots":{"index":"noindex","follow":"follow"},"og_locale":"pt_BR","og_type":"article","og_title":"Quase 55 mil pessoas passaram pelo Festival Folcl\u00f3rico do Amazonas em oito dias de evento","og_description":"Em apenas oito dias, quase 55 mil pessoas j\u00e1 passaram pela festa mais tradicional da cidade, o 65\u00b0 Festival Folcl\u00f3rico do Amazonas, realizado no Centro Cultural dos Povos da Amaz\u00f4nia (CCPA), no Distrito Industrial, zona Sul. O evento, que iniciou no \u00faltimo domingo, 11\/6, \u00e9 promovido pela Prefeitura de Manaus, em parceria com o Governo do Amazonas, sempre a partir das 19h, com entrada gratuita.","og_url":"https:\/\/www.manaus.am.gov.br\/manauscult\/quase-55-mil-pessoas-passaram-pelo-festival-folclorico-do-amazonas-em-oito-dias-de-evento\/","og_site_name":"MANAUSCULT","article_published_time":"2023-06-19T04:10:18+00:00","article_modified_time":"2023-06-19T13:09:40+00:00","og_image":[{"width":799,"height":533,"url":"https:\/\/www.manaus.am.gov.br\/manauscult\/wp-content\/uploads\/sites\/11\/2023\/06\/52985389568_33ee20353a_c.jpg","type":"image\/jpeg"}],"author":"Adriana Costa","twitter_card":"summary_large_image","twitter_misc":{"Written by":"Adriana Costa","Est. reading time":"4 minutos"},"schema":{"@context":"https:\/\/schema.org","@graph":[{"@type":"WebPage","@id":"https:\/\/www.manaus.am.gov.br\/manauscult\/quase-55-mil-pessoas-passaram-pelo-festival-folclorico-do-amazonas-em-oito-dias-de-evento\/","url":"https:\/\/www.manaus.am.gov.br\/manauscult\/quase-55-mil-pessoas-passaram-pelo-festival-folclorico-do-amazonas-em-oito-dias-de-evento\/","name":"Quase 55 mil pessoas passaram pelo Festival Folcl\u00f3rico do Amazonas em oito dias de evento","isPartOf":{"@id":"https:\/\/www.manaus.am.gov.br\/manauscult\/#website"},"primaryImageOfPage":{"@id":"https:\/\/www.manaus.am.gov.br\/manauscult\/quase-55-mil-pessoas-passaram-pelo-festival-folclorico-do-amazonas-em-oito-dias-de-evento\/#primaryimage"},"image":{"@id":"https:\/\/www.manaus.am.gov.br\/manauscult\/quase-55-mil-pessoas-passaram-pelo-festival-folclorico-do-amazonas-em-oito-dias-de-evento\/#primaryimage"},"thumbnailUrl":"https:\/\/www.manaus.am.gov.br\/manauscult\/wp-content\/uploads\/sites\/11\/2023\/06\/52985389568_33ee20353a_c.jpg","datePublished":"2023-06-19T04:10:18+00:00","dateModified":"2023-06-19T13:09:40+00:00","author":{"@id":"https:\/\/www.manaus.am.gov.br\/manauscult\/#\/schema\/person\/4e49f4e267757a06ca072ec61b2b9968"},"description":"Em apenas oito dias, quase 55 mil pessoas j\u00e1 passaram pela festa mais tradicional da cidade, o 65\u00b0 Festival Folcl\u00f3rico do Amazonas, realizado no Centro Cultural dos Povos da Amaz\u00f4nia (CCPA), no Distrito Industrial, zona Sul. O evento, que iniciou no \u00faltimo domingo, 11\/6, \u00e9 promovido pela Prefeitura de Manaus, em parceria com o Governo do Amazonas, sempre a partir das 19h, com entrada gratuita.","breadcrumb":{"@id":"https:\/\/www.manaus.am.gov.br\/manauscult\/quase-55-mil-pessoas-passaram-pelo-festival-folclorico-do-amazonas-em-oito-dias-de-evento\/#breadcrumb"},"inLanguage":"pt-BR","potentialAction":[{"@type":"ReadAction","target":["https:\/\/www.manaus.am.gov.br\/manauscult\/quase-55-mil-pessoas-passaram-pelo-festival-folclorico-do-amazonas-em-oito-dias-de-evento\/"]}]},{"@type":"ImageObject","inLanguage":"pt-BR","@id":"https:\/\/www.manaus.am.gov.br\/manauscult\/quase-55-mil-pessoas-passaram-pelo-festival-folclorico-do-amazonas-em-oito-dias-de-evento\/#primaryimage","url":"https:\/\/www.manaus.am.gov.br\/manauscult\/wp-content\/uploads\/sites\/11\/2023\/06\/52985389568_33ee20353a_c.jpg","contentUrl":"https:\/\/www.manaus.am.gov.br\/manauscult\/wp-content\/uploads\/sites\/11\/2023\/06\/52985389568_33ee20353a_c.jpg","width":799,"height":533},{"@type":"BreadcrumbList","@id":"https:\/\/www.manaus.am.gov.br\/manauscult\/quase-55-mil-pessoas-passaram-pelo-festival-folclorico-do-amazonas-em-oito-dias-de-evento\/#breadcrumb","itemListElement":[{"@type":"ListItem","position":1,"name":"Home","item":"https:\/\/www.manaus.am.gov.br\/manauscult\/"},{"@type":"ListItem","position":2,"name":"Quase 55 mil pessoas passaram pelo Festival Folcl\u00f3rico do Amazonas em oito dias de evento"}]},{"@type":"WebSite","@id":"https:\/\/www.manaus.am.gov.br\/manauscult\/#website","url":"https:\/\/www.manaus.am.gov.br\/manauscult\/","name":"MANAUSCULT","description":"Prefeitura de Manaus","potentialAction":[{"@type":"SearchAction","target":{"@type":"EntryPoint","urlTemplate":"https:\/\/www.manaus.am.gov.br\/manauscult\/?s={search_term_string}"},"query-input":"required name=search_term_string"}],"inLanguage":"pt-BR"},{"@type":"Person","@id":"https:\/\/www.manaus.am.gov.br\/manauscult\/#\/schema\/person\/4e49f4e267757a06ca072ec61b2b9968","name":"Adriana Costa","image":{"@type":"ImageObject","inLanguage":"pt-BR","@id":"https:\/\/www.manaus.am.gov.br\/manauscult\/#\/schema\/person\/image\/","url":"https:\/\/secure.gravatar.com\/avatar\/576258617ef7194f718179e766d57bd4?s=96&d=mm&r=g","contentUrl":"https:\/\/secure.gravatar.com\/avatar\/576258617ef7194f718179e766d57bd4?s=96&d=mm&r=g","caption":"Adriana Costa"}}]}},"_links":{"self":[{"href":"https:\/\/www.manaus.am.gov.br\/manauscult\/wp-json\/wp\/v2\/posts\/817"}],"collection":[{"href":"https:\/\/www.manaus.am.gov.br\/manauscult\/wp-json\/wp\/v2\/posts"}],"about":[{"href":"https:\/\/www.manaus.am.gov.br\/manauscult\/wp-json\/wp\/v2\/types\/post"}],"author":[{"embeddable":true,"href":"https:\/\/www.manaus.am.gov.br\/manauscult\/wp-json\/wp\/v2\/users\/23"}],"replies":[{"embeddable":true,"href":"https:\/\/www.manaus.am.gov.br\/manauscult\/wp-json\/wp\/v2\/comments?post=817"}],"version-history":[{"count":1,"href":"https:\/\/www.manaus.am.gov.br\/manauscult\/wp-json\/wp\/v2\/posts\/817\/revisions"}],"predecessor-version":[{"id":837,"href":"https:\/\/www.manaus.am.gov.br\/manauscult\/wp-json\/wp\/v2\/posts\/817\/revisions\/837"}],"wp:featuredmedia":[{"embeddable":true,"href":"https:\/\/www.manaus.am.gov.br\/manauscult\/wp-json\/wp\/v2\/media\/818"}],"wp:attachment":[{"href":"https:\/\/www.manaus.am.gov.br\/manauscult\/wp-json\/wp\/v2\/media?parent=817"}],"wp:term":[{"taxonomy":"category","embeddable":true,"href":"https:\/\/www.manaus.am.gov.br\/manauscult\/wp-json\/wp\/v2\/categories?post=817"},{"taxonomy":"post_tag","embeddable":true,"href":"https:\/\/www.manaus.am.gov.br\/manauscult\/wp-json\/wp\/v2\/tags?post=817"}],"curies":[{"name":"wp","href":"https:\/\/api.w.org\/{rel}","templated":true}]}}