{"id":813,"date":"2023-06-17T23:15:05","date_gmt":"2023-06-18T03:15:05","guid":{"rendered":"https:\/\/www.manaus.am.gov.br\/manauscult\/prefeito-anuncia-ze-felipe-leo-magalhaes-marina-sena-e-mc-kevin-o-chris-como-atracoes-do-soumanaus-passo-a-paco-2023\/"},"modified":"2023-06-19T09:09:48","modified_gmt":"2023-06-19T13:09:48","slug":"prefeito-anuncia-ze-felipe-leo-magalhaes-marina-sena-e-mc-kevin-o-chris-como-atracoes-do-soumanaus-passo-a-paco-2023","status":"publish","type":"post","link":"https:\/\/www.manaus.am.gov.br\/manauscult\/prefeito-anuncia-ze-felipe-leo-magalhaes-marina-sena-e-mc-kevin-o-chris-como-atracoes-do-soumanaus-passo-a-paco-2023\/","title":{"rendered":"Prefeito anuncia Z\u00e9 Felipe, L\u00e9o Magalh\u00e3es, Marina Sena e MC Kevin o Chris como atra\u00e7\u00f5es do \u2018#SouManaus Passo a Pa\u00e7o 2023\u2019"},"content":{"rendered":"\n<p>O prefeito de Manaus, David Almeida, anunciou, na noite deste s\u00e1bado, 17\/6, durante o primeiro esquenta do \u201c#SouManaus Passo a Pa\u00e7o 2023\u201d, realizado no conjunto Viver Melhor, no bairro Lago Azul, zona Norte da capital amazonense, a presen\u00e7a das atra\u00e7\u00f5es nacionais Z\u00e9 Felipe, L\u00e9o Magalh\u00e3es, Marina Sena e MC Kevin o Chris para a edi\u00e7\u00e3o deste ano do maior evento de artes integradas do Norte do pa\u00eds, que acontece na \u00e1rea portu\u00e1ria da cidade, localizada no centro hist\u00f3rico, nos dias 5, 6 e 7 de setembro.<\/p>\n\n\n\n<p>Os quatro artistas se juntam aos cantores Zeca Pagodinho e Humberto Gessinger, que j\u00e1 foram confirmados na \u00faltima semana pelo chefe do Executivo municipal.<\/p>\n\n\n\n<p>&#8220;J\u00e1 s\u00e3o seis atra\u00e7\u00f5es nacionais confirmadas de 12 que iremos anunciar nos pr\u00f3ximos dias. Al\u00e9m disso, ser\u00e3o mais de 600 artistas locais abrilhantando este evento que j\u00e1 entrou para a hist\u00f3ria da nossa cidade. No ano passado, foram mais de 380 mil pessoas reunidas. A expectativa \u00e9 que a gente supere o ano passado chegando at\u00e9 500 mil pessoas, porque j\u00e1 preparamos um esquema para ampliar a \u00e1rea do evento. Tenho certeza que ser\u00e1 um sucesso total&#8221;, enfatizou o prefeito.<\/p>\n\n\n\n<p>Mantendo a tradi\u00e7\u00e3o dos \u00faltimos anos, o principal objetivo do #Sou Manaus 2023 \u00e9 levar o maior n\u00famero de g\u00eaneros musicais \u00e0 popula\u00e7\u00e3o que for prestigiar o evento, ao longo dos tr\u00eas dias de programa\u00e7\u00e3o. M\u00fasicas dos segmentos como reggae, gospel, infantil, hip-hop, forr\u00f3, samba, pop, sertanejo estar\u00e3o descentralizadas nos diferentes palcos do festival.<\/p>\n\n\n\n<p>No total, ser\u00e3o mais de 600 trabalhadores da cultura dos segmentos art\u00edsticos de m\u00fasica, artes visuais, audiovisual, circo, dan\u00e7a, hip-hop, literatura, tradi\u00e7\u00f5es culturais e teatro, somados a mais de 50 profissionais da gastronomia e mais de 60 artes\u00e3os envolvidos durante a realiza\u00e7\u00e3o do festival multicultural. Assim, a Prefeitura de Manaus quer posicionar a capital do Amazonas entre os maiores destinos tur\u00edsticos da Am\u00e9rica Latina, al\u00e9m de potencializar a carreira dos artistas locais no cen\u00e1rio nacional.<\/p>\n\n\n\n<p><strong>Esquenta<\/strong><\/p>\n\n\n\n<p>Visando levar atra\u00e7\u00f5es culturais para todas as zonas de Manaus, o prefeito David Almeida anunciou que novas edi\u00e7\u00f5es do esquenta do #Sou Manaus 2023 v\u00e3o acontecer pela cidade. Os locais ser\u00e3o divulgados pela Funda\u00e7\u00e3o Municipal de Cultura, Turismo e Eventos (Manauscult), por meio das redes sociais.<\/p>\n\n\n\n<p>Para o diretor-presidente da Manauscult, Osvaldo Cardoso, essa iniciativa \u00e9 fundamental, para que a atual gestora municipal consiga abra\u00e7ar toda a popula\u00e7\u00e3o, principalmente a de \u00e1reas perif\u00e9ricas que por anos foram esquecidas pelo poder p\u00fablico.<\/p>\n\n\n\n<p>&#8220;Essa primeira edi\u00e7\u00e3o do &#8216;Esquenta do #Sou Manaus 2023&#8217; foi um verdadeiro sucesso e reuniu mais de oito mil pessoas aqui no Viver Melhor. O nosso objetivo foi atingido, trouxemos cultura para essa popula\u00e7\u00e3o e vamos seguir fazendo isso nas pr\u00f3ximas semanas. Essa \u00e9 uma determina\u00e7\u00e3o do prefeito David Almeida e tenho certeza que o maior beneficiado \u00e9 a popula\u00e7\u00e3o da nossa cidade. Manaus j\u00e1 est\u00e1 respirando o #Sou Manaus 2023&#8221;, afirmou Cardoso.<\/p>\n\n\n\n<p>&#8212; &#8212; &#8212;<\/p>\n\n\n\n<p><strong>Texto &#8211;<\/strong> Emanuelle Baires \/ Manauscult e Thiago Fernando \/ Semcom<\/p>\n\n\n\n<p><strong>Fotos \u2013 <\/strong>Cl\u00f3vis Miranda \/ Semcom<\/p>\n\n\n\n<p><strong>Dispon\u00edveis em &#8211; <\/strong><a href=\"https:\/\/flic.kr\/s\/aHBqjAJbEk\">https:\/\/flic.kr\/s\/aHBqjAJbEk<\/a><\/p>\n","protected":false},"excerpt":{"rendered":"","protected":false},"author":39,"featured_media":816,"comment_status":"closed","ping_status":"closed","sticky":false,"template":"","format":"standard","meta":{"footnotes":""},"categories":[12],"tags":[168,169,67,170,9,171,172,11,173,174,175],"acf":[],"yoast_head":"<!-- This site is optimized with the Yoast SEO plugin v23.0 - https:\/\/yoast.com\/wordpress\/plugins\/seo\/ -->\n<title>Prefeito anuncia Z\u00e9 Felipe, L\u00e9o Magalh\u00e3es, Marina Sena e MC Kevin o Chris como atra\u00e7\u00f5es do \u2018#SouManaus Passo a Pa\u00e7o 2023\u2019<\/title>\n<meta name=\"robots\" content=\"noindex, follow\" \/>\n<meta property=\"og:locale\" content=\"pt_BR\" \/>\n<meta property=\"og:type\" content=\"article\" \/>\n<meta property=\"og:title\" content=\"Prefeito anuncia Z\u00e9 Felipe, L\u00e9o Magalh\u00e3es, Marina Sena e MC Kevin o Chris como atra\u00e7\u00f5es do \u2018#SouManaus Passo a Pa\u00e7o 2023\u2019\" \/>\n<meta property=\"og:url\" content=\"https:\/\/www.manaus.am.gov.br\/manauscult\/prefeito-anuncia-ze-felipe-leo-magalhaes-marina-sena-e-mc-kevin-o-chris-como-atracoes-do-soumanaus-passo-a-paco-2023\/\" \/>\n<meta property=\"og:site_name\" content=\"MANAUSCULT\" \/>\n<meta property=\"article:published_time\" content=\"2023-06-18T03:15:05+00:00\" \/>\n<meta property=\"article:modified_time\" content=\"2023-06-19T13:09:48+00:00\" \/>\n<meta property=\"og:image\" content=\"https:\/\/www.manaus.am.gov.br\/manauscult\/wp-content\/uploads\/sites\/11\/2023\/06\/52982255719_bfc025b12c_k.jpg\" \/>\n\t<meta property=\"og:image:width\" content=\"2048\" \/>\n\t<meta property=\"og:image:height\" content=\"1365\" \/>\n\t<meta property=\"og:image:type\" content=\"image\/jpeg\" \/>\n<meta name=\"author\" content=\"Bruna Greco\" \/>\n<meta name=\"twitter:card\" content=\"summary_large_image\" \/>\n<meta name=\"twitter:label1\" content=\"Written by\" \/>\n\t<meta name=\"twitter:data1\" content=\"Bruna Greco\" \/>\n\t<meta name=\"twitter:label2\" content=\"Est. reading time\" \/>\n\t<meta name=\"twitter:data2\" content=\"3 minutos\" \/>\n<script type=\"application\/ld+json\" class=\"yoast-schema-graph\">{\"@context\":\"https:\/\/schema.org\",\"@graph\":[{\"@type\":\"WebPage\",\"@id\":\"https:\/\/www.manaus.am.gov.br\/manauscult\/prefeito-anuncia-ze-felipe-leo-magalhaes-marina-sena-e-mc-kevin-o-chris-como-atracoes-do-soumanaus-passo-a-paco-2023\/\",\"url\":\"https:\/\/www.manaus.am.gov.br\/manauscult\/prefeito-anuncia-ze-felipe-leo-magalhaes-marina-sena-e-mc-kevin-o-chris-como-atracoes-do-soumanaus-passo-a-paco-2023\/\",\"name\":\"Prefeito anuncia Z\u00e9 Felipe, L\u00e9o Magalh\u00e3es, Marina Sena e MC Kevin o Chris como atra\u00e7\u00f5es do \u2018#SouManaus Passo a Pa\u00e7o 2023\u2019\",\"isPartOf\":{\"@id\":\"https:\/\/www.manaus.am.gov.br\/manauscult\/#website\"},\"primaryImageOfPage\":{\"@id\":\"https:\/\/www.manaus.am.gov.br\/manauscult\/prefeito-anuncia-ze-felipe-leo-magalhaes-marina-sena-e-mc-kevin-o-chris-como-atracoes-do-soumanaus-passo-a-paco-2023\/#primaryimage\"},\"image\":{\"@id\":\"https:\/\/www.manaus.am.gov.br\/manauscult\/prefeito-anuncia-ze-felipe-leo-magalhaes-marina-sena-e-mc-kevin-o-chris-como-atracoes-do-soumanaus-passo-a-paco-2023\/#primaryimage\"},\"thumbnailUrl\":\"https:\/\/www.manaus.am.gov.br\/manauscult\/wp-content\/uploads\/sites\/11\/2023\/06\/52982255719_bfc025b12c_k.jpg\",\"datePublished\":\"2023-06-18T03:15:05+00:00\",\"dateModified\":\"2023-06-19T13:09:48+00:00\",\"author\":{\"@id\":\"https:\/\/www.manaus.am.gov.br\/manauscult\/#\/schema\/person\/05d223aea2bf115f9883a6ff3683d81b\"},\"breadcrumb\":{\"@id\":\"https:\/\/www.manaus.am.gov.br\/manauscult\/prefeito-anuncia-ze-felipe-leo-magalhaes-marina-sena-e-mc-kevin-o-chris-como-atracoes-do-soumanaus-passo-a-paco-2023\/#breadcrumb\"},\"inLanguage\":\"pt-BR\",\"potentialAction\":[{\"@type\":\"ReadAction\",\"target\":[\"https:\/\/www.manaus.am.gov.br\/manauscult\/prefeito-anuncia-ze-felipe-leo-magalhaes-marina-sena-e-mc-kevin-o-chris-como-atracoes-do-soumanaus-passo-a-paco-2023\/\"]}]},{\"@type\":\"ImageObject\",\"inLanguage\":\"pt-BR\",\"@id\":\"https:\/\/www.manaus.am.gov.br\/manauscult\/prefeito-anuncia-ze-felipe-leo-magalhaes-marina-sena-e-mc-kevin-o-chris-como-atracoes-do-soumanaus-passo-a-paco-2023\/#primaryimage\",\"url\":\"https:\/\/www.manaus.am.gov.br\/manauscult\/wp-content\/uploads\/sites\/11\/2023\/06\/52982255719_bfc025b12c_k.jpg\",\"contentUrl\":\"https:\/\/www.manaus.am.gov.br\/manauscult\/wp-content\/uploads\/sites\/11\/2023\/06\/52982255719_bfc025b12c_k.jpg\",\"width\":2048,\"height\":1365},{\"@type\":\"BreadcrumbList\",\"@id\":\"https:\/\/www.manaus.am.gov.br\/manauscult\/prefeito-anuncia-ze-felipe-leo-magalhaes-marina-sena-e-mc-kevin-o-chris-como-atracoes-do-soumanaus-passo-a-paco-2023\/#breadcrumb\",\"itemListElement\":[{\"@type\":\"ListItem\",\"position\":1,\"name\":\"Home\",\"item\":\"https:\/\/www.manaus.am.gov.br\/manauscult\/\"},{\"@type\":\"ListItem\",\"position\":2,\"name\":\"Prefeito anuncia Z\u00e9 Felipe, L\u00e9o Magalh\u00e3es, Marina Sena e MC Kevin o Chris como atra\u00e7\u00f5es do \u2018#SouManaus Passo a Pa\u00e7o 2023\u2019\"}]},{\"@type\":\"WebSite\",\"@id\":\"https:\/\/www.manaus.am.gov.br\/manauscult\/#website\",\"url\":\"https:\/\/www.manaus.am.gov.br\/manauscult\/\",\"name\":\"MANAUSCULT\",\"description\":\"Prefeitura de Manaus\",\"potentialAction\":[{\"@type\":\"SearchAction\",\"target\":{\"@type\":\"EntryPoint\",\"urlTemplate\":\"https:\/\/www.manaus.am.gov.br\/manauscult\/?s={search_term_string}\"},\"query-input\":\"required name=search_term_string\"}],\"inLanguage\":\"pt-BR\"},{\"@type\":\"Person\",\"@id\":\"https:\/\/www.manaus.am.gov.br\/manauscult\/#\/schema\/person\/05d223aea2bf115f9883a6ff3683d81b\",\"name\":\"Bruna Greco\",\"image\":{\"@type\":\"ImageObject\",\"inLanguage\":\"pt-BR\",\"@id\":\"https:\/\/www.manaus.am.gov.br\/manauscult\/#\/schema\/person\/image\/\",\"url\":\"https:\/\/secure.gravatar.com\/avatar\/9c877d1a6adc2a055330e5c09a8653ce?s=96&d=mm&r=g\",\"contentUrl\":\"https:\/\/secure.gravatar.com\/avatar\/9c877d1a6adc2a055330e5c09a8653ce?s=96&d=mm&r=g\",\"caption\":\"Bruna Greco\"}}]}<\/script>\n<!-- \/ Yoast SEO plugin. -->","yoast_head_json":{"title":"Prefeito anuncia Z\u00e9 Felipe, L\u00e9o Magalh\u00e3es, Marina Sena e MC Kevin o Chris como atra\u00e7\u00f5es do \u2018#SouManaus Passo a Pa\u00e7o 2023\u2019","robots":{"index":"noindex","follow":"follow"},"og_locale":"pt_BR","og_type":"article","og_title":"Prefeito anuncia Z\u00e9 Felipe, L\u00e9o Magalh\u00e3es, Marina Sena e MC Kevin o Chris como atra\u00e7\u00f5es do \u2018#SouManaus Passo a Pa\u00e7o 2023\u2019","og_url":"https:\/\/www.manaus.am.gov.br\/manauscult\/prefeito-anuncia-ze-felipe-leo-magalhaes-marina-sena-e-mc-kevin-o-chris-como-atracoes-do-soumanaus-passo-a-paco-2023\/","og_site_name":"MANAUSCULT","article_published_time":"2023-06-18T03:15:05+00:00","article_modified_time":"2023-06-19T13:09:48+00:00","og_image":[{"width":2048,"height":1365,"url":"https:\/\/www.manaus.am.gov.br\/manauscult\/wp-content\/uploads\/sites\/11\/2023\/06\/52982255719_bfc025b12c_k.jpg","type":"image\/jpeg"}],"author":"Bruna Greco","twitter_card":"summary_large_image","twitter_misc":{"Written by":"Bruna Greco","Est. reading time":"3 minutos"},"schema":{"@context":"https:\/\/schema.org","@graph":[{"@type":"WebPage","@id":"https:\/\/www.manaus.am.gov.br\/manauscult\/prefeito-anuncia-ze-felipe-leo-magalhaes-marina-sena-e-mc-kevin-o-chris-como-atracoes-do-soumanaus-passo-a-paco-2023\/","url":"https:\/\/www.manaus.am.gov.br\/manauscult\/prefeito-anuncia-ze-felipe-leo-magalhaes-marina-sena-e-mc-kevin-o-chris-como-atracoes-do-soumanaus-passo-a-paco-2023\/","name":"Prefeito anuncia Z\u00e9 Felipe, L\u00e9o Magalh\u00e3es, Marina Sena e MC Kevin o Chris como atra\u00e7\u00f5es do \u2018#SouManaus Passo a Pa\u00e7o 2023\u2019","isPartOf":{"@id":"https:\/\/www.manaus.am.gov.br\/manauscult\/#website"},"primaryImageOfPage":{"@id":"https:\/\/www.manaus.am.gov.br\/manauscult\/prefeito-anuncia-ze-felipe-leo-magalhaes-marina-sena-e-mc-kevin-o-chris-como-atracoes-do-soumanaus-passo-a-paco-2023\/#primaryimage"},"image":{"@id":"https:\/\/www.manaus.am.gov.br\/manauscult\/prefeito-anuncia-ze-felipe-leo-magalhaes-marina-sena-e-mc-kevin-o-chris-como-atracoes-do-soumanaus-passo-a-paco-2023\/#primaryimage"},"thumbnailUrl":"https:\/\/www.manaus.am.gov.br\/manauscult\/wp-content\/uploads\/sites\/11\/2023\/06\/52982255719_bfc025b12c_k.jpg","datePublished":"2023-06-18T03:15:05+00:00","dateModified":"2023-06-19T13:09:48+00:00","author":{"@id":"https:\/\/www.manaus.am.gov.br\/manauscult\/#\/schema\/person\/05d223aea2bf115f9883a6ff3683d81b"},"breadcrumb":{"@id":"https:\/\/www.manaus.am.gov.br\/manauscult\/prefeito-anuncia-ze-felipe-leo-magalhaes-marina-sena-e-mc-kevin-o-chris-como-atracoes-do-soumanaus-passo-a-paco-2023\/#breadcrumb"},"inLanguage":"pt-BR","potentialAction":[{"@type":"ReadAction","target":["https:\/\/www.manaus.am.gov.br\/manauscult\/prefeito-anuncia-ze-felipe-leo-magalhaes-marina-sena-e-mc-kevin-o-chris-como-atracoes-do-soumanaus-passo-a-paco-2023\/"]}]},{"@type":"ImageObject","inLanguage":"pt-BR","@id":"https:\/\/www.manaus.am.gov.br\/manauscult\/prefeito-anuncia-ze-felipe-leo-magalhaes-marina-sena-e-mc-kevin-o-chris-como-atracoes-do-soumanaus-passo-a-paco-2023\/#primaryimage","url":"https:\/\/www.manaus.am.gov.br\/manauscult\/wp-content\/uploads\/sites\/11\/2023\/06\/52982255719_bfc025b12c_k.jpg","contentUrl":"https:\/\/www.manaus.am.gov.br\/manauscult\/wp-content\/uploads\/sites\/11\/2023\/06\/52982255719_bfc025b12c_k.jpg","width":2048,"height":1365},{"@type":"BreadcrumbList","@id":"https:\/\/www.manaus.am.gov.br\/manauscult\/prefeito-anuncia-ze-felipe-leo-magalhaes-marina-sena-e-mc-kevin-o-chris-como-atracoes-do-soumanaus-passo-a-paco-2023\/#breadcrumb","itemListElement":[{"@type":"ListItem","position":1,"name":"Home","item":"https:\/\/www.manaus.am.gov.br\/manauscult\/"},{"@type":"ListItem","position":2,"name":"Prefeito anuncia Z\u00e9 Felipe, L\u00e9o Magalh\u00e3es, Marina Sena e MC Kevin o Chris como atra\u00e7\u00f5es do \u2018#SouManaus Passo a Pa\u00e7o 2023\u2019"}]},{"@type":"WebSite","@id":"https:\/\/www.manaus.am.gov.br\/manauscult\/#website","url":"https:\/\/www.manaus.am.gov.br\/manauscult\/","name":"MANAUSCULT","description":"Prefeitura de Manaus","potentialAction":[{"@type":"SearchAction","target":{"@type":"EntryPoint","urlTemplate":"https:\/\/www.manaus.am.gov.br\/manauscult\/?s={search_term_string}"},"query-input":"required name=search_term_string"}],"inLanguage":"pt-BR"},{"@type":"Person","@id":"https:\/\/www.manaus.am.gov.br\/manauscult\/#\/schema\/person\/05d223aea2bf115f9883a6ff3683d81b","name":"Bruna Greco","image":{"@type":"ImageObject","inLanguage":"pt-BR","@id":"https:\/\/www.manaus.am.gov.br\/manauscult\/#\/schema\/person\/image\/","url":"https:\/\/secure.gravatar.com\/avatar\/9c877d1a6adc2a055330e5c09a8653ce?s=96&d=mm&r=g","contentUrl":"https:\/\/secure.gravatar.com\/avatar\/9c877d1a6adc2a055330e5c09a8653ce?s=96&d=mm&r=g","caption":"Bruna Greco"}}]}},"_links":{"self":[{"href":"https:\/\/www.manaus.am.gov.br\/manauscult\/wp-json\/wp\/v2\/posts\/813"}],"collection":[{"href":"https:\/\/www.manaus.am.gov.br\/manauscult\/wp-json\/wp\/v2\/posts"}],"about":[{"href":"https:\/\/www.manaus.am.gov.br\/manauscult\/wp-json\/wp\/v2\/types\/post"}],"author":[{"embeddable":true,"href":"https:\/\/www.manaus.am.gov.br\/manauscult\/wp-json\/wp\/v2\/users\/39"}],"replies":[{"embeddable":true,"href":"https:\/\/www.manaus.am.gov.br\/manauscult\/wp-json\/wp\/v2\/comments?post=813"}],"version-history":[{"count":2,"href":"https:\/\/www.manaus.am.gov.br\/manauscult\/wp-json\/wp\/v2\/posts\/813\/revisions"}],"predecessor-version":[{"id":838,"href":"https:\/\/www.manaus.am.gov.br\/manauscult\/wp-json\/wp\/v2\/posts\/813\/revisions\/838"}],"wp:featuredmedia":[{"embeddable":true,"href":"https:\/\/www.manaus.am.gov.br\/manauscult\/wp-json\/wp\/v2\/media\/816"}],"wp:attachment":[{"href":"https:\/\/www.manaus.am.gov.br\/manauscult\/wp-json\/wp\/v2\/media?parent=813"}],"wp:term":[{"taxonomy":"category","embeddable":true,"href":"https:\/\/www.manaus.am.gov.br\/manauscult\/wp-json\/wp\/v2\/categories?post=813"},{"taxonomy":"post_tag","embeddable":true,"href":"https:\/\/www.manaus.am.gov.br\/manauscult\/wp-json\/wp\/v2\/tags?post=813"}],"curies":[{"name":"wp","href":"https:\/\/api.w.org\/{rel}","templated":true}]}}