{"id":810,"date":"2023-06-16T18:28:27","date_gmt":"2023-06-16T22:28:27","guid":{"rendered":"https:\/\/www.manaus.am.gov.br\/manauscult\/prefeitura-convoca-artistas-trabalhadores-e-fazedores-de-cultura-para-as-rodadas-de-consulta-e-devolutivas-da-lei-paulo-gustavo\/"},"modified":"2023-06-19T09:09:53","modified_gmt":"2023-06-19T13:09:53","slug":"prefeitura-convoca-artistas-trabalhadores-e-fazedores-de-cultura-para-as-rodadas-de-consulta-e-devolutivas-da-lei-paulo-gustavo","status":"publish","type":"post","link":"https:\/\/www.manaus.am.gov.br\/manauscult\/prefeitura-convoca-artistas-trabalhadores-e-fazedores-de-cultura-para-as-rodadas-de-consulta-e-devolutivas-da-lei-paulo-gustavo\/","title":{"rendered":"Prefeitura convoca artistas, trabalhadores e fazedores de cultura para as rodadas de consulta e devolutivas\u00a0da Lei Paulo Gustavo"},"content":{"rendered":"\n<p>A Prefeitura de Manaus, por meio da Funda\u00e7\u00e3o Municipal de Cultura, Turismo e Eventos (Manauscult) e do Conselho Municipal de Cultura (Concultura), anuncia a agenda e convoca os artistas para as reuni\u00f5es setoriais da Lei Paulo Gustavo (LPG), cumprindo os compromissos em rela\u00e7\u00e3o \u00e0s consultas e devolutivas. As atividades ocorrer\u00e3o no per\u00edodo de 20 a 23\/6, na sede do Concultura, no centro da cidade.<\/p>\n\n\n\n<p>O objetivo dessas reuni\u00f5es setoriais \u00e9 dar o retorno das quest\u00f5es e sugest\u00f5es levantadas nas reuni\u00f5es que aconteceram em mar\u00e7o deste ano, que s\u00e3o chamadas de devolutivas, bem como ser\u00e3o discutidas as minutas dos editais da Lei Paulo Gustavo, e ainda a realiza\u00e7\u00e3o da Confer\u00eancia Municipal de Cultura.<\/p>\n\n\n\n<p>Para o diretor-presidente da Manauscult, Osvaldo Cardoso, esse \u00e9 um momento importante para toda a classe art\u00edstica e cultural, para os trabalhadores e fazedores de cultura. &#8220;Este \u00e9 o momento para que todas as d\u00favidas sejam tiradas, e o papel da prefeitura \u00e9 ajudar no fortalecimento de toda essa classe, e a Manauscult estar\u00e1 a disposi\u00e7\u00e3o para apoiar, ajudar e contribuir nesse processo&#8221;, afirmou.<\/p>\n\n\n\n<p>O presidente do Concultura, Ten\u00f3rio Telles, ressaltou que o conselho de Cultura trabalha de forma antecipada para implementar a Lei Paulo Gustavo.<\/p>\n\n\n\n<p>\u201cDesde o ano passado estamos realizando o processo de consulta p\u00fablica e, agora, faremos mais uma rodada de devolutivas e consulta para afinarmos os detalhes para a elabora\u00e7\u00e3o dos editais que nortear\u00e3o a participa\u00e7\u00e3o dos fazedores de cultura. Desse modo, a Prefeitura de Manaus reafirma o compromisso de desburocratizar e contribuir para gerar oportunidade de trabalho e renda para os artistas de Manaus&#8221;, disse Telles.<\/p>\n\n\n\n<p>A Lei Paulo Gustavo, que foi criada em plena pandemia, tem o objetivo maior de incentivar a classe art\u00edstica e reaquecer a economia criativa, lembrou o presidente da Comiss\u00e3o da LPG pelo Concultura em Manaus, Neilo Batista.<\/p>\n\n\n\n<p>&#8220;Mas, como houve a demora em ser operacionalizada e as discuss\u00f5es ampliadas no atual governo, o sentido e alcance da LPG tomou uma amplitude maior de inclus\u00e3o social e acessibilidade aos deficientes f\u00edsicos, al\u00e9m de atender as pol\u00edticas afirmativas de ra\u00e7a, g\u00eanero e grupos sociais&#8221;.<\/p>\n\n\n\n<p>Neilo conta que o instrumento da busca ativa nas comunidades urbanas e rurais para encontrar artistas em vulnerabilidade social, revelar talentos e os mestres da cultura que n\u00e3o t\u00eam registro profissional nas categorias reconhecidas, ser\u00e1 uma das novidades que dever\u00e3o ser atendidas nos editais.<\/p>\n\n\n\n<p><strong>Agenda<\/strong><\/p>\n\n\n\n<p>As reuni\u00f5es v\u00e3o acontecer na sede do Concultura, localizado no pal\u00e1cio Rio Branco, na avenida 7 de Setembro, s\/n, na pra\u00e7a Dom Pedro II, no centro hist\u00f3rico.<\/p>\n\n\n\n<p>A primeira reuni\u00e3o acontece na ter\u00e7a-feira, 20\/6, \u00e0s 18h, com os segmentos de Teatro e Circo, sob a coordena\u00e7\u00e3o do conselheiro Francis Madson, e Alan Gomes, conselheiro do segmento do Audiovisual.<\/p>\n\n\n\n<p>No dia 21\/6, \u00e0s 19h, ser\u00e1 a vez do segmento de Artes Visuais, com coordena\u00e7\u00e3o de Dudson Carvalho, conselheiro do segmento dos artistas visuais, e secretariado por Vilma Pessoa, conselheira representante da Secretaria Municipal de Educa\u00e7\u00e3o (Semed).<\/p>\n\n\n\n<p>Dia 21\/6, \u00e0s 19h, ser\u00e1 direcionada \u00e0 Cultura Popular, coordenada por Ricardo Moldes, conselheiro do segmento da Dan\u00e7a, e secretariada por M\u00f4nica Marques, conselheira do segmento de Cultura Popular.<\/p>\n\n\n\n<p>Dia 21\/6, \u00e0s 19h, se reunir\u00e3o no segmento de M\u00fasica, coordenado por Ricardo Moldes, conselheiro do segmento da Dan\u00e7a e Aldemir Frank Botelho, conselheiro representante da M\u00fasica.<\/p>\n\n\n\n<p>Dia 21\/6, \u00e0s 19h, segmento de Dan\u00e7a, com &nbsp;&nbsp; Ricardo Moldes, conselheiro do segmento da Dan\u00e7a e F\u00e1bio Mafra, conselheiro representante da Secretaria Municipal de Meio Ambiente e Sustentabilidade (Semmas).<\/p>\n\n\n\n<p>Dia 22\/6, \u00e0s 14h, Cultura \u00c9tnica, coordenada por Ludimar Nunes, conselheiro do segmento de Cultura \u00c9tnica e secret\u00e1ria Ricarda Galv\u00e3o, conselheira representante da Secretaria Municipal de Finan\u00e7as e Tecnologia da Informa\u00e7\u00e3o (Semef).<\/p>\n\n\n\n<p>Dia 22\/6, \u00e0s 18h, Literatura, por Dori Carvalho, conselheiro do segmento da Literatura e&nbsp;&nbsp;&nbsp;&nbsp;&nbsp; secretariado por Rayana Rodrigues, conselheira representante da Secretaria Municipal do Trabalho, Empreendedorismo e Inova\u00e7\u00e3o (Semtepi).<\/p>\n\n\n\n<p>No dia 23\/6, \u00e0s 18h, Audiovisual, com Allan Gomes, conselheiro do segmento do Audiovisual e Ana Darc do Concultura.<\/p>\n\n\n\n<p>&#8212; &#8212; &#8212;<\/p>\n\n\n\n<p><strong>Texto &#8211;<\/strong> Crist\u00f3v\u00e3o Nonato \/ Manauscult<\/p>\n\n\n\n<p><strong>Foto \u2013 <\/strong>Divulga\u00e7\u00e3o \/ Manauscult<\/p>\n","protected":false},"excerpt":{"rendered":"","protected":false},"author":39,"featured_media":811,"comment_status":"closed","ping_status":"closed","sticky":false,"template":"","format":"standard","meta":{"footnotes":""},"categories":[163],"tags":[164,48,9,165,11,166,167],"acf":[],"yoast_head":"<!-- This site is optimized with the Yoast SEO plugin v23.0 - https:\/\/yoast.com\/wordpress\/plugins\/seo\/ -->\n<title>Prefeitura convoca artistas, trabalhadores e fazedores de cultura para as rodadas de consulta e devolutivas da Lei Paulo Gustavo<\/title>\n<meta name=\"description\" content=\"A Prefeitura de Manaus, por meio da Funda\u00e7\u00e3o Municipal de Cultura, Turismo e Eventos (Manauscult) e do Conselho Municipal de Cultura (Concultura), anuncia a agenda e convoca os artistas para as reuni\u00f5es setoriais da Lei Paulo Gustavo (LPG), cumprindo os compromissos em rela\u00e7\u00e3o \u00e0s consultas e devolutivas. As atividades ocorrer\u00e3o no per\u00edodo de 20 a 23\/6, na sede do Concultura, no centro da cidade.\" \/>\n<meta name=\"robots\" content=\"noindex, follow\" \/>\n<meta property=\"og:locale\" content=\"pt_BR\" \/>\n<meta property=\"og:type\" content=\"article\" \/>\n<meta property=\"og:title\" content=\"Prefeitura convoca artistas, trabalhadores e fazedores de cultura para as rodadas de consulta e devolutivas da Lei Paulo Gustavo\" \/>\n<meta property=\"og:description\" content=\"A Prefeitura de Manaus, por meio da Funda\u00e7\u00e3o Municipal de Cultura, Turismo e Eventos (Manauscult) e do Conselho Municipal de Cultura (Concultura), anuncia a agenda e convoca os artistas para as reuni\u00f5es setoriais da Lei Paulo Gustavo (LPG), cumprindo os compromissos em rela\u00e7\u00e3o \u00e0s consultas e devolutivas. As atividades ocorrer\u00e3o no per\u00edodo de 20 a 23\/6, na sede do Concultura, no centro da cidade.\" \/>\n<meta property=\"og:url\" content=\"https:\/\/www.manaus.am.gov.br\/manauscult\/prefeitura-convoca-artistas-trabalhadores-e-fazedores-de-cultura-para-as-rodadas-de-consulta-e-devolutivas-da-lei-paulo-gustavo\/\" \/>\n<meta property=\"og:site_name\" content=\"MANAUSCULT\" \/>\n<meta property=\"article:published_time\" content=\"2023-06-16T22:28:27+00:00\" \/>\n<meta property=\"article:modified_time\" content=\"2023-06-19T13:09:53+00:00\" \/>\n<meta property=\"og:image\" content=\"https:\/\/www.manaus.am.gov.br\/manauscult\/wp-content\/uploads\/sites\/11\/2023\/06\/IMG-20230616-WA0162.jpg\" \/>\n\t<meta property=\"og:image:width\" content=\"1600\" \/>\n\t<meta property=\"og:image:height\" content=\"1200\" \/>\n\t<meta property=\"og:image:type\" content=\"image\/jpeg\" \/>\n<meta name=\"author\" content=\"Bruna Greco\" \/>\n<meta name=\"twitter:card\" content=\"summary_large_image\" \/>\n<meta name=\"twitter:label1\" content=\"Written by\" \/>\n\t<meta name=\"twitter:data1\" content=\"Bruna Greco\" \/>\n\t<meta name=\"twitter:label2\" content=\"Est. reading time\" \/>\n\t<meta name=\"twitter:data2\" content=\"4 minutos\" \/>\n<script type=\"application\/ld+json\" class=\"yoast-schema-graph\">{\"@context\":\"https:\/\/schema.org\",\"@graph\":[{\"@type\":\"WebPage\",\"@id\":\"https:\/\/www.manaus.am.gov.br\/manauscult\/prefeitura-convoca-artistas-trabalhadores-e-fazedores-de-cultura-para-as-rodadas-de-consulta-e-devolutivas-da-lei-paulo-gustavo\/\",\"url\":\"https:\/\/www.manaus.am.gov.br\/manauscult\/prefeitura-convoca-artistas-trabalhadores-e-fazedores-de-cultura-para-as-rodadas-de-consulta-e-devolutivas-da-lei-paulo-gustavo\/\",\"name\":\"Prefeitura convoca artistas, trabalhadores e fazedores de cultura para as rodadas de consulta e devolutivas da Lei Paulo Gustavo\",\"isPartOf\":{\"@id\":\"https:\/\/www.manaus.am.gov.br\/manauscult\/#website\"},\"primaryImageOfPage\":{\"@id\":\"https:\/\/www.manaus.am.gov.br\/manauscult\/prefeitura-convoca-artistas-trabalhadores-e-fazedores-de-cultura-para-as-rodadas-de-consulta-e-devolutivas-da-lei-paulo-gustavo\/#primaryimage\"},\"image\":{\"@id\":\"https:\/\/www.manaus.am.gov.br\/manauscult\/prefeitura-convoca-artistas-trabalhadores-e-fazedores-de-cultura-para-as-rodadas-de-consulta-e-devolutivas-da-lei-paulo-gustavo\/#primaryimage\"},\"thumbnailUrl\":\"https:\/\/www.manaus.am.gov.br\/manauscult\/wp-content\/uploads\/sites\/11\/2023\/06\/IMG-20230616-WA0162.jpg\",\"datePublished\":\"2023-06-16T22:28:27+00:00\",\"dateModified\":\"2023-06-19T13:09:53+00:00\",\"author\":{\"@id\":\"https:\/\/www.manaus.am.gov.br\/manauscult\/#\/schema\/person\/05d223aea2bf115f9883a6ff3683d81b\"},\"description\":\"A Prefeitura de Manaus, por meio da Funda\u00e7\u00e3o Municipal de Cultura, Turismo e Eventos (Manauscult) e do Conselho Municipal de Cultura (Concultura), anuncia a agenda e convoca os artistas para as reuni\u00f5es setoriais da Lei Paulo Gustavo (LPG), cumprindo os compromissos em rela\u00e7\u00e3o \u00e0s consultas e devolutivas. As atividades ocorrer\u00e3o no per\u00edodo de 20 a 23\/6, na sede do Concultura, no centro da cidade.\",\"breadcrumb\":{\"@id\":\"https:\/\/www.manaus.am.gov.br\/manauscult\/prefeitura-convoca-artistas-trabalhadores-e-fazedores-de-cultura-para-as-rodadas-de-consulta-e-devolutivas-da-lei-paulo-gustavo\/#breadcrumb\"},\"inLanguage\":\"pt-BR\",\"potentialAction\":[{\"@type\":\"ReadAction\",\"target\":[\"https:\/\/www.manaus.am.gov.br\/manauscult\/prefeitura-convoca-artistas-trabalhadores-e-fazedores-de-cultura-para-as-rodadas-de-consulta-e-devolutivas-da-lei-paulo-gustavo\/\"]}]},{\"@type\":\"ImageObject\",\"inLanguage\":\"pt-BR\",\"@id\":\"https:\/\/www.manaus.am.gov.br\/manauscult\/prefeitura-convoca-artistas-trabalhadores-e-fazedores-de-cultura-para-as-rodadas-de-consulta-e-devolutivas-da-lei-paulo-gustavo\/#primaryimage\",\"url\":\"https:\/\/www.manaus.am.gov.br\/manauscult\/wp-content\/uploads\/sites\/11\/2023\/06\/IMG-20230616-WA0162.jpg\",\"contentUrl\":\"https:\/\/www.manaus.am.gov.br\/manauscult\/wp-content\/uploads\/sites\/11\/2023\/06\/IMG-20230616-WA0162.jpg\",\"width\":1600,\"height\":1200},{\"@type\":\"BreadcrumbList\",\"@id\":\"https:\/\/www.manaus.am.gov.br\/manauscult\/prefeitura-convoca-artistas-trabalhadores-e-fazedores-de-cultura-para-as-rodadas-de-consulta-e-devolutivas-da-lei-paulo-gustavo\/#breadcrumb\",\"itemListElement\":[{\"@type\":\"ListItem\",\"position\":1,\"name\":\"Home\",\"item\":\"https:\/\/www.manaus.am.gov.br\/manauscult\/\"},{\"@type\":\"ListItem\",\"position\":2,\"name\":\"Prefeitura convoca artistas, trabalhadores e fazedores de cultura para as rodadas de consulta e devolutivas\u00a0da Lei Paulo Gustavo\"}]},{\"@type\":\"WebSite\",\"@id\":\"https:\/\/www.manaus.am.gov.br\/manauscult\/#website\",\"url\":\"https:\/\/www.manaus.am.gov.br\/manauscult\/\",\"name\":\"MANAUSCULT\",\"description\":\"Prefeitura de Manaus\",\"potentialAction\":[{\"@type\":\"SearchAction\",\"target\":{\"@type\":\"EntryPoint\",\"urlTemplate\":\"https:\/\/www.manaus.am.gov.br\/manauscult\/?s={search_term_string}\"},\"query-input\":\"required name=search_term_string\"}],\"inLanguage\":\"pt-BR\"},{\"@type\":\"Person\",\"@id\":\"https:\/\/www.manaus.am.gov.br\/manauscult\/#\/schema\/person\/05d223aea2bf115f9883a6ff3683d81b\",\"name\":\"Bruna Greco\",\"image\":{\"@type\":\"ImageObject\",\"inLanguage\":\"pt-BR\",\"@id\":\"https:\/\/www.manaus.am.gov.br\/manauscult\/#\/schema\/person\/image\/\",\"url\":\"https:\/\/secure.gravatar.com\/avatar\/9c877d1a6adc2a055330e5c09a8653ce?s=96&d=mm&r=g\",\"contentUrl\":\"https:\/\/secure.gravatar.com\/avatar\/9c877d1a6adc2a055330e5c09a8653ce?s=96&d=mm&r=g\",\"caption\":\"Bruna Greco\"}}]}<\/script>\n<!-- \/ Yoast SEO plugin. -->","yoast_head_json":{"title":"Prefeitura convoca artistas, trabalhadores e fazedores de cultura para as rodadas de consulta e devolutivas da Lei Paulo Gustavo","description":"A Prefeitura de Manaus, por meio da Funda\u00e7\u00e3o Municipal de Cultura, Turismo e Eventos (Manauscult) e do Conselho Municipal de Cultura (Concultura), anuncia a agenda e convoca os artistas para as reuni\u00f5es setoriais da Lei Paulo Gustavo (LPG), cumprindo os compromissos em rela\u00e7\u00e3o \u00e0s consultas e devolutivas. As atividades ocorrer\u00e3o no per\u00edodo de 20 a 23\/6, na sede do Concultura, no centro da cidade.","robots":{"index":"noindex","follow":"follow"},"og_locale":"pt_BR","og_type":"article","og_title":"Prefeitura convoca artistas, trabalhadores e fazedores de cultura para as rodadas de consulta e devolutivas da Lei Paulo Gustavo","og_description":"A Prefeitura de Manaus, por meio da Funda\u00e7\u00e3o Municipal de Cultura, Turismo e Eventos (Manauscult) e do Conselho Municipal de Cultura (Concultura), anuncia a agenda e convoca os artistas para as reuni\u00f5es setoriais da Lei Paulo Gustavo (LPG), cumprindo os compromissos em rela\u00e7\u00e3o \u00e0s consultas e devolutivas. As atividades ocorrer\u00e3o no per\u00edodo de 20 a 23\/6, na sede do Concultura, no centro da cidade.","og_url":"https:\/\/www.manaus.am.gov.br\/manauscult\/prefeitura-convoca-artistas-trabalhadores-e-fazedores-de-cultura-para-as-rodadas-de-consulta-e-devolutivas-da-lei-paulo-gustavo\/","og_site_name":"MANAUSCULT","article_published_time":"2023-06-16T22:28:27+00:00","article_modified_time":"2023-06-19T13:09:53+00:00","og_image":[{"width":1600,"height":1200,"url":"https:\/\/www.manaus.am.gov.br\/manauscult\/wp-content\/uploads\/sites\/11\/2023\/06\/IMG-20230616-WA0162.jpg","type":"image\/jpeg"}],"author":"Bruna Greco","twitter_card":"summary_large_image","twitter_misc":{"Written by":"Bruna Greco","Est. reading time":"4 minutos"},"schema":{"@context":"https:\/\/schema.org","@graph":[{"@type":"WebPage","@id":"https:\/\/www.manaus.am.gov.br\/manauscult\/prefeitura-convoca-artistas-trabalhadores-e-fazedores-de-cultura-para-as-rodadas-de-consulta-e-devolutivas-da-lei-paulo-gustavo\/","url":"https:\/\/www.manaus.am.gov.br\/manauscult\/prefeitura-convoca-artistas-trabalhadores-e-fazedores-de-cultura-para-as-rodadas-de-consulta-e-devolutivas-da-lei-paulo-gustavo\/","name":"Prefeitura convoca artistas, trabalhadores e fazedores de cultura para as rodadas de consulta e devolutivas da Lei Paulo Gustavo","isPartOf":{"@id":"https:\/\/www.manaus.am.gov.br\/manauscult\/#website"},"primaryImageOfPage":{"@id":"https:\/\/www.manaus.am.gov.br\/manauscult\/prefeitura-convoca-artistas-trabalhadores-e-fazedores-de-cultura-para-as-rodadas-de-consulta-e-devolutivas-da-lei-paulo-gustavo\/#primaryimage"},"image":{"@id":"https:\/\/www.manaus.am.gov.br\/manauscult\/prefeitura-convoca-artistas-trabalhadores-e-fazedores-de-cultura-para-as-rodadas-de-consulta-e-devolutivas-da-lei-paulo-gustavo\/#primaryimage"},"thumbnailUrl":"https:\/\/www.manaus.am.gov.br\/manauscult\/wp-content\/uploads\/sites\/11\/2023\/06\/IMG-20230616-WA0162.jpg","datePublished":"2023-06-16T22:28:27+00:00","dateModified":"2023-06-19T13:09:53+00:00","author":{"@id":"https:\/\/www.manaus.am.gov.br\/manauscult\/#\/schema\/person\/05d223aea2bf115f9883a6ff3683d81b"},"description":"A Prefeitura de Manaus, por meio da Funda\u00e7\u00e3o Municipal de Cultura, Turismo e Eventos (Manauscult) e do Conselho Municipal de Cultura (Concultura), anuncia a agenda e convoca os artistas para as reuni\u00f5es setoriais da Lei Paulo Gustavo (LPG), cumprindo os compromissos em rela\u00e7\u00e3o \u00e0s consultas e devolutivas. As atividades ocorrer\u00e3o no per\u00edodo de 20 a 23\/6, na sede do Concultura, no centro da cidade.","breadcrumb":{"@id":"https:\/\/www.manaus.am.gov.br\/manauscult\/prefeitura-convoca-artistas-trabalhadores-e-fazedores-de-cultura-para-as-rodadas-de-consulta-e-devolutivas-da-lei-paulo-gustavo\/#breadcrumb"},"inLanguage":"pt-BR","potentialAction":[{"@type":"ReadAction","target":["https:\/\/www.manaus.am.gov.br\/manauscult\/prefeitura-convoca-artistas-trabalhadores-e-fazedores-de-cultura-para-as-rodadas-de-consulta-e-devolutivas-da-lei-paulo-gustavo\/"]}]},{"@type":"ImageObject","inLanguage":"pt-BR","@id":"https:\/\/www.manaus.am.gov.br\/manauscult\/prefeitura-convoca-artistas-trabalhadores-e-fazedores-de-cultura-para-as-rodadas-de-consulta-e-devolutivas-da-lei-paulo-gustavo\/#primaryimage","url":"https:\/\/www.manaus.am.gov.br\/manauscult\/wp-content\/uploads\/sites\/11\/2023\/06\/IMG-20230616-WA0162.jpg","contentUrl":"https:\/\/www.manaus.am.gov.br\/manauscult\/wp-content\/uploads\/sites\/11\/2023\/06\/IMG-20230616-WA0162.jpg","width":1600,"height":1200},{"@type":"BreadcrumbList","@id":"https:\/\/www.manaus.am.gov.br\/manauscult\/prefeitura-convoca-artistas-trabalhadores-e-fazedores-de-cultura-para-as-rodadas-de-consulta-e-devolutivas-da-lei-paulo-gustavo\/#breadcrumb","itemListElement":[{"@type":"ListItem","position":1,"name":"Home","item":"https:\/\/www.manaus.am.gov.br\/manauscult\/"},{"@type":"ListItem","position":2,"name":"Prefeitura convoca artistas, trabalhadores e fazedores de cultura para as rodadas de consulta e devolutivas\u00a0da Lei Paulo Gustavo"}]},{"@type":"WebSite","@id":"https:\/\/www.manaus.am.gov.br\/manauscult\/#website","url":"https:\/\/www.manaus.am.gov.br\/manauscult\/","name":"MANAUSCULT","description":"Prefeitura de Manaus","potentialAction":[{"@type":"SearchAction","target":{"@type":"EntryPoint","urlTemplate":"https:\/\/www.manaus.am.gov.br\/manauscult\/?s={search_term_string}"},"query-input":"required name=search_term_string"}],"inLanguage":"pt-BR"},{"@type":"Person","@id":"https:\/\/www.manaus.am.gov.br\/manauscult\/#\/schema\/person\/05d223aea2bf115f9883a6ff3683d81b","name":"Bruna Greco","image":{"@type":"ImageObject","inLanguage":"pt-BR","@id":"https:\/\/www.manaus.am.gov.br\/manauscult\/#\/schema\/person\/image\/","url":"https:\/\/secure.gravatar.com\/avatar\/9c877d1a6adc2a055330e5c09a8653ce?s=96&d=mm&r=g","contentUrl":"https:\/\/secure.gravatar.com\/avatar\/9c877d1a6adc2a055330e5c09a8653ce?s=96&d=mm&r=g","caption":"Bruna Greco"}}]}},"_links":{"self":[{"href":"https:\/\/www.manaus.am.gov.br\/manauscult\/wp-json\/wp\/v2\/posts\/810"}],"collection":[{"href":"https:\/\/www.manaus.am.gov.br\/manauscult\/wp-json\/wp\/v2\/posts"}],"about":[{"href":"https:\/\/www.manaus.am.gov.br\/manauscult\/wp-json\/wp\/v2\/types\/post"}],"author":[{"embeddable":true,"href":"https:\/\/www.manaus.am.gov.br\/manauscult\/wp-json\/wp\/v2\/users\/39"}],"replies":[{"embeddable":true,"href":"https:\/\/www.manaus.am.gov.br\/manauscult\/wp-json\/wp\/v2\/comments?post=810"}],"version-history":[{"count":2,"href":"https:\/\/www.manaus.am.gov.br\/manauscult\/wp-json\/wp\/v2\/posts\/810\/revisions"}],"predecessor-version":[{"id":839,"href":"https:\/\/www.manaus.am.gov.br\/manauscult\/wp-json\/wp\/v2\/posts\/810\/revisions\/839"}],"wp:featuredmedia":[{"embeddable":true,"href":"https:\/\/www.manaus.am.gov.br\/manauscult\/wp-json\/wp\/v2\/media\/811"}],"wp:attachment":[{"href":"https:\/\/www.manaus.am.gov.br\/manauscult\/wp-json\/wp\/v2\/media?parent=810"}],"wp:term":[{"taxonomy":"category","embeddable":true,"href":"https:\/\/www.manaus.am.gov.br\/manauscult\/wp-json\/wp\/v2\/categories?post=810"},{"taxonomy":"post_tag","embeddable":true,"href":"https:\/\/www.manaus.am.gov.br\/manauscult\/wp-json\/wp\/v2\/tags?post=810"}],"curies":[{"name":"wp","href":"https:\/\/api.w.org\/{rel}","templated":true}]}}