{"id":794,"date":"2023-06-13T14:02:49","date_gmt":"2023-06-13T18:02:49","guid":{"rendered":"https:\/\/www.manaus.am.gov.br\/manauscult\/festival-folclorico-agita-publico-no-centro-cultural-dos-povos-da-amazonia\/"},"modified":"2023-06-13T14:02:50","modified_gmt":"2023-06-13T18:02:50","slug":"festival-folclorico-agita-publico-no-centro-cultural-dos-povos-da-amazonia","status":"publish","type":"post","link":"https:\/\/www.manaus.am.gov.br\/manauscult\/festival-folclorico-agita-publico-no-centro-cultural-dos-povos-da-amazonia\/","title":{"rendered":"<strong>Festival folcl\u00f3rico agita p\u00fablico no Centro Cultural dos Povos da Amaz\u00f4nia<\/strong>"},"content":{"rendered":"\n<p>A segunda noite de apresenta\u00e7\u00f5es do 65\u00b0 Festival Folcl\u00f3rico do Amazonas (FFA), desta segunda-feira, 12\/6, agitou o p\u00fablico presente na arena do Centro Cultural dos Povos da Amaz\u00f4nia (CCPA), no Distrito Industrial, zona Sul. O festival \u00e9 promovido pela Prefeitura de Manaus e o governo do Amazonas, e segue at\u00e9 o dia 25 de junho, com entrada gratuita.&nbsp;<\/p>\n\n\n\n<p>Como forma de aumentar o n\u00edvel do festival e, principalmente, dar a oportunidade da primeira apresenta\u00e7\u00e3o oficial na arena dos Povos da Amaz\u00f4nia, 18 grupos da categoria \u201cmostra folcl\u00f3rica\u201d participaram, sem concorrer, nesses dois primeiros dias de evento, e deram um show desde as coreografias muito bem marcadas a vestimentas t\u00edpicas com forte identidade cultural.<\/p>\n\n\n\n<p>Passaram pelo \u201ctablad\u00e3o\u201d no domingo e na segunda-feira, 11 e 12 de junho, os grupos Star Hits, Explos\u00e3o de Manaus, Junina Cabocla, Junina Girassol, Ciranda do Aleixo, Baru Junina, Junina Promorar, Junina Tia C\u00e9lia, Os Indom\u00e1veis do Oeste, Flor do Campo, Cabras do Capit\u00e3o Meia Noite, Os Atrapalhados na Ro\u00e7a, O Cravo e a Rosa, Matutos Honor\u00e9, Ciranda Mocidade, Revolu\u00e7\u00e3o Junina, Hydra na Ro\u00e7a, Gang Ax\u00e9 Ostenta\u00e7\u00e3o. Os respectivos grupos n\u00e3o est\u00e3o concorrendo no FFA.<\/p>\n\n\n\n<p>Conforme o diretor-presidente da Funda\u00e7\u00e3o Municipal de Cultura, Turismo e Eventos (Manauscult), Osvaldo Cardoso, o festival, que faz parte do calend\u00e1rio de eventos do munic\u00edpio, est\u00e1 movimentando a economia local com um fomento de aproximadamente R$ 1,2 milh\u00e3o e promovendo o resgate dos antigos festivais folcl\u00f3ricos realizados na cidade na d\u00e9cada de 50.<\/p>\n\n\n\n<p>\u201cDentre os pleitos atendidos pelo prefeito David Almeida, o destaque vai para essas novas dan\u00e7as que, ontem e hoje, puderam, pela primeira vez, se apresentar na arena dos Povos da Amaz\u00f4nia. E, o que vimos aqui foram dan\u00e7as de n\u00edvel alt\u00edssimo, come\u00e7ando pelo figurino. Essa oportunidade representa a realiza\u00e7\u00e3o de um sonho para essas dezenas de jovens que passaram por aqui. \u00c9 esse o resgate que estamos promovendo: a preserva\u00e7\u00e3o da cultura, do folclore\u201d, pontua Cardoso.<\/p>\n\n\n\n<p>O presidente da Associa\u00e7\u00e3o Folcl\u00f3rica Cultural Boi-Bumb\u00e1 Corre Campo, Alvacir Siqueira da Silva, que coordena 63 grupos folcl\u00f3ricos no festival, conta que a expectativa \u00e9 alta para este ano, e que os grupos que ele representa est\u00e3o preparados para a disputa.<\/p>\n\n\n\n<p>&#8220;O m\u00eas de junho \u00e9 a \u00e9poca mais esperada por n\u00f3s, folcloristas. \u00c9 quando apresentamos tudo aquilo que ensaiamos, e a nossa expectativa \u00e9 a melhor poss\u00edvel. Nossos brincantes est\u00e3o preparados, com suas roupas bem produzidas, e a popula\u00e7\u00e3o vai desfrutar de um bel\u00edssimo festival. S\u00f3 no domingo, tivemos um p\u00fablico de 9 mil pessoas, j\u00e1 no primeiro dia, o que retrata o quanto a popula\u00e7\u00e3o estava com saudade desse formato tradicional do festival na bola da Suframa, com saudade dessa grande festa popular, das comidas t\u00edpicas, das inova\u00e7\u00f5es todas trazidas em prol da popula\u00e7\u00e3o e de n\u00f3s, folcloristas&#8221;, enfatiza. &nbsp;&nbsp;<\/p>\n\n\n\n<p>O vigilante patrimonial Jos\u00e9 Ernaldo, 37, aproveitou o apelo da data comemorativa e levou a esposa Karina Almeida, 31, para prestigiar a segunda noite do evento, ap\u00f3s ver divulga\u00e7\u00e3o nas redes sociais da Manauscult que no local h\u00e1 uma feira gastron\u00f4mica e de artesanato.<\/p>\n\n\n\n<p>\u201cEu fiquei sabendo a partir das m\u00eddias sociais da Manauscult, no Instagram. E a\u00ed, resolvi levar a fam\u00edlia para passear. \u00c9 um programa bem legal. Tinha bastante comida, &nbsp;tacac\u00e1, mingau, aquela ma\u00e7\u00e3 do amor. Meus filhos amaram. Acompanhamos as quadrilhas e foi superdivertido. Nota dez\u201d, avalia.<\/p>\n\n\n\n<p><strong>Competi\u00e7\u00e3o<\/strong><\/p>\n\n\n\n<p>Quadrilhas, cirandas, cacetinho, tribos, boi-bumb\u00e1, dan\u00e7as nacionais, internacionais e nordestinas ser\u00e3o apresentadas pelos grupos na disputa de suas respectivas categorias que come\u00e7a com avalia\u00e7\u00e3o dos jurados nesta ter\u00e7a-feira, 13\/6, a partir das 20h.<\/p>\n\n\n\n<p>Neste ano, o corpo de jurados \u00e9 composto por seis integrantes: teatr\u00f3logos, antrop\u00f3logos, musicistas e historiadores, todos t\u00e9cnicos e com vasta experi\u00eancia.<\/p>\n\n\n\n<p>Al\u00e9m das apresenta\u00e7\u00f5es dos grupos folcl\u00f3ricos, o festival tamb\u00e9m conta com uma feira de artesanato, coordenada pela Secretaria Municipal do Trabalho, Empreendedorismo e Inova\u00e7\u00e3o (Semtepi), e um parque de divers\u00f5es para crian\u00e7as, um pleito esperado h\u00e1 23 anos.<\/p>\n\n\n\n<p>Os hor\u00e1rios e a programa\u00e7\u00e3o completa do festival podem ser consultados no site da Manauscult, pelo link&nbsp;<a href=\"http:\/\/manauscult.manaus.am.gov.br\/\" target=\"_blank\" rel=\"noreferrer noopener\">http:\/\/manauscult.manaus.am.gov.br<\/a>, na aba \u201ceditais\u201d.<\/p>\n\n\n\n<p><strong>Gastronomia<\/strong><\/p>\n\n\n\n<p>Este ano, 30 barracas comp\u00f5em a feira gastron\u00f4mica do festival, que foram doadas pela Prefeitura de Manaus \u00e0s institui\u00e7\u00f5es sociais e entidades apoiadas pelo Fundo Manaus Solid\u00e1ria (FMS), e est\u00e3o operando as vendas de comidas e bebidas no local.<\/p>\n\n\n\n<p>As barracas est\u00e3o localizadas pr\u00f3ximas \u00e0 arquibancada do anfiteatro e funcionar\u00e3o durante todo o evento, iniciando a venda de produtos \u00e0s 18h, com pre\u00e7os variando entre R$ 5 e R$ 35.<\/p>\n\n\n\n<p>O card\u00e1pio do festival apresenta comidas regionais e t\u00edpicas da \u00e9poca junina, como milho cozido, pamonha, bolo de macaxeira, acaraj\u00e9, al\u00e9m de outros pratos, como carne de sol, pirarucu \u00e0 casaca, tacac\u00e1, farofas diversas, cachorro-quente, sandu\u00edches, pizza, entre outros.<\/p>\n\n\n\n<p>&#8212; &#8212; &#8212;<\/p>\n\n\n\n<p><strong>Texto<\/strong>&nbsp;&#8211; Emanuelle Baires\/Manauscult<\/p>\n\n\n\n<p><strong>Fotos<\/strong>&nbsp;&#8211;&nbsp;Aguilar Abecassis \/ Semcom<\/p>\n","protected":false},"excerpt":{"rendered":"","protected":false},"author":23,"featured_media":795,"comment_status":"closed","ping_status":"closed","sticky":false,"template":"","format":"standard","meta":{"footnotes":""},"categories":[3],"tags":[6,154,42,9,11],"acf":[],"yoast_head":"<!-- This site is optimized with the Yoast SEO plugin v23.0 - https:\/\/yoast.com\/wordpress\/plugins\/seo\/ -->\n<title>Festival folcl\u00f3rico agita p\u00fablico no Centro Cultural dos Povos da Amaz\u00f4nia<\/title>\n<meta name=\"description\" content=\"A segunda noite de apresenta\u00e7\u00f5es do 65\u00b0 Festival Folcl\u00f3rico do Amazonas (FFA), desta segunda-feira, 12\/6, agitou o p\u00fablico presente na arena do Centro Cultural dos Povos da Amaz\u00f4nia (CCPA), no Distrito Industrial, zona Sul. O festival \u00e9 promovido pela Prefeitura de Manaus e o governo do Amazonas, e segue at\u00e9 o dia 25 de junho, com entrada gratuita.\" \/>\n<meta name=\"robots\" content=\"noindex, follow\" \/>\n<meta property=\"og:locale\" content=\"pt_BR\" \/>\n<meta property=\"og:type\" content=\"article\" \/>\n<meta property=\"og:title\" content=\"Festival folcl\u00f3rico agita p\u00fablico no Centro Cultural dos Povos da Amaz\u00f4nia\" \/>\n<meta property=\"og:description\" content=\"A segunda noite de apresenta\u00e7\u00f5es do 65\u00b0 Festival Folcl\u00f3rico do Amazonas (FFA), desta segunda-feira, 12\/6, agitou o p\u00fablico presente na arena do Centro Cultural dos Povos da Amaz\u00f4nia (CCPA), no Distrito Industrial, zona Sul. O festival \u00e9 promovido pela Prefeitura de Manaus e o governo do Amazonas, e segue at\u00e9 o dia 25 de junho, com entrada gratuita.\" \/>\n<meta property=\"og:url\" content=\"https:\/\/www.manaus.am.gov.br\/manauscult\/festival-folclorico-agita-publico-no-centro-cultural-dos-povos-da-amazonia\/\" \/>\n<meta property=\"og:site_name\" content=\"MANAUSCULT\" \/>\n<meta property=\"article:published_time\" content=\"2023-06-13T18:02:49+00:00\" \/>\n<meta property=\"article:modified_time\" content=\"2023-06-13T18:02:50+00:00\" \/>\n<meta property=\"og:image\" content=\"https:\/\/www.manaus.am.gov.br\/manauscult\/wp-content\/uploads\/sites\/11\/2023\/06\/Festival-Folclorico-2.jpeg\" \/>\n\t<meta property=\"og:image:width\" content=\"1440\" \/>\n\t<meta property=\"og:image:height\" content=\"960\" \/>\n\t<meta property=\"og:image:type\" content=\"image\/jpeg\" \/>\n<meta name=\"author\" content=\"Adriana Costa\" \/>\n<meta name=\"twitter:card\" content=\"summary_large_image\" \/>\n<meta name=\"twitter:label1\" content=\"Written by\" \/>\n\t<meta name=\"twitter:data1\" content=\"Adriana Costa\" \/>\n\t<meta name=\"twitter:label2\" content=\"Est. reading time\" \/>\n\t<meta name=\"twitter:data2\" content=\"5 minutos\" \/>\n<script type=\"application\/ld+json\" class=\"yoast-schema-graph\">{\"@context\":\"https:\/\/schema.org\",\"@graph\":[{\"@type\":\"WebPage\",\"@id\":\"https:\/\/www.manaus.am.gov.br\/manauscult\/festival-folclorico-agita-publico-no-centro-cultural-dos-povos-da-amazonia\/\",\"url\":\"https:\/\/www.manaus.am.gov.br\/manauscult\/festival-folclorico-agita-publico-no-centro-cultural-dos-povos-da-amazonia\/\",\"name\":\"Festival folcl\u00f3rico agita p\u00fablico no Centro Cultural dos Povos da Amaz\u00f4nia\",\"isPartOf\":{\"@id\":\"https:\/\/www.manaus.am.gov.br\/manauscult\/#website\"},\"primaryImageOfPage\":{\"@id\":\"https:\/\/www.manaus.am.gov.br\/manauscult\/festival-folclorico-agita-publico-no-centro-cultural-dos-povos-da-amazonia\/#primaryimage\"},\"image\":{\"@id\":\"https:\/\/www.manaus.am.gov.br\/manauscult\/festival-folclorico-agita-publico-no-centro-cultural-dos-povos-da-amazonia\/#primaryimage\"},\"thumbnailUrl\":\"https:\/\/www.manaus.am.gov.br\/manauscult\/wp-content\/uploads\/sites\/11\/2023\/06\/Festival-Folclorico-2.jpeg\",\"datePublished\":\"2023-06-13T18:02:49+00:00\",\"dateModified\":\"2023-06-13T18:02:50+00:00\",\"author\":{\"@id\":\"https:\/\/www.manaus.am.gov.br\/manauscult\/#\/schema\/person\/4e49f4e267757a06ca072ec61b2b9968\"},\"description\":\"A segunda noite de apresenta\u00e7\u00f5es do 65\u00b0 Festival Folcl\u00f3rico do Amazonas (FFA), desta segunda-feira, 12\/6, agitou o p\u00fablico presente na arena do Centro Cultural dos Povos da Amaz\u00f4nia (CCPA), no Distrito Industrial, zona Sul. O festival \u00e9 promovido pela Prefeitura de Manaus e o governo do Amazonas, e segue at\u00e9 o dia 25 de junho, com entrada gratuita.\",\"breadcrumb\":{\"@id\":\"https:\/\/www.manaus.am.gov.br\/manauscult\/festival-folclorico-agita-publico-no-centro-cultural-dos-povos-da-amazonia\/#breadcrumb\"},\"inLanguage\":\"pt-BR\",\"potentialAction\":[{\"@type\":\"ReadAction\",\"target\":[\"https:\/\/www.manaus.am.gov.br\/manauscult\/festival-folclorico-agita-publico-no-centro-cultural-dos-povos-da-amazonia\/\"]}]},{\"@type\":\"ImageObject\",\"inLanguage\":\"pt-BR\",\"@id\":\"https:\/\/www.manaus.am.gov.br\/manauscult\/festival-folclorico-agita-publico-no-centro-cultural-dos-povos-da-amazonia\/#primaryimage\",\"url\":\"https:\/\/www.manaus.am.gov.br\/manauscult\/wp-content\/uploads\/sites\/11\/2023\/06\/Festival-Folclorico-2.jpeg\",\"contentUrl\":\"https:\/\/www.manaus.am.gov.br\/manauscult\/wp-content\/uploads\/sites\/11\/2023\/06\/Festival-Folclorico-2.jpeg\",\"width\":1440,\"height\":960},{\"@type\":\"BreadcrumbList\",\"@id\":\"https:\/\/www.manaus.am.gov.br\/manauscult\/festival-folclorico-agita-publico-no-centro-cultural-dos-povos-da-amazonia\/#breadcrumb\",\"itemListElement\":[{\"@type\":\"ListItem\",\"position\":1,\"name\":\"Home\",\"item\":\"https:\/\/www.manaus.am.gov.br\/manauscult\/\"},{\"@type\":\"ListItem\",\"position\":2,\"name\":\"Festival folcl\u00f3rico agita p\u00fablico no Centro Cultural dos Povos da Amaz\u00f4nia\"}]},{\"@type\":\"WebSite\",\"@id\":\"https:\/\/www.manaus.am.gov.br\/manauscult\/#website\",\"url\":\"https:\/\/www.manaus.am.gov.br\/manauscult\/\",\"name\":\"MANAUSCULT\",\"description\":\"Prefeitura de Manaus\",\"potentialAction\":[{\"@type\":\"SearchAction\",\"target\":{\"@type\":\"EntryPoint\",\"urlTemplate\":\"https:\/\/www.manaus.am.gov.br\/manauscult\/?s={search_term_string}\"},\"query-input\":\"required name=search_term_string\"}],\"inLanguage\":\"pt-BR\"},{\"@type\":\"Person\",\"@id\":\"https:\/\/www.manaus.am.gov.br\/manauscult\/#\/schema\/person\/4e49f4e267757a06ca072ec61b2b9968\",\"name\":\"Adriana Costa\",\"image\":{\"@type\":\"ImageObject\",\"inLanguage\":\"pt-BR\",\"@id\":\"https:\/\/www.manaus.am.gov.br\/manauscult\/#\/schema\/person\/image\/\",\"url\":\"https:\/\/secure.gravatar.com\/avatar\/576258617ef7194f718179e766d57bd4?s=96&d=mm&r=g\",\"contentUrl\":\"https:\/\/secure.gravatar.com\/avatar\/576258617ef7194f718179e766d57bd4?s=96&d=mm&r=g\",\"caption\":\"Adriana Costa\"}}]}<\/script>\n<!-- \/ Yoast SEO plugin. -->","yoast_head_json":{"title":"Festival folcl\u00f3rico agita p\u00fablico no Centro Cultural dos Povos da Amaz\u00f4nia","description":"A segunda noite de apresenta\u00e7\u00f5es do 65\u00b0 Festival Folcl\u00f3rico do Amazonas (FFA), desta segunda-feira, 12\/6, agitou o p\u00fablico presente na arena do Centro Cultural dos Povos da Amaz\u00f4nia (CCPA), no Distrito Industrial, zona Sul. O festival \u00e9 promovido pela Prefeitura de Manaus e o governo do Amazonas, e segue at\u00e9 o dia 25 de junho, com entrada gratuita.","robots":{"index":"noindex","follow":"follow"},"og_locale":"pt_BR","og_type":"article","og_title":"Festival folcl\u00f3rico agita p\u00fablico no Centro Cultural dos Povos da Amaz\u00f4nia","og_description":"A segunda noite de apresenta\u00e7\u00f5es do 65\u00b0 Festival Folcl\u00f3rico do Amazonas (FFA), desta segunda-feira, 12\/6, agitou o p\u00fablico presente na arena do Centro Cultural dos Povos da Amaz\u00f4nia (CCPA), no Distrito Industrial, zona Sul. O festival \u00e9 promovido pela Prefeitura de Manaus e o governo do Amazonas, e segue at\u00e9 o dia 25 de junho, com entrada gratuita.","og_url":"https:\/\/www.manaus.am.gov.br\/manauscult\/festival-folclorico-agita-publico-no-centro-cultural-dos-povos-da-amazonia\/","og_site_name":"MANAUSCULT","article_published_time":"2023-06-13T18:02:49+00:00","article_modified_time":"2023-06-13T18:02:50+00:00","og_image":[{"width":1440,"height":960,"url":"https:\/\/www.manaus.am.gov.br\/manauscult\/wp-content\/uploads\/sites\/11\/2023\/06\/Festival-Folclorico-2.jpeg","type":"image\/jpeg"}],"author":"Adriana Costa","twitter_card":"summary_large_image","twitter_misc":{"Written by":"Adriana Costa","Est. reading time":"5 minutos"},"schema":{"@context":"https:\/\/schema.org","@graph":[{"@type":"WebPage","@id":"https:\/\/www.manaus.am.gov.br\/manauscult\/festival-folclorico-agita-publico-no-centro-cultural-dos-povos-da-amazonia\/","url":"https:\/\/www.manaus.am.gov.br\/manauscult\/festival-folclorico-agita-publico-no-centro-cultural-dos-povos-da-amazonia\/","name":"Festival folcl\u00f3rico agita p\u00fablico no Centro Cultural dos Povos da Amaz\u00f4nia","isPartOf":{"@id":"https:\/\/www.manaus.am.gov.br\/manauscult\/#website"},"primaryImageOfPage":{"@id":"https:\/\/www.manaus.am.gov.br\/manauscult\/festival-folclorico-agita-publico-no-centro-cultural-dos-povos-da-amazonia\/#primaryimage"},"image":{"@id":"https:\/\/www.manaus.am.gov.br\/manauscult\/festival-folclorico-agita-publico-no-centro-cultural-dos-povos-da-amazonia\/#primaryimage"},"thumbnailUrl":"https:\/\/www.manaus.am.gov.br\/manauscult\/wp-content\/uploads\/sites\/11\/2023\/06\/Festival-Folclorico-2.jpeg","datePublished":"2023-06-13T18:02:49+00:00","dateModified":"2023-06-13T18:02:50+00:00","author":{"@id":"https:\/\/www.manaus.am.gov.br\/manauscult\/#\/schema\/person\/4e49f4e267757a06ca072ec61b2b9968"},"description":"A segunda noite de apresenta\u00e7\u00f5es do 65\u00b0 Festival Folcl\u00f3rico do Amazonas (FFA), desta segunda-feira, 12\/6, agitou o p\u00fablico presente na arena do Centro Cultural dos Povos da Amaz\u00f4nia (CCPA), no Distrito Industrial, zona Sul. O festival \u00e9 promovido pela Prefeitura de Manaus e o governo do Amazonas, e segue at\u00e9 o dia 25 de junho, com entrada gratuita.","breadcrumb":{"@id":"https:\/\/www.manaus.am.gov.br\/manauscult\/festival-folclorico-agita-publico-no-centro-cultural-dos-povos-da-amazonia\/#breadcrumb"},"inLanguage":"pt-BR","potentialAction":[{"@type":"ReadAction","target":["https:\/\/www.manaus.am.gov.br\/manauscult\/festival-folclorico-agita-publico-no-centro-cultural-dos-povos-da-amazonia\/"]}]},{"@type":"ImageObject","inLanguage":"pt-BR","@id":"https:\/\/www.manaus.am.gov.br\/manauscult\/festival-folclorico-agita-publico-no-centro-cultural-dos-povos-da-amazonia\/#primaryimage","url":"https:\/\/www.manaus.am.gov.br\/manauscult\/wp-content\/uploads\/sites\/11\/2023\/06\/Festival-Folclorico-2.jpeg","contentUrl":"https:\/\/www.manaus.am.gov.br\/manauscult\/wp-content\/uploads\/sites\/11\/2023\/06\/Festival-Folclorico-2.jpeg","width":1440,"height":960},{"@type":"BreadcrumbList","@id":"https:\/\/www.manaus.am.gov.br\/manauscult\/festival-folclorico-agita-publico-no-centro-cultural-dos-povos-da-amazonia\/#breadcrumb","itemListElement":[{"@type":"ListItem","position":1,"name":"Home","item":"https:\/\/www.manaus.am.gov.br\/manauscult\/"},{"@type":"ListItem","position":2,"name":"Festival folcl\u00f3rico agita p\u00fablico no Centro Cultural dos Povos da Amaz\u00f4nia"}]},{"@type":"WebSite","@id":"https:\/\/www.manaus.am.gov.br\/manauscult\/#website","url":"https:\/\/www.manaus.am.gov.br\/manauscult\/","name":"MANAUSCULT","description":"Prefeitura de Manaus","potentialAction":[{"@type":"SearchAction","target":{"@type":"EntryPoint","urlTemplate":"https:\/\/www.manaus.am.gov.br\/manauscult\/?s={search_term_string}"},"query-input":"required name=search_term_string"}],"inLanguage":"pt-BR"},{"@type":"Person","@id":"https:\/\/www.manaus.am.gov.br\/manauscult\/#\/schema\/person\/4e49f4e267757a06ca072ec61b2b9968","name":"Adriana Costa","image":{"@type":"ImageObject","inLanguage":"pt-BR","@id":"https:\/\/www.manaus.am.gov.br\/manauscult\/#\/schema\/person\/image\/","url":"https:\/\/secure.gravatar.com\/avatar\/576258617ef7194f718179e766d57bd4?s=96&d=mm&r=g","contentUrl":"https:\/\/secure.gravatar.com\/avatar\/576258617ef7194f718179e766d57bd4?s=96&d=mm&r=g","caption":"Adriana Costa"}}]}},"_links":{"self":[{"href":"https:\/\/www.manaus.am.gov.br\/manauscult\/wp-json\/wp\/v2\/posts\/794"}],"collection":[{"href":"https:\/\/www.manaus.am.gov.br\/manauscult\/wp-json\/wp\/v2\/posts"}],"about":[{"href":"https:\/\/www.manaus.am.gov.br\/manauscult\/wp-json\/wp\/v2\/types\/post"}],"author":[{"embeddable":true,"href":"https:\/\/www.manaus.am.gov.br\/manauscult\/wp-json\/wp\/v2\/users\/23"}],"replies":[{"embeddable":true,"href":"https:\/\/www.manaus.am.gov.br\/manauscult\/wp-json\/wp\/v2\/comments?post=794"}],"version-history":[{"count":0,"href":"https:\/\/www.manaus.am.gov.br\/manauscult\/wp-json\/wp\/v2\/posts\/794\/revisions"}],"wp:featuredmedia":[{"embeddable":true,"href":"https:\/\/www.manaus.am.gov.br\/manauscult\/wp-json\/wp\/v2\/media\/795"}],"wp:attachment":[{"href":"https:\/\/www.manaus.am.gov.br\/manauscult\/wp-json\/wp\/v2\/media?parent=794"}],"wp:term":[{"taxonomy":"category","embeddable":true,"href":"https:\/\/www.manaus.am.gov.br\/manauscult\/wp-json\/wp\/v2\/categories?post=794"},{"taxonomy":"post_tag","embeddable":true,"href":"https:\/\/www.manaus.am.gov.br\/manauscult\/wp-json\/wp\/v2\/tags?post=794"}],"curies":[{"name":"wp","href":"https:\/\/api.w.org\/{rel}","templated":true}]}}