{"id":789,"date":"2023-06-12T01:26:45","date_gmt":"2023-06-12T05:26:45","guid":{"rendered":"https:\/\/www.manaus.am.gov.br\/manauscult\/primeira-noite-de-apresentacoes-do-65o-festival-folclorico-do-amazonas-reune-nove-mil-pessoas\/"},"modified":"2023-06-12T01:26:47","modified_gmt":"2023-06-12T05:26:47","slug":"primeira-noite-de-apresentacoes-do-65o-festival-folclorico-do-amazonas-reune-nove-mil-pessoas","status":"publish","type":"post","link":"https:\/\/www.manaus.am.gov.br\/manauscult\/primeira-noite-de-apresentacoes-do-65o-festival-folclorico-do-amazonas-reune-nove-mil-pessoas\/","title":{"rendered":"<strong>Primeira noite de apresenta\u00e7\u00f5es do 65\u00ba Festival Folcl\u00f3rico do Amazonas re\u00fane nove mil pessoas<\/strong>"},"content":{"rendered":"\n<p>O prefeito de Manaus, David Almeida, declarou aberto, na noite deste domingo, 11\/6, o 65\u00ba Festival Folcl\u00f3rico do Amazonas (FFA), que em sua primeira noite de programa\u00e7\u00e3o atraiu um p\u00fablico de nove mil pessoas para o Centro Cultural dos Povos da Amaz\u00f4nia (CCPA), localizado no Distrito Industrial, zona Sul. A festan\u00e7a iniciou com a tradicional \u201cFesta das Luzes\u201d, com uma queima de fogos que iluminou toda a arena de apresenta\u00e7\u00e3o das dan\u00e7as e, de forma in\u00e9dita, o FFA contou com a presen\u00e7a do cantor nacional JM Puxado.<\/p>\n\n\n\n<p>O prefeito de Manaus, David Almeida, destacou a uni\u00e3o de esfor\u00e7os da Prefeitura de Manaus e governo do Amazonas para resgatar a tradi\u00e7\u00e3o do festival folcl\u00f3rico na bola da Suframa. \u201cN\u00f3s temos, pela primeira vez na hist\u00f3ria, ap\u00f3s 65 anos, uma atra\u00e7\u00e3o nacional para o evento, pagamos o fomento a todas as dan\u00e7as antecipadamente, aumentamos o repasse, melhoramos toda a estrutura, para que elas pudessem ter condi\u00e7\u00f5es de fazer suas apresenta\u00e7\u00f5es e acima de tudo dar a Manaus um espet\u00e1culo de qualidade. Eu posso dizer que eu estou muito feliz porque eu participava, eu vinha a p\u00e9 da minha casa, do Morro da Liberdade, aqui para o tablado da bola da Suframa\u201d, disse David Almeida.<\/p>\n\n\n\n<p>O evento \u00e9 promovido pela Prefeitura de Manaus, em parceria com o governo do Amazonas, por meio da Funda\u00e7\u00e3o Municipal de Cultura, Turismo e Eventos (Manauscult), Secretaria de Estado de Cultura e Economia Criativa (SEC) e mais de 20 servi\u00e7os p\u00fablicos que comp\u00f5em a Matriz de Responsabilidade dos grandes eventos na cidade de Manaus coordenada pelo Centro de Coopera\u00e7\u00e3o da Cidade de Manaus (CCC) e Centro Integrado de Comando e Controle (CICC).<\/p>\n\n\n\n<p>De acordo com o diretor-presidente da Manauscult, Osvaldo Cardoso, o Festival Folcl\u00f3rico do Amazonas \u00e9 um dos mais antigos e tradicionais festivais da regi\u00e3o Norte, al\u00e9m de movimentar toda a cadeia cultural da cidade e gerar emprego e renda.<\/p>\n\n\n\n<p>\u201cEsse, que \u00e9 um dos grandes eventos do calend\u00e1rio cultural de Manaus, este ano, atendendo determina\u00e7\u00e3o do prefeito David Almeida, imprimimos um ritmo diferente, tanto na organiza\u00e7\u00e3o do evento quanto na participa\u00e7\u00e3o dos grupos. Tamb\u00e9m atendemos todos os pleitos do segmento folcl\u00f3rico e hoje o resultado \u00e9 essa entrega linda com a participa\u00e7\u00e3o maci\u00e7a da popula\u00e7\u00e3o. Esse \u00e9 o resgate cultural que estamos perseguindo\u201d, enfatizou o diretor-presidente da Manauscult, Osvaldo Cardoso.<\/p>\n\n\n\n<p>\u201cE com a jun\u00e7\u00e3o de for\u00e7as, do deputado Abdala Fraxe, governo do Estado do Amazonas, com a C\u00e2mara Municipal de Manaus, com o vereador Alonso Oliveira, que \u00e9 o presidente da Comiss\u00e3o de Cultura, n\u00f3s s\u00f3 podemos fazer um grande trabalho, se n\u00f3s tivermos essa uni\u00e3o de for\u00e7as e gra\u00e7as ao prefeito David Almeida foi poss\u00edvel fazer isso\u201d, finalizou Cardoso.<\/p>\n\n\n\n<p>Neste domingo, na modalidade \u201cMostra folcl\u00f3rica\u201d, se apresentaram os grupos Star Hits, Explos\u00e3o de Manaus, Junina Cabocla, Junina Girassol, Ciranda do Aleixo, Baru Junina, al\u00e9m da atra\u00e7\u00e3o nacional, o cantor e compositor de forr\u00f3, xote e pisadinha, JM Puxado. Ao longo da semana, as apresenta\u00e7\u00f5es acontecer\u00e3o sempre entre 20h e 23h.<\/p>\n\n\n\n<p>Considerado uma das manifesta\u00e7\u00f5es folcl\u00f3ricas mais tradicionais do Amazonas, os grupos est\u00e3o divididos em 12 modalidades, entre as quais dan\u00e7as como quadrilhas, cirandas, cacetinho, tribos, dan\u00e7as nacionais, internacionais e nordestinas. A categoria Ouro do Festival Folcl\u00f3rico do Amazonas, onde os bois de Manaus se apresentam, \u00e9 promovida pela SEC.<\/p>\n\n\n\n<p><strong>Gastronomia<\/strong><\/p>\n\n\n\n<p>Este ano o governo do Amazonas e a Prefeitura de Manaus realizaram a doa\u00e7\u00e3o de 30 barracas \u00e0s institui\u00e7\u00f5es sociais assistidas pelo Fundo de Promo\u00e7\u00e3o Social (FPS) do Estado e pelo Fundo Manaus Solid\u00e1ria (FMS) do munic\u00edpio, para compor a feira gastron\u00f4mica&nbsp;do&nbsp;festival, operando com a venda de comidas e bebidas.<\/p>\n\n\n\n<p>As barracas est\u00e3o localizadas&nbsp;pr\u00f3ximas \u00e0 arquibancada&nbsp;do&nbsp;anfiteatro&nbsp;e funcionar\u00e3o durante todo o evento, iniciando a venda de produtos \u00e0s 18h, com pre\u00e7os variando entre R$ 5 a R$ 35.<\/p>\n\n\n\n<p>No card\u00e1pio&nbsp;do&nbsp;festival, est\u00e3o comidas regionais e t\u00edpicas dos festejos, como bob\u00f3 de camar\u00e3o, carne de sol, tacac\u00e1, farofa de camar\u00e3o, milho cozido, ma\u00e7\u00e3 do amor, pamonha, bolo de macaxeira, cachorro-quente, batata frita, sandu\u00edches, pizza, entre outros pratos.<\/p>\n\n\n\n<p><strong>Mostra Folcl\u00f3rica<\/strong><\/p>\n\n\n\n<p>Entre as novidades deste ano, atendendo a um pedido dos grupos folcl\u00f3ricos, a Manauscult concedeu a oportunidade de apresenta\u00e7\u00e3o, nos dias 11 e 12 de junho, para dan\u00e7as in\u00e9ditas que nunca participaram do Festival Folcl\u00f3rico do Amazonas. Ser\u00e3o 18 grupos folcl\u00f3ricos se apresentando, pela primeira vez, ap\u00f3s oito anos de espera por novo cadastro.<\/p>\n\n\n\n<p><strong>Hist\u00f3rico<\/strong><\/p>\n\n\n\n<p>Desde 1957, o Festival Folcl\u00f3rico do Amazonas re\u00fane as manifesta\u00e7\u00f5es folcl\u00f3ricas presentes nos bairros de Manaus e tem a participa\u00e7\u00e3o especial dos bois Garanh\u00e3o, Brilhante e Corre-Campo.<\/p>\n\n\n\n<p>O festival inicialmente acontecia no centro de Manaus, onde hoje est\u00e1 localizado o Col\u00e9gio Militar. Ap\u00f3s 1979, com a instala\u00e7\u00e3o do col\u00e9gio, ele foi realizado no Parque Amazonense, no Est\u00e1dio da Colina e no antigo Est\u00e1dio Vivaldo Lima, o Vivald\u00e3o.<\/p>\n\n\n\n<p>Mas foi na pra\u00e7a Francisco Pereira da Silva, mais conhecida como \u201cbola da Suframa\u201d, que o evento ganhou for\u00e7a e se tornou ainda mais conhecido na cidade. Mais tarde foi criado o Centro Cultural dos Povos da Amaz\u00f4nia, que abriga a festa por muitos anos.<\/p>\n\n\n\n<p>&#8212; &#8212; &#8212;<\/p>\n\n\n\n<p><strong>Texto &#8211;<\/strong>&nbsp;Emanuelle Baires \/ Manauscult<\/p>\n\n\n\n<p><strong>Fotos \u2013&nbsp;<\/strong>Aguilar Abecassis \/ Semcom<\/p>\n\n\n\n<p><strong>Dispon\u00edveis em &#8211;<\/strong>&nbsp;<a href=\"https:\/\/flic.kr\/s\/aHBqjAHrtk\" target=\"_blank\" rel=\"noreferrer noopener\">https:\/\/flic.kr\/s\/aHBqjAHrtk<\/a><\/p>\n","protected":false},"excerpt":{"rendered":"","protected":false},"author":24,"featured_media":790,"comment_status":"closed","ping_status":"closed","sticky":false,"template":"","format":"standard","meta":{"footnotes":""},"categories":[12],"tags":[5,154,67,155,156,9,10,11,157,158],"acf":[],"yoast_head":"<!-- This site is optimized with the Yoast SEO plugin v23.0 - https:\/\/yoast.com\/wordpress\/plugins\/seo\/ -->\n<title>Primeira noite de apresenta\u00e7\u00f5es do 65\u00ba Festival Folcl\u00f3rico do Amazonas re\u00fane nove mil pessoas - MANAUSCULT<\/title>\n<meta name=\"description\" content=\"O prefeito de Manaus, David Almeida, declarou aberto, na noite deste domingo, 11\/6, o 65\u00ba Festival Folcl\u00f3rico do Amazonas (FFA), que em sua primeira noite de programa\u00e7\u00e3o atraiu um p\u00fablico de nove mil pessoas para o Centro Cultural dos Povos da Amaz\u00f4nia (CCPA), localizado no Distrito Industrial, zona Sul.\" \/>\n<meta name=\"robots\" content=\"noindex, follow\" \/>\n<meta property=\"og:locale\" content=\"pt_BR\" \/>\n<meta property=\"og:type\" content=\"article\" \/>\n<meta property=\"og:title\" content=\"Primeira noite de apresenta\u00e7\u00f5es do 65\u00ba Festival Folcl\u00f3rico do Amazonas re\u00fane nove mil pessoas - MANAUSCULT\" \/>\n<meta property=\"og:description\" content=\"O prefeito de Manaus, David Almeida, declarou aberto, na noite deste domingo, 11\/6, o 65\u00ba Festival Folcl\u00f3rico do Amazonas (FFA), que em sua primeira noite de programa\u00e7\u00e3o atraiu um p\u00fablico de nove mil pessoas para o Centro Cultural dos Povos da Amaz\u00f4nia (CCPA), localizado no Distrito Industrial, zona Sul.\" \/>\n<meta property=\"og:url\" content=\"https:\/\/www.manaus.am.gov.br\/manauscult\/primeira-noite-de-apresentacoes-do-65o-festival-folclorico-do-amazonas-reune-nove-mil-pessoas\/\" \/>\n<meta property=\"og:site_name\" content=\"MANAUSCULT\" \/>\n<meta property=\"article:published_time\" content=\"2023-06-12T05:26:45+00:00\" \/>\n<meta property=\"article:modified_time\" content=\"2023-06-12T05:26:47+00:00\" \/>\n<meta property=\"og:image\" content=\"https:\/\/www.manaus.am.gov.br\/manauscult\/wp-content\/uploads\/sites\/11\/2023\/06\/52967784976_0ed4e44bd8_o-scaled.jpg\" \/>\n\t<meta property=\"og:image:width\" content=\"2560\" \/>\n\t<meta property=\"og:image:height\" content=\"1707\" \/>\n\t<meta property=\"og:image:type\" content=\"image\/jpeg\" \/>\n<meta name=\"author\" content=\"Cl\u00e1udia Barbosa\" \/>\n<meta name=\"twitter:card\" content=\"summary_large_image\" \/>\n<meta name=\"twitter:label1\" content=\"Written by\" \/>\n\t<meta name=\"twitter:data1\" content=\"Cl\u00e1udia Barbosa\" \/>\n\t<meta name=\"twitter:label2\" content=\"Est. reading time\" \/>\n\t<meta name=\"twitter:data2\" content=\"5 minutos\" \/>\n<script type=\"application\/ld+json\" class=\"yoast-schema-graph\">{\"@context\":\"https:\/\/schema.org\",\"@graph\":[{\"@type\":\"WebPage\",\"@id\":\"https:\/\/www.manaus.am.gov.br\/manauscult\/primeira-noite-de-apresentacoes-do-65o-festival-folclorico-do-amazonas-reune-nove-mil-pessoas\/\",\"url\":\"https:\/\/www.manaus.am.gov.br\/manauscult\/primeira-noite-de-apresentacoes-do-65o-festival-folclorico-do-amazonas-reune-nove-mil-pessoas\/\",\"name\":\"Primeira noite de apresenta\u00e7\u00f5es do 65\u00ba Festival Folcl\u00f3rico do Amazonas re\u00fane nove mil pessoas - MANAUSCULT\",\"isPartOf\":{\"@id\":\"https:\/\/www.manaus.am.gov.br\/manauscult\/#website\"},\"primaryImageOfPage\":{\"@id\":\"https:\/\/www.manaus.am.gov.br\/manauscult\/primeira-noite-de-apresentacoes-do-65o-festival-folclorico-do-amazonas-reune-nove-mil-pessoas\/#primaryimage\"},\"image\":{\"@id\":\"https:\/\/www.manaus.am.gov.br\/manauscult\/primeira-noite-de-apresentacoes-do-65o-festival-folclorico-do-amazonas-reune-nove-mil-pessoas\/#primaryimage\"},\"thumbnailUrl\":\"https:\/\/www.manaus.am.gov.br\/manauscult\/wp-content\/uploads\/sites\/11\/2023\/06\/52967784976_0ed4e44bd8_o-scaled.jpg\",\"datePublished\":\"2023-06-12T05:26:45+00:00\",\"dateModified\":\"2023-06-12T05:26:47+00:00\",\"author\":{\"@id\":\"https:\/\/www.manaus.am.gov.br\/manauscult\/#\/schema\/person\/d0a166b5031154c33c77794ddc9a827e\"},\"description\":\"O prefeito de Manaus, David Almeida, declarou aberto, na noite deste domingo, 11\/6, o 65\u00ba Festival Folcl\u00f3rico do Amazonas (FFA), que em sua primeira noite de programa\u00e7\u00e3o atraiu um p\u00fablico de nove mil pessoas para o Centro Cultural dos Povos da Amaz\u00f4nia (CCPA), localizado no Distrito Industrial, zona Sul.\",\"breadcrumb\":{\"@id\":\"https:\/\/www.manaus.am.gov.br\/manauscult\/primeira-noite-de-apresentacoes-do-65o-festival-folclorico-do-amazonas-reune-nove-mil-pessoas\/#breadcrumb\"},\"inLanguage\":\"pt-BR\",\"potentialAction\":[{\"@type\":\"ReadAction\",\"target\":[\"https:\/\/www.manaus.am.gov.br\/manauscult\/primeira-noite-de-apresentacoes-do-65o-festival-folclorico-do-amazonas-reune-nove-mil-pessoas\/\"]}]},{\"@type\":\"ImageObject\",\"inLanguage\":\"pt-BR\",\"@id\":\"https:\/\/www.manaus.am.gov.br\/manauscult\/primeira-noite-de-apresentacoes-do-65o-festival-folclorico-do-amazonas-reune-nove-mil-pessoas\/#primaryimage\",\"url\":\"https:\/\/www.manaus.am.gov.br\/manauscult\/wp-content\/uploads\/sites\/11\/2023\/06\/52967784976_0ed4e44bd8_o-scaled.jpg\",\"contentUrl\":\"https:\/\/www.manaus.am.gov.br\/manauscult\/wp-content\/uploads\/sites\/11\/2023\/06\/52967784976_0ed4e44bd8_o-scaled.jpg\",\"width\":2560,\"height\":1707},{\"@type\":\"BreadcrumbList\",\"@id\":\"https:\/\/www.manaus.am.gov.br\/manauscult\/primeira-noite-de-apresentacoes-do-65o-festival-folclorico-do-amazonas-reune-nove-mil-pessoas\/#breadcrumb\",\"itemListElement\":[{\"@type\":\"ListItem\",\"position\":1,\"name\":\"Home\",\"item\":\"https:\/\/www.manaus.am.gov.br\/manauscult\/\"},{\"@type\":\"ListItem\",\"position\":2,\"name\":\"Primeira noite de apresenta\u00e7\u00f5es do 65\u00ba Festival Folcl\u00f3rico do Amazonas re\u00fane nove mil pessoas\"}]},{\"@type\":\"WebSite\",\"@id\":\"https:\/\/www.manaus.am.gov.br\/manauscult\/#website\",\"url\":\"https:\/\/www.manaus.am.gov.br\/manauscult\/\",\"name\":\"MANAUSCULT\",\"description\":\"Prefeitura de Manaus\",\"potentialAction\":[{\"@type\":\"SearchAction\",\"target\":{\"@type\":\"EntryPoint\",\"urlTemplate\":\"https:\/\/www.manaus.am.gov.br\/manauscult\/?s={search_term_string}\"},\"query-input\":\"required name=search_term_string\"}],\"inLanguage\":\"pt-BR\"},{\"@type\":\"Person\",\"@id\":\"https:\/\/www.manaus.am.gov.br\/manauscult\/#\/schema\/person\/d0a166b5031154c33c77794ddc9a827e\",\"name\":\"Cl\u00e1udia Barbosa\",\"image\":{\"@type\":\"ImageObject\",\"inLanguage\":\"pt-BR\",\"@id\":\"https:\/\/www.manaus.am.gov.br\/manauscult\/#\/schema\/person\/image\/\",\"url\":\"https:\/\/secure.gravatar.com\/avatar\/42958a1cf007f1a00534009218c72590?s=96&d=mm&r=g\",\"contentUrl\":\"https:\/\/secure.gravatar.com\/avatar\/42958a1cf007f1a00534009218c72590?s=96&d=mm&r=g\",\"caption\":\"Cl\u00e1udia Barbosa\"}}]}<\/script>\n<!-- \/ Yoast SEO plugin. -->","yoast_head_json":{"title":"Primeira noite de apresenta\u00e7\u00f5es do 65\u00ba Festival Folcl\u00f3rico do Amazonas re\u00fane nove mil pessoas - MANAUSCULT","description":"O prefeito de Manaus, David Almeida, declarou aberto, na noite deste domingo, 11\/6, o 65\u00ba Festival Folcl\u00f3rico do Amazonas (FFA), que em sua primeira noite de programa\u00e7\u00e3o atraiu um p\u00fablico de nove mil pessoas para o Centro Cultural dos Povos da Amaz\u00f4nia (CCPA), localizado no Distrito Industrial, zona Sul.","robots":{"index":"noindex","follow":"follow"},"og_locale":"pt_BR","og_type":"article","og_title":"Primeira noite de apresenta\u00e7\u00f5es do 65\u00ba Festival Folcl\u00f3rico do Amazonas re\u00fane nove mil pessoas - MANAUSCULT","og_description":"O prefeito de Manaus, David Almeida, declarou aberto, na noite deste domingo, 11\/6, o 65\u00ba Festival Folcl\u00f3rico do Amazonas (FFA), que em sua primeira noite de programa\u00e7\u00e3o atraiu um p\u00fablico de nove mil pessoas para o Centro Cultural dos Povos da Amaz\u00f4nia (CCPA), localizado no Distrito Industrial, zona Sul.","og_url":"https:\/\/www.manaus.am.gov.br\/manauscult\/primeira-noite-de-apresentacoes-do-65o-festival-folclorico-do-amazonas-reune-nove-mil-pessoas\/","og_site_name":"MANAUSCULT","article_published_time":"2023-06-12T05:26:45+00:00","article_modified_time":"2023-06-12T05:26:47+00:00","og_image":[{"width":2560,"height":1707,"url":"https:\/\/www.manaus.am.gov.br\/manauscult\/wp-content\/uploads\/sites\/11\/2023\/06\/52967784976_0ed4e44bd8_o-scaled.jpg","type":"image\/jpeg"}],"author":"Cl\u00e1udia Barbosa","twitter_card":"summary_large_image","twitter_misc":{"Written by":"Cl\u00e1udia Barbosa","Est. reading time":"5 minutos"},"schema":{"@context":"https:\/\/schema.org","@graph":[{"@type":"WebPage","@id":"https:\/\/www.manaus.am.gov.br\/manauscult\/primeira-noite-de-apresentacoes-do-65o-festival-folclorico-do-amazonas-reune-nove-mil-pessoas\/","url":"https:\/\/www.manaus.am.gov.br\/manauscult\/primeira-noite-de-apresentacoes-do-65o-festival-folclorico-do-amazonas-reune-nove-mil-pessoas\/","name":"Primeira noite de apresenta\u00e7\u00f5es do 65\u00ba Festival Folcl\u00f3rico do Amazonas re\u00fane nove mil pessoas - MANAUSCULT","isPartOf":{"@id":"https:\/\/www.manaus.am.gov.br\/manauscult\/#website"},"primaryImageOfPage":{"@id":"https:\/\/www.manaus.am.gov.br\/manauscult\/primeira-noite-de-apresentacoes-do-65o-festival-folclorico-do-amazonas-reune-nove-mil-pessoas\/#primaryimage"},"image":{"@id":"https:\/\/www.manaus.am.gov.br\/manauscult\/primeira-noite-de-apresentacoes-do-65o-festival-folclorico-do-amazonas-reune-nove-mil-pessoas\/#primaryimage"},"thumbnailUrl":"https:\/\/www.manaus.am.gov.br\/manauscult\/wp-content\/uploads\/sites\/11\/2023\/06\/52967784976_0ed4e44bd8_o-scaled.jpg","datePublished":"2023-06-12T05:26:45+00:00","dateModified":"2023-06-12T05:26:47+00:00","author":{"@id":"https:\/\/www.manaus.am.gov.br\/manauscult\/#\/schema\/person\/d0a166b5031154c33c77794ddc9a827e"},"description":"O prefeito de Manaus, David Almeida, declarou aberto, na noite deste domingo, 11\/6, o 65\u00ba Festival Folcl\u00f3rico do Amazonas (FFA), que em sua primeira noite de programa\u00e7\u00e3o atraiu um p\u00fablico de nove mil pessoas para o Centro Cultural dos Povos da Amaz\u00f4nia (CCPA), localizado no Distrito Industrial, zona Sul.","breadcrumb":{"@id":"https:\/\/www.manaus.am.gov.br\/manauscult\/primeira-noite-de-apresentacoes-do-65o-festival-folclorico-do-amazonas-reune-nove-mil-pessoas\/#breadcrumb"},"inLanguage":"pt-BR","potentialAction":[{"@type":"ReadAction","target":["https:\/\/www.manaus.am.gov.br\/manauscult\/primeira-noite-de-apresentacoes-do-65o-festival-folclorico-do-amazonas-reune-nove-mil-pessoas\/"]}]},{"@type":"ImageObject","inLanguage":"pt-BR","@id":"https:\/\/www.manaus.am.gov.br\/manauscult\/primeira-noite-de-apresentacoes-do-65o-festival-folclorico-do-amazonas-reune-nove-mil-pessoas\/#primaryimage","url":"https:\/\/www.manaus.am.gov.br\/manauscult\/wp-content\/uploads\/sites\/11\/2023\/06\/52967784976_0ed4e44bd8_o-scaled.jpg","contentUrl":"https:\/\/www.manaus.am.gov.br\/manauscult\/wp-content\/uploads\/sites\/11\/2023\/06\/52967784976_0ed4e44bd8_o-scaled.jpg","width":2560,"height":1707},{"@type":"BreadcrumbList","@id":"https:\/\/www.manaus.am.gov.br\/manauscult\/primeira-noite-de-apresentacoes-do-65o-festival-folclorico-do-amazonas-reune-nove-mil-pessoas\/#breadcrumb","itemListElement":[{"@type":"ListItem","position":1,"name":"Home","item":"https:\/\/www.manaus.am.gov.br\/manauscult\/"},{"@type":"ListItem","position":2,"name":"Primeira noite de apresenta\u00e7\u00f5es do 65\u00ba Festival Folcl\u00f3rico do Amazonas re\u00fane nove mil pessoas"}]},{"@type":"WebSite","@id":"https:\/\/www.manaus.am.gov.br\/manauscult\/#website","url":"https:\/\/www.manaus.am.gov.br\/manauscult\/","name":"MANAUSCULT","description":"Prefeitura de Manaus","potentialAction":[{"@type":"SearchAction","target":{"@type":"EntryPoint","urlTemplate":"https:\/\/www.manaus.am.gov.br\/manauscult\/?s={search_term_string}"},"query-input":"required name=search_term_string"}],"inLanguage":"pt-BR"},{"@type":"Person","@id":"https:\/\/www.manaus.am.gov.br\/manauscult\/#\/schema\/person\/d0a166b5031154c33c77794ddc9a827e","name":"Cl\u00e1udia Barbosa","image":{"@type":"ImageObject","inLanguage":"pt-BR","@id":"https:\/\/www.manaus.am.gov.br\/manauscult\/#\/schema\/person\/image\/","url":"https:\/\/secure.gravatar.com\/avatar\/42958a1cf007f1a00534009218c72590?s=96&d=mm&r=g","contentUrl":"https:\/\/secure.gravatar.com\/avatar\/42958a1cf007f1a00534009218c72590?s=96&d=mm&r=g","caption":"Cl\u00e1udia Barbosa"}}]}},"_links":{"self":[{"href":"https:\/\/www.manaus.am.gov.br\/manauscult\/wp-json\/wp\/v2\/posts\/789"}],"collection":[{"href":"https:\/\/www.manaus.am.gov.br\/manauscult\/wp-json\/wp\/v2\/posts"}],"about":[{"href":"https:\/\/www.manaus.am.gov.br\/manauscult\/wp-json\/wp\/v2\/types\/post"}],"author":[{"embeddable":true,"href":"https:\/\/www.manaus.am.gov.br\/manauscult\/wp-json\/wp\/v2\/users\/24"}],"replies":[{"embeddable":true,"href":"https:\/\/www.manaus.am.gov.br\/manauscult\/wp-json\/wp\/v2\/comments?post=789"}],"version-history":[{"count":0,"href":"https:\/\/www.manaus.am.gov.br\/manauscult\/wp-json\/wp\/v2\/posts\/789\/revisions"}],"wp:featuredmedia":[{"embeddable":true,"href":"https:\/\/www.manaus.am.gov.br\/manauscult\/wp-json\/wp\/v2\/media\/790"}],"wp:attachment":[{"href":"https:\/\/www.manaus.am.gov.br\/manauscult\/wp-json\/wp\/v2\/media?parent=789"}],"wp:term":[{"taxonomy":"category","embeddable":true,"href":"https:\/\/www.manaus.am.gov.br\/manauscult\/wp-json\/wp\/v2\/categories?post=789"},{"taxonomy":"post_tag","embeddable":true,"href":"https:\/\/www.manaus.am.gov.br\/manauscult\/wp-json\/wp\/v2\/tags?post=789"}],"curies":[{"name":"wp","href":"https:\/\/api.w.org\/{rel}","templated":true}]}}