{"id":783,"date":"2023-06-09T12:49:37","date_gmt":"2023-06-09T16:49:37","guid":{"rendered":"https:\/\/www.manaus.am.gov.br\/manauscult\/festival-folclorico-do-amazonas-comeca-neste-domingo-no-centro-cultural-povos-da-amazonia\/"},"modified":"2023-06-09T12:49:39","modified_gmt":"2023-06-09T16:49:39","slug":"festival-folclorico-do-amazonas-comeca-neste-domingo-no-centro-cultural-povos-da-amazonia","status":"publish","type":"post","link":"https:\/\/www.manaus.am.gov.br\/manauscult\/festival-folclorico-do-amazonas-comeca-neste-domingo-no-centro-cultural-povos-da-amazonia\/","title":{"rendered":"<strong>Festival Folcl\u00f3rico do Amazonas come\u00e7a neste domingo no Centro Cultural Povos da Amaz\u00f4nia<\/strong>"},"content":{"rendered":"\n<p>Setenta e cinco grupos das categorias Bronze e Prata se apresentam no 65\u00ba Festival Folcl\u00f3rico do Amazonas (FFA), a partir das 19h, neste domingo, 11\/6, no Centro Cultural Povos da Amaz\u00f4nia (CCPA), na bola da Suframa, no Distrito Industrial, zona Sul. A abertura contar\u00e1 com a atra\u00e7\u00e3o nacional, JM Puxado, cantor e compositor de forr\u00f3, xote e pisadinha, que se apresenta \u00e0s 21h30.<\/p>\n\n\n\n<p>O evento \u00e9 promovido pela Prefeitura de Manaus, por meio da Funda\u00e7\u00e3o Municipal de Cultura, Turismo e Eventos (Manauscult), em parceria com o Governo do Amazonas, via Secretaria de Estado de Cultura e Economia Criativa (SEC), al\u00e9m de quase 20 servi\u00e7os p\u00fablicos que comp\u00f5em a matriz de responsabilidade dos grandes eventos na cidade de Manaus, coordenada pelo Centro de Coopera\u00e7\u00e3o da Cidade de Manaus (CCC) e Centro Integrado de Comando e Controle (CICC).<\/p>\n\n\n\n<p>E para dar oportunidade a novos grupos que almejam ingressar na disputa oficial, nos dias 11 e 12, dezoito dan\u00e7as se apresentar\u00e3o na modalidade \u201cMostra Folcl\u00f3rica\u201d, sem avalia\u00e7\u00e3o de jurados e\/ou concorr\u00eancia, pois, o acesso oficial s\u00f3 ser\u00e1 liberado no m\u00eas de setembro, durante o semin\u00e1rio do festival folcl\u00f3rico. As apresenta\u00e7\u00f5es das categorias Bronze e Prata acontecer\u00e3o de 13 a 25\/6, sempre das 19h \u00e0s 23h55.<\/p>\n\n\n\n<p>O diretor-presidente da Manauscult, Osvaldo Cardoso, explica que a a\u00e7\u00e3o \u00e9 um trabalho em conjunto e de apoio \u00e0 cultura amazonense, que vai movimentar o segmento folcl\u00f3rico e gerar postos de trabalho e renda.<\/p>\n\n\n\n<p>\u201cEste ano queremos promover o resgate cultural e a tradi\u00e7\u00e3o dos antigos festivais. Para isso, demos um reajuste no valor do fomento; antecipamos a libera\u00e7\u00e3o do recurso; fizemos ajustes t\u00e9cnicos na arena de apresenta\u00e7\u00e3o das dan\u00e7as que, neste ano, de forma inovadora, contar\u00e1 com uma coxia; estamos disponibilizando uma \u00e1rea para comercializa\u00e7\u00e3o de alimentos, artesanato e para divers\u00e3o das crian\u00e7as; al\u00e9m do investimento no conforto e seguran\u00e7a das fam\u00edlias que vir\u00e3o prestigiar essa festa linda que merece ser passada para gera\u00e7\u00f5es futuras\u201d, concluiu Cardoso.<\/p>\n\n\n\n<p><strong>Fomento<\/strong><\/p>\n\n\n\n<p>O valor de R$ 1.186.482,66, correspondente ao pagamento de apoio financeiro nos termos do Edital de Chamamento P\u00fablico n\u00b0 004\/2023 &#8211; Manauscult, publicado no DOM 5.563, de 11\/4\/2023, para apresenta\u00e7\u00e3o dos grupos folcl\u00f3ricos no 65\u00b0 Festival Folcl\u00f3rico, foi liberado pela Prefeitura de Manaus para as Ligas e Associa\u00e7\u00f5es Folcl\u00f3ricas na \u00faltima sexta-feira, 2\/6.<\/p>\n\n\n\n<p><strong>Atra\u00e7\u00f5es<\/strong><\/p>\n\n\n\n<p>Quadrilhas, cirandas, cacetinho, tribos, boi-bumb\u00e1, dan\u00e7as nacionais, internacionais e nordestinas ser\u00e3o apresentadas pelos grupos na disputa de suas respectivas categorias.<\/p>\n\n\n\n<p>Neste ano, o corpo de jurados \u00e9 composto por seis integrantes, todos t\u00e9cnicos e com vasta experi\u00eancia, sendo teatr\u00f3logos, antrop\u00f3logos, musicistas e historiadores.<\/p>\n\n\n\n<p>Al\u00e9m das apresenta\u00e7\u00f5es dos grupos folcl\u00f3ricos, o&nbsp;festival&nbsp;tamb\u00e9m contar\u00e1&nbsp;com uma feira de artesanatos com 40 expositores, coordenados pela Secretaria Municipal do Trabalho, Empreendedorismo e Inova\u00e7\u00e3o (Semtepi), e um espa\u00e7o atrativo para crian\u00e7as (\u00e1rea kids).<\/p>\n\n\n\n<p>A expectativa \u00e9 atrair um p\u00fablico de cem mil pessoas em 14 dias de festival no CCPA &#8211; bola da Suframa. Os hor\u00e1rios e a programa\u00e7\u00e3o completa podem ser consultados no Portal da Manauscult, pelo link&nbsp;<a href=\"http:\/\/manauscult.manaus.am.gov.br\/\" target=\"_blank\" rel=\"noreferrer noopener\">manauscult.manaus.am.gov.br<\/a>.<\/p>\n\n\n\n<p><strong>Acesso da imprensa<\/strong><\/p>\n\n\n\n<p>O acesso da imprensa \u00e0 arena de apresenta\u00e7\u00e3o das dan\u00e7as ser\u00e1 liberado mediante inscri\u00e7\u00e3o pr\u00e9via, todas as noites, a partir das 19h, no escrit\u00f3rio da Manauscult, que funcionar\u00e1 no cont\u00eainer instalado no local. Ser\u00e1 necess\u00e1ria apresenta\u00e7\u00e3o do crach\u00e1 funcional com documento de identifica\u00e7\u00e3o oficial (carteira de identidade ou de motorista).<\/p>\n\n\n\n<p><strong>Programa\u00e7\u00e3o &#8211; Domingo 11\/6<\/strong><\/p>\n\n\n\n<p><strong>19h<\/strong>&nbsp;&#8211; Star Hits &#8211; Dan\u00e7a alternativa<\/p>\n\n\n\n<p><strong>19h25 &#8211;&nbsp;<\/strong>Explos\u00e3o de Manaus<\/p>\n\n\n\n<p><strong>19h50 &#8211;&nbsp;<\/strong>Junina Cabocla &#8211; Quadrilha tradicional<\/p>\n\n\n\n<p><strong>20h15 &#8211;&nbsp;<\/strong>Junina Girassol- Quadrilha tradicional<\/p>\n\n\n\n<p><strong>20h40 &#8211;&nbsp;<\/strong>Ciranda do Aleixo<\/p>\n\n\n\n<p><strong>21h05 &#8211;&nbsp;<\/strong>Baru Junina &#8211; Quadrilha tradicional<\/p>\n\n\n\n<p><strong>21h30<\/strong>&nbsp;&#8211; Atra\u00e7\u00e3o nacional JM Puxado<\/p>\n\n\n\n<p>&#8212; &#8212; &#8212;&nbsp;<\/p>\n\n\n\n<p><strong>Texto &#8211;&nbsp;<\/strong>Emanuelle Baires \/ Manauscult<\/p>\n\n\n\n<p><strong>Fotos &#8211;&nbsp;<\/strong>Antonio Pereira \/ Arquivo Semcom&nbsp;<\/p>\n\n\n\n<p>&#8212; &#8212; &#8212;<\/p>\n\n\n\n<p><\/p>\n","protected":false},"excerpt":{"rendered":"","protected":false},"author":31,"featured_media":784,"comment_status":"closed","ping_status":"closed","sticky":false,"template":"","format":"standard","meta":{"footnotes":""},"categories":[150],"tags":[7,151,152],"acf":[],"yoast_head":"<!-- This site is optimized with the Yoast SEO plugin v23.0 - https:\/\/yoast.com\/wordpress\/plugins\/seo\/ -->\n<title>Festival Folcl\u00f3rico do Amazonas come\u00e7a neste domingo no Centro Cultural Povos da Amaz\u00f4nia - MANAUSCULT<\/title>\n<meta name=\"robots\" content=\"noindex, follow\" \/>\n<meta property=\"og:locale\" content=\"pt_BR\" \/>\n<meta property=\"og:type\" content=\"article\" \/>\n<meta property=\"og:title\" content=\"Festival Folcl\u00f3rico do Amazonas come\u00e7a neste domingo no Centro Cultural Povos da Amaz\u00f4nia - MANAUSCULT\" \/>\n<meta property=\"og:url\" content=\"https:\/\/www.manaus.am.gov.br\/manauscult\/festival-folclorico-do-amazonas-comeca-neste-domingo-no-centro-cultural-povos-da-amazonia\/\" \/>\n<meta property=\"og:site_name\" content=\"MANAUSCULT\" \/>\n<meta property=\"article:published_time\" content=\"2023-06-09T16:49:37+00:00\" \/>\n<meta property=\"article:modified_time\" content=\"2023-06-09T16:49:39+00:00\" \/>\n<meta property=\"og:image\" content=\"https:\/\/www.manaus.am.gov.br\/manauscult\/wp-content\/uploads\/sites\/11\/2023\/06\/52159290821_a8cd41c6c1_k.jpg\" \/>\n\t<meta property=\"og:image:width\" content=\"2048\" \/>\n\t<meta property=\"og:image:height\" content=\"1365\" \/>\n\t<meta property=\"og:image:type\" content=\"image\/jpeg\" \/>\n<meta name=\"author\" content=\"Renata Felix\" \/>\n<meta name=\"twitter:card\" content=\"summary_large_image\" \/>\n<meta name=\"twitter:label1\" content=\"Written by\" \/>\n\t<meta name=\"twitter:data1\" content=\"Renata Felix\" \/>\n\t<meta name=\"twitter:label2\" content=\"Est. reading time\" \/>\n\t<meta name=\"twitter:data2\" content=\"4 minutos\" \/>\n<script type=\"application\/ld+json\" class=\"yoast-schema-graph\">{\"@context\":\"https:\/\/schema.org\",\"@graph\":[{\"@type\":\"WebPage\",\"@id\":\"https:\/\/www.manaus.am.gov.br\/manauscult\/festival-folclorico-do-amazonas-comeca-neste-domingo-no-centro-cultural-povos-da-amazonia\/\",\"url\":\"https:\/\/www.manaus.am.gov.br\/manauscult\/festival-folclorico-do-amazonas-comeca-neste-domingo-no-centro-cultural-povos-da-amazonia\/\",\"name\":\"Festival Folcl\u00f3rico do Amazonas come\u00e7a neste domingo no Centro Cultural Povos da Amaz\u00f4nia - MANAUSCULT\",\"isPartOf\":{\"@id\":\"https:\/\/www.manaus.am.gov.br\/manauscult\/#website\"},\"primaryImageOfPage\":{\"@id\":\"https:\/\/www.manaus.am.gov.br\/manauscult\/festival-folclorico-do-amazonas-comeca-neste-domingo-no-centro-cultural-povos-da-amazonia\/#primaryimage\"},\"image\":{\"@id\":\"https:\/\/www.manaus.am.gov.br\/manauscult\/festival-folclorico-do-amazonas-comeca-neste-domingo-no-centro-cultural-povos-da-amazonia\/#primaryimage\"},\"thumbnailUrl\":\"https:\/\/www.manaus.am.gov.br\/manauscult\/wp-content\/uploads\/sites\/11\/2023\/06\/52159290821_a8cd41c6c1_k.jpg\",\"datePublished\":\"2023-06-09T16:49:37+00:00\",\"dateModified\":\"2023-06-09T16:49:39+00:00\",\"author\":{\"@id\":\"https:\/\/www.manaus.am.gov.br\/manauscult\/#\/schema\/person\/4eea2a8f78dc853097abb026f728aa06\"},\"breadcrumb\":{\"@id\":\"https:\/\/www.manaus.am.gov.br\/manauscult\/festival-folclorico-do-amazonas-comeca-neste-domingo-no-centro-cultural-povos-da-amazonia\/#breadcrumb\"},\"inLanguage\":\"pt-BR\",\"potentialAction\":[{\"@type\":\"ReadAction\",\"target\":[\"https:\/\/www.manaus.am.gov.br\/manauscult\/festival-folclorico-do-amazonas-comeca-neste-domingo-no-centro-cultural-povos-da-amazonia\/\"]}]},{\"@type\":\"ImageObject\",\"inLanguage\":\"pt-BR\",\"@id\":\"https:\/\/www.manaus.am.gov.br\/manauscult\/festival-folclorico-do-amazonas-comeca-neste-domingo-no-centro-cultural-povos-da-amazonia\/#primaryimage\",\"url\":\"https:\/\/www.manaus.am.gov.br\/manauscult\/wp-content\/uploads\/sites\/11\/2023\/06\/52159290821_a8cd41c6c1_k.jpg\",\"contentUrl\":\"https:\/\/www.manaus.am.gov.br\/manauscult\/wp-content\/uploads\/sites\/11\/2023\/06\/52159290821_a8cd41c6c1_k.jpg\",\"width\":2048,\"height\":1365},{\"@type\":\"BreadcrumbList\",\"@id\":\"https:\/\/www.manaus.am.gov.br\/manauscult\/festival-folclorico-do-amazonas-comeca-neste-domingo-no-centro-cultural-povos-da-amazonia\/#breadcrumb\",\"itemListElement\":[{\"@type\":\"ListItem\",\"position\":1,\"name\":\"Home\",\"item\":\"https:\/\/www.manaus.am.gov.br\/manauscult\/\"},{\"@type\":\"ListItem\",\"position\":2,\"name\":\"Festival Folcl\u00f3rico do Amazonas come\u00e7a neste domingo no Centro Cultural Povos da Amaz\u00f4nia\"}]},{\"@type\":\"WebSite\",\"@id\":\"https:\/\/www.manaus.am.gov.br\/manauscult\/#website\",\"url\":\"https:\/\/www.manaus.am.gov.br\/manauscult\/\",\"name\":\"MANAUSCULT\",\"description\":\"Prefeitura de Manaus\",\"potentialAction\":[{\"@type\":\"SearchAction\",\"target\":{\"@type\":\"EntryPoint\",\"urlTemplate\":\"https:\/\/www.manaus.am.gov.br\/manauscult\/?s={search_term_string}\"},\"query-input\":\"required name=search_term_string\"}],\"inLanguage\":\"pt-BR\"},{\"@type\":\"Person\",\"@id\":\"https:\/\/www.manaus.am.gov.br\/manauscult\/#\/schema\/person\/4eea2a8f78dc853097abb026f728aa06\",\"name\":\"Renata Felix\",\"image\":{\"@type\":\"ImageObject\",\"inLanguage\":\"pt-BR\",\"@id\":\"https:\/\/www.manaus.am.gov.br\/manauscult\/#\/schema\/person\/image\/\",\"url\":\"https:\/\/secure.gravatar.com\/avatar\/3c196cf9d3b837b24c8edb2c50fd8f29?s=96&d=mm&r=g\",\"contentUrl\":\"https:\/\/secure.gravatar.com\/avatar\/3c196cf9d3b837b24c8edb2c50fd8f29?s=96&d=mm&r=g\",\"caption\":\"Renata Felix\"}}]}<\/script>\n<!-- \/ Yoast SEO plugin. -->","yoast_head_json":{"title":"Festival Folcl\u00f3rico do Amazonas come\u00e7a neste domingo no Centro Cultural Povos da Amaz\u00f4nia - MANAUSCULT","robots":{"index":"noindex","follow":"follow"},"og_locale":"pt_BR","og_type":"article","og_title":"Festival Folcl\u00f3rico do Amazonas come\u00e7a neste domingo no Centro Cultural Povos da Amaz\u00f4nia - MANAUSCULT","og_url":"https:\/\/www.manaus.am.gov.br\/manauscult\/festival-folclorico-do-amazonas-comeca-neste-domingo-no-centro-cultural-povos-da-amazonia\/","og_site_name":"MANAUSCULT","article_published_time":"2023-06-09T16:49:37+00:00","article_modified_time":"2023-06-09T16:49:39+00:00","og_image":[{"width":2048,"height":1365,"url":"https:\/\/www.manaus.am.gov.br\/manauscult\/wp-content\/uploads\/sites\/11\/2023\/06\/52159290821_a8cd41c6c1_k.jpg","type":"image\/jpeg"}],"author":"Renata Felix","twitter_card":"summary_large_image","twitter_misc":{"Written by":"Renata Felix","Est. reading time":"4 minutos"},"schema":{"@context":"https:\/\/schema.org","@graph":[{"@type":"WebPage","@id":"https:\/\/www.manaus.am.gov.br\/manauscult\/festival-folclorico-do-amazonas-comeca-neste-domingo-no-centro-cultural-povos-da-amazonia\/","url":"https:\/\/www.manaus.am.gov.br\/manauscult\/festival-folclorico-do-amazonas-comeca-neste-domingo-no-centro-cultural-povos-da-amazonia\/","name":"Festival Folcl\u00f3rico do Amazonas come\u00e7a neste domingo no Centro Cultural Povos da Amaz\u00f4nia - MANAUSCULT","isPartOf":{"@id":"https:\/\/www.manaus.am.gov.br\/manauscult\/#website"},"primaryImageOfPage":{"@id":"https:\/\/www.manaus.am.gov.br\/manauscult\/festival-folclorico-do-amazonas-comeca-neste-domingo-no-centro-cultural-povos-da-amazonia\/#primaryimage"},"image":{"@id":"https:\/\/www.manaus.am.gov.br\/manauscult\/festival-folclorico-do-amazonas-comeca-neste-domingo-no-centro-cultural-povos-da-amazonia\/#primaryimage"},"thumbnailUrl":"https:\/\/www.manaus.am.gov.br\/manauscult\/wp-content\/uploads\/sites\/11\/2023\/06\/52159290821_a8cd41c6c1_k.jpg","datePublished":"2023-06-09T16:49:37+00:00","dateModified":"2023-06-09T16:49:39+00:00","author":{"@id":"https:\/\/www.manaus.am.gov.br\/manauscult\/#\/schema\/person\/4eea2a8f78dc853097abb026f728aa06"},"breadcrumb":{"@id":"https:\/\/www.manaus.am.gov.br\/manauscult\/festival-folclorico-do-amazonas-comeca-neste-domingo-no-centro-cultural-povos-da-amazonia\/#breadcrumb"},"inLanguage":"pt-BR","potentialAction":[{"@type":"ReadAction","target":["https:\/\/www.manaus.am.gov.br\/manauscult\/festival-folclorico-do-amazonas-comeca-neste-domingo-no-centro-cultural-povos-da-amazonia\/"]}]},{"@type":"ImageObject","inLanguage":"pt-BR","@id":"https:\/\/www.manaus.am.gov.br\/manauscult\/festival-folclorico-do-amazonas-comeca-neste-domingo-no-centro-cultural-povos-da-amazonia\/#primaryimage","url":"https:\/\/www.manaus.am.gov.br\/manauscult\/wp-content\/uploads\/sites\/11\/2023\/06\/52159290821_a8cd41c6c1_k.jpg","contentUrl":"https:\/\/www.manaus.am.gov.br\/manauscult\/wp-content\/uploads\/sites\/11\/2023\/06\/52159290821_a8cd41c6c1_k.jpg","width":2048,"height":1365},{"@type":"BreadcrumbList","@id":"https:\/\/www.manaus.am.gov.br\/manauscult\/festival-folclorico-do-amazonas-comeca-neste-domingo-no-centro-cultural-povos-da-amazonia\/#breadcrumb","itemListElement":[{"@type":"ListItem","position":1,"name":"Home","item":"https:\/\/www.manaus.am.gov.br\/manauscult\/"},{"@type":"ListItem","position":2,"name":"Festival Folcl\u00f3rico do Amazonas come\u00e7a neste domingo no Centro Cultural Povos da Amaz\u00f4nia"}]},{"@type":"WebSite","@id":"https:\/\/www.manaus.am.gov.br\/manauscult\/#website","url":"https:\/\/www.manaus.am.gov.br\/manauscult\/","name":"MANAUSCULT","description":"Prefeitura de Manaus","potentialAction":[{"@type":"SearchAction","target":{"@type":"EntryPoint","urlTemplate":"https:\/\/www.manaus.am.gov.br\/manauscult\/?s={search_term_string}"},"query-input":"required name=search_term_string"}],"inLanguage":"pt-BR"},{"@type":"Person","@id":"https:\/\/www.manaus.am.gov.br\/manauscult\/#\/schema\/person\/4eea2a8f78dc853097abb026f728aa06","name":"Renata Felix","image":{"@type":"ImageObject","inLanguage":"pt-BR","@id":"https:\/\/www.manaus.am.gov.br\/manauscult\/#\/schema\/person\/image\/","url":"https:\/\/secure.gravatar.com\/avatar\/3c196cf9d3b837b24c8edb2c50fd8f29?s=96&d=mm&r=g","contentUrl":"https:\/\/secure.gravatar.com\/avatar\/3c196cf9d3b837b24c8edb2c50fd8f29?s=96&d=mm&r=g","caption":"Renata Felix"}}]}},"_links":{"self":[{"href":"https:\/\/www.manaus.am.gov.br\/manauscult\/wp-json\/wp\/v2\/posts\/783"}],"collection":[{"href":"https:\/\/www.manaus.am.gov.br\/manauscult\/wp-json\/wp\/v2\/posts"}],"about":[{"href":"https:\/\/www.manaus.am.gov.br\/manauscult\/wp-json\/wp\/v2\/types\/post"}],"author":[{"embeddable":true,"href":"https:\/\/www.manaus.am.gov.br\/manauscult\/wp-json\/wp\/v2\/users\/31"}],"replies":[{"embeddable":true,"href":"https:\/\/www.manaus.am.gov.br\/manauscult\/wp-json\/wp\/v2\/comments?post=783"}],"version-history":[{"count":0,"href":"https:\/\/www.manaus.am.gov.br\/manauscult\/wp-json\/wp\/v2\/posts\/783\/revisions"}],"wp:featuredmedia":[{"embeddable":true,"href":"https:\/\/www.manaus.am.gov.br\/manauscult\/wp-json\/wp\/v2\/media\/784"}],"wp:attachment":[{"href":"https:\/\/www.manaus.am.gov.br\/manauscult\/wp-json\/wp\/v2\/media?parent=783"}],"wp:term":[{"taxonomy":"category","embeddable":true,"href":"https:\/\/www.manaus.am.gov.br\/manauscult\/wp-json\/wp\/v2\/categories?post=783"},{"taxonomy":"post_tag","embeddable":true,"href":"https:\/\/www.manaus.am.gov.br\/manauscult\/wp-json\/wp\/v2\/tags?post=783"}],"curies":[{"name":"wp","href":"https:\/\/api.w.org\/{rel}","templated":true}]}}