{"id":76,"date":"2023-05-16T19:56:29","date_gmt":"2023-05-16T23:56:29","guid":{"rendered":"https:\/\/www.manaus.am.gov.br\/manauscult\/prefeitura-lanca-edital-de-apoio-aos-festivais-folcloricos-dos-bairros-de-manaus\/"},"modified":"2023-05-16T19:56:29","modified_gmt":"2023-05-16T23:56:29","slug":"prefeitura-lanca-edital-de-apoio-aos-festivais-folcloricos-dos-bairros-de-manaus","status":"publish","type":"post","link":"https:\/\/www.manaus.am.gov.br\/manauscult\/prefeitura-lanca-edital-de-apoio-aos-festivais-folcloricos-dos-bairros-de-manaus\/","title":{"rendered":"<strong>Prefeitura lan\u00e7a edital de apoio aos festivais folcl\u00f3ricos dos bairros de Manaus<\/strong>"},"content":{"rendered":"\n<p>A Prefeitura de Manaus, por meio da Funda\u00e7\u00e3o Municipal de Cultura, Turismo e Eventos (Manauscult), lan\u00e7ou, nesta ter\u00e7a-feira, 16\/5, o Edital de Chamada P\u00fablica n\u00ba 005\/2023, que disp\u00f5e sobre concess\u00e3o de apoio com servi\u00e7os de sonoriza\u00e7\u00e3o, ilumina\u00e7\u00e3o, palco e banheiros qu\u00edmicos, aos festivais folcl\u00f3ricos dos bairros, tais como arraiais e quermesses que ocorrer\u00e3o por ocasi\u00e3o das festividades folcl\u00f3ricas, no per\u00edodo de 20 de junho a 31 de agosto de 2023.<\/p>\n\n\n\n<p>O edital, que estabelece crit\u00e9rios \u00e0 concess\u00e3o de apoio para at\u00e9 60 eventos, est\u00e1 dividido em duas categorias, sendo 25 festivais com tr\u00eas di\u00e1rias; e 35 festivais com seis di\u00e1rias.<\/p>\n\n\n\n<p>Cada proponente poder\u00e1 apresentar apenas uma proposta, at\u00e9 15 dias corridos a contar da publica\u00e7\u00e3o do Edital no Di\u00e1rio Oficial do Munic\u00edpio (DOM). O certame est\u00e1 dispon\u00edvel na aba \u201ceditais\u201d no site&nbsp;<a href=\"http:\/\/manauscult.manaus.am.gov.br\/\" target=\"_blank\" rel=\"noreferrer noopener\">manauscult.manaus.am.gov.br<\/a>. S\u00f3 ser\u00e3o selecionadas as propostas que atenderem a todos os crit\u00e9rios definidos no item 3 do edital e tiverem as maiores pontua\u00e7\u00f5es atribu\u00eddas pela comiss\u00e3o t\u00e9cnica, at\u00e9 o n\u00famero de vagas previstas no edital. As propostas ser\u00e3o analisadas por comiss\u00e3o t\u00e9cnica composta por tr\u00eas colaboradores e servidores da Manauscult.<\/p>\n\n\n\n<p>O diretor-presidente da Manauscult, Osvaldo Cardoso, comenta que logo ap\u00f3s sua posse, recebeu a miss\u00e3o dada pelo prefeito de Manaus, David Almeida, de retomar o apoio aos festivais folcl\u00f3ricos dos bairros em 2023.<\/p>\n\n\n\n<p>\u201cHoje. o segmento do folclore pode celebrar mais esta vit\u00f3ria. Fizemos um ajuste financeiro nas contas da Manauscult, e com o apoio do amigo e secret\u00e1rio municipal de Finan\u00e7as, Clecio Freire, al\u00e9m de reuni\u00f5es internas com minha equipe t\u00e9cnica e com os realizadores dos festivais, conseguimos otimizar os recursos necess\u00e1rios para o lan\u00e7amento do edital e retomada dos eventos juninos nos bairros. Sem esquecer do reajuste que demos este ano para o Festival Folcl\u00f3rico do Amazonas que inicia dia 11 de junho. Estou feliz pela confian\u00e7a em mim depositada\u201d, comemorou Cardoso.<\/p>\n\n\n\n<p>As propostas dever\u00e3o ser entregues no Protocolo da Manauscult, na&nbsp;<a href=\"https:\/\/www.google.com\/maps\/search\/avenida+7+de%0D%0ASetembro,+377,+Centro?entry=gmail&amp;source=g\" target=\"_blank\" rel=\"noreferrer noopener\">avenida 7 de Setembro, 377, Centro<\/a>, no prazo compreendido entre a data de publica\u00e7\u00e3o do Edital, das 8h \u00e0s 17h. O resultado preliminar de apoio aos festivais folcl\u00f3ricos nos bairros dever\u00e1 ser divulgado no dia 1\u00b0 de junho. J\u00e1 o resultado final est\u00e1 previsto para ser divulgado no dia 13 de junho.<\/p>\n\n\n\n<p><strong>Reuni\u00e3o<\/strong><\/p>\n\n\n\n<p>Na noite da \u00faltima quinta-feira, 11\/5, 45 organizadores de festivais folcl\u00f3ricos de bairros, atendendo a uma convoca\u00e7\u00e3o do diretor-presidente da Manauscult, Osvaldo Cardoso, participaram de uma reuni\u00e3o com o corpo t\u00e9cnico da Comiss\u00e3o de Editais da funda\u00e7\u00e3o, em que foram discutidos os itens obrigat\u00f3rios do edital, al\u00e9m de tira-d\u00favidas quanto \u00e0 concorr\u00eancia p\u00fablica.<\/p>\n\n\n\n<p><strong>Hist\u00f3rico<\/strong><\/p>\n\n\n\n<p>O Festival Folcl\u00f3rico do Amazonas teve seu in\u00edcio em 21 de junho de 1957, no Campo do Quartel 27\u00ba Batalh\u00e3o de Ca\u00e7adores, est\u00e1dio General Os\u00f3rio, em Manaus, com fomento concedido pela Prefeitura de Manaus, em parceria com o Governo do Amazonas. Quanto aos festivais folcl\u00f3ricos dos bairros, eles aconteciam, esporadicamente, quando solicitado apoio por meio de of\u00edcios, desde 1960.<\/p>\n\n\n\n<p>Somente em 2016, \u00e9 que o Festival Folcl\u00f3rico dos Bairros ficou assegurado por meio de Editais. Suspenso desde 2019, este ano, os organizadores poder\u00e3o contar com apoio com servi\u00e7os de sonoriza\u00e7\u00e3o, ilumina\u00e7\u00e3o, palco e banheiros qu\u00edmicos para a realiza\u00e7\u00e3o das festividades nos bairros, que conta com v\u00e1rias atra\u00e7\u00f5es, dentre elas, apresenta\u00e7\u00f5es de cirandas, dan\u00e7as nordestinas, quadrilhas e tribos.<\/p>\n\n\n\n<div data-wp-interactive=\"\" class=\"wp-block-file\"><object data-wp-bind--hidden=\"!selectors.core.file.hasPdfPreview\" hidden class=\"wp-block-file__embed\" data=\"https:\/\/www.manaus.am.gov.br\/manauscult\/wp-content\/uploads\/sites\/11\/2023\/05\/Edital-005.23-Festas-Folclo\u0301ricas.pdf\" type=\"application\/pdf\" style=\"width:100%;height:600px\" aria-label=\"Incorporado de Edital-005.23-Festas-Folclo\u0301ricas.\"><\/object><a id=\"wp-block-file--media-20bbd0cf-f75a-415d-a2a9-627dd9fea0dc\" href=\"https:\/\/www.manaus.am.gov.br\/manauscult\/wp-content\/uploads\/sites\/11\/2023\/05\/Edital-005.23-Festas-Folclo\u0301ricas.pdf\">Edital-005.23-Festas-Folclo\u0301ricas<\/a><a href=\"https:\/\/www.manaus.am.gov.br\/manauscult\/wp-content\/uploads\/sites\/11\/2023\/05\/Edital-005.23-Festas-Folclo\u0301ricas.pdf\" class=\"wp-block-file__button wp-element-button\" download aria-describedby=\"wp-block-file--media-20bbd0cf-f75a-415d-a2a9-627dd9fea0dc\">Baixar<\/a><\/div>\n\n\n\n<p>&#8212; &#8212; &#8212;<\/p>\n\n\n\n<p><strong>Texto<\/strong> &#8211; Emanuelle Baires \/ Manauscult<\/p>\n\n\n\n<p><strong>Foto<\/strong> &#8211; Arquivo \/ Manauscult<\/p>\n","protected":false},"excerpt":{"rendered":"","protected":false},"author":31,"featured_media":78,"comment_status":"closed","ping_status":"closed","sticky":false,"template":"","format":"standard","meta":{"footnotes":""},"categories":[12],"tags":[23,24,25],"acf":[],"yoast_head":"<!-- This site is optimized with the Yoast SEO plugin v23.0 - https:\/\/yoast.com\/wordpress\/plugins\/seo\/ -->\n<title>Prefeitura lan\u00e7a edital de apoio aos festivais folcl\u00f3ricos dos bairros de Manaus - MANAUSCULT<\/title>\n<meta name=\"robots\" content=\"noindex, follow\" \/>\n<meta property=\"og:locale\" content=\"pt_BR\" \/>\n<meta property=\"og:type\" content=\"article\" \/>\n<meta property=\"og:title\" content=\"Prefeitura lan\u00e7a edital de apoio aos festivais folcl\u00f3ricos dos bairros de Manaus - MANAUSCULT\" \/>\n<meta property=\"og:url\" content=\"https:\/\/www.manaus.am.gov.br\/manauscult\/prefeitura-lanca-edital-de-apoio-aos-festivais-folcloricos-dos-bairros-de-manaus\/\" \/>\n<meta property=\"og:site_name\" content=\"MANAUSCULT\" \/>\n<meta property=\"article:published_time\" content=\"2023-05-16T23:56:29+00:00\" \/>\n<meta property=\"og:image\" content=\"https:\/\/www.manaus.am.gov.br\/manauscult\/wp-content\/uploads\/sites\/11\/2023\/05\/divulgacap.jpg\" \/>\n\t<meta property=\"og:image:width\" content=\"872\" \/>\n\t<meta property=\"og:image:height\" content=\"578\" \/>\n\t<meta property=\"og:image:type\" content=\"image\/jpeg\" \/>\n<meta name=\"author\" content=\"Renata Felix\" \/>\n<meta name=\"twitter:card\" content=\"summary_large_image\" \/>\n<meta name=\"twitter:label1\" content=\"Written by\" \/>\n\t<meta name=\"twitter:data1\" content=\"Renata Felix\" \/>\n\t<meta name=\"twitter:label2\" content=\"Est. reading time\" \/>\n\t<meta name=\"twitter:data2\" content=\"4 minutos\" \/>\n<script type=\"application\/ld+json\" class=\"yoast-schema-graph\">{\"@context\":\"https:\/\/schema.org\",\"@graph\":[{\"@type\":\"WebPage\",\"@id\":\"https:\/\/www.manaus.am.gov.br\/manauscult\/prefeitura-lanca-edital-de-apoio-aos-festivais-folcloricos-dos-bairros-de-manaus\/\",\"url\":\"https:\/\/www.manaus.am.gov.br\/manauscult\/prefeitura-lanca-edital-de-apoio-aos-festivais-folcloricos-dos-bairros-de-manaus\/\",\"name\":\"Prefeitura lan\u00e7a edital de apoio aos festivais folcl\u00f3ricos dos bairros de Manaus - MANAUSCULT\",\"isPartOf\":{\"@id\":\"https:\/\/www.manaus.am.gov.br\/manauscult\/#website\"},\"primaryImageOfPage\":{\"@id\":\"https:\/\/www.manaus.am.gov.br\/manauscult\/prefeitura-lanca-edital-de-apoio-aos-festivais-folcloricos-dos-bairros-de-manaus\/#primaryimage\"},\"image\":{\"@id\":\"https:\/\/www.manaus.am.gov.br\/manauscult\/prefeitura-lanca-edital-de-apoio-aos-festivais-folcloricos-dos-bairros-de-manaus\/#primaryimage\"},\"thumbnailUrl\":\"https:\/\/www.manaus.am.gov.br\/manauscult\/wp-content\/uploads\/sites\/11\/2023\/05\/divulgacap.jpg\",\"datePublished\":\"2023-05-16T23:56:29+00:00\",\"dateModified\":\"2023-05-16T23:56:29+00:00\",\"author\":{\"@id\":\"https:\/\/www.manaus.am.gov.br\/manauscult\/#\/schema\/person\/4eea2a8f78dc853097abb026f728aa06\"},\"breadcrumb\":{\"@id\":\"https:\/\/www.manaus.am.gov.br\/manauscult\/prefeitura-lanca-edital-de-apoio-aos-festivais-folcloricos-dos-bairros-de-manaus\/#breadcrumb\"},\"inLanguage\":\"pt-BR\",\"potentialAction\":[{\"@type\":\"ReadAction\",\"target\":[\"https:\/\/www.manaus.am.gov.br\/manauscult\/prefeitura-lanca-edital-de-apoio-aos-festivais-folcloricos-dos-bairros-de-manaus\/\"]}]},{\"@type\":\"ImageObject\",\"inLanguage\":\"pt-BR\",\"@id\":\"https:\/\/www.manaus.am.gov.br\/manauscult\/prefeitura-lanca-edital-de-apoio-aos-festivais-folcloricos-dos-bairros-de-manaus\/#primaryimage\",\"url\":\"https:\/\/www.manaus.am.gov.br\/manauscult\/wp-content\/uploads\/sites\/11\/2023\/05\/divulgacap.jpg\",\"contentUrl\":\"https:\/\/www.manaus.am.gov.br\/manauscult\/wp-content\/uploads\/sites\/11\/2023\/05\/divulgacap.jpg\",\"width\":872,\"height\":578},{\"@type\":\"BreadcrumbList\",\"@id\":\"https:\/\/www.manaus.am.gov.br\/manauscult\/prefeitura-lanca-edital-de-apoio-aos-festivais-folcloricos-dos-bairros-de-manaus\/#breadcrumb\",\"itemListElement\":[{\"@type\":\"ListItem\",\"position\":1,\"name\":\"Home\",\"item\":\"https:\/\/www.manaus.am.gov.br\/manauscult\/\"},{\"@type\":\"ListItem\",\"position\":2,\"name\":\"Prefeitura lan\u00e7a edital de apoio aos festivais folcl\u00f3ricos dos bairros de Manaus\"}]},{\"@type\":\"WebSite\",\"@id\":\"https:\/\/www.manaus.am.gov.br\/manauscult\/#website\",\"url\":\"https:\/\/www.manaus.am.gov.br\/manauscult\/\",\"name\":\"MANAUSCULT\",\"description\":\"Prefeitura de Manaus\",\"potentialAction\":[{\"@type\":\"SearchAction\",\"target\":{\"@type\":\"EntryPoint\",\"urlTemplate\":\"https:\/\/www.manaus.am.gov.br\/manauscult\/?s={search_term_string}\"},\"query-input\":\"required name=search_term_string\"}],\"inLanguage\":\"pt-BR\"},{\"@type\":\"Person\",\"@id\":\"https:\/\/www.manaus.am.gov.br\/manauscult\/#\/schema\/person\/4eea2a8f78dc853097abb026f728aa06\",\"name\":\"Renata Felix\",\"image\":{\"@type\":\"ImageObject\",\"inLanguage\":\"pt-BR\",\"@id\":\"https:\/\/www.manaus.am.gov.br\/manauscult\/#\/schema\/person\/image\/\",\"url\":\"https:\/\/secure.gravatar.com\/avatar\/3c196cf9d3b837b24c8edb2c50fd8f29?s=96&d=mm&r=g\",\"contentUrl\":\"https:\/\/secure.gravatar.com\/avatar\/3c196cf9d3b837b24c8edb2c50fd8f29?s=96&d=mm&r=g\",\"caption\":\"Renata Felix\"}}]}<\/script>\n<!-- \/ Yoast SEO plugin. -->","yoast_head_json":{"title":"Prefeitura lan\u00e7a edital de apoio aos festivais folcl\u00f3ricos dos bairros de Manaus - MANAUSCULT","robots":{"index":"noindex","follow":"follow"},"og_locale":"pt_BR","og_type":"article","og_title":"Prefeitura lan\u00e7a edital de apoio aos festivais folcl\u00f3ricos dos bairros de Manaus - MANAUSCULT","og_url":"https:\/\/www.manaus.am.gov.br\/manauscult\/prefeitura-lanca-edital-de-apoio-aos-festivais-folcloricos-dos-bairros-de-manaus\/","og_site_name":"MANAUSCULT","article_published_time":"2023-05-16T23:56:29+00:00","og_image":[{"width":872,"height":578,"url":"https:\/\/www.manaus.am.gov.br\/manauscult\/wp-content\/uploads\/sites\/11\/2023\/05\/divulgacap.jpg","type":"image\/jpeg"}],"author":"Renata Felix","twitter_card":"summary_large_image","twitter_misc":{"Written by":"Renata Felix","Est. reading time":"4 minutos"},"schema":{"@context":"https:\/\/schema.org","@graph":[{"@type":"WebPage","@id":"https:\/\/www.manaus.am.gov.br\/manauscult\/prefeitura-lanca-edital-de-apoio-aos-festivais-folcloricos-dos-bairros-de-manaus\/","url":"https:\/\/www.manaus.am.gov.br\/manauscult\/prefeitura-lanca-edital-de-apoio-aos-festivais-folcloricos-dos-bairros-de-manaus\/","name":"Prefeitura lan\u00e7a edital de apoio aos festivais folcl\u00f3ricos dos bairros de Manaus - MANAUSCULT","isPartOf":{"@id":"https:\/\/www.manaus.am.gov.br\/manauscult\/#website"},"primaryImageOfPage":{"@id":"https:\/\/www.manaus.am.gov.br\/manauscult\/prefeitura-lanca-edital-de-apoio-aos-festivais-folcloricos-dos-bairros-de-manaus\/#primaryimage"},"image":{"@id":"https:\/\/www.manaus.am.gov.br\/manauscult\/prefeitura-lanca-edital-de-apoio-aos-festivais-folcloricos-dos-bairros-de-manaus\/#primaryimage"},"thumbnailUrl":"https:\/\/www.manaus.am.gov.br\/manauscult\/wp-content\/uploads\/sites\/11\/2023\/05\/divulgacap.jpg","datePublished":"2023-05-16T23:56:29+00:00","dateModified":"2023-05-16T23:56:29+00:00","author":{"@id":"https:\/\/www.manaus.am.gov.br\/manauscult\/#\/schema\/person\/4eea2a8f78dc853097abb026f728aa06"},"breadcrumb":{"@id":"https:\/\/www.manaus.am.gov.br\/manauscult\/prefeitura-lanca-edital-de-apoio-aos-festivais-folcloricos-dos-bairros-de-manaus\/#breadcrumb"},"inLanguage":"pt-BR","potentialAction":[{"@type":"ReadAction","target":["https:\/\/www.manaus.am.gov.br\/manauscult\/prefeitura-lanca-edital-de-apoio-aos-festivais-folcloricos-dos-bairros-de-manaus\/"]}]},{"@type":"ImageObject","inLanguage":"pt-BR","@id":"https:\/\/www.manaus.am.gov.br\/manauscult\/prefeitura-lanca-edital-de-apoio-aos-festivais-folcloricos-dos-bairros-de-manaus\/#primaryimage","url":"https:\/\/www.manaus.am.gov.br\/manauscult\/wp-content\/uploads\/sites\/11\/2023\/05\/divulgacap.jpg","contentUrl":"https:\/\/www.manaus.am.gov.br\/manauscult\/wp-content\/uploads\/sites\/11\/2023\/05\/divulgacap.jpg","width":872,"height":578},{"@type":"BreadcrumbList","@id":"https:\/\/www.manaus.am.gov.br\/manauscult\/prefeitura-lanca-edital-de-apoio-aos-festivais-folcloricos-dos-bairros-de-manaus\/#breadcrumb","itemListElement":[{"@type":"ListItem","position":1,"name":"Home","item":"https:\/\/www.manaus.am.gov.br\/manauscult\/"},{"@type":"ListItem","position":2,"name":"Prefeitura lan\u00e7a edital de apoio aos festivais folcl\u00f3ricos dos bairros de Manaus"}]},{"@type":"WebSite","@id":"https:\/\/www.manaus.am.gov.br\/manauscult\/#website","url":"https:\/\/www.manaus.am.gov.br\/manauscult\/","name":"MANAUSCULT","description":"Prefeitura de Manaus","potentialAction":[{"@type":"SearchAction","target":{"@type":"EntryPoint","urlTemplate":"https:\/\/www.manaus.am.gov.br\/manauscult\/?s={search_term_string}"},"query-input":"required name=search_term_string"}],"inLanguage":"pt-BR"},{"@type":"Person","@id":"https:\/\/www.manaus.am.gov.br\/manauscult\/#\/schema\/person\/4eea2a8f78dc853097abb026f728aa06","name":"Renata Felix","image":{"@type":"ImageObject","inLanguage":"pt-BR","@id":"https:\/\/www.manaus.am.gov.br\/manauscult\/#\/schema\/person\/image\/","url":"https:\/\/secure.gravatar.com\/avatar\/3c196cf9d3b837b24c8edb2c50fd8f29?s=96&d=mm&r=g","contentUrl":"https:\/\/secure.gravatar.com\/avatar\/3c196cf9d3b837b24c8edb2c50fd8f29?s=96&d=mm&r=g","caption":"Renata Felix"}}]}},"_links":{"self":[{"href":"https:\/\/www.manaus.am.gov.br\/manauscult\/wp-json\/wp\/v2\/posts\/76"}],"collection":[{"href":"https:\/\/www.manaus.am.gov.br\/manauscult\/wp-json\/wp\/v2\/posts"}],"about":[{"href":"https:\/\/www.manaus.am.gov.br\/manauscult\/wp-json\/wp\/v2\/types\/post"}],"author":[{"embeddable":true,"href":"https:\/\/www.manaus.am.gov.br\/manauscult\/wp-json\/wp\/v2\/users\/31"}],"replies":[{"embeddable":true,"href":"https:\/\/www.manaus.am.gov.br\/manauscult\/wp-json\/wp\/v2\/comments?post=76"}],"version-history":[{"count":1,"href":"https:\/\/www.manaus.am.gov.br\/manauscult\/wp-json\/wp\/v2\/posts\/76\/revisions"}],"predecessor-version":[{"id":79,"href":"https:\/\/www.manaus.am.gov.br\/manauscult\/wp-json\/wp\/v2\/posts\/76\/revisions\/79"}],"wp:featuredmedia":[{"embeddable":true,"href":"https:\/\/www.manaus.am.gov.br\/manauscult\/wp-json\/wp\/v2\/media\/78"}],"wp:attachment":[{"href":"https:\/\/www.manaus.am.gov.br\/manauscult\/wp-json\/wp\/v2\/media?parent=76"}],"wp:term":[{"taxonomy":"category","embeddable":true,"href":"https:\/\/www.manaus.am.gov.br\/manauscult\/wp-json\/wp\/v2\/categories?post=76"},{"taxonomy":"post_tag","embeddable":true,"href":"https:\/\/www.manaus.am.gov.br\/manauscult\/wp-json\/wp\/v2\/tags?post=76"}],"curies":[{"name":"wp","href":"https:\/\/api.w.org\/{rel}","templated":true}]}}