{"id":731,"date":"2023-06-07T12:08:21","date_gmt":"2023-06-07T16:08:21","guid":{"rendered":"https:\/\/www.manaus.am.gov.br\/manauscult\/prefeitura-de-manaus-apoia-29a-edicao-da-marcha-para-jesus\/"},"modified":"2023-06-07T14:13:00","modified_gmt":"2023-06-07T18:13:00","slug":"prefeitura-de-manaus-apoia-29a-edicao-da-marcha-para-jesus","status":"publish","type":"post","link":"https:\/\/www.manaus.am.gov.br\/manauscult\/prefeitura-de-manaus-apoia-29a-edicao-da-marcha-para-jesus\/","title":{"rendered":"<strong>Prefeitura de Manaus apoia 29\u00aa edi\u00e7\u00e3o da \u2018Marcha para Jesus\u2019<\/strong>"},"content":{"rendered":"\n<p>O prefeito de Manaus, David Almeida, participou, na manh\u00e3 desta quarta-feira, 7\/6, do \u201cCaf\u00e9 de Comunh\u00e3o\u201d, evento realizado pela Ordem dos Ministros Evang\u00e9licos do Amazonas (Omeam), com apoio da Prefeitura de Manaus, por meio da Funda\u00e7\u00e3o Municipal de Cultura, Turismo e Eventos (Manauscult), para falar sobre os \u00faltimos preparativos da 29\u00aa edi\u00e7\u00e3o da \u201cMarcha para Jesus\u201d, que acontece no s\u00e1bado, 10\/6.<\/p>\n\n\n\n<p>Durante o evento, realizado na igreja Alian\u00e7a, localizada no bairro Santo Ant\u00f4nio, zona Oeste, o chefe do Executivo municipal destacou o apoio da prefeitura ao evento, que promete reunir mais de 600 mil fi\u00e9is nas ruas da capital amazonense.<\/p>\n\n\n\n<p>\u201cAno passado, j\u00e1 foi um grande evento com o apoio da prefeitura e, este ano, novamente toda estrutura solicitada vai ser fornecida pela prefeitura, o governo do Estado tamb\u00e9m tem uma participa\u00e7\u00e3o, e eu tenho certeza que n\u00f3s vamos fazer um grande evento com a presen\u00e7a da Aline Barros, as igrejas todas imbu\u00eddas em um \u00fanico prop\u00f3sito de louvar a Deus. Lembrando que Manaus \u00e9 uma cidade que tem mais de 45% da popula\u00e7\u00e3o evang\u00e9lica, vivemos em uma democracia representativa e, dentro da representa\u00e7\u00e3o, tem a propor\u00e7\u00e3o, e n\u00f3s acreditamos muito nesse movimento e, assim, n\u00f3s fazemos os investimentos necess\u00e1rios para que esse evento possa acontecer da melhor maneira poss\u00edvel\u201d, afirmou Almeida.<\/p>\n\n\n\n<p>A concentra\u00e7\u00e3o oficial da Marcha para Jesus 2023 ser\u00e1 \u00e0s 12h, na pra\u00e7a da Saudade, na rua Ferreira Pena, Centro. A partir das 15h, come\u00e7a a caminhada e segue at\u00e9 o centro de conven\u00e7\u00f5es Gilberto Mestrinho, o samb\u00f3dromo, na zona Centro-Oeste, com previs\u00e3o de chegada \u00e0s 18h. O evento ser\u00e1 marcado por louvores, ora\u00e7\u00f5es e um grande clamor.<\/p>\n\n\n\n<p>O diretor-presidente Manauscult, Osvaldo Cardoso, explicou que a caminhada faz parte do calend\u00e1rio oficial da cidade e conta com o apoio da matriz de responsabilidade.<\/p>\n\n\n\n<p>\u201cEsse \u00e9 um dos maiores eventos da cidade dentro de uma proporcionalidade, ent\u00e3o a matriz integrada da Prefeitura de Manaus, todas as secretarias est\u00e3o fazendo parte desse apoio, para que a gente possa ter um grande evento\u201d, disse.<\/p>\n\n\n\n<p>A caminhada \u00e9 organizada por 5 mil igrejas evang\u00e9licas institu\u00eddas \u00e0 Ordem dos Ministros Evang\u00e9licos do Amazonas, e este ano levar\u00e1 o tema \u201cDeixo-vos a paz, a minha paz vos dou\u201d, baseado em Jo\u00e3o, cap\u00edtulo 14, vers\u00edculo 27, al\u00e9m da presen\u00e7a confirmada da cantora gospel Aline Barros.<\/p>\n\n\n\n<p>\u201cH\u00e1 30 anos, n\u00f3s tivemos a Aline Barros na Marcha para Jesus, e 30 anos depois a Aline est\u00e1 conosco de novo cantando e celebrando nesse evento t\u00e3o grandioso. Estamos felizes pela realiza\u00e7\u00e3o de mais uma edi\u00e7\u00e3o\u201d, completou o presidente da Omeam, Valdiberto Rocha.<\/p>\n\n\n\n<p><strong>Celebra\u00e7\u00e3o gospel<\/strong><\/p>\n\n\n\n<p>A \u201cMarcha para Jesus\u201d, realizada desde 1994, \u00e9 um dos grandes eventos a c\u00e9u aberto do mundo, sendo uma iniciativa pac\u00edfica, que re\u00fane igrejas evang\u00e9licas de Manaus em prol da uni\u00e3o pela f\u00e9 crist\u00e3, com a participa\u00e7\u00e3o de toda a popula\u00e7\u00e3o manauara.<\/p>\n\n\n\n<p>A marcha faz parte do calend\u00e1rio oficial da cidade de Manaus desde outubro de 2005, quando a Lei n\u00ba 889 foi sancionada. O evento acontece em todo o territ\u00f3rio nacional e em pa\u00edses como Argentina, Canad\u00e1, Col\u00f4mbia, Cuba, Estados Unidos, Finl\u00e2ndia, Fran\u00e7a, It\u00e1lia, Jap\u00e3o, Mo\u00e7ambique, R\u00fassia, entre outros.<\/p>\n\n\n\n<p>\u2014\u2014-<\/p>\n\n\n\n<p><strong>Texto<\/strong>&nbsp;&#8211; Beathriz Torres \/ Semcom e Divulga\u00e7\u00e3o\/ Manauscult<\/p>\n\n\n\n<p><strong>Fotos<\/strong>&nbsp;\u2013 Dhyeizo Lemos\/Semcom e Cl\u00f3vis Miranda\/Semcom<\/p>\n\n\n\n<p><strong>Dispon\u00edveis em<\/strong>&nbsp;&#8211;&nbsp;<a href=\"https:\/\/flic.kr\/s\/aHBqjAGV16\" target=\"_blank\" rel=\"noreferrer noopener\">https:\/\/flic.kr\/s\/aHBqjAGV16<\/a><\/p>\n","protected":false},"excerpt":{"rendered":"","protected":false},"author":23,"featured_media":732,"comment_status":"closed","ping_status":"closed","sticky":false,"template":"","format":"standard","meta":{"footnotes":""},"categories":[3],"tags":[23,37,16,11],"acf":[],"yoast_head":"<!-- This site is optimized with the Yoast SEO plugin v23.0 - https:\/\/yoast.com\/wordpress\/plugins\/seo\/ -->\n<title>Prefeitura de Manaus apoia 29\u00aa edi\u00e7\u00e3o da \u2018Marcha para Jesus\u2019<\/title>\n<meta name=\"description\" content=\"O prefeito de Manaus, David Almeida, participou, na manh\u00e3 desta quarta-feira, 7\/6, do \u201cCaf\u00e9 de Comunh\u00e3o\u201d, evento realizado pela Ordem dos Ministros Evang\u00e9licos do Amazonas (Omeam), com apoio da Prefeitura de Manaus, por meio da Funda\u00e7\u00e3o Municipal de Cultura, Turismo e Eventos (Manauscult), para falar sobre os \u00faltimos preparativos da 29\u00aa edi\u00e7\u00e3o da \u201cMarcha para Jesus\u201d, que acontece no s\u00e1bado, 10\/6.\" \/>\n<meta name=\"robots\" content=\"noindex, follow\" \/>\n<meta property=\"og:locale\" content=\"pt_BR\" \/>\n<meta property=\"og:type\" content=\"article\" \/>\n<meta property=\"og:title\" content=\"Prefeitura de Manaus apoia 29\u00aa edi\u00e7\u00e3o da \u2018Marcha para Jesus\u2019\" \/>\n<meta property=\"og:description\" content=\"O prefeito de Manaus, David Almeida, participou, na manh\u00e3 desta quarta-feira, 7\/6, do \u201cCaf\u00e9 de Comunh\u00e3o\u201d, evento realizado pela Ordem dos Ministros Evang\u00e9licos do Amazonas (Omeam), com apoio da Prefeitura de Manaus, por meio da Funda\u00e7\u00e3o Municipal de Cultura, Turismo e Eventos (Manauscult), para falar sobre os \u00faltimos preparativos da 29\u00aa edi\u00e7\u00e3o da \u201cMarcha para Jesus\u201d, que acontece no s\u00e1bado, 10\/6.\" \/>\n<meta property=\"og:url\" content=\"https:\/\/www.manaus.am.gov.br\/manauscult\/prefeitura-de-manaus-apoia-29a-edicao-da-marcha-para-jesus\/\" \/>\n<meta property=\"og:site_name\" content=\"MANAUSCULT\" \/>\n<meta property=\"article:published_time\" content=\"2023-06-07T16:08:21+00:00\" \/>\n<meta property=\"article:modified_time\" content=\"2023-06-07T18:13:00+00:00\" \/>\n<meta property=\"og:image\" content=\"https:\/\/www.manaus.am.gov.br\/manauscult\/wp-content\/uploads\/sites\/11\/2023\/06\/52957563316_0aa39309cb_c.jpg\" \/>\n\t<meta property=\"og:image:width\" content=\"799\" \/>\n\t<meta property=\"og:image:height\" content=\"533\" \/>\n\t<meta property=\"og:image:type\" content=\"image\/jpeg\" \/>\n<meta name=\"author\" content=\"Adriana Costa\" \/>\n<meta name=\"twitter:card\" content=\"summary_large_image\" \/>\n<meta name=\"twitter:label1\" content=\"Written by\" \/>\n\t<meta name=\"twitter:data1\" content=\"Adriana Costa\" \/>\n\t<meta name=\"twitter:label2\" content=\"Est. reading time\" \/>\n\t<meta name=\"twitter:data2\" content=\"3 minutos\" \/>\n<script type=\"application\/ld+json\" class=\"yoast-schema-graph\">{\"@context\":\"https:\/\/schema.org\",\"@graph\":[{\"@type\":\"WebPage\",\"@id\":\"https:\/\/www.manaus.am.gov.br\/manauscult\/prefeitura-de-manaus-apoia-29a-edicao-da-marcha-para-jesus\/\",\"url\":\"https:\/\/www.manaus.am.gov.br\/manauscult\/prefeitura-de-manaus-apoia-29a-edicao-da-marcha-para-jesus\/\",\"name\":\"Prefeitura de Manaus apoia 29\u00aa edi\u00e7\u00e3o da \u2018Marcha para Jesus\u2019\",\"isPartOf\":{\"@id\":\"https:\/\/www.manaus.am.gov.br\/manauscult\/#website\"},\"primaryImageOfPage\":{\"@id\":\"https:\/\/www.manaus.am.gov.br\/manauscult\/prefeitura-de-manaus-apoia-29a-edicao-da-marcha-para-jesus\/#primaryimage\"},\"image\":{\"@id\":\"https:\/\/www.manaus.am.gov.br\/manauscult\/prefeitura-de-manaus-apoia-29a-edicao-da-marcha-para-jesus\/#primaryimage\"},\"thumbnailUrl\":\"https:\/\/www.manaus.am.gov.br\/manauscult\/wp-content\/uploads\/sites\/11\/2023\/06\/52957563316_0aa39309cb_c.jpg\",\"datePublished\":\"2023-06-07T16:08:21+00:00\",\"dateModified\":\"2023-06-07T18:13:00+00:00\",\"author\":{\"@id\":\"https:\/\/www.manaus.am.gov.br\/manauscult\/#\/schema\/person\/4e49f4e267757a06ca072ec61b2b9968\"},\"description\":\"O prefeito de Manaus, David Almeida, participou, na manh\u00e3 desta quarta-feira, 7\/6, do \u201cCaf\u00e9 de Comunh\u00e3o\u201d, evento realizado pela Ordem dos Ministros Evang\u00e9licos do Amazonas (Omeam), com apoio da Prefeitura de Manaus, por meio da Funda\u00e7\u00e3o Municipal de Cultura, Turismo e Eventos (Manauscult), para falar sobre os \u00faltimos preparativos da 29\u00aa edi\u00e7\u00e3o da \u201cMarcha para Jesus\u201d, que acontece no s\u00e1bado, 10\/6.\",\"breadcrumb\":{\"@id\":\"https:\/\/www.manaus.am.gov.br\/manauscult\/prefeitura-de-manaus-apoia-29a-edicao-da-marcha-para-jesus\/#breadcrumb\"},\"inLanguage\":\"pt-BR\",\"potentialAction\":[{\"@type\":\"ReadAction\",\"target\":[\"https:\/\/www.manaus.am.gov.br\/manauscult\/prefeitura-de-manaus-apoia-29a-edicao-da-marcha-para-jesus\/\"]}]},{\"@type\":\"ImageObject\",\"inLanguage\":\"pt-BR\",\"@id\":\"https:\/\/www.manaus.am.gov.br\/manauscult\/prefeitura-de-manaus-apoia-29a-edicao-da-marcha-para-jesus\/#primaryimage\",\"url\":\"https:\/\/www.manaus.am.gov.br\/manauscult\/wp-content\/uploads\/sites\/11\/2023\/06\/52957563316_0aa39309cb_c.jpg\",\"contentUrl\":\"https:\/\/www.manaus.am.gov.br\/manauscult\/wp-content\/uploads\/sites\/11\/2023\/06\/52957563316_0aa39309cb_c.jpg\",\"width\":799,\"height\":533},{\"@type\":\"BreadcrumbList\",\"@id\":\"https:\/\/www.manaus.am.gov.br\/manauscult\/prefeitura-de-manaus-apoia-29a-edicao-da-marcha-para-jesus\/#breadcrumb\",\"itemListElement\":[{\"@type\":\"ListItem\",\"position\":1,\"name\":\"Home\",\"item\":\"https:\/\/www.manaus.am.gov.br\/manauscult\/\"},{\"@type\":\"ListItem\",\"position\":2,\"name\":\"Prefeitura de Manaus apoia 29\u00aa edi\u00e7\u00e3o da \u2018Marcha para Jesus\u2019\"}]},{\"@type\":\"WebSite\",\"@id\":\"https:\/\/www.manaus.am.gov.br\/manauscult\/#website\",\"url\":\"https:\/\/www.manaus.am.gov.br\/manauscult\/\",\"name\":\"MANAUSCULT\",\"description\":\"Prefeitura de Manaus\",\"potentialAction\":[{\"@type\":\"SearchAction\",\"target\":{\"@type\":\"EntryPoint\",\"urlTemplate\":\"https:\/\/www.manaus.am.gov.br\/manauscult\/?s={search_term_string}\"},\"query-input\":\"required name=search_term_string\"}],\"inLanguage\":\"pt-BR\"},{\"@type\":\"Person\",\"@id\":\"https:\/\/www.manaus.am.gov.br\/manauscult\/#\/schema\/person\/4e49f4e267757a06ca072ec61b2b9968\",\"name\":\"Adriana Costa\",\"image\":{\"@type\":\"ImageObject\",\"inLanguage\":\"pt-BR\",\"@id\":\"https:\/\/www.manaus.am.gov.br\/manauscult\/#\/schema\/person\/image\/\",\"url\":\"https:\/\/secure.gravatar.com\/avatar\/576258617ef7194f718179e766d57bd4?s=96&d=mm&r=g\",\"contentUrl\":\"https:\/\/secure.gravatar.com\/avatar\/576258617ef7194f718179e766d57bd4?s=96&d=mm&r=g\",\"caption\":\"Adriana Costa\"}}]}<\/script>\n<!-- \/ Yoast SEO plugin. -->","yoast_head_json":{"title":"Prefeitura de Manaus apoia 29\u00aa edi\u00e7\u00e3o da \u2018Marcha para Jesus\u2019","description":"O prefeito de Manaus, David Almeida, participou, na manh\u00e3 desta quarta-feira, 7\/6, do \u201cCaf\u00e9 de Comunh\u00e3o\u201d, evento realizado pela Ordem dos Ministros Evang\u00e9licos do Amazonas (Omeam), com apoio da Prefeitura de Manaus, por meio da Funda\u00e7\u00e3o Municipal de Cultura, Turismo e Eventos (Manauscult), para falar sobre os \u00faltimos preparativos da 29\u00aa edi\u00e7\u00e3o da \u201cMarcha para Jesus\u201d, que acontece no s\u00e1bado, 10\/6.","robots":{"index":"noindex","follow":"follow"},"og_locale":"pt_BR","og_type":"article","og_title":"Prefeitura de Manaus apoia 29\u00aa edi\u00e7\u00e3o da \u2018Marcha para Jesus\u2019","og_description":"O prefeito de Manaus, David Almeida, participou, na manh\u00e3 desta quarta-feira, 7\/6, do \u201cCaf\u00e9 de Comunh\u00e3o\u201d, evento realizado pela Ordem dos Ministros Evang\u00e9licos do Amazonas (Omeam), com apoio da Prefeitura de Manaus, por meio da Funda\u00e7\u00e3o Municipal de Cultura, Turismo e Eventos (Manauscult), para falar sobre os \u00faltimos preparativos da 29\u00aa edi\u00e7\u00e3o da \u201cMarcha para Jesus\u201d, que acontece no s\u00e1bado, 10\/6.","og_url":"https:\/\/www.manaus.am.gov.br\/manauscult\/prefeitura-de-manaus-apoia-29a-edicao-da-marcha-para-jesus\/","og_site_name":"MANAUSCULT","article_published_time":"2023-06-07T16:08:21+00:00","article_modified_time":"2023-06-07T18:13:00+00:00","og_image":[{"width":799,"height":533,"url":"https:\/\/www.manaus.am.gov.br\/manauscult\/wp-content\/uploads\/sites\/11\/2023\/06\/52957563316_0aa39309cb_c.jpg","type":"image\/jpeg"}],"author":"Adriana Costa","twitter_card":"summary_large_image","twitter_misc":{"Written by":"Adriana Costa","Est. reading time":"3 minutos"},"schema":{"@context":"https:\/\/schema.org","@graph":[{"@type":"WebPage","@id":"https:\/\/www.manaus.am.gov.br\/manauscult\/prefeitura-de-manaus-apoia-29a-edicao-da-marcha-para-jesus\/","url":"https:\/\/www.manaus.am.gov.br\/manauscult\/prefeitura-de-manaus-apoia-29a-edicao-da-marcha-para-jesus\/","name":"Prefeitura de Manaus apoia 29\u00aa edi\u00e7\u00e3o da \u2018Marcha para Jesus\u2019","isPartOf":{"@id":"https:\/\/www.manaus.am.gov.br\/manauscult\/#website"},"primaryImageOfPage":{"@id":"https:\/\/www.manaus.am.gov.br\/manauscult\/prefeitura-de-manaus-apoia-29a-edicao-da-marcha-para-jesus\/#primaryimage"},"image":{"@id":"https:\/\/www.manaus.am.gov.br\/manauscult\/prefeitura-de-manaus-apoia-29a-edicao-da-marcha-para-jesus\/#primaryimage"},"thumbnailUrl":"https:\/\/www.manaus.am.gov.br\/manauscult\/wp-content\/uploads\/sites\/11\/2023\/06\/52957563316_0aa39309cb_c.jpg","datePublished":"2023-06-07T16:08:21+00:00","dateModified":"2023-06-07T18:13:00+00:00","author":{"@id":"https:\/\/www.manaus.am.gov.br\/manauscult\/#\/schema\/person\/4e49f4e267757a06ca072ec61b2b9968"},"description":"O prefeito de Manaus, David Almeida, participou, na manh\u00e3 desta quarta-feira, 7\/6, do \u201cCaf\u00e9 de Comunh\u00e3o\u201d, evento realizado pela Ordem dos Ministros Evang\u00e9licos do Amazonas (Omeam), com apoio da Prefeitura de Manaus, por meio da Funda\u00e7\u00e3o Municipal de Cultura, Turismo e Eventos (Manauscult), para falar sobre os \u00faltimos preparativos da 29\u00aa edi\u00e7\u00e3o da \u201cMarcha para Jesus\u201d, que acontece no s\u00e1bado, 10\/6.","breadcrumb":{"@id":"https:\/\/www.manaus.am.gov.br\/manauscult\/prefeitura-de-manaus-apoia-29a-edicao-da-marcha-para-jesus\/#breadcrumb"},"inLanguage":"pt-BR","potentialAction":[{"@type":"ReadAction","target":["https:\/\/www.manaus.am.gov.br\/manauscult\/prefeitura-de-manaus-apoia-29a-edicao-da-marcha-para-jesus\/"]}]},{"@type":"ImageObject","inLanguage":"pt-BR","@id":"https:\/\/www.manaus.am.gov.br\/manauscult\/prefeitura-de-manaus-apoia-29a-edicao-da-marcha-para-jesus\/#primaryimage","url":"https:\/\/www.manaus.am.gov.br\/manauscult\/wp-content\/uploads\/sites\/11\/2023\/06\/52957563316_0aa39309cb_c.jpg","contentUrl":"https:\/\/www.manaus.am.gov.br\/manauscult\/wp-content\/uploads\/sites\/11\/2023\/06\/52957563316_0aa39309cb_c.jpg","width":799,"height":533},{"@type":"BreadcrumbList","@id":"https:\/\/www.manaus.am.gov.br\/manauscult\/prefeitura-de-manaus-apoia-29a-edicao-da-marcha-para-jesus\/#breadcrumb","itemListElement":[{"@type":"ListItem","position":1,"name":"Home","item":"https:\/\/www.manaus.am.gov.br\/manauscult\/"},{"@type":"ListItem","position":2,"name":"Prefeitura de Manaus apoia 29\u00aa edi\u00e7\u00e3o da \u2018Marcha para Jesus\u2019"}]},{"@type":"WebSite","@id":"https:\/\/www.manaus.am.gov.br\/manauscult\/#website","url":"https:\/\/www.manaus.am.gov.br\/manauscult\/","name":"MANAUSCULT","description":"Prefeitura de Manaus","potentialAction":[{"@type":"SearchAction","target":{"@type":"EntryPoint","urlTemplate":"https:\/\/www.manaus.am.gov.br\/manauscult\/?s={search_term_string}"},"query-input":"required name=search_term_string"}],"inLanguage":"pt-BR"},{"@type":"Person","@id":"https:\/\/www.manaus.am.gov.br\/manauscult\/#\/schema\/person\/4e49f4e267757a06ca072ec61b2b9968","name":"Adriana Costa","image":{"@type":"ImageObject","inLanguage":"pt-BR","@id":"https:\/\/www.manaus.am.gov.br\/manauscult\/#\/schema\/person\/image\/","url":"https:\/\/secure.gravatar.com\/avatar\/576258617ef7194f718179e766d57bd4?s=96&d=mm&r=g","contentUrl":"https:\/\/secure.gravatar.com\/avatar\/576258617ef7194f718179e766d57bd4?s=96&d=mm&r=g","caption":"Adriana Costa"}}]}},"_links":{"self":[{"href":"https:\/\/www.manaus.am.gov.br\/manauscult\/wp-json\/wp\/v2\/posts\/731"}],"collection":[{"href":"https:\/\/www.manaus.am.gov.br\/manauscult\/wp-json\/wp\/v2\/posts"}],"about":[{"href":"https:\/\/www.manaus.am.gov.br\/manauscult\/wp-json\/wp\/v2\/types\/post"}],"author":[{"embeddable":true,"href":"https:\/\/www.manaus.am.gov.br\/manauscult\/wp-json\/wp\/v2\/users\/23"}],"replies":[{"embeddable":true,"href":"https:\/\/www.manaus.am.gov.br\/manauscult\/wp-json\/wp\/v2\/comments?post=731"}],"version-history":[{"count":1,"href":"https:\/\/www.manaus.am.gov.br\/manauscult\/wp-json\/wp\/v2\/posts\/731\/revisions"}],"predecessor-version":[{"id":736,"href":"https:\/\/www.manaus.am.gov.br\/manauscult\/wp-json\/wp\/v2\/posts\/731\/revisions\/736"}],"wp:featuredmedia":[{"embeddable":true,"href":"https:\/\/www.manaus.am.gov.br\/manauscult\/wp-json\/wp\/v2\/media\/732"}],"wp:attachment":[{"href":"https:\/\/www.manaus.am.gov.br\/manauscult\/wp-json\/wp\/v2\/media?parent=731"}],"wp:term":[{"taxonomy":"category","embeddable":true,"href":"https:\/\/www.manaus.am.gov.br\/manauscult\/wp-json\/wp\/v2\/categories?post=731"},{"taxonomy":"post_tag","embeddable":true,"href":"https:\/\/www.manaus.am.gov.br\/manauscult\/wp-json\/wp\/v2\/tags?post=731"}],"curies":[{"name":"wp","href":"https:\/\/api.w.org\/{rel}","templated":true}]}}