{"id":72,"date":"2023-05-15T16:45:19","date_gmt":"2023-05-15T20:45:19","guid":{"rendered":"https:\/\/www.manaus.am.gov.br\/manauscult\/plano-municipal-de-cultura-e-aprovado-pela-cmm-e-deve-ser-sancionado-em-15-dias\/"},"modified":"2023-05-31T15:33:25","modified_gmt":"2023-05-31T19:33:25","slug":"plano-municipal-de-cultura-e-aprovado-pela-cmm-e-deve-ser-sancionado-em-15-dias","status":"publish","type":"post","link":"https:\/\/www.manaus.am.gov.br\/manauscult\/plano-municipal-de-cultura-e-aprovado-pela-cmm-e-deve-ser-sancionado-em-15-dias\/","title":{"rendered":"Plano Municipal de Cultura \u00e9 aprovado pela CMM e deve ser sancionado em 15 dias"},"content":{"rendered":"\n<p>O Projeto de Lei (PL) n\u00ba 231\/2023, de autoria do Executivo Municipal, que institui o Plano Municipal de Cultura (PMC) pelos pr\u00f3ximos 10 anos, foi aprovado, na manh\u00e3 desta segunda-feira, 15\/5, durante a Sess\u00e3o Ordin\u00e1ria da C\u00e2mara Municipal de Manaus (CMM). O PL deve ser sancionado pelo prefeito de Manaus, David Almeida, em 15 dias.<\/p>\n\n\n\n<p>Tramitando em regime de urg\u00eancia, desde o dia 8\/5, quando foi entregue ao presidente da CMM, o vereador Caio Andr\u00e9, pelo diretor-presidente da Funda\u00e7\u00e3o Municipal de Cultura, Turismo e Eventos (Manauscult), pelos conselheiros do Conselho Municipal de Cultura (Concultura) e representantes dos segmentos art\u00edsticos da cidade, o PL foi analisado pela Comiss\u00e3o de Constitui\u00e7\u00e3o, Justi\u00e7a e Reda\u00e7\u00e3o (CCJ) e aprovado pelos 41 vereadores de Manaus.<\/p>\n\n\n\n<p>\u201cEssa vit\u00f3ria na CMM representa mais gera\u00e7\u00e3o de emprego e renda, mais acesso \u00e0 cultura, um di\u00e1logo mais aproximado com os segmentos art\u00edsticos e, o principal, garantia de recursos j\u00e1 que ele \u00e9 complementado pela Lei de Incentivo \u00e0 Cultura (LIC)\u201d, disse o diretor-presidente da Manauscult, Osvaldo Cardoso.<\/p>\n\n\n\n<p>O presidente do Concultura, Ten\u00f3rio Telles, comemorou a importante aprova\u00e7\u00e3o pelos vereadores. &#8220;O Conselho celebra este momento hist\u00f3rico da aprova\u00e7\u00e3o pela C\u00e2mara de nossa cidade do Plano Municipal de Cultura, que ser\u00e1 fundamental para a implementa\u00e7\u00e3o de pol\u00edticas p\u00fablicas para as artes em Manaus&#8221;, disse, destacando que esse trabalho s\u00f3 foi poss\u00edvel gra\u00e7as ao empenho dos conselheiros que representam os segmentos art\u00edsticos e executivo.<\/p>\n\n\n\n<p>O plano teve a presid\u00eancia dos trabalhos coordenados pelo vice-presidente do Concultura, Neilo Batista, que ressaltou que o dia 15 de maio entra para a hist\u00f3ria cultural de Manaus, pois \u00e9 a concretiza\u00e7\u00e3o de uma das pautas mais importantes da gest\u00e3o do prefeito David Almeida. &#8220;Com esta promessa de campanha paga o prefeito democratiza e amplia o acesso da popula\u00e7\u00e3o \u00e0s a\u00e7\u00f5es culturais em nossa cidade&#8221;.<\/p>\n\n\n\n<p>O vereador Alonso Oliveira, presidente da Comiss\u00e3o de Cultura e Patrim\u00f4nio Hist\u00f3rico (COMCPH) da CMM, participou ativamente da constru\u00e7\u00e3o do PMC, quando dirigia a Manauscult, entre 2021\/2022. &#8220;Valeu a pena todo o esfor\u00e7o. Parab\u00e9ns ao Conselho de Cultura e \u00e0 classe art\u00edstica de um modo geral, muito paz e sucesso. Vamos a partir de agora sensibilizar o prefeito para num prazo recorde estarmos com o PMC sancionado&#8221;.<\/p>\n\n\n\n<h2 class=\"wp-block-heading\">Plano Municipal de Cultura<\/h2>\n\n\n\n<p>A prefeitura realizou agenda de reuni\u00f5es p\u00fablicas no Museu Cidade de Manaus (Muma), conforme calend\u00e1rio: 28\/3, segmento Circo; 28\/3, segmento Teatro; 29\/3, segmento Dan\u00e7a; 29\/3, Cultura \u00c9tnica; 30\/3, M\u00fasica; 4\/4, Audiovisual; 5\/4, segmento Artes Visuais; 6\/4, Folclore; 7\/4, segmento Carnaval; e 8\/4, segmento Literatura.<\/p>\n\n\n\n<p>O plano foi elaborado com base nas diretrizes estabelecidas no Plano Nacional de Cultura, mas com vistas \u00e0s peculiaridades e realidades locais.<\/p>\n\n\n\n<p>&#8212; &#8212; &#8212;<\/p>\n\n\n\n<p><strong>Texto &#8211;<\/strong> Emanuelle Baires \/ Manauscult\u00a0<br><strong>Foto &#8211;<\/strong> Oliveira J\u00fanior \/ Manauscult\u00a0<\/p>\n","protected":false},"excerpt":{"rendered":"","protected":false},"author":39,"featured_media":73,"comment_status":"closed","ping_status":"closed","sticky":false,"template":"","format":"standard","meta":{"footnotes":""},"categories":[12],"tags":[13,9,14,15,16,11,17],"acf":[],"yoast_head":"<!-- This site is optimized with the Yoast SEO plugin v23.0 - https:\/\/yoast.com\/wordpress\/plugins\/seo\/ -->\n<title>Plano Municipal de Cultura \u00e9 aprovado pela CMM e deve ser sancionado em 15 dias<\/title>\n<meta name=\"description\" content=\"O Projeto de Lei (PL) n\u00ba 231\/2023, de autoria do Executivo Municipal, que institui o Plano Municipal de Cultura (PMC) pelos pr\u00f3ximos 10 anos, foi aprovado, na manh\u00e3 desta segunda-feira, 15\/5, durante a Sess\u00e3o Ordin\u00e1ria da C\u00e2mara Municipal de Manaus (CMM). O PL deve ser sancionado pelo prefeito de Manaus, David Almeida, em 15 dias.\" \/>\n<meta name=\"robots\" content=\"noindex, follow\" \/>\n<meta property=\"og:locale\" content=\"pt_BR\" \/>\n<meta property=\"og:type\" content=\"article\" \/>\n<meta property=\"og:title\" content=\"Plano Municipal de Cultura \u00e9 aprovado pela CMM e deve ser sancionado em 15 dias\" \/>\n<meta property=\"og:description\" content=\"O Projeto de Lei (PL) n\u00ba 231\/2023, de autoria do Executivo Municipal, que institui o Plano Municipal de Cultura (PMC) pelos pr\u00f3ximos 10 anos, foi aprovado, na manh\u00e3 desta segunda-feira, 15\/5, durante a Sess\u00e3o Ordin\u00e1ria da C\u00e2mara Municipal de Manaus (CMM). O PL deve ser sancionado pelo prefeito de Manaus, David Almeida, em 15 dias.\" \/>\n<meta property=\"og:url\" content=\"https:\/\/www.manaus.am.gov.br\/manauscult\/plano-municipal-de-cultura-e-aprovado-pela-cmm-e-deve-ser-sancionado-em-15-dias\/\" \/>\n<meta property=\"og:site_name\" content=\"MANAUSCULT\" \/>\n<meta property=\"article:published_time\" content=\"2023-05-15T20:45:19+00:00\" \/>\n<meta property=\"article:modified_time\" content=\"2023-05-31T19:33:25+00:00\" \/>\n<meta property=\"og:image\" content=\"https:\/\/www.manaus.am.gov.br\/manauscult\/wp-content\/uploads\/sites\/11\/2023\/05\/Aprovacao-do-PMC-pela-CMM.jpg\" \/>\n\t<meta property=\"og:image:width\" content=\"1280\" \/>\n\t<meta property=\"og:image:height\" content=\"853\" \/>\n\t<meta property=\"og:image:type\" content=\"image\/jpeg\" \/>\n<meta name=\"author\" content=\"Bruna Greco\" \/>\n<meta name=\"twitter:card\" content=\"summary_large_image\" \/>\n<meta name=\"twitter:label1\" content=\"Written by\" \/>\n\t<meta name=\"twitter:data1\" content=\"Bruna Greco\" \/>\n\t<meta name=\"twitter:label2\" content=\"Est. reading time\" \/>\n\t<meta name=\"twitter:data2\" content=\"3 minutos\" \/>\n<script type=\"application\/ld+json\" class=\"yoast-schema-graph\">{\"@context\":\"https:\/\/schema.org\",\"@graph\":[{\"@type\":\"WebPage\",\"@id\":\"https:\/\/www.manaus.am.gov.br\/manauscult\/plano-municipal-de-cultura-e-aprovado-pela-cmm-e-deve-ser-sancionado-em-15-dias\/\",\"url\":\"https:\/\/www.manaus.am.gov.br\/manauscult\/plano-municipal-de-cultura-e-aprovado-pela-cmm-e-deve-ser-sancionado-em-15-dias\/\",\"name\":\"Plano Municipal de Cultura \u00e9 aprovado pela CMM e deve ser sancionado em 15 dias\",\"isPartOf\":{\"@id\":\"https:\/\/www.manaus.am.gov.br\/manauscult\/#website\"},\"primaryImageOfPage\":{\"@id\":\"https:\/\/www.manaus.am.gov.br\/manauscult\/plano-municipal-de-cultura-e-aprovado-pela-cmm-e-deve-ser-sancionado-em-15-dias\/#primaryimage\"},\"image\":{\"@id\":\"https:\/\/www.manaus.am.gov.br\/manauscult\/plano-municipal-de-cultura-e-aprovado-pela-cmm-e-deve-ser-sancionado-em-15-dias\/#primaryimage\"},\"thumbnailUrl\":\"https:\/\/www.manaus.am.gov.br\/manauscult\/wp-content\/uploads\/sites\/11\/2023\/05\/Aprovacao-do-PMC-pela-CMM.jpg\",\"datePublished\":\"2023-05-15T20:45:19+00:00\",\"dateModified\":\"2023-05-31T19:33:25+00:00\",\"author\":{\"@id\":\"https:\/\/www.manaus.am.gov.br\/manauscult\/#\/schema\/person\/05d223aea2bf115f9883a6ff3683d81b\"},\"description\":\"O Projeto de Lei (PL) n\u00ba 231\/2023, de autoria do Executivo Municipal, que institui o Plano Municipal de Cultura (PMC) pelos pr\u00f3ximos 10 anos, foi aprovado, na manh\u00e3 desta segunda-feira, 15\/5, durante a Sess\u00e3o Ordin\u00e1ria da C\u00e2mara Municipal de Manaus (CMM). O PL deve ser sancionado pelo prefeito de Manaus, David Almeida, em 15 dias.\",\"breadcrumb\":{\"@id\":\"https:\/\/www.manaus.am.gov.br\/manauscult\/plano-municipal-de-cultura-e-aprovado-pela-cmm-e-deve-ser-sancionado-em-15-dias\/#breadcrumb\"},\"inLanguage\":\"pt-BR\",\"potentialAction\":[{\"@type\":\"ReadAction\",\"target\":[\"https:\/\/www.manaus.am.gov.br\/manauscult\/plano-municipal-de-cultura-e-aprovado-pela-cmm-e-deve-ser-sancionado-em-15-dias\/\"]}]},{\"@type\":\"ImageObject\",\"inLanguage\":\"pt-BR\",\"@id\":\"https:\/\/www.manaus.am.gov.br\/manauscult\/plano-municipal-de-cultura-e-aprovado-pela-cmm-e-deve-ser-sancionado-em-15-dias\/#primaryimage\",\"url\":\"https:\/\/www.manaus.am.gov.br\/manauscult\/wp-content\/uploads\/sites\/11\/2023\/05\/Aprovacao-do-PMC-pela-CMM.jpg\",\"contentUrl\":\"https:\/\/www.manaus.am.gov.br\/manauscult\/wp-content\/uploads\/sites\/11\/2023\/05\/Aprovacao-do-PMC-pela-CMM.jpg\",\"width\":1280,\"height\":853},{\"@type\":\"BreadcrumbList\",\"@id\":\"https:\/\/www.manaus.am.gov.br\/manauscult\/plano-municipal-de-cultura-e-aprovado-pela-cmm-e-deve-ser-sancionado-em-15-dias\/#breadcrumb\",\"itemListElement\":[{\"@type\":\"ListItem\",\"position\":1,\"name\":\"Home\",\"item\":\"https:\/\/www.manaus.am.gov.br\/manauscult\/\"},{\"@type\":\"ListItem\",\"position\":2,\"name\":\"Plano Municipal de Cultura \u00e9 aprovado pela CMM e deve ser sancionado em 15 dias\"}]},{\"@type\":\"WebSite\",\"@id\":\"https:\/\/www.manaus.am.gov.br\/manauscult\/#website\",\"url\":\"https:\/\/www.manaus.am.gov.br\/manauscult\/\",\"name\":\"MANAUSCULT\",\"description\":\"Prefeitura de Manaus\",\"potentialAction\":[{\"@type\":\"SearchAction\",\"target\":{\"@type\":\"EntryPoint\",\"urlTemplate\":\"https:\/\/www.manaus.am.gov.br\/manauscult\/?s={search_term_string}\"},\"query-input\":\"required name=search_term_string\"}],\"inLanguage\":\"pt-BR\"},{\"@type\":\"Person\",\"@id\":\"https:\/\/www.manaus.am.gov.br\/manauscult\/#\/schema\/person\/05d223aea2bf115f9883a6ff3683d81b\",\"name\":\"Bruna Greco\",\"image\":{\"@type\":\"ImageObject\",\"inLanguage\":\"pt-BR\",\"@id\":\"https:\/\/www.manaus.am.gov.br\/manauscult\/#\/schema\/person\/image\/\",\"url\":\"https:\/\/secure.gravatar.com\/avatar\/9c877d1a6adc2a055330e5c09a8653ce?s=96&d=mm&r=g\",\"contentUrl\":\"https:\/\/secure.gravatar.com\/avatar\/9c877d1a6adc2a055330e5c09a8653ce?s=96&d=mm&r=g\",\"caption\":\"Bruna Greco\"}}]}<\/script>\n<!-- \/ Yoast SEO plugin. -->","yoast_head_json":{"title":"Plano Municipal de Cultura \u00e9 aprovado pela CMM e deve ser sancionado em 15 dias","description":"O Projeto de Lei (PL) n\u00ba 231\/2023, de autoria do Executivo Municipal, que institui o Plano Municipal de Cultura (PMC) pelos pr\u00f3ximos 10 anos, foi aprovado, na manh\u00e3 desta segunda-feira, 15\/5, durante a Sess\u00e3o Ordin\u00e1ria da C\u00e2mara Municipal de Manaus (CMM). O PL deve ser sancionado pelo prefeito de Manaus, David Almeida, em 15 dias.","robots":{"index":"noindex","follow":"follow"},"og_locale":"pt_BR","og_type":"article","og_title":"Plano Municipal de Cultura \u00e9 aprovado pela CMM e deve ser sancionado em 15 dias","og_description":"O Projeto de Lei (PL) n\u00ba 231\/2023, de autoria do Executivo Municipal, que institui o Plano Municipal de Cultura (PMC) pelos pr\u00f3ximos 10 anos, foi aprovado, na manh\u00e3 desta segunda-feira, 15\/5, durante a Sess\u00e3o Ordin\u00e1ria da C\u00e2mara Municipal de Manaus (CMM). O PL deve ser sancionado pelo prefeito de Manaus, David Almeida, em 15 dias.","og_url":"https:\/\/www.manaus.am.gov.br\/manauscult\/plano-municipal-de-cultura-e-aprovado-pela-cmm-e-deve-ser-sancionado-em-15-dias\/","og_site_name":"MANAUSCULT","article_published_time":"2023-05-15T20:45:19+00:00","article_modified_time":"2023-05-31T19:33:25+00:00","og_image":[{"width":1280,"height":853,"url":"https:\/\/www.manaus.am.gov.br\/manauscult\/wp-content\/uploads\/sites\/11\/2023\/05\/Aprovacao-do-PMC-pela-CMM.jpg","type":"image\/jpeg"}],"author":"Bruna Greco","twitter_card":"summary_large_image","twitter_misc":{"Written by":"Bruna Greco","Est. reading time":"3 minutos"},"schema":{"@context":"https:\/\/schema.org","@graph":[{"@type":"WebPage","@id":"https:\/\/www.manaus.am.gov.br\/manauscult\/plano-municipal-de-cultura-e-aprovado-pela-cmm-e-deve-ser-sancionado-em-15-dias\/","url":"https:\/\/www.manaus.am.gov.br\/manauscult\/plano-municipal-de-cultura-e-aprovado-pela-cmm-e-deve-ser-sancionado-em-15-dias\/","name":"Plano Municipal de Cultura \u00e9 aprovado pela CMM e deve ser sancionado em 15 dias","isPartOf":{"@id":"https:\/\/www.manaus.am.gov.br\/manauscult\/#website"},"primaryImageOfPage":{"@id":"https:\/\/www.manaus.am.gov.br\/manauscult\/plano-municipal-de-cultura-e-aprovado-pela-cmm-e-deve-ser-sancionado-em-15-dias\/#primaryimage"},"image":{"@id":"https:\/\/www.manaus.am.gov.br\/manauscult\/plano-municipal-de-cultura-e-aprovado-pela-cmm-e-deve-ser-sancionado-em-15-dias\/#primaryimage"},"thumbnailUrl":"https:\/\/www.manaus.am.gov.br\/manauscult\/wp-content\/uploads\/sites\/11\/2023\/05\/Aprovacao-do-PMC-pela-CMM.jpg","datePublished":"2023-05-15T20:45:19+00:00","dateModified":"2023-05-31T19:33:25+00:00","author":{"@id":"https:\/\/www.manaus.am.gov.br\/manauscult\/#\/schema\/person\/05d223aea2bf115f9883a6ff3683d81b"},"description":"O Projeto de Lei (PL) n\u00ba 231\/2023, de autoria do Executivo Municipal, que institui o Plano Municipal de Cultura (PMC) pelos pr\u00f3ximos 10 anos, foi aprovado, na manh\u00e3 desta segunda-feira, 15\/5, durante a Sess\u00e3o Ordin\u00e1ria da C\u00e2mara Municipal de Manaus (CMM). O PL deve ser sancionado pelo prefeito de Manaus, David Almeida, em 15 dias.","breadcrumb":{"@id":"https:\/\/www.manaus.am.gov.br\/manauscult\/plano-municipal-de-cultura-e-aprovado-pela-cmm-e-deve-ser-sancionado-em-15-dias\/#breadcrumb"},"inLanguage":"pt-BR","potentialAction":[{"@type":"ReadAction","target":["https:\/\/www.manaus.am.gov.br\/manauscult\/plano-municipal-de-cultura-e-aprovado-pela-cmm-e-deve-ser-sancionado-em-15-dias\/"]}]},{"@type":"ImageObject","inLanguage":"pt-BR","@id":"https:\/\/www.manaus.am.gov.br\/manauscult\/plano-municipal-de-cultura-e-aprovado-pela-cmm-e-deve-ser-sancionado-em-15-dias\/#primaryimage","url":"https:\/\/www.manaus.am.gov.br\/manauscult\/wp-content\/uploads\/sites\/11\/2023\/05\/Aprovacao-do-PMC-pela-CMM.jpg","contentUrl":"https:\/\/www.manaus.am.gov.br\/manauscult\/wp-content\/uploads\/sites\/11\/2023\/05\/Aprovacao-do-PMC-pela-CMM.jpg","width":1280,"height":853},{"@type":"BreadcrumbList","@id":"https:\/\/www.manaus.am.gov.br\/manauscult\/plano-municipal-de-cultura-e-aprovado-pela-cmm-e-deve-ser-sancionado-em-15-dias\/#breadcrumb","itemListElement":[{"@type":"ListItem","position":1,"name":"Home","item":"https:\/\/www.manaus.am.gov.br\/manauscult\/"},{"@type":"ListItem","position":2,"name":"Plano Municipal de Cultura \u00e9 aprovado pela CMM e deve ser sancionado em 15 dias"}]},{"@type":"WebSite","@id":"https:\/\/www.manaus.am.gov.br\/manauscult\/#website","url":"https:\/\/www.manaus.am.gov.br\/manauscult\/","name":"MANAUSCULT","description":"Prefeitura de Manaus","potentialAction":[{"@type":"SearchAction","target":{"@type":"EntryPoint","urlTemplate":"https:\/\/www.manaus.am.gov.br\/manauscult\/?s={search_term_string}"},"query-input":"required name=search_term_string"}],"inLanguage":"pt-BR"},{"@type":"Person","@id":"https:\/\/www.manaus.am.gov.br\/manauscult\/#\/schema\/person\/05d223aea2bf115f9883a6ff3683d81b","name":"Bruna Greco","image":{"@type":"ImageObject","inLanguage":"pt-BR","@id":"https:\/\/www.manaus.am.gov.br\/manauscult\/#\/schema\/person\/image\/","url":"https:\/\/secure.gravatar.com\/avatar\/9c877d1a6adc2a055330e5c09a8653ce?s=96&d=mm&r=g","contentUrl":"https:\/\/secure.gravatar.com\/avatar\/9c877d1a6adc2a055330e5c09a8653ce?s=96&d=mm&r=g","caption":"Bruna Greco"}}]}},"_links":{"self":[{"href":"https:\/\/www.manaus.am.gov.br\/manauscult\/wp-json\/wp\/v2\/posts\/72"}],"collection":[{"href":"https:\/\/www.manaus.am.gov.br\/manauscult\/wp-json\/wp\/v2\/posts"}],"about":[{"href":"https:\/\/www.manaus.am.gov.br\/manauscult\/wp-json\/wp\/v2\/types\/post"}],"author":[{"embeddable":true,"href":"https:\/\/www.manaus.am.gov.br\/manauscult\/wp-json\/wp\/v2\/users\/39"}],"replies":[{"embeddable":true,"href":"https:\/\/www.manaus.am.gov.br\/manauscult\/wp-json\/wp\/v2\/comments?post=72"}],"version-history":[{"count":1,"href":"https:\/\/www.manaus.am.gov.br\/manauscult\/wp-json\/wp\/v2\/posts\/72\/revisions"}],"predecessor-version":[{"id":391,"href":"https:\/\/www.manaus.am.gov.br\/manauscult\/wp-json\/wp\/v2\/posts\/72\/revisions\/391"}],"wp:featuredmedia":[{"embeddable":true,"href":"https:\/\/www.manaus.am.gov.br\/manauscult\/wp-json\/wp\/v2\/media\/73"}],"wp:attachment":[{"href":"https:\/\/www.manaus.am.gov.br\/manauscult\/wp-json\/wp\/v2\/media?parent=72"}],"wp:term":[{"taxonomy":"category","embeddable":true,"href":"https:\/\/www.manaus.am.gov.br\/manauscult\/wp-json\/wp\/v2\/categories?post=72"},{"taxonomy":"post_tag","embeddable":true,"href":"https:\/\/www.manaus.am.gov.br\/manauscult\/wp-json\/wp\/v2\/tags?post=72"}],"curies":[{"name":"wp","href":"https:\/\/api.w.org\/{rel}","templated":true}]}}