{"id":6103,"date":"2026-08-30T17:30:16","date_gmt":"2026-08-30T21:30:16","guid":{"rendered":"https:\/\/www.manaus.am.gov.br\/manauscult\/prefeitura-manauscult-entregapulseiras\/"},"modified":"2026-08-31T13:21:49","modified_gmt":"2026-08-31T17:21:49","slug":"prefeitura-manauscult-soumanaus-entregapulseiras","status":"publish","type":"post","link":"https:\/\/www.manaus.am.gov.br\/manauscult\/prefeitura-manauscult-soumanaus-entregapulseiras\/","title":{"rendered":"P\u00fablico do \u2018#SouManaus Passo a Pa\u00e7o 2026\u2019 aproveita domingo para retirada das pulseiras do evento"},"content":{"rendered":"\n<p>A <a href=\"https:\/\/www.manaus.am.gov.br\/\">Prefeitura de Manaus<\/a>, por meio da <a href=\"https:\/\/www.instagram.com\/manauscult_\/\">Funda\u00e7\u00e3o Municipal de Cultura, Turismo e Eventos<\/a> (ManausCult), realiza, neste domingo, 30\/8, a retirada das pulseiras de acesso do terceiro lote do \u201c#SouManaus Passo a Pa\u00e7o 2026\u201d. A entrega acontece nos sete pontos oficiais distribu\u00eddos pela cidade, conforme o local e a data indicados no comprovante de reserva.<\/p>\n\n\n\n<p>A retirada \u00e9 pessoal e intransfer\u00edvel e, para receber a pulseira, o participante deve apresentar documento oficial original com foto, comprovante da reserva e entregar um quilo de alimento n\u00e3o perec\u00edvel. Os alimentos arrecadados ser\u00e3o destinados a a\u00e7\u00f5es sociais da Prefeitura de Manaus.<\/p>\n\n\n\n<p>O cronograma de retirada segue nesta segunda-feira, 31\/8, para os participantes do quarto lote, e na ter\u00e7a-feira, 1\u00b0\/9, para o quinto lote. A prefeitura refor\u00e7a que o participante deve comparecer exclusivamente ao ponto selecionado no momento da inscri\u00e7\u00e3o, n\u00e3o sendo poss\u00edvel alterar, posteriormente, o local de retirada.<\/p>\n\n\n\n<p>\u201cEstamos avan\u00e7ando para mais uma etapa importante do #SouManaus. A retirada das pulseiras representa a proximidade de um dos maiores momentos da programa\u00e7\u00e3o cultural de Manaus e, ao mesmo tempo, refor\u00e7a o nosso compromisso com uma organiza\u00e7\u00e3o segura e tranquila para o p\u00fablico. Pedimos que todos confiram atentamente o comprovante e compare\u00e7am ao local e na data indicados. \u00c9 muito importante tamb\u00e9m lembrar que cada pulseira representa solidariedade, j\u00e1 que estamos arrecadando alimentos que ser\u00e3o destinados a a\u00e7\u00f5es sociais\u201d, destacou o diretor-presidente da ManausCult, M\u00e1rcio Braz.<\/p>\n\n\n\n<p>A expectativa para o festival j\u00e1 toma conta do p\u00fablico. Moradora do centro de Manaus, Marta Souza, que garantiu sua reserva, conta que est\u00e1 ansiosa para viver a programa\u00e7\u00e3o.<\/p>\n\n\n\n<p>\u201cEstou muito empolgada. J\u00e1 estava esperando esse momento para pegar minha pulseira e come\u00e7ar, oficialmente, a contagem regressiva para o #SouManaus. Quero aproveitar os shows, conhecer as atra\u00e7\u00f5es, aproveitar a gastronomia e, principalmente, viver essa energia que s\u00f3 Manaus tem. \u00c9 muito bom saber que, al\u00e9m de participar de uma grande festa, tamb\u00e9m estamos ajudando com a doa\u00e7\u00e3o de alimentos\u201d, afirmou Marta.<\/p>\n\n\n\n<p>Artistas locais<\/p>\n\n\n\n<p>Com o conceito \u201cOrigens, \u00c1guas e Manaus\u201d, o \u201c#SouManaus Passo a Pa\u00e7o 2026\u201d amplia a programa\u00e7\u00e3o cultural e aposta na valoriza\u00e7\u00e3o da produ\u00e7\u00e3o art\u00edstica amazonense. A edi\u00e7\u00e3o re\u00fane mais de 150 m\u00fasicos, entre artistas locais e nacionais, al\u00e9m de mais de 2.000 trabalhadores da cultura envolvidos diretamente na realiza\u00e7\u00e3o do festival.<\/p>\n\n\n\n<p>A programa\u00e7\u00e3o tamb\u00e9m foi ampliada para dez dias, incorporando diferentes linguagens e espa\u00e7os culturais do Centro Hist\u00f3rico de Manaus, com m\u00fasica, teatro, dan\u00e7a, artes visuais, exposi\u00e7\u00f5es, gastronomia e economia criativa at\u00e9 o dia 13 de setembro.<\/p>\n\n\n\n<p>Entre os artistas amazonenses que integram a programa\u00e7\u00e3o est\u00e3o nomes como Victor Xam\u00e3, Forr\u00f3 Revoada, Tucumanus, Rafa Milit\u00e3o, Ases do Pagode, Gabriel Gon\u00e7alves, Marcelo Nakamura, Rebecca Grana, Nat\u00e1lia Lima, Jehnny Moda, Doral, Impakto, 40 Graus de Amor, Essence, Jorj\u00e3o, O Tronxo, Rayssa Zombie, Lucilene Castro e Cabocrioulo.<\/p>\n\n\n\n<p>Atra\u00e7\u00f5es nacionais<\/p>\n\n\n\n<p>O p\u00fablico tamb\u00e9m poder\u00e1 acompanhar grandes nomes da m\u00fasica nacional durante o festival. Entre as atra\u00e7\u00f5es confirmadas est\u00e3o IZA, Ana Castela, L\u00e9o Santana, Filipe Ret, Gloria Groove, Ferrugem, Gustavo Mioto, Dennis DJ, Natanzinho Lima, MC Hariel, Duquesa, Dead Fish, Yago Oproprio, Aline Barros, Israel Salazar, Padre Jo\u00e3o Carlos, Filho do Piseiro e Kysha e Mine em \u201cLance de Escola\u201d.<\/p>\n\n\n\n<p>O festival tem expectativa de receber mais de 500 mil pessoas ao longo da programa\u00e7\u00e3o e movimentar setores como cultura, com\u00e9rcio, servi\u00e7os e turismo, no Centro Hist\u00f3rico de Manaus, a partir de 4 de setembro.<\/p>\n\n\n\n<p>&#8212;-<\/p>\n\n\n\n<p><strong>Texto<\/strong> &#8211; Arlinton J\u00fanior \/ ManausCult<\/p>\n\n\n\n<p><strong>Fotos<\/strong> \u2013 Arielle Lorena\/Semcom<\/p>\n\n\n\n<p><strong>Dispon\u00edveis em<\/strong> &#8211; <a href=\"https:\/\/flic.kr\/s\/aHBqjD3BR7\">https:\/\/flic.kr\/s\/aHBqjD3BR7<\/a><\/p>\n","protected":false},"excerpt":{"rendered":"","protected":false},"author":23,"featured_media":6104,"comment_status":"closed","ping_status":"closed","sticky":false,"template":"","format":"standard","meta":{"footnotes":""},"categories":[216],"tags":[1972,9,11,517],"acf":[],"yoast_head":"<!-- This site is optimized with the Yoast SEO plugin v23.0 - https:\/\/yoast.com\/wordpress\/plugins\/seo\/ -->\n<title>P\u00fablico do \u2018#SouManaus Passo a Pa\u00e7o 2026\u2019 aproveita domingo para retirada das pulseiras do evento<\/title>\n<meta name=\"description\" content=\"A Prefeitura de Manaus, por meio da Funda\u00e7\u00e3o Municipal de Cultura, Turismo e Eventos (ManausCult), realiza, neste domingo, 30\/8, a retirada das pulseiras de acesso do terceiro lote do \u201c#SouManaus Passo a Pa\u00e7o 2026\u201d. A entrega acontece nos sete pontos oficiais distribu\u00eddos pela cidade, conforme o local e a data indicados no comprovante de reserva.\" \/>\n<meta name=\"robots\" content=\"noindex, follow\" \/>\n<meta property=\"og:locale\" content=\"pt_BR\" \/>\n<meta property=\"og:type\" content=\"article\" \/>\n<meta property=\"og:title\" content=\"P\u00fablico do \u2018#SouManaus Passo a Pa\u00e7o 2026\u2019 aproveita domingo para retirada das pulseiras do evento\" \/>\n<meta property=\"og:description\" content=\"A Prefeitura de Manaus, por meio da Funda\u00e7\u00e3o Municipal de Cultura, Turismo e Eventos (ManausCult), realiza, neste domingo, 30\/8, a retirada das pulseiras de acesso do terceiro lote do \u201c#SouManaus Passo a Pa\u00e7o 2026\u201d. A entrega acontece nos sete pontos oficiais distribu\u00eddos pela cidade, conforme o local e a data indicados no comprovante de reserva.\" \/>\n<meta property=\"og:url\" content=\"https:\/\/www.manaus.am.gov.br\/manauscult\/prefeitura-manauscult-entregapulseiras\/\" \/>\n<meta property=\"og:site_name\" content=\"MANAUSCULT\" \/>\n<meta property=\"article:published_time\" content=\"2026-08-30T21:30:16+00:00\" \/>\n<meta property=\"article:modified_time\" content=\"2026-08-31T17:21:49+00:00\" \/>\n<meta property=\"og:image\" content=\"https:\/\/www.manaus.am.gov.br\/manauscult\/wp-content\/uploads\/sites\/11\/2026\/08\/55498077306_bc6db35a93_c.jpg\" \/>\n\t<meta property=\"og:image:width\" content=\"799\" \/>\n\t<meta property=\"og:image:height\" content=\"533\" \/>\n\t<meta property=\"og:image:type\" content=\"image\/jpeg\" \/>\n<meta name=\"author\" content=\"Adriana Costa\" \/>\n<meta name=\"twitter:card\" content=\"summary_large_image\" \/>\n<meta name=\"twitter:label1\" content=\"Written by\" \/>\n\t<meta name=\"twitter:data1\" content=\"Adriana Costa\" \/>\n\t<meta name=\"twitter:label2\" content=\"Est. reading time\" \/>\n\t<meta name=\"twitter:data2\" content=\"4 minutos\" \/>\n<script type=\"application\/ld+json\" class=\"yoast-schema-graph\">{\"@context\":\"https:\/\/schema.org\",\"@graph\":[{\"@type\":\"WebPage\",\"@id\":\"https:\/\/www.manaus.am.gov.br\/manauscult\/prefeitura-manauscult-entregapulseiras\/\",\"url\":\"https:\/\/www.manaus.am.gov.br\/manauscult\/prefeitura-manauscult-entregapulseiras\/\",\"name\":\"P\u00fablico do \u2018#SouManaus Passo a Pa\u00e7o 2026\u2019 aproveita domingo para retirada das pulseiras do evento\",\"isPartOf\":{\"@id\":\"https:\/\/www.manaus.am.gov.br\/manauscult\/#website\"},\"primaryImageOfPage\":{\"@id\":\"https:\/\/www.manaus.am.gov.br\/manauscult\/prefeitura-manauscult-entregapulseiras\/#primaryimage\"},\"image\":{\"@id\":\"https:\/\/www.manaus.am.gov.br\/manauscult\/prefeitura-manauscult-entregapulseiras\/#primaryimage\"},\"thumbnailUrl\":\"https:\/\/www.manaus.am.gov.br\/manauscult\/wp-content\/uploads\/sites\/11\/2026\/08\/55498077306_bc6db35a93_c.jpg\",\"datePublished\":\"2026-08-30T21:30:16+00:00\",\"dateModified\":\"2026-08-31T17:21:49+00:00\",\"author\":{\"@id\":\"https:\/\/www.manaus.am.gov.br\/manauscult\/#\/schema\/person\/4e49f4e267757a06ca072ec61b2b9968\"},\"description\":\"A Prefeitura de Manaus, por meio da Funda\u00e7\u00e3o Municipal de Cultura, Turismo e Eventos (ManausCult), realiza, neste domingo, 30\/8, a retirada das pulseiras de acesso do terceiro lote do \u201c#SouManaus Passo a Pa\u00e7o 2026\u201d. A entrega acontece nos sete pontos oficiais distribu\u00eddos pela cidade, conforme o local e a data indicados no comprovante de reserva.\",\"breadcrumb\":{\"@id\":\"https:\/\/www.manaus.am.gov.br\/manauscult\/prefeitura-manauscult-entregapulseiras\/#breadcrumb\"},\"inLanguage\":\"pt-BR\",\"potentialAction\":[{\"@type\":\"ReadAction\",\"target\":[\"https:\/\/www.manaus.am.gov.br\/manauscult\/prefeitura-manauscult-entregapulseiras\/\"]}]},{\"@type\":\"ImageObject\",\"inLanguage\":\"pt-BR\",\"@id\":\"https:\/\/www.manaus.am.gov.br\/manauscult\/prefeitura-manauscult-entregapulseiras\/#primaryimage\",\"url\":\"https:\/\/www.manaus.am.gov.br\/manauscult\/wp-content\/uploads\/sites\/11\/2026\/08\/55498077306_bc6db35a93_c.jpg\",\"contentUrl\":\"https:\/\/www.manaus.am.gov.br\/manauscult\/wp-content\/uploads\/sites\/11\/2026\/08\/55498077306_bc6db35a93_c.jpg\",\"width\":799,\"height\":533,\"caption\":\"#paratodosverem - Atendimento ao p\u00fablico para retirada de pulseiras para o \\\"#SouManaus Passo a Pa\u00e7o 2026\\\"\"},{\"@type\":\"BreadcrumbList\",\"@id\":\"https:\/\/www.manaus.am.gov.br\/manauscult\/prefeitura-manauscult-entregapulseiras\/#breadcrumb\",\"itemListElement\":[{\"@type\":\"ListItem\",\"position\":1,\"name\":\"Home\",\"item\":\"https:\/\/www.manaus.am.gov.br\/manauscult\/\"},{\"@type\":\"ListItem\",\"position\":2,\"name\":\"P\u00fablico do \u2018#SouManaus Passo a Pa\u00e7o 2026\u2019 aproveita domingo para retirada das pulseiras do evento\"}]},{\"@type\":\"WebSite\",\"@id\":\"https:\/\/www.manaus.am.gov.br\/manauscult\/#website\",\"url\":\"https:\/\/www.manaus.am.gov.br\/manauscult\/\",\"name\":\"MANAUSCULT\",\"description\":\"Prefeitura de Manaus\",\"potentialAction\":[{\"@type\":\"SearchAction\",\"target\":{\"@type\":\"EntryPoint\",\"urlTemplate\":\"https:\/\/www.manaus.am.gov.br\/manauscult\/?s={search_term_string}\"},\"query-input\":\"required name=search_term_string\"}],\"inLanguage\":\"pt-BR\"},{\"@type\":\"Person\",\"@id\":\"https:\/\/www.manaus.am.gov.br\/manauscult\/#\/schema\/person\/4e49f4e267757a06ca072ec61b2b9968\",\"name\":\"Adriana Costa\",\"image\":{\"@type\":\"ImageObject\",\"inLanguage\":\"pt-BR\",\"@id\":\"https:\/\/www.manaus.am.gov.br\/manauscult\/#\/schema\/person\/image\/\",\"url\":\"https:\/\/secure.gravatar.com\/avatar\/576258617ef7194f718179e766d57bd4?s=96&d=mm&r=g\",\"contentUrl\":\"https:\/\/secure.gravatar.com\/avatar\/576258617ef7194f718179e766d57bd4?s=96&d=mm&r=g\",\"caption\":\"Adriana Costa\"}}]}<\/script>\n<!-- \/ Yoast SEO plugin. -->","yoast_head_json":{"title":"P\u00fablico do \u2018#SouManaus Passo a Pa\u00e7o 2026\u2019 aproveita domingo para retirada das pulseiras do evento","description":"A Prefeitura de Manaus, por meio da Funda\u00e7\u00e3o Municipal de Cultura, Turismo e Eventos (ManausCult), realiza, neste domingo, 30\/8, a retirada das pulseiras de acesso do terceiro lote do \u201c#SouManaus Passo a Pa\u00e7o 2026\u201d. A entrega acontece nos sete pontos oficiais distribu\u00eddos pela cidade, conforme o local e a data indicados no comprovante de reserva.","robots":{"index":"noindex","follow":"follow"},"og_locale":"pt_BR","og_type":"article","og_title":"P\u00fablico do \u2018#SouManaus Passo a Pa\u00e7o 2026\u2019 aproveita domingo para retirada das pulseiras do evento","og_description":"A Prefeitura de Manaus, por meio da Funda\u00e7\u00e3o Municipal de Cultura, Turismo e Eventos (ManausCult), realiza, neste domingo, 30\/8, a retirada das pulseiras de acesso do terceiro lote do \u201c#SouManaus Passo a Pa\u00e7o 2026\u201d. A entrega acontece nos sete pontos oficiais distribu\u00eddos pela cidade, conforme o local e a data indicados no comprovante de reserva.","og_url":"https:\/\/www.manaus.am.gov.br\/manauscult\/prefeitura-manauscult-entregapulseiras\/","og_site_name":"MANAUSCULT","article_published_time":"2026-08-30T21:30:16+00:00","article_modified_time":"2026-08-31T17:21:49+00:00","og_image":[{"width":799,"height":533,"url":"https:\/\/www.manaus.am.gov.br\/manauscult\/wp-content\/uploads\/sites\/11\/2026\/08\/55498077306_bc6db35a93_c.jpg","type":"image\/jpeg"}],"author":"Adriana Costa","twitter_card":"summary_large_image","twitter_misc":{"Written by":"Adriana Costa","Est. reading time":"4 minutos"},"schema":{"@context":"https:\/\/schema.org","@graph":[{"@type":"WebPage","@id":"https:\/\/www.manaus.am.gov.br\/manauscult\/prefeitura-manauscult-entregapulseiras\/","url":"https:\/\/www.manaus.am.gov.br\/manauscult\/prefeitura-manauscult-entregapulseiras\/","name":"P\u00fablico do \u2018#SouManaus Passo a Pa\u00e7o 2026\u2019 aproveita domingo para retirada das pulseiras do evento","isPartOf":{"@id":"https:\/\/www.manaus.am.gov.br\/manauscult\/#website"},"primaryImageOfPage":{"@id":"https:\/\/www.manaus.am.gov.br\/manauscult\/prefeitura-manauscult-entregapulseiras\/#primaryimage"},"image":{"@id":"https:\/\/www.manaus.am.gov.br\/manauscult\/prefeitura-manauscult-entregapulseiras\/#primaryimage"},"thumbnailUrl":"https:\/\/www.manaus.am.gov.br\/manauscult\/wp-content\/uploads\/sites\/11\/2026\/08\/55498077306_bc6db35a93_c.jpg","datePublished":"2026-08-30T21:30:16+00:00","dateModified":"2026-08-31T17:21:49+00:00","author":{"@id":"https:\/\/www.manaus.am.gov.br\/manauscult\/#\/schema\/person\/4e49f4e267757a06ca072ec61b2b9968"},"description":"A Prefeitura de Manaus, por meio da Funda\u00e7\u00e3o Municipal de Cultura, Turismo e Eventos (ManausCult), realiza, neste domingo, 30\/8, a retirada das pulseiras de acesso do terceiro lote do \u201c#SouManaus Passo a Pa\u00e7o 2026\u201d. A entrega acontece nos sete pontos oficiais distribu\u00eddos pela cidade, conforme o local e a data indicados no comprovante de reserva.","breadcrumb":{"@id":"https:\/\/www.manaus.am.gov.br\/manauscult\/prefeitura-manauscult-entregapulseiras\/#breadcrumb"},"inLanguage":"pt-BR","potentialAction":[{"@type":"ReadAction","target":["https:\/\/www.manaus.am.gov.br\/manauscult\/prefeitura-manauscult-entregapulseiras\/"]}]},{"@type":"ImageObject","inLanguage":"pt-BR","@id":"https:\/\/www.manaus.am.gov.br\/manauscult\/prefeitura-manauscult-entregapulseiras\/#primaryimage","url":"https:\/\/www.manaus.am.gov.br\/manauscult\/wp-content\/uploads\/sites\/11\/2026\/08\/55498077306_bc6db35a93_c.jpg","contentUrl":"https:\/\/www.manaus.am.gov.br\/manauscult\/wp-content\/uploads\/sites\/11\/2026\/08\/55498077306_bc6db35a93_c.jpg","width":799,"height":533,"caption":"#paratodosverem - Atendimento ao p\u00fablico para retirada de pulseiras para o \"#SouManaus Passo a Pa\u00e7o 2026\""},{"@type":"BreadcrumbList","@id":"https:\/\/www.manaus.am.gov.br\/manauscult\/prefeitura-manauscult-entregapulseiras\/#breadcrumb","itemListElement":[{"@type":"ListItem","position":1,"name":"Home","item":"https:\/\/www.manaus.am.gov.br\/manauscult\/"},{"@type":"ListItem","position":2,"name":"P\u00fablico do \u2018#SouManaus Passo a Pa\u00e7o 2026\u2019 aproveita domingo para retirada das pulseiras do evento"}]},{"@type":"WebSite","@id":"https:\/\/www.manaus.am.gov.br\/manauscult\/#website","url":"https:\/\/www.manaus.am.gov.br\/manauscult\/","name":"MANAUSCULT","description":"Prefeitura de Manaus","potentialAction":[{"@type":"SearchAction","target":{"@type":"EntryPoint","urlTemplate":"https:\/\/www.manaus.am.gov.br\/manauscult\/?s={search_term_string}"},"query-input":"required name=search_term_string"}],"inLanguage":"pt-BR"},{"@type":"Person","@id":"https:\/\/www.manaus.am.gov.br\/manauscult\/#\/schema\/person\/4e49f4e267757a06ca072ec61b2b9968","name":"Adriana Costa","image":{"@type":"ImageObject","inLanguage":"pt-BR","@id":"https:\/\/www.manaus.am.gov.br\/manauscult\/#\/schema\/person\/image\/","url":"https:\/\/secure.gravatar.com\/avatar\/576258617ef7194f718179e766d57bd4?s=96&d=mm&r=g","contentUrl":"https:\/\/secure.gravatar.com\/avatar\/576258617ef7194f718179e766d57bd4?s=96&d=mm&r=g","caption":"Adriana Costa"}}]}},"_links":{"self":[{"href":"https:\/\/www.manaus.am.gov.br\/manauscult\/wp-json\/wp\/v2\/posts\/6103"}],"collection":[{"href":"https:\/\/www.manaus.am.gov.br\/manauscult\/wp-json\/wp\/v2\/posts"}],"about":[{"href":"https:\/\/www.manaus.am.gov.br\/manauscult\/wp-json\/wp\/v2\/types\/post"}],"author":[{"embeddable":true,"href":"https:\/\/www.manaus.am.gov.br\/manauscult\/wp-json\/wp\/v2\/users\/23"}],"replies":[{"embeddable":true,"href":"https:\/\/www.manaus.am.gov.br\/manauscult\/wp-json\/wp\/v2\/comments?post=6103"}],"version-history":[{"count":1,"href":"https:\/\/www.manaus.am.gov.br\/manauscult\/wp-json\/wp\/v2\/posts\/6103\/revisions"}],"predecessor-version":[{"id":6109,"href":"https:\/\/www.manaus.am.gov.br\/manauscult\/wp-json\/wp\/v2\/posts\/6103\/revisions\/6109"}],"wp:featuredmedia":[{"embeddable":true,"href":"https:\/\/www.manaus.am.gov.br\/manauscult\/wp-json\/wp\/v2\/media\/6104"}],"wp:attachment":[{"href":"https:\/\/www.manaus.am.gov.br\/manauscult\/wp-json\/wp\/v2\/media?parent=6103"}],"wp:term":[{"taxonomy":"category","embeddable":true,"href":"https:\/\/www.manaus.am.gov.br\/manauscult\/wp-json\/wp\/v2\/categories?post=6103"},{"taxonomy":"post_tag","embeddable":true,"href":"https:\/\/www.manaus.am.gov.br\/manauscult\/wp-json\/wp\/v2\/tags?post=6103"}],"curies":[{"name":"wp","href":"https:\/\/api.w.org\/{rel}","templated":true}]}}