{"id":6098,"date":"2026-08-28T19:22:12","date_gmt":"2026-08-28T23:22:12","guid":{"rendered":"https:\/\/www.manaus.am.gov.br\/manauscult\/cartao-passafacil-especial-sou-manaus\/"},"modified":"2026-08-28T19:22:13","modified_gmt":"2026-08-28T23:22:13","slug":"cartao-passafacil-especial-sou-manaus","status":"publish","type":"post","link":"https:\/\/www.manaus.am.gov.br\/manauscult\/cartao-passafacil-especial-sou-manaus\/","title":{"rendered":"NOTA\u00a0"},"content":{"rendered":"\n<p>A Prefeitura de Manaus, por meio da Funda\u00e7\u00e3o Municipal de Cultura, Turismo e Eventos (ManausCult) e do Instituto Municipal de Mobilidade Urbana (IMMU), em parceria com o Sindicato das Empresas de Transporte de Passageiros do Estado do Amazonas (Sinetram), informa que, devido \u00e0 alta demanda de solicita\u00e7\u00f5es do cart\u00e3o PassaF\u00e1cil Especial Sou Manaus, a entrega dos kits do evento foi reprogramada para o dia 2 de setembro de 2026, das 10h \u00e0s 22h.<\/p>\n\n\n\n<p>A entrega ser\u00e1 realizada na loja Sinetram Sou Manaus, localizada no 2\u00ba piso do shopping ViaNorte, em frente \u00e0 Riachuelo.&nbsp;<\/p>\n\n\n\n<p>Para solicitar o cart\u00e3o promocional, os interessados podem acessar o canal oficial no aplicativo Telegram, por meio do contato \u201c@sindy_sinetram_bot\u201d. O cidad\u00e3o deve baixar o app do Telegram gratuitamente em uma loja de aplicativos e no item \u201cbusca\u201d procurar por \u201c@sindy_sinetram_bot\u201d ou \u201cSindy. Ao acessar o sistema, o interessado poder\u00e1 escolher a data de sua pulseira, sendo permitido o cadastro de apenas um CPF por cart\u00e3o.<\/p>\n\n\n\n<p><strong>Mais comodidade para quem vai de \u00f4nibus<\/strong><\/p>\n\n\n\n<p>Ao utilizar o cart\u00e3o, o p\u00fablico ter\u00e1 acesso ao corredor exclusivo para transporte coletivo, implantado na avenida Epaminondas at\u00e9 o terminal da Matriz, garantindo muito mais rapidez e conforto na chegada ao evento.<\/p>\n\n\n\n<p>O IMMU preparou uma opera\u00e7\u00e3o refor\u00e7ada para os dias de festival. No total, 84 linhas v\u00e3o atender o evento, 14 linhas far\u00e3o uma viagem a mais ap\u00f3s a meia noite (101, 113, 120, 121, 216, 535, 608, 705, 713, 227, 330, 422, 440 e 612) e 17 linhas far\u00e3o duas viagens a mais ap\u00f3s a meia noite (126, 214, 219, 315, 356, 321, 443, 448, 500, 540, 560, 604, 621, 640, 650, 652 e 676). Al\u00e9m dessas viagens, 25 carros de apoio estar\u00e3o \u00e0 disposi\u00e7\u00e3o durante o evento nos dias 5, 6 e 7\/9.<\/p>\n\n\n\n<p>A prefeitura refor\u00e7a o compromisso em garantir uma opera\u00e7\u00e3o organizada para o \u201c#SouManaus 2026\u201d.<\/p>\n\n\n\n<p>\u2014&#8211; \u2014&#8211; \u2014&#8211;<br><strong>Texto &#8211;<\/strong> Divulga\u00e7\u00e3o \/ IMMU<\/p>\n","protected":false},"excerpt":{"rendered":"","protected":false},"author":68,"featured_media":6096,"comment_status":"closed","ping_status":"closed","sticky":false,"template":"","format":"standard","meta":{"footnotes":""},"categories":[224],"tags":[1980,378,9,11,1981],"acf":[],"yoast_head":"<!-- This site is optimized with the Yoast SEO plugin v23.0 - https:\/\/yoast.com\/wordpress\/plugins\/seo\/ -->\n<title>NOTA\u00a0<\/title>\n<meta name=\"description\" content=\"A Prefeitura de Manaus, informa que, devido \u00e0 alta demanda de solicita\u00e7\u00f5es do cart\u00e3o PassaF\u00e1cil Especial Sou Manaus, a entrega dos kits do evento foi reprogramada para o dia 2 de setembro de 2026, das 10h \u00e0s 22h.\" \/>\n<meta name=\"robots\" content=\"noindex, follow\" \/>\n<meta property=\"og:locale\" content=\"pt_BR\" \/>\n<meta property=\"og:type\" content=\"article\" \/>\n<meta property=\"og:title\" content=\"NOTA\u00a0\" \/>\n<meta property=\"og:description\" content=\"A Prefeitura de Manaus, informa que, devido \u00e0 alta demanda de solicita\u00e7\u00f5es do cart\u00e3o PassaF\u00e1cil Especial Sou Manaus, a entrega dos kits do evento foi reprogramada para o dia 2 de setembro de 2026, das 10h \u00e0s 22h.\" \/>\n<meta property=\"og:url\" content=\"https:\/\/www.manaus.am.gov.br\/manauscult\/cartao-passafacil-especial-sou-manaus\/\" \/>\n<meta property=\"og:site_name\" content=\"MANAUSCULT\" \/>\n<meta property=\"article:published_time\" content=\"2026-08-28T23:22:12+00:00\" \/>\n<meta property=\"article:modified_time\" content=\"2026-08-28T23:22:13+00:00\" \/>\n<meta property=\"og:image\" content=\"https:\/\/www.manaus.am.gov.br\/manauscult\/wp-content\/uploads\/sites\/11\/2026\/08\/NOTA-BANNER-SITE.png\" \/>\n\t<meta property=\"og:image:width\" content=\"900\" \/>\n\t<meta property=\"og:image:height\" content=\"509\" \/>\n\t<meta property=\"og:image:type\" content=\"image\/png\" \/>\n<meta name=\"author\" content=\"bvalente\" \/>\n<meta name=\"twitter:card\" content=\"summary_large_image\" \/>\n<meta name=\"twitter:label1\" content=\"Written by\" \/>\n\t<meta name=\"twitter:data1\" content=\"bvalente\" \/>\n\t<meta name=\"twitter:label2\" content=\"Est. reading time\" \/>\n\t<meta name=\"twitter:data2\" content=\"2 minutos\" \/>\n<script type=\"application\/ld+json\" class=\"yoast-schema-graph\">{\"@context\":\"https:\/\/schema.org\",\"@graph\":[{\"@type\":\"WebPage\",\"@id\":\"https:\/\/www.manaus.am.gov.br\/manauscult\/cartao-passafacil-especial-sou-manaus\/\",\"url\":\"https:\/\/www.manaus.am.gov.br\/manauscult\/cartao-passafacil-especial-sou-manaus\/\",\"name\":\"NOTA\u00a0\",\"isPartOf\":{\"@id\":\"https:\/\/www.manaus.am.gov.br\/manauscult\/#website\"},\"primaryImageOfPage\":{\"@id\":\"https:\/\/www.manaus.am.gov.br\/manauscult\/cartao-passafacil-especial-sou-manaus\/#primaryimage\"},\"image\":{\"@id\":\"https:\/\/www.manaus.am.gov.br\/manauscult\/cartao-passafacil-especial-sou-manaus\/#primaryimage\"},\"thumbnailUrl\":\"https:\/\/www.manaus.am.gov.br\/manauscult\/wp-content\/uploads\/sites\/11\/2026\/08\/NOTA-BANNER-SITE.png\",\"datePublished\":\"2026-08-28T23:22:12+00:00\",\"dateModified\":\"2026-08-28T23:22:13+00:00\",\"author\":{\"@id\":\"https:\/\/www.manaus.am.gov.br\/manauscult\/#\/schema\/person\/466a0e03ae4b6062809046bd560ac955\"},\"description\":\"A Prefeitura de Manaus, informa que, devido \u00e0 alta demanda de solicita\u00e7\u00f5es do cart\u00e3o PassaF\u00e1cil Especial Sou Manaus, a entrega dos kits do evento foi reprogramada para o dia 2 de setembro de 2026, das 10h \u00e0s 22h.\",\"breadcrumb\":{\"@id\":\"https:\/\/www.manaus.am.gov.br\/manauscult\/cartao-passafacil-especial-sou-manaus\/#breadcrumb\"},\"inLanguage\":\"pt-BR\",\"potentialAction\":[{\"@type\":\"ReadAction\",\"target\":[\"https:\/\/www.manaus.am.gov.br\/manauscult\/cartao-passafacil-especial-sou-manaus\/\"]}]},{\"@type\":\"ImageObject\",\"inLanguage\":\"pt-BR\",\"@id\":\"https:\/\/www.manaus.am.gov.br\/manauscult\/cartao-passafacil-especial-sou-manaus\/#primaryimage\",\"url\":\"https:\/\/www.manaus.am.gov.br\/manauscult\/wp-content\/uploads\/sites\/11\/2026\/08\/NOTA-BANNER-SITE.png\",\"contentUrl\":\"https:\/\/www.manaus.am.gov.br\/manauscult\/wp-content\/uploads\/sites\/11\/2026\/08\/NOTA-BANNER-SITE.png\",\"width\":900,\"height\":509},{\"@type\":\"BreadcrumbList\",\"@id\":\"https:\/\/www.manaus.am.gov.br\/manauscult\/cartao-passafacil-especial-sou-manaus\/#breadcrumb\",\"itemListElement\":[{\"@type\":\"ListItem\",\"position\":1,\"name\":\"Home\",\"item\":\"https:\/\/www.manaus.am.gov.br\/manauscult\/\"},{\"@type\":\"ListItem\",\"position\":2,\"name\":\"NOTA\u00a0\"}]},{\"@type\":\"WebSite\",\"@id\":\"https:\/\/www.manaus.am.gov.br\/manauscult\/#website\",\"url\":\"https:\/\/www.manaus.am.gov.br\/manauscult\/\",\"name\":\"MANAUSCULT\",\"description\":\"Prefeitura de Manaus\",\"potentialAction\":[{\"@type\":\"SearchAction\",\"target\":{\"@type\":\"EntryPoint\",\"urlTemplate\":\"https:\/\/www.manaus.am.gov.br\/manauscult\/?s={search_term_string}\"},\"query-input\":\"required name=search_term_string\"}],\"inLanguage\":\"pt-BR\"},{\"@type\":\"Person\",\"@id\":\"https:\/\/www.manaus.am.gov.br\/manauscult\/#\/schema\/person\/466a0e03ae4b6062809046bd560ac955\",\"name\":\"bvalente\",\"image\":{\"@type\":\"ImageObject\",\"inLanguage\":\"pt-BR\",\"@id\":\"https:\/\/www.manaus.am.gov.br\/manauscult\/#\/schema\/person\/image\/\",\"url\":\"https:\/\/secure.gravatar.com\/avatar\/3e69bc2b014bdad41adfec3a39de07d2?s=96&d=mm&r=g\",\"contentUrl\":\"https:\/\/secure.gravatar.com\/avatar\/3e69bc2b014bdad41adfec3a39de07d2?s=96&d=mm&r=g\",\"caption\":\"bvalente\"}}]}<\/script>\n<!-- \/ Yoast SEO plugin. -->","yoast_head_json":{"title":"NOTA\u00a0","description":"A Prefeitura de Manaus, informa que, devido \u00e0 alta demanda de solicita\u00e7\u00f5es do cart\u00e3o PassaF\u00e1cil Especial Sou Manaus, a entrega dos kits do evento foi reprogramada para o dia 2 de setembro de 2026, das 10h \u00e0s 22h.","robots":{"index":"noindex","follow":"follow"},"og_locale":"pt_BR","og_type":"article","og_title":"NOTA\u00a0","og_description":"A Prefeitura de Manaus, informa que, devido \u00e0 alta demanda de solicita\u00e7\u00f5es do cart\u00e3o PassaF\u00e1cil Especial Sou Manaus, a entrega dos kits do evento foi reprogramada para o dia 2 de setembro de 2026, das 10h \u00e0s 22h.","og_url":"https:\/\/www.manaus.am.gov.br\/manauscult\/cartao-passafacil-especial-sou-manaus\/","og_site_name":"MANAUSCULT","article_published_time":"2026-08-28T23:22:12+00:00","article_modified_time":"2026-08-28T23:22:13+00:00","og_image":[{"width":900,"height":509,"url":"https:\/\/www.manaus.am.gov.br\/manauscult\/wp-content\/uploads\/sites\/11\/2026\/08\/NOTA-BANNER-SITE.png","type":"image\/png"}],"author":"bvalente","twitter_card":"summary_large_image","twitter_misc":{"Written by":"bvalente","Est. reading time":"2 minutos"},"schema":{"@context":"https:\/\/schema.org","@graph":[{"@type":"WebPage","@id":"https:\/\/www.manaus.am.gov.br\/manauscult\/cartao-passafacil-especial-sou-manaus\/","url":"https:\/\/www.manaus.am.gov.br\/manauscult\/cartao-passafacil-especial-sou-manaus\/","name":"NOTA\u00a0","isPartOf":{"@id":"https:\/\/www.manaus.am.gov.br\/manauscult\/#website"},"primaryImageOfPage":{"@id":"https:\/\/www.manaus.am.gov.br\/manauscult\/cartao-passafacil-especial-sou-manaus\/#primaryimage"},"image":{"@id":"https:\/\/www.manaus.am.gov.br\/manauscult\/cartao-passafacil-especial-sou-manaus\/#primaryimage"},"thumbnailUrl":"https:\/\/www.manaus.am.gov.br\/manauscult\/wp-content\/uploads\/sites\/11\/2026\/08\/NOTA-BANNER-SITE.png","datePublished":"2026-08-28T23:22:12+00:00","dateModified":"2026-08-28T23:22:13+00:00","author":{"@id":"https:\/\/www.manaus.am.gov.br\/manauscult\/#\/schema\/person\/466a0e03ae4b6062809046bd560ac955"},"description":"A Prefeitura de Manaus, informa que, devido \u00e0 alta demanda de solicita\u00e7\u00f5es do cart\u00e3o PassaF\u00e1cil Especial Sou Manaus, a entrega dos kits do evento foi reprogramada para o dia 2 de setembro de 2026, das 10h \u00e0s 22h.","breadcrumb":{"@id":"https:\/\/www.manaus.am.gov.br\/manauscult\/cartao-passafacil-especial-sou-manaus\/#breadcrumb"},"inLanguage":"pt-BR","potentialAction":[{"@type":"ReadAction","target":["https:\/\/www.manaus.am.gov.br\/manauscult\/cartao-passafacil-especial-sou-manaus\/"]}]},{"@type":"ImageObject","inLanguage":"pt-BR","@id":"https:\/\/www.manaus.am.gov.br\/manauscult\/cartao-passafacil-especial-sou-manaus\/#primaryimage","url":"https:\/\/www.manaus.am.gov.br\/manauscult\/wp-content\/uploads\/sites\/11\/2026\/08\/NOTA-BANNER-SITE.png","contentUrl":"https:\/\/www.manaus.am.gov.br\/manauscult\/wp-content\/uploads\/sites\/11\/2026\/08\/NOTA-BANNER-SITE.png","width":900,"height":509},{"@type":"BreadcrumbList","@id":"https:\/\/www.manaus.am.gov.br\/manauscult\/cartao-passafacil-especial-sou-manaus\/#breadcrumb","itemListElement":[{"@type":"ListItem","position":1,"name":"Home","item":"https:\/\/www.manaus.am.gov.br\/manauscult\/"},{"@type":"ListItem","position":2,"name":"NOTA\u00a0"}]},{"@type":"WebSite","@id":"https:\/\/www.manaus.am.gov.br\/manauscult\/#website","url":"https:\/\/www.manaus.am.gov.br\/manauscult\/","name":"MANAUSCULT","description":"Prefeitura de Manaus","potentialAction":[{"@type":"SearchAction","target":{"@type":"EntryPoint","urlTemplate":"https:\/\/www.manaus.am.gov.br\/manauscult\/?s={search_term_string}"},"query-input":"required name=search_term_string"}],"inLanguage":"pt-BR"},{"@type":"Person","@id":"https:\/\/www.manaus.am.gov.br\/manauscult\/#\/schema\/person\/466a0e03ae4b6062809046bd560ac955","name":"bvalente","image":{"@type":"ImageObject","inLanguage":"pt-BR","@id":"https:\/\/www.manaus.am.gov.br\/manauscult\/#\/schema\/person\/image\/","url":"https:\/\/secure.gravatar.com\/avatar\/3e69bc2b014bdad41adfec3a39de07d2?s=96&d=mm&r=g","contentUrl":"https:\/\/secure.gravatar.com\/avatar\/3e69bc2b014bdad41adfec3a39de07d2?s=96&d=mm&r=g","caption":"bvalente"}}]}},"_links":{"self":[{"href":"https:\/\/www.manaus.am.gov.br\/manauscult\/wp-json\/wp\/v2\/posts\/6098"}],"collection":[{"href":"https:\/\/www.manaus.am.gov.br\/manauscult\/wp-json\/wp\/v2\/posts"}],"about":[{"href":"https:\/\/www.manaus.am.gov.br\/manauscult\/wp-json\/wp\/v2\/types\/post"}],"author":[{"embeddable":true,"href":"https:\/\/www.manaus.am.gov.br\/manauscult\/wp-json\/wp\/v2\/users\/68"}],"replies":[{"embeddable":true,"href":"https:\/\/www.manaus.am.gov.br\/manauscult\/wp-json\/wp\/v2\/comments?post=6098"}],"version-history":[{"count":0,"href":"https:\/\/www.manaus.am.gov.br\/manauscult\/wp-json\/wp\/v2\/posts\/6098\/revisions"}],"wp:featuredmedia":[{"embeddable":true,"href":"https:\/\/www.manaus.am.gov.br\/manauscult\/wp-json\/wp\/v2\/media\/6096"}],"wp:attachment":[{"href":"https:\/\/www.manaus.am.gov.br\/manauscult\/wp-json\/wp\/v2\/media?parent=6098"}],"wp:term":[{"taxonomy":"category","embeddable":true,"href":"https:\/\/www.manaus.am.gov.br\/manauscult\/wp-json\/wp\/v2\/categories?post=6098"},{"taxonomy":"post_tag","embeddable":true,"href":"https:\/\/www.manaus.am.gov.br\/manauscult\/wp-json\/wp\/v2\/tags?post=6098"}],"curies":[{"name":"wp","href":"https:\/\/api.w.org\/{rel}","templated":true}]}}