{"id":6095,"date":"2026-08-28T09:00:00","date_gmt":"2026-08-28T13:00:00","guid":{"rendered":"https:\/\/www.manaus.am.gov.br\/manauscult\/?p=6095"},"modified":"2026-08-27T19:41:26","modified_gmt":"2026-08-27T23:41:26","slug":"lote-exclusivo-para-pcds","status":"publish","type":"post","link":"https:\/\/www.manaus.am.gov.br\/manauscult\/lote-exclusivo-para-pcds\/","title":{"rendered":"Prefeitura abre lote exclusivo para PcDs no \u2018#SouManaus Passo a Pa\u00e7o 2026\u2019 neste s\u00e1bado"},"content":{"rendered":"\n<p>A Prefeitura de Manaus, por meio da Funda\u00e7\u00e3o Municipal de Cultura, Turismo e Eventos (ManausCult), informa que o lote exclusivo para Pessoas com Defici\u00eancia (PcDs) do \u201c#SouManaus Passo a Pa\u00e7o 2026\u201d ser\u00e1 aberto neste s\u00e1bado, 29\/8, \u00e0s 19h, garantindo acessibilidade e inclus\u00e3o no festival.<\/p>\n\n\n\n<p>Para ter acesso, no momento da inscri\u00e7\u00e3o, \u00e9 obrigat\u00f3rio enviar laudo m\u00e9dico ou Carteira de Identifica\u00e7\u00e3o da Pessoa com Defici\u00eancia (CIPCD) pela pr\u00f3pria plataforma do festival: <a href=\"http:\/\/soumanauspassoapaco.com.br\/\" target=\"_blank\" rel=\"noreferrer noopener\">soumanauspassoapaco.com.br<\/a>. A retirada da pulseira ser\u00e1 liberada somente ap\u00f3s a aprova\u00e7\u00e3o da documenta\u00e7\u00e3o.\u00a0<\/p>\n\n\n\n<p>Os interessados devem ficar atentos ao cronograma: as inscri\u00e7\u00f5es ser\u00e3o abertas no dia 29 de agosto, \u00e0s 19h; a verifica\u00e7\u00e3o dos laudos ocorrer\u00e1 no dia 30 de agosto; a lista de contemplados ser\u00e1 divulgada no dia 31 de agosto, \u00e0s 16h; e a entrega das credenciais acontecer\u00e1 nos dias 1\u00ba e 2 de setembro, das 9h \u00e0s 14h, na sede da Secretaria Municipal da Mulher, Assist\u00eancia Social e Cidadania (Semasc), mediante a entrega de 1 quilo de alimento n\u00e3o perec\u00edvel.<\/p>\n\n\n\n<p>A ManausCult refor\u00e7a que o lote \u00e9 exclusivo para pessoas com defici\u00eancia e orienta o p\u00fablico a aguardar a abertura desta modalidade, n\u00e3o sendo necess\u00e1rio realizar inscri\u00e7\u00e3o nos lotes convencionais.<\/p>\n\n\n\n<p>Mais informa\u00e7\u00f5es ser\u00e3o divulgadas nos canais oficiais da Prefeitura de Manaus e do \u201c#SouManaus Passo a Pa\u00e7o 2026\u201d.<\/p>\n\n\n\n<p><strong>\u2014&#8211; \u2014&#8211; \u2014&#8211;<\/strong><br><strong>Texto &#8211; <\/strong>Arlinton J\u00fanior \/ManausCult<\/p>\n","protected":false},"excerpt":{"rendered":"","protected":false},"author":68,"featured_media":6096,"comment_status":"closed","ping_status":"closed","sticky":false,"template":"","format":"standard","meta":{"footnotes":""},"categories":[224],"tags":[1978,1979,9,11],"acf":[],"yoast_head":"<!-- This site is optimized with the Yoast SEO plugin v23.0 - https:\/\/yoast.com\/wordpress\/plugins\/seo\/ -->\n<title>Prefeitura abre lote exclusivo para PcDs no \u2018#SouManaus Passo a Pa\u00e7o 2026\u2019<\/title>\n<meta name=\"description\" content=\"A Prefeitura de Manaus, informa que o lote exclusivo para Pessoas com Defici\u00eancia (PcDs) do \u201c#SouManaus Passo a Pa\u00e7o 2026\u201d.\" \/>\n<meta name=\"robots\" content=\"noindex, follow\" \/>\n<meta property=\"og:locale\" content=\"pt_BR\" \/>\n<meta property=\"og:type\" content=\"article\" \/>\n<meta property=\"og:title\" content=\"Prefeitura abre lote exclusivo para PcDs no \u2018#SouManaus Passo a Pa\u00e7o 2026\u2019\" \/>\n<meta property=\"og:description\" content=\"A Prefeitura de Manaus, informa que o lote exclusivo para Pessoas com Defici\u00eancia (PcDs) do \u201c#SouManaus Passo a Pa\u00e7o 2026\u201d.\" \/>\n<meta property=\"og:url\" content=\"https:\/\/www.manaus.am.gov.br\/manauscult\/lote-exclusivo-para-pcds\/\" \/>\n<meta property=\"og:site_name\" content=\"MANAUSCULT\" \/>\n<meta property=\"article:published_time\" content=\"2026-08-28T13:00:00+00:00\" \/>\n<meta property=\"article:modified_time\" content=\"2026-08-27T23:41:26+00:00\" \/>\n<meta property=\"og:image\" content=\"https:\/\/www.manaus.am.gov.br\/manauscult\/wp-content\/uploads\/sites\/11\/2026\/08\/NOTA-BANNER-SITE.png\" \/>\n\t<meta property=\"og:image:width\" content=\"900\" \/>\n\t<meta property=\"og:image:height\" content=\"509\" \/>\n\t<meta property=\"og:image:type\" content=\"image\/png\" \/>\n<meta name=\"author\" content=\"bvalente\" \/>\n<meta name=\"twitter:card\" content=\"summary_large_image\" \/>\n<meta name=\"twitter:label1\" content=\"Written by\" \/>\n\t<meta name=\"twitter:data1\" content=\"bvalente\" \/>\n\t<meta name=\"twitter:label2\" content=\"Est. reading time\" \/>\n\t<meta name=\"twitter:data2\" content=\"2 minutos\" \/>\n<script type=\"application\/ld+json\" class=\"yoast-schema-graph\">{\"@context\":\"https:\/\/schema.org\",\"@graph\":[{\"@type\":\"WebPage\",\"@id\":\"https:\/\/www.manaus.am.gov.br\/manauscult\/lote-exclusivo-para-pcds\/\",\"url\":\"https:\/\/www.manaus.am.gov.br\/manauscult\/lote-exclusivo-para-pcds\/\",\"name\":\"Prefeitura abre lote exclusivo para PcDs no \u2018#SouManaus Passo a Pa\u00e7o 2026\u2019\",\"isPartOf\":{\"@id\":\"https:\/\/www.manaus.am.gov.br\/manauscult\/#website\"},\"primaryImageOfPage\":{\"@id\":\"https:\/\/www.manaus.am.gov.br\/manauscult\/lote-exclusivo-para-pcds\/#primaryimage\"},\"image\":{\"@id\":\"https:\/\/www.manaus.am.gov.br\/manauscult\/lote-exclusivo-para-pcds\/#primaryimage\"},\"thumbnailUrl\":\"https:\/\/www.manaus.am.gov.br\/manauscult\/wp-content\/uploads\/sites\/11\/2026\/08\/NOTA-BANNER-SITE.png\",\"datePublished\":\"2026-08-28T13:00:00+00:00\",\"dateModified\":\"2026-08-27T23:41:26+00:00\",\"author\":{\"@id\":\"https:\/\/www.manaus.am.gov.br\/manauscult\/#\/schema\/person\/466a0e03ae4b6062809046bd560ac955\"},\"description\":\"A Prefeitura de Manaus, informa que o lote exclusivo para Pessoas com Defici\u00eancia (PcDs) do \u201c#SouManaus Passo a Pa\u00e7o 2026\u201d.\",\"breadcrumb\":{\"@id\":\"https:\/\/www.manaus.am.gov.br\/manauscult\/lote-exclusivo-para-pcds\/#breadcrumb\"},\"inLanguage\":\"pt-BR\",\"potentialAction\":[{\"@type\":\"ReadAction\",\"target\":[\"https:\/\/www.manaus.am.gov.br\/manauscult\/lote-exclusivo-para-pcds\/\"]}]},{\"@type\":\"ImageObject\",\"inLanguage\":\"pt-BR\",\"@id\":\"https:\/\/www.manaus.am.gov.br\/manauscult\/lote-exclusivo-para-pcds\/#primaryimage\",\"url\":\"https:\/\/www.manaus.am.gov.br\/manauscult\/wp-content\/uploads\/sites\/11\/2026\/08\/NOTA-BANNER-SITE.png\",\"contentUrl\":\"https:\/\/www.manaus.am.gov.br\/manauscult\/wp-content\/uploads\/sites\/11\/2026\/08\/NOTA-BANNER-SITE.png\",\"width\":900,\"height\":509},{\"@type\":\"BreadcrumbList\",\"@id\":\"https:\/\/www.manaus.am.gov.br\/manauscult\/lote-exclusivo-para-pcds\/#breadcrumb\",\"itemListElement\":[{\"@type\":\"ListItem\",\"position\":1,\"name\":\"Home\",\"item\":\"https:\/\/www.manaus.am.gov.br\/manauscult\/\"},{\"@type\":\"ListItem\",\"position\":2,\"name\":\"Prefeitura abre lote exclusivo para PcDs no \u2018#SouManaus Passo a Pa\u00e7o 2026\u2019 neste s\u00e1bado\"}]},{\"@type\":\"WebSite\",\"@id\":\"https:\/\/www.manaus.am.gov.br\/manauscult\/#website\",\"url\":\"https:\/\/www.manaus.am.gov.br\/manauscult\/\",\"name\":\"MANAUSCULT\",\"description\":\"Prefeitura de Manaus\",\"potentialAction\":[{\"@type\":\"SearchAction\",\"target\":{\"@type\":\"EntryPoint\",\"urlTemplate\":\"https:\/\/www.manaus.am.gov.br\/manauscult\/?s={search_term_string}\"},\"query-input\":\"required name=search_term_string\"}],\"inLanguage\":\"pt-BR\"},{\"@type\":\"Person\",\"@id\":\"https:\/\/www.manaus.am.gov.br\/manauscult\/#\/schema\/person\/466a0e03ae4b6062809046bd560ac955\",\"name\":\"bvalente\",\"image\":{\"@type\":\"ImageObject\",\"inLanguage\":\"pt-BR\",\"@id\":\"https:\/\/www.manaus.am.gov.br\/manauscult\/#\/schema\/person\/image\/\",\"url\":\"https:\/\/secure.gravatar.com\/avatar\/3e69bc2b014bdad41adfec3a39de07d2?s=96&d=mm&r=g\",\"contentUrl\":\"https:\/\/secure.gravatar.com\/avatar\/3e69bc2b014bdad41adfec3a39de07d2?s=96&d=mm&r=g\",\"caption\":\"bvalente\"}}]}<\/script>\n<!-- \/ Yoast SEO plugin. -->","yoast_head_json":{"title":"Prefeitura abre lote exclusivo para PcDs no \u2018#SouManaus Passo a Pa\u00e7o 2026\u2019","description":"A Prefeitura de Manaus, informa que o lote exclusivo para Pessoas com Defici\u00eancia (PcDs) do \u201c#SouManaus Passo a Pa\u00e7o 2026\u201d.","robots":{"index":"noindex","follow":"follow"},"og_locale":"pt_BR","og_type":"article","og_title":"Prefeitura abre lote exclusivo para PcDs no \u2018#SouManaus Passo a Pa\u00e7o 2026\u2019","og_description":"A Prefeitura de Manaus, informa que o lote exclusivo para Pessoas com Defici\u00eancia (PcDs) do \u201c#SouManaus Passo a Pa\u00e7o 2026\u201d.","og_url":"https:\/\/www.manaus.am.gov.br\/manauscult\/lote-exclusivo-para-pcds\/","og_site_name":"MANAUSCULT","article_published_time":"2026-08-28T13:00:00+00:00","article_modified_time":"2026-08-27T23:41:26+00:00","og_image":[{"width":900,"height":509,"url":"https:\/\/www.manaus.am.gov.br\/manauscult\/wp-content\/uploads\/sites\/11\/2026\/08\/NOTA-BANNER-SITE.png","type":"image\/png"}],"author":"bvalente","twitter_card":"summary_large_image","twitter_misc":{"Written by":"bvalente","Est. reading time":"2 minutos"},"schema":{"@context":"https:\/\/schema.org","@graph":[{"@type":"WebPage","@id":"https:\/\/www.manaus.am.gov.br\/manauscult\/lote-exclusivo-para-pcds\/","url":"https:\/\/www.manaus.am.gov.br\/manauscult\/lote-exclusivo-para-pcds\/","name":"Prefeitura abre lote exclusivo para PcDs no \u2018#SouManaus Passo a Pa\u00e7o 2026\u2019","isPartOf":{"@id":"https:\/\/www.manaus.am.gov.br\/manauscult\/#website"},"primaryImageOfPage":{"@id":"https:\/\/www.manaus.am.gov.br\/manauscult\/lote-exclusivo-para-pcds\/#primaryimage"},"image":{"@id":"https:\/\/www.manaus.am.gov.br\/manauscult\/lote-exclusivo-para-pcds\/#primaryimage"},"thumbnailUrl":"https:\/\/www.manaus.am.gov.br\/manauscult\/wp-content\/uploads\/sites\/11\/2026\/08\/NOTA-BANNER-SITE.png","datePublished":"2026-08-28T13:00:00+00:00","dateModified":"2026-08-27T23:41:26+00:00","author":{"@id":"https:\/\/www.manaus.am.gov.br\/manauscult\/#\/schema\/person\/466a0e03ae4b6062809046bd560ac955"},"description":"A Prefeitura de Manaus, informa que o lote exclusivo para Pessoas com Defici\u00eancia (PcDs) do \u201c#SouManaus Passo a Pa\u00e7o 2026\u201d.","breadcrumb":{"@id":"https:\/\/www.manaus.am.gov.br\/manauscult\/lote-exclusivo-para-pcds\/#breadcrumb"},"inLanguage":"pt-BR","potentialAction":[{"@type":"ReadAction","target":["https:\/\/www.manaus.am.gov.br\/manauscult\/lote-exclusivo-para-pcds\/"]}]},{"@type":"ImageObject","inLanguage":"pt-BR","@id":"https:\/\/www.manaus.am.gov.br\/manauscult\/lote-exclusivo-para-pcds\/#primaryimage","url":"https:\/\/www.manaus.am.gov.br\/manauscult\/wp-content\/uploads\/sites\/11\/2026\/08\/NOTA-BANNER-SITE.png","contentUrl":"https:\/\/www.manaus.am.gov.br\/manauscult\/wp-content\/uploads\/sites\/11\/2026\/08\/NOTA-BANNER-SITE.png","width":900,"height":509},{"@type":"BreadcrumbList","@id":"https:\/\/www.manaus.am.gov.br\/manauscult\/lote-exclusivo-para-pcds\/#breadcrumb","itemListElement":[{"@type":"ListItem","position":1,"name":"Home","item":"https:\/\/www.manaus.am.gov.br\/manauscult\/"},{"@type":"ListItem","position":2,"name":"Prefeitura abre lote exclusivo para PcDs no \u2018#SouManaus Passo a Pa\u00e7o 2026\u2019 neste s\u00e1bado"}]},{"@type":"WebSite","@id":"https:\/\/www.manaus.am.gov.br\/manauscult\/#website","url":"https:\/\/www.manaus.am.gov.br\/manauscult\/","name":"MANAUSCULT","description":"Prefeitura de Manaus","potentialAction":[{"@type":"SearchAction","target":{"@type":"EntryPoint","urlTemplate":"https:\/\/www.manaus.am.gov.br\/manauscult\/?s={search_term_string}"},"query-input":"required name=search_term_string"}],"inLanguage":"pt-BR"},{"@type":"Person","@id":"https:\/\/www.manaus.am.gov.br\/manauscult\/#\/schema\/person\/466a0e03ae4b6062809046bd560ac955","name":"bvalente","image":{"@type":"ImageObject","inLanguage":"pt-BR","@id":"https:\/\/www.manaus.am.gov.br\/manauscult\/#\/schema\/person\/image\/","url":"https:\/\/secure.gravatar.com\/avatar\/3e69bc2b014bdad41adfec3a39de07d2?s=96&d=mm&r=g","contentUrl":"https:\/\/secure.gravatar.com\/avatar\/3e69bc2b014bdad41adfec3a39de07d2?s=96&d=mm&r=g","caption":"bvalente"}}]}},"_links":{"self":[{"href":"https:\/\/www.manaus.am.gov.br\/manauscult\/wp-json\/wp\/v2\/posts\/6095"}],"collection":[{"href":"https:\/\/www.manaus.am.gov.br\/manauscult\/wp-json\/wp\/v2\/posts"}],"about":[{"href":"https:\/\/www.manaus.am.gov.br\/manauscult\/wp-json\/wp\/v2\/types\/post"}],"author":[{"embeddable":true,"href":"https:\/\/www.manaus.am.gov.br\/manauscult\/wp-json\/wp\/v2\/users\/68"}],"replies":[{"embeddable":true,"href":"https:\/\/www.manaus.am.gov.br\/manauscult\/wp-json\/wp\/v2\/comments?post=6095"}],"version-history":[{"count":1,"href":"https:\/\/www.manaus.am.gov.br\/manauscult\/wp-json\/wp\/v2\/posts\/6095\/revisions"}],"predecessor-version":[{"id":6097,"href":"https:\/\/www.manaus.am.gov.br\/manauscult\/wp-json\/wp\/v2\/posts\/6095\/revisions\/6097"}],"wp:featuredmedia":[{"embeddable":true,"href":"https:\/\/www.manaus.am.gov.br\/manauscult\/wp-json\/wp\/v2\/media\/6096"}],"wp:attachment":[{"href":"https:\/\/www.manaus.am.gov.br\/manauscult\/wp-json\/wp\/v2\/media?parent=6095"}],"wp:term":[{"taxonomy":"category","embeddable":true,"href":"https:\/\/www.manaus.am.gov.br\/manauscult\/wp-json\/wp\/v2\/categories?post=6095"},{"taxonomy":"post_tag","embeddable":true,"href":"https:\/\/www.manaus.am.gov.br\/manauscult\/wp-json\/wp\/v2\/tags?post=6095"}],"curies":[{"name":"wp","href":"https:\/\/api.w.org\/{rel}","templated":true}]}}