{"id":5336,"date":"2026-03-04T16:46:16","date_gmt":"2026-03-04T20:46:16","guid":{"rendered":"https:\/\/www.manaus.am.gov.br\/manauscult\/exposicao-aurum-amazonico\/"},"modified":"2026-03-05T12:52:15","modified_gmt":"2026-03-05T16:52:15","slug":"exposicao-aurum-amazonico","status":"publish","type":"post","link":"https:\/\/www.manaus.am.gov.br\/manauscult\/exposicao-aurum-amazonico\/","title":{"rendered":"Exposi\u00e7\u00e3o \u201cAurum Amaz\u00f4nico\u201d, de Rejane Melo, abre nesta quinta-feira (5\/3) no Museu da Cidade de Manaus"},"content":{"rendered":"\n<p>O Museu da Cidade de Manaus recebe, a partir desta quinta-feira, 5\/3, \u00e0s 18h, a exposi\u00e7\u00e3o \u201cAurum Amaz\u00f4nico\u201d, primeira mostra solo da artista pl\u00e1stica manauara Rejane Melo. A abertura marca um momento significativo para a cena cultural da capital, valorizando a produ\u00e7\u00e3o art\u00edstica local e o protagonismo feminino.<\/p>\n\n\n\n<p>Embora a inaugura\u00e7\u00e3o ocorra no dia 5 de mar\u00e7o, a exposi\u00e7\u00e3o dialoga simbolicamente com o Dia Internacional da Mulher, celebrado no pr\u00f3ximo domingo, 8. A mostra evidencia a for\u00e7a, a sensibilidade e a pot\u00eancia criativa da mulher amaz\u00f4nida, reafirmando o papel feminino na constru\u00e7\u00e3o cultural de Manaus.<\/p>\n\n\n\n<p>Moradora do Centro Hist\u00f3rico e profundamente conectada \u00e0s ra\u00edzes da cidade, Rejane Melo apresenta uma cole\u00e7\u00e3o que ressignifica o conceito de \u201couro\u201d a partir da realidade amaz\u00f4nica. Em \u201cAurum Amaz\u00f4nico\u201d, o brilho n\u00e3o est\u00e1 na explora\u00e7\u00e3o mineral, mas na luz que atravessa as copas das \u00e1rvores, na biodiversidade vibrante e na sabedoria ancestral da floresta. Utilizando t\u00e9cnicas que exploram texturas e aplica\u00e7\u00f5es de folhas de ouro, a artista constr\u00f3i obras que unem delicadeza est\u00e9tica e reflex\u00e3o ambiental.<\/p>\n\n\n<div class=\"wp-block-image\">\n<figure class=\"aligncenter size-large is-resized\"><img loading=\"lazy\" decoding=\"async\" width=\"768\" height=\"1024\" src=\"https:\/\/www.manaus.am.gov.br\/manauscult\/wp-content\/uploads\/sites\/11\/2026\/03\/Exposicao-2-768x1024.jpeg\" alt=\"\" class=\"wp-image-5337\" style=\"width:603px;height:auto\" srcset=\"https:\/\/www.manaus.am.gov.br\/manauscult\/wp-content\/uploads\/sites\/11\/2026\/03\/Exposicao-2-768x1024.jpeg 768w, https:\/\/www.manaus.am.gov.br\/manauscult\/wp-content\/uploads\/sites\/11\/2026\/03\/Exposicao-2-225x300.jpeg 225w, https:\/\/www.manaus.am.gov.br\/manauscult\/wp-content\/uploads\/sites\/11\/2026\/03\/Exposicao-2-1152x1536.jpeg 1152w, https:\/\/www.manaus.am.gov.br\/manauscult\/wp-content\/uploads\/sites\/11\/2026\/03\/Exposicao-2.jpeg 1200w\" sizes=\"(max-width: 768px) 100vw, 768px\" \/><figcaption class=\"wp-element-caption\">paratodosverem &#8211; uma das pe\u00e7as de Rejane Melo a ser apresentada na exposi\u00e7\u00e3o<\/figcaption><\/figure><\/div>\n\n\n<p>Instalada no Pa\u00e7o da Liberdade, a exposi\u00e7\u00e3o estabelece um di\u00e1logo entre a arquitetura hist\u00f3rica e a arte contempor\u00e2nea, proporcionando ao p\u00fablico uma experi\u00eancia que conecta passado, presente e futuro. O espa\u00e7o, s\u00edmbolo da mem\u00f3ria manauara, torna-se palco para uma narrativa que valoriza a identidade regional e a preserva\u00e7\u00e3o como maior riqueza da Amaz\u00f4nia.<\/p>\n\n\n\n<p>A exposi\u00e7\u00e3o \u00e9 realizada pela Prefeitura de Manaus, por meio da Funda\u00e7\u00e3o Municipal de Cultura, Turismo e Eventos (ManausCult), refor\u00e7ando o compromisso da gest\u00e3o municipal com o fortalecimento da cultura e o incentivo aos talentos da cidade.<\/p>\n\n\n\n<p>Para o diretor-presidente da ManausCult, Jender Lobato, a iniciativa reafirma o apoio \u00e0s artes visuais e \u00e0 produ\u00e7\u00e3o feminina. \u201cAbrir espa\u00e7o para a primeira exposi\u00e7\u00e3o solo de uma artista manauara no Museu da Cidade \u00e9 valorizar nossa identidade cultural e reconhecer a for\u00e7a das mulheres na constru\u00e7\u00e3o da hist\u00f3ria e da arte em Manaus. A cultura \u00e9 um instrumento de transforma\u00e7\u00e3o e pertencimento\u201d, destacou.<\/p>\n\n\n\n<p>A artista tamb\u00e9m celebrou o momento como a realiza\u00e7\u00e3o de um sonho constru\u00eddo com dedica\u00e7\u00e3o e amor pela cidade. \u201cExpor no Museu da Cidade, no cora\u00e7\u00e3o do Centro onde eu moro e construo minha trajet\u00f3ria, \u00e9 muito simb\u00f3lico para mim. \u2018Aurum Amaz\u00f4nico\u2019 nasce do meu olhar sobre a floresta e sobre Manaus. Quero que as pessoas sintam orgulho da nossa terra e percebam que o verdadeiro ouro est\u00e1 naquilo que preservamos\u201d, afirmou Rejane Melo.<\/p>\n\n\n\n<p>\u201cAurum Amaz\u00f4nico\u201d \u00e9 um convite \u00e0 contempla\u00e7\u00e3o e ao respeito pela floresta em p\u00e9 o verdadeiro ouro da regi\u00e3o. Ap\u00f3s a inaugura\u00e7\u00e3o, a exposi\u00e7\u00e3o estar\u00e1 aberta \u00e0 visita\u00e7\u00e3o de 6 a 20 de mar\u00e7o, de segunda a sexta-feira, das 9h \u00e0s 17h, com entrada gratuita.<\/p>\n\n\n\n<p>&#8212; &#8212; &#8212;<\/p>\n\n\n\n<p><strong>Texto<\/strong> \u2013 J\u00e9ssica Trajano \/ Manauscult<\/p>\n\n\n\n<p><strong>Fotos<\/strong> \u2013 Divulga\u00e7\u00e3o \/ Manauscult<\/p>\n","protected":false},"excerpt":{"rendered":"","protected":false},"author":61,"featured_media":5339,"comment_status":"closed","ping_status":"closed","sticky":false,"template":"","format":"standard","meta":{"footnotes":""},"categories":[12],"tags":[945,9,11,1868],"acf":[],"yoast_head":"<!-- This site is optimized with the Yoast SEO plugin v23.0 - https:\/\/yoast.com\/wordpress\/plugins\/seo\/ -->\n<title>Exposi\u00e7\u00e3o \u201cAurum Amaz\u00f4nico\u201d, de Rejane Melo, abre nesta quinta-feira (5\/3) no Museu da Cidade de Manaus<\/title>\n<meta name=\"description\" content=\"O Museu da Cidade de Manaus recebe, a partir desta quinta-feira, 5\/3, \u00e0s 18h, a exposi\u00e7\u00e3o \u201cAurum Amaz\u00f4nico\u201d, primeira mostra solo da artista pl\u00e1stica manauara Rejane Melo.\" \/>\n<meta name=\"robots\" content=\"noindex, follow\" \/>\n<meta property=\"og:locale\" content=\"pt_BR\" \/>\n<meta property=\"og:type\" content=\"article\" \/>\n<meta property=\"og:title\" content=\"Exposi\u00e7\u00e3o \u201cAurum Amaz\u00f4nico\u201d, de Rejane Melo, abre nesta quinta-feira (5\/3) no Museu da Cidade de Manaus\" \/>\n<meta property=\"og:description\" content=\"O Museu da Cidade de Manaus recebe, a partir desta quinta-feira, 5\/3, \u00e0s 18h, a exposi\u00e7\u00e3o \u201cAurum Amaz\u00f4nico\u201d, primeira mostra solo da artista pl\u00e1stica manauara Rejane Melo.\" \/>\n<meta property=\"og:url\" content=\"https:\/\/www.manaus.am.gov.br\/manauscult\/exposicao-aurum-amazonico\/\" \/>\n<meta property=\"og:site_name\" content=\"MANAUSCULT\" \/>\n<meta property=\"article:published_time\" content=\"2026-03-04T20:46:16+00:00\" \/>\n<meta property=\"article:modified_time\" content=\"2026-03-05T16:52:15+00:00\" \/>\n<meta property=\"og:image\" content=\"https:\/\/www.manaus.am.gov.br\/manauscult\/wp-content\/uploads\/sites\/11\/2026\/03\/Museu-da-Cidade.jpeg\" \/>\n\t<meta property=\"og:image:width\" content=\"1560\" \/>\n\t<meta property=\"og:image:height\" content=\"1039\" \/>\n\t<meta property=\"og:image:type\" content=\"image\/jpeg\" \/>\n<meta name=\"author\" content=\"smonteiro\" \/>\n<meta name=\"twitter:card\" content=\"summary_large_image\" \/>\n<meta name=\"twitter:label1\" content=\"Written by\" \/>\n\t<meta name=\"twitter:data1\" content=\"smonteiro\" \/>\n\t<meta name=\"twitter:label2\" content=\"Est. reading time\" \/>\n\t<meta name=\"twitter:data2\" content=\"3 minutos\" \/>\n<script type=\"application\/ld+json\" class=\"yoast-schema-graph\">{\"@context\":\"https:\/\/schema.org\",\"@graph\":[{\"@type\":\"WebPage\",\"@id\":\"https:\/\/www.manaus.am.gov.br\/manauscult\/exposicao-aurum-amazonico\/\",\"url\":\"https:\/\/www.manaus.am.gov.br\/manauscult\/exposicao-aurum-amazonico\/\",\"name\":\"Exposi\u00e7\u00e3o \u201cAurum Amaz\u00f4nico\u201d, de Rejane Melo, abre nesta quinta-feira (5\/3) no Museu da Cidade de Manaus\",\"isPartOf\":{\"@id\":\"https:\/\/www.manaus.am.gov.br\/manauscult\/#website\"},\"primaryImageOfPage\":{\"@id\":\"https:\/\/www.manaus.am.gov.br\/manauscult\/exposicao-aurum-amazonico\/#primaryimage\"},\"image\":{\"@id\":\"https:\/\/www.manaus.am.gov.br\/manauscult\/exposicao-aurum-amazonico\/#primaryimage\"},\"thumbnailUrl\":\"https:\/\/www.manaus.am.gov.br\/manauscult\/wp-content\/uploads\/sites\/11\/2026\/03\/Museu-da-Cidade.jpeg\",\"datePublished\":\"2026-03-04T20:46:16+00:00\",\"dateModified\":\"2026-03-05T16:52:15+00:00\",\"author\":{\"@id\":\"https:\/\/www.manaus.am.gov.br\/manauscult\/#\/schema\/person\/ab4dcf766a54dff74e8d267f5c591961\"},\"description\":\"O Museu da Cidade de Manaus recebe, a partir desta quinta-feira, 5\/3, \u00e0s 18h, a exposi\u00e7\u00e3o \u201cAurum Amaz\u00f4nico\u201d, primeira mostra solo da artista pl\u00e1stica manauara Rejane Melo.\",\"breadcrumb\":{\"@id\":\"https:\/\/www.manaus.am.gov.br\/manauscult\/exposicao-aurum-amazonico\/#breadcrumb\"},\"inLanguage\":\"pt-BR\",\"potentialAction\":[{\"@type\":\"ReadAction\",\"target\":[\"https:\/\/www.manaus.am.gov.br\/manauscult\/exposicao-aurum-amazonico\/\"]}]},{\"@type\":\"ImageObject\",\"inLanguage\":\"pt-BR\",\"@id\":\"https:\/\/www.manaus.am.gov.br\/manauscult\/exposicao-aurum-amazonico\/#primaryimage\",\"url\":\"https:\/\/www.manaus.am.gov.br\/manauscult\/wp-content\/uploads\/sites\/11\/2026\/03\/Museu-da-Cidade.jpeg\",\"contentUrl\":\"https:\/\/www.manaus.am.gov.br\/manauscult\/wp-content\/uploads\/sites\/11\/2026\/03\/Museu-da-Cidade.jpeg\",\"width\":1560,\"height\":1039,\"caption\":\"#paratodosverem - fachada do Museu da Cidade, onde acontecer\u00e1 a exposi\u00e7\u00e3o de Rejane Melo\"},{\"@type\":\"BreadcrumbList\",\"@id\":\"https:\/\/www.manaus.am.gov.br\/manauscult\/exposicao-aurum-amazonico\/#breadcrumb\",\"itemListElement\":[{\"@type\":\"ListItem\",\"position\":1,\"name\":\"Home\",\"item\":\"https:\/\/www.manaus.am.gov.br\/manauscult\/\"},{\"@type\":\"ListItem\",\"position\":2,\"name\":\"Exposi\u00e7\u00e3o \u201cAurum Amaz\u00f4nico\u201d, de Rejane Melo, abre nesta quinta-feira (5\/3) no Museu da Cidade de Manaus\"}]},{\"@type\":\"WebSite\",\"@id\":\"https:\/\/www.manaus.am.gov.br\/manauscult\/#website\",\"url\":\"https:\/\/www.manaus.am.gov.br\/manauscult\/\",\"name\":\"MANAUSCULT\",\"description\":\"Prefeitura de Manaus\",\"potentialAction\":[{\"@type\":\"SearchAction\",\"target\":{\"@type\":\"EntryPoint\",\"urlTemplate\":\"https:\/\/www.manaus.am.gov.br\/manauscult\/?s={search_term_string}\"},\"query-input\":\"required name=search_term_string\"}],\"inLanguage\":\"pt-BR\"},{\"@type\":\"Person\",\"@id\":\"https:\/\/www.manaus.am.gov.br\/manauscult\/#\/schema\/person\/ab4dcf766a54dff74e8d267f5c591961\",\"name\":\"smonteiro\",\"image\":{\"@type\":\"ImageObject\",\"inLanguage\":\"pt-BR\",\"@id\":\"https:\/\/www.manaus.am.gov.br\/manauscult\/#\/schema\/person\/image\/\",\"url\":\"https:\/\/secure.gravatar.com\/avatar\/21c8776ef61d9272c73322052e042d77?s=96&d=mm&r=g\",\"contentUrl\":\"https:\/\/secure.gravatar.com\/avatar\/21c8776ef61d9272c73322052e042d77?s=96&d=mm&r=g\",\"caption\":\"smonteiro\"}}]}<\/script>\n<!-- \/ Yoast SEO plugin. -->","yoast_head_json":{"title":"Exposi\u00e7\u00e3o \u201cAurum Amaz\u00f4nico\u201d, de Rejane Melo, abre nesta quinta-feira (5\/3) no Museu da Cidade de Manaus","description":"O Museu da Cidade de Manaus recebe, a partir desta quinta-feira, 5\/3, \u00e0s 18h, a exposi\u00e7\u00e3o \u201cAurum Amaz\u00f4nico\u201d, primeira mostra solo da artista pl\u00e1stica manauara Rejane Melo.","robots":{"index":"noindex","follow":"follow"},"og_locale":"pt_BR","og_type":"article","og_title":"Exposi\u00e7\u00e3o \u201cAurum Amaz\u00f4nico\u201d, de Rejane Melo, abre nesta quinta-feira (5\/3) no Museu da Cidade de Manaus","og_description":"O Museu da Cidade de Manaus recebe, a partir desta quinta-feira, 5\/3, \u00e0s 18h, a exposi\u00e7\u00e3o \u201cAurum Amaz\u00f4nico\u201d, primeira mostra solo da artista pl\u00e1stica manauara Rejane Melo.","og_url":"https:\/\/www.manaus.am.gov.br\/manauscult\/exposicao-aurum-amazonico\/","og_site_name":"MANAUSCULT","article_published_time":"2026-03-04T20:46:16+00:00","article_modified_time":"2026-03-05T16:52:15+00:00","og_image":[{"width":1560,"height":1039,"url":"https:\/\/www.manaus.am.gov.br\/manauscult\/wp-content\/uploads\/sites\/11\/2026\/03\/Museu-da-Cidade.jpeg","type":"image\/jpeg"}],"author":"smonteiro","twitter_card":"summary_large_image","twitter_misc":{"Written by":"smonteiro","Est. reading time":"3 minutos"},"schema":{"@context":"https:\/\/schema.org","@graph":[{"@type":"WebPage","@id":"https:\/\/www.manaus.am.gov.br\/manauscult\/exposicao-aurum-amazonico\/","url":"https:\/\/www.manaus.am.gov.br\/manauscult\/exposicao-aurum-amazonico\/","name":"Exposi\u00e7\u00e3o \u201cAurum Amaz\u00f4nico\u201d, de Rejane Melo, abre nesta quinta-feira (5\/3) no Museu da Cidade de Manaus","isPartOf":{"@id":"https:\/\/www.manaus.am.gov.br\/manauscult\/#website"},"primaryImageOfPage":{"@id":"https:\/\/www.manaus.am.gov.br\/manauscult\/exposicao-aurum-amazonico\/#primaryimage"},"image":{"@id":"https:\/\/www.manaus.am.gov.br\/manauscult\/exposicao-aurum-amazonico\/#primaryimage"},"thumbnailUrl":"https:\/\/www.manaus.am.gov.br\/manauscult\/wp-content\/uploads\/sites\/11\/2026\/03\/Museu-da-Cidade.jpeg","datePublished":"2026-03-04T20:46:16+00:00","dateModified":"2026-03-05T16:52:15+00:00","author":{"@id":"https:\/\/www.manaus.am.gov.br\/manauscult\/#\/schema\/person\/ab4dcf766a54dff74e8d267f5c591961"},"description":"O Museu da Cidade de Manaus recebe, a partir desta quinta-feira, 5\/3, \u00e0s 18h, a exposi\u00e7\u00e3o \u201cAurum Amaz\u00f4nico\u201d, primeira mostra solo da artista pl\u00e1stica manauara Rejane Melo.","breadcrumb":{"@id":"https:\/\/www.manaus.am.gov.br\/manauscult\/exposicao-aurum-amazonico\/#breadcrumb"},"inLanguage":"pt-BR","potentialAction":[{"@type":"ReadAction","target":["https:\/\/www.manaus.am.gov.br\/manauscult\/exposicao-aurum-amazonico\/"]}]},{"@type":"ImageObject","inLanguage":"pt-BR","@id":"https:\/\/www.manaus.am.gov.br\/manauscult\/exposicao-aurum-amazonico\/#primaryimage","url":"https:\/\/www.manaus.am.gov.br\/manauscult\/wp-content\/uploads\/sites\/11\/2026\/03\/Museu-da-Cidade.jpeg","contentUrl":"https:\/\/www.manaus.am.gov.br\/manauscult\/wp-content\/uploads\/sites\/11\/2026\/03\/Museu-da-Cidade.jpeg","width":1560,"height":1039,"caption":"#paratodosverem - fachada do Museu da Cidade, onde acontecer\u00e1 a exposi\u00e7\u00e3o de Rejane Melo"},{"@type":"BreadcrumbList","@id":"https:\/\/www.manaus.am.gov.br\/manauscult\/exposicao-aurum-amazonico\/#breadcrumb","itemListElement":[{"@type":"ListItem","position":1,"name":"Home","item":"https:\/\/www.manaus.am.gov.br\/manauscult\/"},{"@type":"ListItem","position":2,"name":"Exposi\u00e7\u00e3o \u201cAurum Amaz\u00f4nico\u201d, de Rejane Melo, abre nesta quinta-feira (5\/3) no Museu da Cidade de Manaus"}]},{"@type":"WebSite","@id":"https:\/\/www.manaus.am.gov.br\/manauscult\/#website","url":"https:\/\/www.manaus.am.gov.br\/manauscult\/","name":"MANAUSCULT","description":"Prefeitura de Manaus","potentialAction":[{"@type":"SearchAction","target":{"@type":"EntryPoint","urlTemplate":"https:\/\/www.manaus.am.gov.br\/manauscult\/?s={search_term_string}"},"query-input":"required name=search_term_string"}],"inLanguage":"pt-BR"},{"@type":"Person","@id":"https:\/\/www.manaus.am.gov.br\/manauscult\/#\/schema\/person\/ab4dcf766a54dff74e8d267f5c591961","name":"smonteiro","image":{"@type":"ImageObject","inLanguage":"pt-BR","@id":"https:\/\/www.manaus.am.gov.br\/manauscult\/#\/schema\/person\/image\/","url":"https:\/\/secure.gravatar.com\/avatar\/21c8776ef61d9272c73322052e042d77?s=96&d=mm&r=g","contentUrl":"https:\/\/secure.gravatar.com\/avatar\/21c8776ef61d9272c73322052e042d77?s=96&d=mm&r=g","caption":"smonteiro"}}]}},"_links":{"self":[{"href":"https:\/\/www.manaus.am.gov.br\/manauscult\/wp-json\/wp\/v2\/posts\/5336"}],"collection":[{"href":"https:\/\/www.manaus.am.gov.br\/manauscult\/wp-json\/wp\/v2\/posts"}],"about":[{"href":"https:\/\/www.manaus.am.gov.br\/manauscult\/wp-json\/wp\/v2\/types\/post"}],"author":[{"embeddable":true,"href":"https:\/\/www.manaus.am.gov.br\/manauscult\/wp-json\/wp\/v2\/users\/61"}],"replies":[{"embeddable":true,"href":"https:\/\/www.manaus.am.gov.br\/manauscult\/wp-json\/wp\/v2\/comments?post=5336"}],"version-history":[{"count":3,"href":"https:\/\/www.manaus.am.gov.br\/manauscult\/wp-json\/wp\/v2\/posts\/5336\/revisions"}],"predecessor-version":[{"id":5343,"href":"https:\/\/www.manaus.am.gov.br\/manauscult\/wp-json\/wp\/v2\/posts\/5336\/revisions\/5343"}],"wp:featuredmedia":[{"embeddable":true,"href":"https:\/\/www.manaus.am.gov.br\/manauscult\/wp-json\/wp\/v2\/media\/5339"}],"wp:attachment":[{"href":"https:\/\/www.manaus.am.gov.br\/manauscult\/wp-json\/wp\/v2\/media?parent=5336"}],"wp:term":[{"taxonomy":"category","embeddable":true,"href":"https:\/\/www.manaus.am.gov.br\/manauscult\/wp-json\/wp\/v2\/categories?post=5336"},{"taxonomy":"post_tag","embeddable":true,"href":"https:\/\/www.manaus.am.gov.br\/manauscult\/wp-json\/wp\/v2\/tags?post=5336"}],"curies":[{"name":"wp","href":"https:\/\/api.w.org\/{rel}","templated":true}]}}