{"id":5235,"date":"2026-01-30T16:20:15","date_gmt":"2026-01-30T20:20:15","guid":{"rendered":"https:\/\/www.manaus.am.gov.br\/manauscult\/lancamento-projeto-beiradao-da-cultura\/"},"modified":"2026-01-30T16:20:15","modified_gmt":"2026-01-30T20:20:15","slug":"lancamento-projeto-beiradao-da-cultura","status":"publish","type":"post","link":"https:\/\/www.manaus.am.gov.br\/manauscult\/lancamento-projeto-beiradao-da-cultura\/","title":{"rendered":"Prefeitura lan\u00e7a projeto \u2018Beirad\u00e3o da Cultura\u2019 no mercado municipal Adolpho Lisboa e promove inclus\u00e3o e diversidade de manifesta\u00e7\u00f5es regionais"},"content":{"rendered":"\n<p>Como parte do programa \u201cManaus Faz Cultura 2026\u201d, a Prefeitura de Manaus, por meio do Conselho Municipal de Cultura (Concultura), realizou, nesta sexta-feira, 30\/1, o lan\u00e7amento oficial do projeto \u201cBeirad\u00e3o da Cultura\u201d, no mercado municipal Adolpho Lisboa, no centro hist\u00f3rico da capital. A iniciativa tem como objetivo ampliar o acesso da popula\u00e7\u00e3o aos bens culturais e art\u00edsticos, promovendo inclus\u00e3o, diversidade e valoriza\u00e7\u00e3o das manifesta\u00e7\u00f5es regionais.<\/p>\n\n\n\n<p>O presidente do Concultura, Tony Medeiros, destacou que o projeto tem como prioridade democratizar o acesso \u00e0 cultura, como orienta o prefeito David Almeida. \u201cNada melhor do que levar arte e m\u00fasica para os espa\u00e7os p\u00fablicos, onde o povo est\u00e1, garantindo assim uma participa\u00e7\u00e3o imediata e gratuita, valorizando tamb\u00e9m os equipamentos culturais do munic\u00edpio\u201d, afirmou.<\/p>\n\n\n\n<p>Nesta primeira edi\u00e7\u00e3o, a programa\u00e7\u00e3o contou com a apresenta\u00e7\u00e3o do cantor Adryaninho Star e banda, que animaram o p\u00fablico presente com cl\u00e1ssicos no ritmo de beirad\u00e3o, estilo musical genuinamente amaz\u00f4nico que traduz a identidade cultural das comunidades ribeirinhas.<\/p>\n\n\n\n<p>\u201cEstou muito feliz de estar participando do \u2018Beirad\u00e3o da Cultura\u2019. Quero agradecer \u00e0 prefeitura pelo espa\u00e7o, pela oportunidade de mostrar o nosso ritmo em v\u00e1rios lugares de Manaus. A gente vem batendo nessa tecla e divulgando o g\u00eanero beirad\u00e3o, e quem sabe ele alcance o mundo afora\u201d, comentou o cantor.<\/p>\n\n\n\n<p>A popula\u00e7\u00e3o que circulava pelo mercado participou ativamente, transformando o espa\u00e7o em um palco de celebra\u00e7\u00e3o popular.<\/p>\n\n\n\n<p>\u201cEsse projeto \u00e9 muito importante para n\u00f3s amazonenses conhecermos a nossa cultura, prestigiarmos um pouco da m\u00fasica. \u00c9 uma iniciativa interessante que a prefeitura est\u00e1 promovendo para fomentar a nossa identidade\u201d, disse a estudante&nbsp;de Ci\u00eancias Cont\u00e1beis, Camilly Victoria.<\/p>\n\n\n\n<p>Em parceria com a Secretaria Municipal de Agricultura, Abastecimento, Centro e Com\u00e9rcio Informal (Semacc), o projeto \u201cBeirad\u00e3o da Cultura\u201d refor\u00e7a a integra\u00e7\u00e3o entre as \u00e1reas da cultura e com\u00e9rcio com a valoriza\u00e7\u00e3o dos espa\u00e7os tradicionais da cidade, possibilitando ainda que a a\u00e7\u00e3o seja realizada em outros mercados localizados em outras zonas da cidade.<\/p>\n\n\n\n<p>Com esta iniciativa, a Prefeitura de Manaus, por meio do Conselho Municipal de Cultura (Concultura), reafirma seu compromisso em transformar os espa\u00e7os p\u00fablicos em ambientes de conviv\u00eancia, arte e cidadania, fortalecendo a identidade cultural da cidade e aproximando ainda mais a popula\u00e7\u00e3o de suas ra\u00edzes.<\/p>\n\n\n\n<figure class=\"wp-block-image size-large\"><img loading=\"lazy\" decoding=\"async\" width=\"1024\" height=\"768\" src=\"https:\/\/www.manaus.am.gov.br\/manauscult\/wp-content\/uploads\/sites\/11\/2026\/01\/55069070059_8d2eb99aa0_k-1024x768.jpg\" alt=\"\" class=\"wp-image-5237\" srcset=\"https:\/\/www.manaus.am.gov.br\/manauscult\/wp-content\/uploads\/sites\/11\/2026\/01\/55069070059_8d2eb99aa0_k-1024x768.jpg 1024w, https:\/\/www.manaus.am.gov.br\/manauscult\/wp-content\/uploads\/sites\/11\/2026\/01\/55069070059_8d2eb99aa0_k-300x225.jpg 300w, https:\/\/www.manaus.am.gov.br\/manauscult\/wp-content\/uploads\/sites\/11\/2026\/01\/55069070059_8d2eb99aa0_k-768x576.jpg 768w, https:\/\/www.manaus.am.gov.br\/manauscult\/wp-content\/uploads\/sites\/11\/2026\/01\/55069070059_8d2eb99aa0_k-1536x1152.jpg 1536w, https:\/\/www.manaus.am.gov.br\/manauscult\/wp-content\/uploads\/sites\/11\/2026\/01\/55069070059_8d2eb99aa0_k.jpg 2048w\" sizes=\"(max-width: 1024px) 100vw, 1024px\" \/><figcaption class=\"wp-element-caption\">#paratodosverem &#8211; Mercado municipal Adolpho Lisboa<\/figcaption><\/figure>\n\n\n\n<p>&#8212; &#8212; &#8212;<\/p>\n\n\n\n<p><strong>Texto<\/strong>&nbsp;\u2013 Saleyna Borges\/Concultura e Larissa Ara\u00fajo\/Semcom<\/p>\n\n\n\n<p><strong>Fotos<\/strong>&nbsp;\u2013 Jo\u00e3o Viana\/Semcom<\/p>\n\n\n\n<p><strong>Dispon\u00edveis em &#8211; <\/strong><a href=\"https:\/\/flic.kr\/s\/aHBqjCJ2M5\">https:\/\/flic.kr\/s\/aHBqjCJ2M5<\/a><\/p>\n","protected":false},"excerpt":{"rendered":"","protected":false},"author":39,"featured_media":5236,"comment_status":"closed","ping_status":"closed","sticky":false,"template":"","format":"standard","meta":{"footnotes":""},"categories":[97],"tags":[45,1842,11,1843,1844],"acf":[],"yoast_head":"<!-- This site is optimized with the Yoast SEO plugin v23.0 - https:\/\/yoast.com\/wordpress\/plugins\/seo\/ -->\n<title>Prefeitura lan\u00e7a projeto \u2018Beirad\u00e3o da Cultura\u2019 no mercado municipal Adolpho Lisboa<\/title>\n<meta name=\"description\" content=\"Prefeitura lan\u00e7a projeto \u2018Beirad\u00e3o da Cultura\u2019 no mercado Adolpho Lisboa e promove inclus\u00e3o e diversidade de manifesta\u00e7\u00f5es regionais.\" \/>\n<meta name=\"robots\" content=\"noindex, follow\" \/>\n<meta property=\"og:locale\" content=\"pt_BR\" \/>\n<meta property=\"og:type\" content=\"article\" \/>\n<meta property=\"og:title\" content=\"Prefeitura lan\u00e7a projeto \u2018Beirad\u00e3o da Cultura\u2019 no mercado municipal Adolpho Lisboa\" \/>\n<meta property=\"og:description\" content=\"Prefeitura lan\u00e7a projeto \u2018Beirad\u00e3o da Cultura\u2019 no mercado Adolpho Lisboa e promove inclus\u00e3o e diversidade de manifesta\u00e7\u00f5es regionais.\" \/>\n<meta property=\"og:url\" content=\"https:\/\/www.manaus.am.gov.br\/manauscult\/lancamento-projeto-beiradao-da-cultura\/\" \/>\n<meta property=\"og:site_name\" content=\"MANAUSCULT\" \/>\n<meta property=\"article:published_time\" content=\"2026-01-30T20:20:15+00:00\" \/>\n<meta property=\"og:image\" content=\"https:\/\/www.manaus.am.gov.br\/manauscult\/wp-content\/uploads\/sites\/11\/2026\/01\/55069067999_347663accd_k.jpg\" \/>\n\t<meta property=\"og:image:width\" content=\"2048\" \/>\n\t<meta property=\"og:image:height\" content=\"1365\" \/>\n\t<meta property=\"og:image:type\" content=\"image\/jpeg\" \/>\n<meta name=\"author\" content=\"Bruna Greco\" \/>\n<meta name=\"twitter:card\" content=\"summary_large_image\" \/>\n<meta name=\"twitter:label1\" content=\"Written by\" \/>\n\t<meta name=\"twitter:data1\" content=\"Bruna Greco\" \/>\n\t<meta name=\"twitter:label2\" content=\"Est. reading time\" \/>\n\t<meta name=\"twitter:data2\" content=\"3 minutos\" \/>\n<script type=\"application\/ld+json\" class=\"yoast-schema-graph\">{\"@context\":\"https:\/\/schema.org\",\"@graph\":[{\"@type\":\"WebPage\",\"@id\":\"https:\/\/www.manaus.am.gov.br\/manauscult\/lancamento-projeto-beiradao-da-cultura\/\",\"url\":\"https:\/\/www.manaus.am.gov.br\/manauscult\/lancamento-projeto-beiradao-da-cultura\/\",\"name\":\"Prefeitura lan\u00e7a projeto \u2018Beirad\u00e3o da Cultura\u2019 no mercado municipal Adolpho Lisboa\",\"isPartOf\":{\"@id\":\"https:\/\/www.manaus.am.gov.br\/manauscult\/#website\"},\"primaryImageOfPage\":{\"@id\":\"https:\/\/www.manaus.am.gov.br\/manauscult\/lancamento-projeto-beiradao-da-cultura\/#primaryimage\"},\"image\":{\"@id\":\"https:\/\/www.manaus.am.gov.br\/manauscult\/lancamento-projeto-beiradao-da-cultura\/#primaryimage\"},\"thumbnailUrl\":\"https:\/\/www.manaus.am.gov.br\/manauscult\/wp-content\/uploads\/sites\/11\/2026\/01\/55069067999_347663accd_k.jpg\",\"datePublished\":\"2026-01-30T20:20:15+00:00\",\"dateModified\":\"2026-01-30T20:20:15+00:00\",\"author\":{\"@id\":\"https:\/\/www.manaus.am.gov.br\/manauscult\/#\/schema\/person\/05d223aea2bf115f9883a6ff3683d81b\"},\"description\":\"Prefeitura lan\u00e7a projeto \u2018Beirad\u00e3o da Cultura\u2019 no mercado Adolpho Lisboa e promove inclus\u00e3o e diversidade de manifesta\u00e7\u00f5es regionais.\",\"breadcrumb\":{\"@id\":\"https:\/\/www.manaus.am.gov.br\/manauscult\/lancamento-projeto-beiradao-da-cultura\/#breadcrumb\"},\"inLanguage\":\"pt-BR\",\"potentialAction\":[{\"@type\":\"ReadAction\",\"target\":[\"https:\/\/www.manaus.am.gov.br\/manauscult\/lancamento-projeto-beiradao-da-cultura\/\"]}]},{\"@type\":\"ImageObject\",\"inLanguage\":\"pt-BR\",\"@id\":\"https:\/\/www.manaus.am.gov.br\/manauscult\/lancamento-projeto-beiradao-da-cultura\/#primaryimage\",\"url\":\"https:\/\/www.manaus.am.gov.br\/manauscult\/wp-content\/uploads\/sites\/11\/2026\/01\/55069067999_347663accd_k.jpg\",\"contentUrl\":\"https:\/\/www.manaus.am.gov.br\/manauscult\/wp-content\/uploads\/sites\/11\/2026\/01\/55069067999_347663accd_k.jpg\",\"width\":2048,\"height\":1365,\"caption\":\"#paratodosverem - Pessoas dan\u00e7ando durante o lan\u00e7amento do projeto \\\"Beirad\u00e3o da Cultura\\\", com a apresenta\u00e7\u00e3o do cantor Adryaninho Star e banda, no mercado municipal Adolpho Lisboa\"},{\"@type\":\"BreadcrumbList\",\"@id\":\"https:\/\/www.manaus.am.gov.br\/manauscult\/lancamento-projeto-beiradao-da-cultura\/#breadcrumb\",\"itemListElement\":[{\"@type\":\"ListItem\",\"position\":1,\"name\":\"Home\",\"item\":\"https:\/\/www.manaus.am.gov.br\/manauscult\/\"},{\"@type\":\"ListItem\",\"position\":2,\"name\":\"Prefeitura lan\u00e7a projeto \u2018Beirad\u00e3o da Cultura\u2019 no mercado municipal Adolpho Lisboa e promove inclus\u00e3o e diversidade de manifesta\u00e7\u00f5es regionais\"}]},{\"@type\":\"WebSite\",\"@id\":\"https:\/\/www.manaus.am.gov.br\/manauscult\/#website\",\"url\":\"https:\/\/www.manaus.am.gov.br\/manauscult\/\",\"name\":\"MANAUSCULT\",\"description\":\"Prefeitura de Manaus\",\"potentialAction\":[{\"@type\":\"SearchAction\",\"target\":{\"@type\":\"EntryPoint\",\"urlTemplate\":\"https:\/\/www.manaus.am.gov.br\/manauscult\/?s={search_term_string}\"},\"query-input\":\"required name=search_term_string\"}],\"inLanguage\":\"pt-BR\"},{\"@type\":\"Person\",\"@id\":\"https:\/\/www.manaus.am.gov.br\/manauscult\/#\/schema\/person\/05d223aea2bf115f9883a6ff3683d81b\",\"name\":\"Bruna Greco\",\"image\":{\"@type\":\"ImageObject\",\"inLanguage\":\"pt-BR\",\"@id\":\"https:\/\/www.manaus.am.gov.br\/manauscult\/#\/schema\/person\/image\/\",\"url\":\"https:\/\/secure.gravatar.com\/avatar\/9c877d1a6adc2a055330e5c09a8653ce?s=96&d=mm&r=g\",\"contentUrl\":\"https:\/\/secure.gravatar.com\/avatar\/9c877d1a6adc2a055330e5c09a8653ce?s=96&d=mm&r=g\",\"caption\":\"Bruna Greco\"}}]}<\/script>\n<!-- \/ Yoast SEO plugin. -->","yoast_head_json":{"title":"Prefeitura lan\u00e7a projeto \u2018Beirad\u00e3o da Cultura\u2019 no mercado municipal Adolpho Lisboa","description":"Prefeitura lan\u00e7a projeto \u2018Beirad\u00e3o da Cultura\u2019 no mercado Adolpho Lisboa e promove inclus\u00e3o e diversidade de manifesta\u00e7\u00f5es regionais.","robots":{"index":"noindex","follow":"follow"},"og_locale":"pt_BR","og_type":"article","og_title":"Prefeitura lan\u00e7a projeto \u2018Beirad\u00e3o da Cultura\u2019 no mercado municipal Adolpho Lisboa","og_description":"Prefeitura lan\u00e7a projeto \u2018Beirad\u00e3o da Cultura\u2019 no mercado Adolpho Lisboa e promove inclus\u00e3o e diversidade de manifesta\u00e7\u00f5es regionais.","og_url":"https:\/\/www.manaus.am.gov.br\/manauscult\/lancamento-projeto-beiradao-da-cultura\/","og_site_name":"MANAUSCULT","article_published_time":"2026-01-30T20:20:15+00:00","og_image":[{"width":2048,"height":1365,"url":"https:\/\/www.manaus.am.gov.br\/manauscult\/wp-content\/uploads\/sites\/11\/2026\/01\/55069067999_347663accd_k.jpg","type":"image\/jpeg"}],"author":"Bruna Greco","twitter_card":"summary_large_image","twitter_misc":{"Written by":"Bruna Greco","Est. reading time":"3 minutos"},"schema":{"@context":"https:\/\/schema.org","@graph":[{"@type":"WebPage","@id":"https:\/\/www.manaus.am.gov.br\/manauscult\/lancamento-projeto-beiradao-da-cultura\/","url":"https:\/\/www.manaus.am.gov.br\/manauscult\/lancamento-projeto-beiradao-da-cultura\/","name":"Prefeitura lan\u00e7a projeto \u2018Beirad\u00e3o da Cultura\u2019 no mercado municipal Adolpho Lisboa","isPartOf":{"@id":"https:\/\/www.manaus.am.gov.br\/manauscult\/#website"},"primaryImageOfPage":{"@id":"https:\/\/www.manaus.am.gov.br\/manauscult\/lancamento-projeto-beiradao-da-cultura\/#primaryimage"},"image":{"@id":"https:\/\/www.manaus.am.gov.br\/manauscult\/lancamento-projeto-beiradao-da-cultura\/#primaryimage"},"thumbnailUrl":"https:\/\/www.manaus.am.gov.br\/manauscult\/wp-content\/uploads\/sites\/11\/2026\/01\/55069067999_347663accd_k.jpg","datePublished":"2026-01-30T20:20:15+00:00","dateModified":"2026-01-30T20:20:15+00:00","author":{"@id":"https:\/\/www.manaus.am.gov.br\/manauscult\/#\/schema\/person\/05d223aea2bf115f9883a6ff3683d81b"},"description":"Prefeitura lan\u00e7a projeto \u2018Beirad\u00e3o da Cultura\u2019 no mercado Adolpho Lisboa e promove inclus\u00e3o e diversidade de manifesta\u00e7\u00f5es regionais.","breadcrumb":{"@id":"https:\/\/www.manaus.am.gov.br\/manauscult\/lancamento-projeto-beiradao-da-cultura\/#breadcrumb"},"inLanguage":"pt-BR","potentialAction":[{"@type":"ReadAction","target":["https:\/\/www.manaus.am.gov.br\/manauscult\/lancamento-projeto-beiradao-da-cultura\/"]}]},{"@type":"ImageObject","inLanguage":"pt-BR","@id":"https:\/\/www.manaus.am.gov.br\/manauscult\/lancamento-projeto-beiradao-da-cultura\/#primaryimage","url":"https:\/\/www.manaus.am.gov.br\/manauscult\/wp-content\/uploads\/sites\/11\/2026\/01\/55069067999_347663accd_k.jpg","contentUrl":"https:\/\/www.manaus.am.gov.br\/manauscult\/wp-content\/uploads\/sites\/11\/2026\/01\/55069067999_347663accd_k.jpg","width":2048,"height":1365,"caption":"#paratodosverem - Pessoas dan\u00e7ando durante o lan\u00e7amento do projeto \"Beirad\u00e3o da Cultura\", com a apresenta\u00e7\u00e3o do cantor Adryaninho Star e banda, no mercado municipal Adolpho Lisboa"},{"@type":"BreadcrumbList","@id":"https:\/\/www.manaus.am.gov.br\/manauscult\/lancamento-projeto-beiradao-da-cultura\/#breadcrumb","itemListElement":[{"@type":"ListItem","position":1,"name":"Home","item":"https:\/\/www.manaus.am.gov.br\/manauscult\/"},{"@type":"ListItem","position":2,"name":"Prefeitura lan\u00e7a projeto \u2018Beirad\u00e3o da Cultura\u2019 no mercado municipal Adolpho Lisboa e promove inclus\u00e3o e diversidade de manifesta\u00e7\u00f5es regionais"}]},{"@type":"WebSite","@id":"https:\/\/www.manaus.am.gov.br\/manauscult\/#website","url":"https:\/\/www.manaus.am.gov.br\/manauscult\/","name":"MANAUSCULT","description":"Prefeitura de Manaus","potentialAction":[{"@type":"SearchAction","target":{"@type":"EntryPoint","urlTemplate":"https:\/\/www.manaus.am.gov.br\/manauscult\/?s={search_term_string}"},"query-input":"required name=search_term_string"}],"inLanguage":"pt-BR"},{"@type":"Person","@id":"https:\/\/www.manaus.am.gov.br\/manauscult\/#\/schema\/person\/05d223aea2bf115f9883a6ff3683d81b","name":"Bruna Greco","image":{"@type":"ImageObject","inLanguage":"pt-BR","@id":"https:\/\/www.manaus.am.gov.br\/manauscult\/#\/schema\/person\/image\/","url":"https:\/\/secure.gravatar.com\/avatar\/9c877d1a6adc2a055330e5c09a8653ce?s=96&d=mm&r=g","contentUrl":"https:\/\/secure.gravatar.com\/avatar\/9c877d1a6adc2a055330e5c09a8653ce?s=96&d=mm&r=g","caption":"Bruna Greco"}}]}},"_links":{"self":[{"href":"https:\/\/www.manaus.am.gov.br\/manauscult\/wp-json\/wp\/v2\/posts\/5235"}],"collection":[{"href":"https:\/\/www.manaus.am.gov.br\/manauscult\/wp-json\/wp\/v2\/posts"}],"about":[{"href":"https:\/\/www.manaus.am.gov.br\/manauscult\/wp-json\/wp\/v2\/types\/post"}],"author":[{"embeddable":true,"href":"https:\/\/www.manaus.am.gov.br\/manauscult\/wp-json\/wp\/v2\/users\/39"}],"replies":[{"embeddable":true,"href":"https:\/\/www.manaus.am.gov.br\/manauscult\/wp-json\/wp\/v2\/comments?post=5235"}],"version-history":[{"count":1,"href":"https:\/\/www.manaus.am.gov.br\/manauscult\/wp-json\/wp\/v2\/posts\/5235\/revisions"}],"predecessor-version":[{"id":5238,"href":"https:\/\/www.manaus.am.gov.br\/manauscult\/wp-json\/wp\/v2\/posts\/5235\/revisions\/5238"}],"wp:featuredmedia":[{"embeddable":true,"href":"https:\/\/www.manaus.am.gov.br\/manauscult\/wp-json\/wp\/v2\/media\/5236"}],"wp:attachment":[{"href":"https:\/\/www.manaus.am.gov.br\/manauscult\/wp-json\/wp\/v2\/media?parent=5235"}],"wp:term":[{"taxonomy":"category","embeddable":true,"href":"https:\/\/www.manaus.am.gov.br\/manauscult\/wp-json\/wp\/v2\/categories?post=5235"},{"taxonomy":"post_tag","embeddable":true,"href":"https:\/\/www.manaus.am.gov.br\/manauscult\/wp-json\/wp\/v2\/tags?post=5235"}],"curies":[{"name":"wp","href":"https:\/\/api.w.org\/{rel}","templated":true}]}}