{"id":5166,"date":"2026-01-15T14:46:55","date_gmt":"2026-01-15T18:46:55","guid":{"rendered":"https:\/\/www.manaus.am.gov.br\/manauscult\/edital-bandas-blocos-carnaval-2026\/"},"modified":"2026-02-06T11:54:04","modified_gmt":"2026-02-06T15:54:04","slug":"edital-bandas-blocos-carnaval-2026","status":"publish","type":"post","link":"https:\/\/www.manaus.am.gov.br\/manauscult\/edital-bandas-blocos-carnaval-2026\/","title":{"rendered":"Prefeitura de Manaus divulga lista dos contemplados no Edital de Bandas e Blocos para o Carnaval 2026"},"content":{"rendered":"\n<p>A <a href=\"https:\/\/www.instagram.com\/prefeiturademanaus\/\">Prefeitura de Manaus,<\/a> por meio da Funda\u00e7\u00e3o Municipal de Cultura, Turismo e Eventos<a href=\"https:\/\/www.manaus.am.gov.br\/\"> (ManausCult),<\/a> publicou, nesta quinta-feira, 15\/1, no Di\u00e1rio Oficial do Munic\u00edpio (DOM), a rela\u00e7\u00e3o oficial dos blocos e bandas de Carnaval que receber\u00e3o apoio institucional para a realiza\u00e7\u00e3o de seus eventos neste ano.<\/p>\n\n\n\n<p><br>A sele\u00e7\u00e3o ocorreu por meio do Edital de Chamada P\u00fablica n\u00ba 007\/2025, lan\u00e7ado em novembro do ano passado, e contemplou 110 projetos, distribu\u00eddos entre 50 eventos de pequeno porte, 50 de m\u00e9dio porte e 10 de grande porte. O apoio oferecido inclui servi\u00e7os de sonoriza\u00e7\u00e3o, ilumina\u00e7\u00e3o, estrutura de palco, banheiros qu\u00edmicos e demais itens de infraestrutura, assegurando melhores condi\u00e7\u00f5es de realiza\u00e7\u00e3o dos eventos nas comunidades.<\/p>\n\n\n\n<p><br>Al\u00e9m da publica\u00e7\u00e3o do edital, a ManausCult promoveu uma reuni\u00e3o institucional no dia 19\/11, em sua sede, com a participa\u00e7\u00e3o de representantes de bandas e blocos carnavalescos, ocasi\u00e3o em que foram apresentados os crit\u00e9rios do chamamento p\u00fablico, as etapas do processo de sele\u00e7\u00e3o e as diretrizes para a organiza\u00e7\u00e3o do Carnaval 2026, refor\u00e7ando o di\u00e1logo com o movimento cultural da cidade.<\/p>\n\n\n\n<p><br>Segundo o diretor-presidente da ManausCult, Jender Lobato, a pol\u00edtica de apoio ao Carnaval de Rua \u00e9 estrat\u00e9gica para o fortalecimento da cultura popular da cidade.<\/p>\n\n\n\n<p><br>\u201cEstamos estruturando o Carnaval de Manaus com planejamento, crit\u00e9rio t\u00e9cnico e respeito aos fazedores de cultura. Este edital fortalece as tradi\u00e7\u00f5es, estimula a economia criativa e garante que o investimento p\u00fablico gere retorno social e cultural para a popula\u00e7\u00e3o\u201d, afirmou.<br>Os contemplados da categoria de evento de pequeno porte s\u00e3o: bloco das Apertadas; banda do Pez\u00e3o \u2013 8\u00aa Edi\u00e7\u00e3o; bloco das Bundas Incubadas da Boca do Emboca; banda do Mazon; banda da Caxuxa 2026; bloco da Vov\u00f3 Judith; banda do Alho; banda do Mac Naldo; banda da Sereia; Amigos da Girassol; bloco Amigos do DZ9; bloco do Recanto; banda do Caxang\u00e1; banda do Toba; Potaqueparius Eu Vou; banda Amigos da Rua Barcelos; banda Baratas na Folia; Carna Central 2026; bloco dos Estudantes \u2013 Est\u00e1gio N\u00e3o \u00e9 Trote; 11\u00ba bloco da Dekinha; bloco do Aranha; banda Carnavalesca Mauazinho na Folia; bloco da Anaconda; banda do King 2026; bloco dos Paus Moles; bloco Tira Ressaca Vai Que Cola; banda Folia do \u00c1guia; 7\u00aa Edi\u00e7\u00e3o da Banda da Castelo Branco; bloco Sindicato dos Cornos; Imp\u00e9rio do Mau\u00e1; Benfazer Folia; banda Vira Latinha 2026; banda da Tia C\u00e9lia; bloco Amigos da avenida Aracy; banda do Ovo Azul; 18\u00aa Edi\u00e7\u00e3o Tira Ressaca Rosas da Noite 2026; bloco Amigos do Puraquequara; bloco DJ Rafael e Amigos da Baixada; bloco do Popeye; bloco dos Fofoqueiros; banda da Ang\u00e9lica; banda Carnavalesca das Caboca\u2019s; banda do Tuf\u00e3o; bloco Folia do Japiim 1; bloco Cala Boca e Chupa Logo; bloco do Varandas; banda da Independ\u00eancia; banda Mama Nen\u00e9m; banda do conjunto Ribeiro Junior 2026; banda da Flajorge.<\/p>\n\n\n\n<p><br><br>Os contemplados da categoria de evento de&nbsp;m\u00e9dio porte s\u00e3o:&nbsp;bloco Siri Quer Pau 2026; Bloco da Grana \u2013 Cores, Ritmos e Diversidade; banda do Jorge Teixeira; banda Bizorgay \u2013 26\u00aa Edi\u00e7\u00e3o; bloco do Caldeira; banda do Theo 2026; banda da Get\u00falio 2026; bloco dos Brochas 2026; banda do Galhardo; 26\u00aa Banda de Carnaval Juventude Ativa; bloco Dale 2026 Ficci\u00f3n Caliente; banda das Cabritas 2026; bloco do Feij\u00e3o; banda do Pepety; 6\u00aa Edi\u00e7\u00e3o Bloco do Capim Cheiroso; bloco do Frei; 16\u00aa Edi\u00e7\u00e3o Banda do Papa Sopa; banda do Copo Cheio; banda do Bocal Queimado; bloco das Virgens do Grande Vit\u00f3ria 2026; banda do Kibarato \u2013 11\u00aa Edi\u00e7\u00e3o; 8\u00aa Edi\u00e7\u00e3o Bloco do Goiab\u00e3o 2026; 10\u00aa Edi\u00e7\u00e3o Bloco do Mal\u00e1ria 2026; banda do \u00c1lcool \u2013 24\u00aa Edi\u00e7\u00e3o; carnafolia da Col\u00f4nia Ant\u00f4nio Aleixo 2026; bloco da Humildade; banda das Duquesas da 14; banda das Virgens; 7\u00aa Edi\u00e7\u00e3o Bloco Legion\u00e1rios na Folia; banda dos Assombrados 2026; banda S\u00f3 Fuleiros; banda do Grande Vit\u00f3ria; bloco dos Infi\u00e9is; banda do 5 Estrelas; bloco das Poderosas; bloco do Alfred\u00e3o; 25\u00aa Carnaval de Rua Banda da Sarita 2026; banda da 5; banda do Fuxico 2026; banda do Joatan; bloco do Largo \u2013 Gagaval; bloco da Gigi Fantasy; bloco das Cabritas 2026; banda da Rua Santa Isabel 2026 \u2013 11\u00aa Edi\u00e7\u00e3o; bloco do Net\u00e3o 2026; Carnatronic 2026; bloco dos Sapecas; banda Vit\u00f3ria do Morro da P\u201314 de Janeiro; banda do Ded\u00e9 e a barca do Pirigaio; banda do Piment\u00e3o, banda Independente.<\/p>\n\n\n\n<p><br>Os contemplados da categoria de evento de grande porte s\u00e3o: Confraria do Armando &#8211; Bica 2026; bloco carnavalesco Galo de Manaus; banda do Gigante 2026; Carnaval de Educandos 2026; Carnaval do Bloco das Piranhas 2026; bloco do P10; bloco do Vieiralves; banda da Difusora; bhanda da Bhaixa da H\u00e9gua \u2013 35\u00aa Edi\u00e7\u00e3o; banda do Boulevard 2026.<\/p>\n\n\n\n<figure class=\"wp-block-image size-large\"><img loading=\"lazy\" decoding=\"async\" width=\"1024\" height=\"768\" src=\"https:\/\/www.manaus.am.gov.br\/manauscult\/wp-content\/uploads\/sites\/11\/2026\/01\/blocos-e-bandas-8-1536x1152-1-1024x768.jpeg\" alt=\"\" class=\"wp-image-5168\" srcset=\"https:\/\/www.manaus.am.gov.br\/manauscult\/wp-content\/uploads\/sites\/11\/2026\/01\/blocos-e-bandas-8-1536x1152-1-1024x768.jpeg 1024w, https:\/\/www.manaus.am.gov.br\/manauscult\/wp-content\/uploads\/sites\/11\/2026\/01\/blocos-e-bandas-8-1536x1152-1-300x225.jpeg 300w, https:\/\/www.manaus.am.gov.br\/manauscult\/wp-content\/uploads\/sites\/11\/2026\/01\/blocos-e-bandas-8-1536x1152-1-768x576.jpeg 768w, https:\/\/www.manaus.am.gov.br\/manauscult\/wp-content\/uploads\/sites\/11\/2026\/01\/blocos-e-bandas-8-1536x1152-1.jpeg 1536w\" sizes=\"(max-width: 1024px) 100vw, 1024px\" \/><figcaption class=\"wp-element-caption\">#paratodosverem &#8211; Banda de rua<\/figcaption><\/figure>\n\n\n\n<p>&#8212; &#8212; &#8212;<\/p>\n\n\n\n<p><strong>Texto<\/strong>&nbsp;&#8211; J\u00e9ssica Trajano\/ManausCult<\/p>\n\n\n\n<p><strong>Fotos \u2013 <\/strong>Arquivo\/Semcom<\/p>\n","protected":false},"excerpt":{"rendered":"","protected":false},"author":39,"featured_media":5167,"comment_status":"closed","ping_status":"closed","sticky":false,"template":"","format":"standard","meta":{"footnotes":""},"categories":[397],"tags":[1771,213,1828,1829,9,11],"acf":[],"yoast_head":"<!-- This site is optimized with the Yoast SEO plugin v23.0 - https:\/\/yoast.com\/wordpress\/plugins\/seo\/ -->\n<title>Lista dos contemplados no Edital de Bandas e Blocos para o Carnaval 2026<\/title>\n<meta name=\"description\" content=\"Prefeitura de Manaus, por meio da ManausCult, divulga lista dos contemplados no Edital de Bandas e Blocos para o Carnaval 2026.\" \/>\n<meta name=\"robots\" content=\"noindex, follow\" \/>\n<meta property=\"og:locale\" content=\"pt_BR\" \/>\n<meta property=\"og:type\" content=\"article\" \/>\n<meta property=\"og:title\" content=\"Lista dos contemplados no Edital de Bandas e Blocos para o Carnaval 2026\" \/>\n<meta property=\"og:description\" content=\"Prefeitura de Manaus, por meio da ManausCult, divulga lista dos contemplados no Edital de Bandas e Blocos para o Carnaval 2026.\" \/>\n<meta property=\"og:url\" content=\"https:\/\/www.manaus.am.gov.br\/manauscult\/edital-bandas-blocos-carnaval-2026\/\" \/>\n<meta property=\"og:site_name\" content=\"MANAUSCULT\" \/>\n<meta property=\"article:published_time\" content=\"2026-01-15T18:46:55+00:00\" \/>\n<meta property=\"article:modified_time\" content=\"2026-02-06T15:54:04+00:00\" \/>\n<meta property=\"og:image\" content=\"https:\/\/www.manaus.am.gov.br\/manauscult\/wp-content\/uploads\/sites\/11\/2026\/01\/Carnaval-de-Rua-2-1536x1023-1.jpeg\" \/>\n\t<meta property=\"og:image:width\" content=\"1536\" \/>\n\t<meta property=\"og:image:height\" content=\"1023\" \/>\n\t<meta property=\"og:image:type\" content=\"image\/jpeg\" \/>\n<meta name=\"author\" content=\"Bruna Greco\" \/>\n<meta name=\"twitter:card\" content=\"summary_large_image\" \/>\n<meta name=\"twitter:label1\" content=\"Written by\" \/>\n\t<meta name=\"twitter:data1\" content=\"Bruna Greco\" \/>\n\t<meta name=\"twitter:label2\" content=\"Est. reading time\" \/>\n\t<meta name=\"twitter:data2\" content=\"5 minutos\" \/>\n<script type=\"application\/ld+json\" class=\"yoast-schema-graph\">{\"@context\":\"https:\/\/schema.org\",\"@graph\":[{\"@type\":\"WebPage\",\"@id\":\"https:\/\/www.manaus.am.gov.br\/manauscult\/edital-bandas-blocos-carnaval-2026\/\",\"url\":\"https:\/\/www.manaus.am.gov.br\/manauscult\/edital-bandas-blocos-carnaval-2026\/\",\"name\":\"Lista dos contemplados no Edital de Bandas e Blocos para o Carnaval 2026\",\"isPartOf\":{\"@id\":\"https:\/\/www.manaus.am.gov.br\/manauscult\/#website\"},\"primaryImageOfPage\":{\"@id\":\"https:\/\/www.manaus.am.gov.br\/manauscult\/edital-bandas-blocos-carnaval-2026\/#primaryimage\"},\"image\":{\"@id\":\"https:\/\/www.manaus.am.gov.br\/manauscult\/edital-bandas-blocos-carnaval-2026\/#primaryimage\"},\"thumbnailUrl\":\"https:\/\/www.manaus.am.gov.br\/manauscult\/wp-content\/uploads\/sites\/11\/2026\/01\/Carnaval-de-Rua-2-1536x1023-1.jpeg\",\"datePublished\":\"2026-01-15T18:46:55+00:00\",\"dateModified\":\"2026-02-06T15:54:04+00:00\",\"author\":{\"@id\":\"https:\/\/www.manaus.am.gov.br\/manauscult\/#\/schema\/person\/05d223aea2bf115f9883a6ff3683d81b\"},\"description\":\"Prefeitura de Manaus, por meio da ManausCult, divulga lista dos contemplados no Edital de Bandas e Blocos para o Carnaval 2026.\",\"breadcrumb\":{\"@id\":\"https:\/\/www.manaus.am.gov.br\/manauscult\/edital-bandas-blocos-carnaval-2026\/#breadcrumb\"},\"inLanguage\":\"pt-BR\",\"potentialAction\":[{\"@type\":\"ReadAction\",\"target\":[\"https:\/\/www.manaus.am.gov.br\/manauscult\/edital-bandas-blocos-carnaval-2026\/\"]}]},{\"@type\":\"ImageObject\",\"inLanguage\":\"pt-BR\",\"@id\":\"https:\/\/www.manaus.am.gov.br\/manauscult\/edital-bandas-blocos-carnaval-2026\/#primaryimage\",\"url\":\"https:\/\/www.manaus.am.gov.br\/manauscult\/wp-content\/uploads\/sites\/11\/2026\/01\/Carnaval-de-Rua-2-1536x1023-1.jpeg\",\"contentUrl\":\"https:\/\/www.manaus.am.gov.br\/manauscult\/wp-content\/uploads\/sites\/11\/2026\/01\/Carnaval-de-Rua-2-1536x1023-1.jpeg\",\"width\":1536,\"height\":1023,\"caption\":\"#paratodosverem - Grande p\u00fablico participando de banda de rua em Manaus\"},{\"@type\":\"BreadcrumbList\",\"@id\":\"https:\/\/www.manaus.am.gov.br\/manauscult\/edital-bandas-blocos-carnaval-2026\/#breadcrumb\",\"itemListElement\":[{\"@type\":\"ListItem\",\"position\":1,\"name\":\"Home\",\"item\":\"https:\/\/www.manaus.am.gov.br\/manauscult\/\"},{\"@type\":\"ListItem\",\"position\":2,\"name\":\"Prefeitura de Manaus divulga lista dos contemplados no Edital de Bandas e Blocos para o Carnaval 2026\"}]},{\"@type\":\"WebSite\",\"@id\":\"https:\/\/www.manaus.am.gov.br\/manauscult\/#website\",\"url\":\"https:\/\/www.manaus.am.gov.br\/manauscult\/\",\"name\":\"MANAUSCULT\",\"description\":\"Prefeitura de Manaus\",\"potentialAction\":[{\"@type\":\"SearchAction\",\"target\":{\"@type\":\"EntryPoint\",\"urlTemplate\":\"https:\/\/www.manaus.am.gov.br\/manauscult\/?s={search_term_string}\"},\"query-input\":\"required name=search_term_string\"}],\"inLanguage\":\"pt-BR\"},{\"@type\":\"Person\",\"@id\":\"https:\/\/www.manaus.am.gov.br\/manauscult\/#\/schema\/person\/05d223aea2bf115f9883a6ff3683d81b\",\"name\":\"Bruna Greco\",\"image\":{\"@type\":\"ImageObject\",\"inLanguage\":\"pt-BR\",\"@id\":\"https:\/\/www.manaus.am.gov.br\/manauscult\/#\/schema\/person\/image\/\",\"url\":\"https:\/\/secure.gravatar.com\/avatar\/9c877d1a6adc2a055330e5c09a8653ce?s=96&d=mm&r=g\",\"contentUrl\":\"https:\/\/secure.gravatar.com\/avatar\/9c877d1a6adc2a055330e5c09a8653ce?s=96&d=mm&r=g\",\"caption\":\"Bruna Greco\"}}]}<\/script>\n<!-- \/ Yoast SEO plugin. -->","yoast_head_json":{"title":"Lista dos contemplados no Edital de Bandas e Blocos para o Carnaval 2026","description":"Prefeitura de Manaus, por meio da ManausCult, divulga lista dos contemplados no Edital de Bandas e Blocos para o Carnaval 2026.","robots":{"index":"noindex","follow":"follow"},"og_locale":"pt_BR","og_type":"article","og_title":"Lista dos contemplados no Edital de Bandas e Blocos para o Carnaval 2026","og_description":"Prefeitura de Manaus, por meio da ManausCult, divulga lista dos contemplados no Edital de Bandas e Blocos para o Carnaval 2026.","og_url":"https:\/\/www.manaus.am.gov.br\/manauscult\/edital-bandas-blocos-carnaval-2026\/","og_site_name":"MANAUSCULT","article_published_time":"2026-01-15T18:46:55+00:00","article_modified_time":"2026-02-06T15:54:04+00:00","og_image":[{"width":1536,"height":1023,"url":"https:\/\/www.manaus.am.gov.br\/manauscult\/wp-content\/uploads\/sites\/11\/2026\/01\/Carnaval-de-Rua-2-1536x1023-1.jpeg","type":"image\/jpeg"}],"author":"Bruna Greco","twitter_card":"summary_large_image","twitter_misc":{"Written by":"Bruna Greco","Est. reading time":"5 minutos"},"schema":{"@context":"https:\/\/schema.org","@graph":[{"@type":"WebPage","@id":"https:\/\/www.manaus.am.gov.br\/manauscult\/edital-bandas-blocos-carnaval-2026\/","url":"https:\/\/www.manaus.am.gov.br\/manauscult\/edital-bandas-blocos-carnaval-2026\/","name":"Lista dos contemplados no Edital de Bandas e Blocos para o Carnaval 2026","isPartOf":{"@id":"https:\/\/www.manaus.am.gov.br\/manauscult\/#website"},"primaryImageOfPage":{"@id":"https:\/\/www.manaus.am.gov.br\/manauscult\/edital-bandas-blocos-carnaval-2026\/#primaryimage"},"image":{"@id":"https:\/\/www.manaus.am.gov.br\/manauscult\/edital-bandas-blocos-carnaval-2026\/#primaryimage"},"thumbnailUrl":"https:\/\/www.manaus.am.gov.br\/manauscult\/wp-content\/uploads\/sites\/11\/2026\/01\/Carnaval-de-Rua-2-1536x1023-1.jpeg","datePublished":"2026-01-15T18:46:55+00:00","dateModified":"2026-02-06T15:54:04+00:00","author":{"@id":"https:\/\/www.manaus.am.gov.br\/manauscult\/#\/schema\/person\/05d223aea2bf115f9883a6ff3683d81b"},"description":"Prefeitura de Manaus, por meio da ManausCult, divulga lista dos contemplados no Edital de Bandas e Blocos para o Carnaval 2026.","breadcrumb":{"@id":"https:\/\/www.manaus.am.gov.br\/manauscult\/edital-bandas-blocos-carnaval-2026\/#breadcrumb"},"inLanguage":"pt-BR","potentialAction":[{"@type":"ReadAction","target":["https:\/\/www.manaus.am.gov.br\/manauscult\/edital-bandas-blocos-carnaval-2026\/"]}]},{"@type":"ImageObject","inLanguage":"pt-BR","@id":"https:\/\/www.manaus.am.gov.br\/manauscult\/edital-bandas-blocos-carnaval-2026\/#primaryimage","url":"https:\/\/www.manaus.am.gov.br\/manauscult\/wp-content\/uploads\/sites\/11\/2026\/01\/Carnaval-de-Rua-2-1536x1023-1.jpeg","contentUrl":"https:\/\/www.manaus.am.gov.br\/manauscult\/wp-content\/uploads\/sites\/11\/2026\/01\/Carnaval-de-Rua-2-1536x1023-1.jpeg","width":1536,"height":1023,"caption":"#paratodosverem - Grande p\u00fablico participando de banda de rua em Manaus"},{"@type":"BreadcrumbList","@id":"https:\/\/www.manaus.am.gov.br\/manauscult\/edital-bandas-blocos-carnaval-2026\/#breadcrumb","itemListElement":[{"@type":"ListItem","position":1,"name":"Home","item":"https:\/\/www.manaus.am.gov.br\/manauscult\/"},{"@type":"ListItem","position":2,"name":"Prefeitura de Manaus divulga lista dos contemplados no Edital de Bandas e Blocos para o Carnaval 2026"}]},{"@type":"WebSite","@id":"https:\/\/www.manaus.am.gov.br\/manauscult\/#website","url":"https:\/\/www.manaus.am.gov.br\/manauscult\/","name":"MANAUSCULT","description":"Prefeitura de Manaus","potentialAction":[{"@type":"SearchAction","target":{"@type":"EntryPoint","urlTemplate":"https:\/\/www.manaus.am.gov.br\/manauscult\/?s={search_term_string}"},"query-input":"required name=search_term_string"}],"inLanguage":"pt-BR"},{"@type":"Person","@id":"https:\/\/www.manaus.am.gov.br\/manauscult\/#\/schema\/person\/05d223aea2bf115f9883a6ff3683d81b","name":"Bruna Greco","image":{"@type":"ImageObject","inLanguage":"pt-BR","@id":"https:\/\/www.manaus.am.gov.br\/manauscult\/#\/schema\/person\/image\/","url":"https:\/\/secure.gravatar.com\/avatar\/9c877d1a6adc2a055330e5c09a8653ce?s=96&d=mm&r=g","contentUrl":"https:\/\/secure.gravatar.com\/avatar\/9c877d1a6adc2a055330e5c09a8653ce?s=96&d=mm&r=g","caption":"Bruna Greco"}}]}},"_links":{"self":[{"href":"https:\/\/www.manaus.am.gov.br\/manauscult\/wp-json\/wp\/v2\/posts\/5166"}],"collection":[{"href":"https:\/\/www.manaus.am.gov.br\/manauscult\/wp-json\/wp\/v2\/posts"}],"about":[{"href":"https:\/\/www.manaus.am.gov.br\/manauscult\/wp-json\/wp\/v2\/types\/post"}],"author":[{"embeddable":true,"href":"https:\/\/www.manaus.am.gov.br\/manauscult\/wp-json\/wp\/v2\/users\/39"}],"replies":[{"embeddable":true,"href":"https:\/\/www.manaus.am.gov.br\/manauscult\/wp-json\/wp\/v2\/comments?post=5166"}],"version-history":[{"count":5,"href":"https:\/\/www.manaus.am.gov.br\/manauscult\/wp-json\/wp\/v2\/posts\/5166\/revisions"}],"predecessor-version":[{"id":5264,"href":"https:\/\/www.manaus.am.gov.br\/manauscult\/wp-json\/wp\/v2\/posts\/5166\/revisions\/5264"}],"wp:featuredmedia":[{"embeddable":true,"href":"https:\/\/www.manaus.am.gov.br\/manauscult\/wp-json\/wp\/v2\/media\/5167"}],"wp:attachment":[{"href":"https:\/\/www.manaus.am.gov.br\/manauscult\/wp-json\/wp\/v2\/media?parent=5166"}],"wp:term":[{"taxonomy":"category","embeddable":true,"href":"https:\/\/www.manaus.am.gov.br\/manauscult\/wp-json\/wp\/v2\/categories?post=5166"},{"taxonomy":"post_tag","embeddable":true,"href":"https:\/\/www.manaus.am.gov.br\/manauscult\/wp-json\/wp\/v2\/tags?post=5166"}],"curies":[{"name":"wp","href":"https:\/\/api.w.org\/{rel}","templated":true}]}}