{"id":5158,"date":"2026-01-04T10:12:29","date_gmt":"2026-01-04T14:12:29","guid":{"rendered":"https:\/\/www.manaus.am.gov.br\/manauscult\/carnaval-2026-chegada-kamelia\/"},"modified":"2026-01-04T10:12:30","modified_gmt":"2026-01-04T14:12:30","slug":"carnaval-2026-chegada-kamelia","status":"publish","type":"post","link":"https:\/\/www.manaus.am.gov.br\/manauscult\/carnaval-2026-chegada-kamelia\/","title":{"rendered":"Carnaval 2026 \u00e9 oficialmente aberto em Manaus com a tradicional chegada da Kam\u00e9lia"},"content":{"rendered":"\n<p>A tradicional chegada da emblem\u00e1tica boneca Kam\u00e9lia na capital amazonense neste s\u00e1bado, 3\/1, marcou a abertura oficial do Carnaval 2026. Com apoio da Prefeitura de Manaus, por meio da Funda\u00e7\u00e3o Municipal de Cultura, Turismo e Eventos (ManausCult), o evento deu in\u00edcio ao per\u00edodo carnavalesco na cidade, reunindo autoridades, agremia\u00e7\u00f5es, artistas e a popula\u00e7\u00e3o em uma noite de celebra\u00e7\u00e3o, m\u00fasica e identidade cultural.<\/p>\n\n\n\n<p>A programa\u00e7\u00e3o teve in\u00edcio no aeroporto internacional Eduardo Gomes, \u00e0s 20h, com a recep\u00e7\u00e3o da personagem Kam\u00e9lia, maior s\u00edmbolo do carnaval manauara, e seguiu em cortejo at\u00e9 o Ol\u00edmpico Clube, onde, \u00e0s 20h30, ocorreu a grande celebra\u00e7\u00e3o, com apresenta\u00e7\u00f5es culturais que emocionaram o p\u00fablico.<\/p>\n\n\n\n<p>Um dos momentos mais marcantes da noite foi protagonizado pelo diretor-presidente da ManausCult, Jender Lobato, que realizou o gesto simb\u00f3lico da entrega da chave da cidade \u00e0 Kam\u00e9lia, representando oficialmente a concess\u00e3o do comando da cidade ao esp\u00edrito do Carnaval, tradi\u00e7\u00e3o que atravessa gera\u00e7\u00f5es e reafirma o valor cultural dessa celebra\u00e7\u00e3o para Manaus.<\/p>\n\n\n\n<p>\u201cA chegada da Kam\u00e9lia representa a alma do nosso carnaval. A entrega da chave da cidade \u00e9 um s\u00edmbolo de respeito \u00e0 nossa hist\u00f3ria e ao nosso povo, e refor\u00e7a o compromisso da Prefeitura de Manaus com a valoriza\u00e7\u00e3o da cultura popular e das manifesta\u00e7\u00f5es que constroem a identidade da nossa cidade\u201d, afirmou Jender Lobato.<\/p>\n\n\n\n<p>A festividade contou ainda com a apresenta\u00e7\u00e3o do grupo Couro Velho, da escola de samba Aparecida \u2013 A Soberana e da Banda de Metais Dem\u00f4nios da Tasm\u00e2nia, que levaram ao p\u00fablico um espet\u00e1culo de ritmos, cores e tradi\u00e7\u00e3o, destacando a for\u00e7a do carnaval manauara.<\/p>\n\n\n\n<p>A abertura do Carnaval 2026 refor\u00e7a o compromisso da Prefeitura de Manaus em promover a cultura, fomentar a economia criativa e oferecer eventos que fortalecem o sentimento de pertencimento da popula\u00e7\u00e3o, transformando a cidade em palco de alegria, diversidade e express\u00e3o cultural.<\/p>\n\n\n\n<p>Com a chegada da Kam\u00e9lia e a entrega simb\u00f3lica da chave da cidade, Manaus inicia oficialmente seu calend\u00e1rio carnavalesco, convidando a popula\u00e7\u00e3o e visitantes a viverem semanas de festa, emo\u00e7\u00e3o e celebra\u00e7\u00e3o da identidade amaz\u00f4nica.<\/p>\n\n\n\n<p>&#8212; &#8212; &#8212;<\/p>\n\n\n\n<p><strong>Texto<\/strong> &#8211; J\u00e9ssica Trajano\/ManausCult&nbsp;&nbsp;&nbsp;&nbsp;&nbsp;&nbsp;&nbsp;&nbsp;&nbsp;&nbsp;&nbsp;&nbsp;&nbsp;&nbsp;&nbsp;&nbsp;&nbsp;&nbsp;&nbsp;&nbsp;&nbsp;<\/p>\n\n\n\n<p><strong>Foto &#8211;<\/strong> Neto Malta\/ManausCult<\/p>\n","protected":false},"excerpt":{"rendered":"","protected":false},"author":39,"featured_media":5159,"comment_status":"closed","ping_status":"closed","sticky":false,"template":"","format":"standard","meta":{"footnotes":""},"categories":[12],"tags":[1771,1825,1826,9,11],"acf":[],"yoast_head":"<!-- This site is optimized with the Yoast SEO plugin v23.0 - https:\/\/yoast.com\/wordpress\/plugins\/seo\/ -->\n<title>Carnaval 2026 \u00e9 oficialmente aberto em Manaus com a tradicional chegada da Kam\u00e9lia<\/title>\n<meta name=\"description\" content=\"Carnaval 2026 \u00e9 oficialmente aberto em Manaus com a tradicional chegada da Kam\u00e9lia neste s\u00e1bado, 3\/1, com apoio da prefeitura.\" \/>\n<meta name=\"robots\" content=\"noindex, follow\" \/>\n<meta property=\"og:locale\" content=\"pt_BR\" \/>\n<meta property=\"og:type\" content=\"article\" \/>\n<meta property=\"og:title\" content=\"Carnaval 2026 \u00e9 oficialmente aberto em Manaus com a tradicional chegada da Kam\u00e9lia\" \/>\n<meta property=\"og:description\" content=\"Carnaval 2026 \u00e9 oficialmente aberto em Manaus com a tradicional chegada da Kam\u00e9lia neste s\u00e1bado, 3\/1, com apoio da prefeitura.\" \/>\n<meta property=\"og:url\" content=\"https:\/\/www.manaus.am.gov.br\/manauscult\/carnaval-2026-chegada-kamelia\/\" \/>\n<meta property=\"og:site_name\" content=\"MANAUSCULT\" \/>\n<meta property=\"article:published_time\" content=\"2026-01-04T14:12:29+00:00\" \/>\n<meta property=\"article:modified_time\" content=\"2026-01-04T14:12:30+00:00\" \/>\n<meta property=\"og:image\" content=\"https:\/\/www.manaus.am.gov.br\/manauscult\/wp-content\/uploads\/sites\/11\/2026\/01\/WhatsApp-Image-2026-01-04-at-10.03.59.jpeg\" \/>\n\t<meta property=\"og:image:width\" content=\"1600\" \/>\n\t<meta property=\"og:image:height\" content=\"900\" \/>\n\t<meta property=\"og:image:type\" content=\"image\/jpeg\" \/>\n<meta name=\"author\" content=\"Bruna Greco\" \/>\n<meta name=\"twitter:card\" content=\"summary_large_image\" \/>\n<meta name=\"twitter:label1\" content=\"Written by\" \/>\n\t<meta name=\"twitter:data1\" content=\"Bruna Greco\" \/>\n\t<meta name=\"twitter:label2\" content=\"Est. reading time\" \/>\n\t<meta name=\"twitter:data2\" content=\"3 minutos\" \/>\n<script type=\"application\/ld+json\" class=\"yoast-schema-graph\">{\"@context\":\"https:\/\/schema.org\",\"@graph\":[{\"@type\":\"WebPage\",\"@id\":\"https:\/\/www.manaus.am.gov.br\/manauscult\/carnaval-2026-chegada-kamelia\/\",\"url\":\"https:\/\/www.manaus.am.gov.br\/manauscult\/carnaval-2026-chegada-kamelia\/\",\"name\":\"Carnaval 2026 \u00e9 oficialmente aberto em Manaus com a tradicional chegada da Kam\u00e9lia\",\"isPartOf\":{\"@id\":\"https:\/\/www.manaus.am.gov.br\/manauscult\/#website\"},\"primaryImageOfPage\":{\"@id\":\"https:\/\/www.manaus.am.gov.br\/manauscult\/carnaval-2026-chegada-kamelia\/#primaryimage\"},\"image\":{\"@id\":\"https:\/\/www.manaus.am.gov.br\/manauscult\/carnaval-2026-chegada-kamelia\/#primaryimage\"},\"thumbnailUrl\":\"https:\/\/www.manaus.am.gov.br\/manauscult\/wp-content\/uploads\/sites\/11\/2026\/01\/WhatsApp-Image-2026-01-04-at-10.03.59.jpeg\",\"datePublished\":\"2026-01-04T14:12:29+00:00\",\"dateModified\":\"2026-01-04T14:12:30+00:00\",\"author\":{\"@id\":\"https:\/\/www.manaus.am.gov.br\/manauscult\/#\/schema\/person\/05d223aea2bf115f9883a6ff3683d81b\"},\"description\":\"Carnaval 2026 \u00e9 oficialmente aberto em Manaus com a tradicional chegada da Kam\u00e9lia neste s\u00e1bado, 3\/1, com apoio da prefeitura.\",\"breadcrumb\":{\"@id\":\"https:\/\/www.manaus.am.gov.br\/manauscult\/carnaval-2026-chegada-kamelia\/#breadcrumb\"},\"inLanguage\":\"pt-BR\",\"potentialAction\":[{\"@type\":\"ReadAction\",\"target\":[\"https:\/\/www.manaus.am.gov.br\/manauscult\/carnaval-2026-chegada-kamelia\/\"]}]},{\"@type\":\"ImageObject\",\"inLanguage\":\"pt-BR\",\"@id\":\"https:\/\/www.manaus.am.gov.br\/manauscult\/carnaval-2026-chegada-kamelia\/#primaryimage\",\"url\":\"https:\/\/www.manaus.am.gov.br\/manauscult\/wp-content\/uploads\/sites\/11\/2026\/01\/WhatsApp-Image-2026-01-04-at-10.03.59.jpeg\",\"contentUrl\":\"https:\/\/www.manaus.am.gov.br\/manauscult\/wp-content\/uploads\/sites\/11\/2026\/01\/WhatsApp-Image-2026-01-04-at-10.03.59.jpeg\",\"width\":1600,\"height\":900,\"caption\":\"#paratodosverem - Diretor-presidente da ManausCult, Jender Lobato, com a boneca Kam\u00e9lia durante entrega simb\u00f3lica da chave da cidade para a abertura do per\u00edodo carnavalesco em Manaus\"},{\"@type\":\"BreadcrumbList\",\"@id\":\"https:\/\/www.manaus.am.gov.br\/manauscult\/carnaval-2026-chegada-kamelia\/#breadcrumb\",\"itemListElement\":[{\"@type\":\"ListItem\",\"position\":1,\"name\":\"Home\",\"item\":\"https:\/\/www.manaus.am.gov.br\/manauscult\/\"},{\"@type\":\"ListItem\",\"position\":2,\"name\":\"Carnaval 2026 \u00e9 oficialmente aberto em Manaus com a tradicional chegada da Kam\u00e9lia\"}]},{\"@type\":\"WebSite\",\"@id\":\"https:\/\/www.manaus.am.gov.br\/manauscult\/#website\",\"url\":\"https:\/\/www.manaus.am.gov.br\/manauscult\/\",\"name\":\"MANAUSCULT\",\"description\":\"Prefeitura de Manaus\",\"potentialAction\":[{\"@type\":\"SearchAction\",\"target\":{\"@type\":\"EntryPoint\",\"urlTemplate\":\"https:\/\/www.manaus.am.gov.br\/manauscult\/?s={search_term_string}\"},\"query-input\":\"required name=search_term_string\"}],\"inLanguage\":\"pt-BR\"},{\"@type\":\"Person\",\"@id\":\"https:\/\/www.manaus.am.gov.br\/manauscult\/#\/schema\/person\/05d223aea2bf115f9883a6ff3683d81b\",\"name\":\"Bruna Greco\",\"image\":{\"@type\":\"ImageObject\",\"inLanguage\":\"pt-BR\",\"@id\":\"https:\/\/www.manaus.am.gov.br\/manauscult\/#\/schema\/person\/image\/\",\"url\":\"https:\/\/secure.gravatar.com\/avatar\/9c877d1a6adc2a055330e5c09a8653ce?s=96&d=mm&r=g\",\"contentUrl\":\"https:\/\/secure.gravatar.com\/avatar\/9c877d1a6adc2a055330e5c09a8653ce?s=96&d=mm&r=g\",\"caption\":\"Bruna Greco\"}}]}<\/script>\n<!-- \/ Yoast SEO plugin. -->","yoast_head_json":{"title":"Carnaval 2026 \u00e9 oficialmente aberto em Manaus com a tradicional chegada da Kam\u00e9lia","description":"Carnaval 2026 \u00e9 oficialmente aberto em Manaus com a tradicional chegada da Kam\u00e9lia neste s\u00e1bado, 3\/1, com apoio da prefeitura.","robots":{"index":"noindex","follow":"follow"},"og_locale":"pt_BR","og_type":"article","og_title":"Carnaval 2026 \u00e9 oficialmente aberto em Manaus com a tradicional chegada da Kam\u00e9lia","og_description":"Carnaval 2026 \u00e9 oficialmente aberto em Manaus com a tradicional chegada da Kam\u00e9lia neste s\u00e1bado, 3\/1, com apoio da prefeitura.","og_url":"https:\/\/www.manaus.am.gov.br\/manauscult\/carnaval-2026-chegada-kamelia\/","og_site_name":"MANAUSCULT","article_published_time":"2026-01-04T14:12:29+00:00","article_modified_time":"2026-01-04T14:12:30+00:00","og_image":[{"width":1600,"height":900,"url":"https:\/\/www.manaus.am.gov.br\/manauscult\/wp-content\/uploads\/sites\/11\/2026\/01\/WhatsApp-Image-2026-01-04-at-10.03.59.jpeg","type":"image\/jpeg"}],"author":"Bruna Greco","twitter_card":"summary_large_image","twitter_misc":{"Written by":"Bruna Greco","Est. reading time":"3 minutos"},"schema":{"@context":"https:\/\/schema.org","@graph":[{"@type":"WebPage","@id":"https:\/\/www.manaus.am.gov.br\/manauscult\/carnaval-2026-chegada-kamelia\/","url":"https:\/\/www.manaus.am.gov.br\/manauscult\/carnaval-2026-chegada-kamelia\/","name":"Carnaval 2026 \u00e9 oficialmente aberto em Manaus com a tradicional chegada da Kam\u00e9lia","isPartOf":{"@id":"https:\/\/www.manaus.am.gov.br\/manauscult\/#website"},"primaryImageOfPage":{"@id":"https:\/\/www.manaus.am.gov.br\/manauscult\/carnaval-2026-chegada-kamelia\/#primaryimage"},"image":{"@id":"https:\/\/www.manaus.am.gov.br\/manauscult\/carnaval-2026-chegada-kamelia\/#primaryimage"},"thumbnailUrl":"https:\/\/www.manaus.am.gov.br\/manauscult\/wp-content\/uploads\/sites\/11\/2026\/01\/WhatsApp-Image-2026-01-04-at-10.03.59.jpeg","datePublished":"2026-01-04T14:12:29+00:00","dateModified":"2026-01-04T14:12:30+00:00","author":{"@id":"https:\/\/www.manaus.am.gov.br\/manauscult\/#\/schema\/person\/05d223aea2bf115f9883a6ff3683d81b"},"description":"Carnaval 2026 \u00e9 oficialmente aberto em Manaus com a tradicional chegada da Kam\u00e9lia neste s\u00e1bado, 3\/1, com apoio da prefeitura.","breadcrumb":{"@id":"https:\/\/www.manaus.am.gov.br\/manauscult\/carnaval-2026-chegada-kamelia\/#breadcrumb"},"inLanguage":"pt-BR","potentialAction":[{"@type":"ReadAction","target":["https:\/\/www.manaus.am.gov.br\/manauscult\/carnaval-2026-chegada-kamelia\/"]}]},{"@type":"ImageObject","inLanguage":"pt-BR","@id":"https:\/\/www.manaus.am.gov.br\/manauscult\/carnaval-2026-chegada-kamelia\/#primaryimage","url":"https:\/\/www.manaus.am.gov.br\/manauscult\/wp-content\/uploads\/sites\/11\/2026\/01\/WhatsApp-Image-2026-01-04-at-10.03.59.jpeg","contentUrl":"https:\/\/www.manaus.am.gov.br\/manauscult\/wp-content\/uploads\/sites\/11\/2026\/01\/WhatsApp-Image-2026-01-04-at-10.03.59.jpeg","width":1600,"height":900,"caption":"#paratodosverem - Diretor-presidente da ManausCult, Jender Lobato, com a boneca Kam\u00e9lia durante entrega simb\u00f3lica da chave da cidade para a abertura do per\u00edodo carnavalesco em Manaus"},{"@type":"BreadcrumbList","@id":"https:\/\/www.manaus.am.gov.br\/manauscult\/carnaval-2026-chegada-kamelia\/#breadcrumb","itemListElement":[{"@type":"ListItem","position":1,"name":"Home","item":"https:\/\/www.manaus.am.gov.br\/manauscult\/"},{"@type":"ListItem","position":2,"name":"Carnaval 2026 \u00e9 oficialmente aberto em Manaus com a tradicional chegada da Kam\u00e9lia"}]},{"@type":"WebSite","@id":"https:\/\/www.manaus.am.gov.br\/manauscult\/#website","url":"https:\/\/www.manaus.am.gov.br\/manauscult\/","name":"MANAUSCULT","description":"Prefeitura de Manaus","potentialAction":[{"@type":"SearchAction","target":{"@type":"EntryPoint","urlTemplate":"https:\/\/www.manaus.am.gov.br\/manauscult\/?s={search_term_string}"},"query-input":"required name=search_term_string"}],"inLanguage":"pt-BR"},{"@type":"Person","@id":"https:\/\/www.manaus.am.gov.br\/manauscult\/#\/schema\/person\/05d223aea2bf115f9883a6ff3683d81b","name":"Bruna Greco","image":{"@type":"ImageObject","inLanguage":"pt-BR","@id":"https:\/\/www.manaus.am.gov.br\/manauscult\/#\/schema\/person\/image\/","url":"https:\/\/secure.gravatar.com\/avatar\/9c877d1a6adc2a055330e5c09a8653ce?s=96&d=mm&r=g","contentUrl":"https:\/\/secure.gravatar.com\/avatar\/9c877d1a6adc2a055330e5c09a8653ce?s=96&d=mm&r=g","caption":"Bruna Greco"}}]}},"_links":{"self":[{"href":"https:\/\/www.manaus.am.gov.br\/manauscult\/wp-json\/wp\/v2\/posts\/5158"}],"collection":[{"href":"https:\/\/www.manaus.am.gov.br\/manauscult\/wp-json\/wp\/v2\/posts"}],"about":[{"href":"https:\/\/www.manaus.am.gov.br\/manauscult\/wp-json\/wp\/v2\/types\/post"}],"author":[{"embeddable":true,"href":"https:\/\/www.manaus.am.gov.br\/manauscult\/wp-json\/wp\/v2\/users\/39"}],"replies":[{"embeddable":true,"href":"https:\/\/www.manaus.am.gov.br\/manauscult\/wp-json\/wp\/v2\/comments?post=5158"}],"version-history":[{"count":0,"href":"https:\/\/www.manaus.am.gov.br\/manauscult\/wp-json\/wp\/v2\/posts\/5158\/revisions"}],"wp:featuredmedia":[{"embeddable":true,"href":"https:\/\/www.manaus.am.gov.br\/manauscult\/wp-json\/wp\/v2\/media\/5159"}],"wp:attachment":[{"href":"https:\/\/www.manaus.am.gov.br\/manauscult\/wp-json\/wp\/v2\/media?parent=5158"}],"wp:term":[{"taxonomy":"category","embeddable":true,"href":"https:\/\/www.manaus.am.gov.br\/manauscult\/wp-json\/wp\/v2\/categories?post=5158"},{"taxonomy":"post_tag","embeddable":true,"href":"https:\/\/www.manaus.am.gov.br\/manauscult\/wp-json\/wp\/v2\/tags?post=5158"}],"curies":[{"name":"wp","href":"https:\/\/api.w.org\/{rel}","templated":true}]}}