{"id":5129,"date":"2025-12-31T15:15:17","date_gmt":"2025-12-31T19:15:17","guid":{"rendered":"https:\/\/www.manaus.am.gov.br\/manauscult\/manauscult-2025-balanco-historico\/"},"modified":"2025-12-31T15:23:18","modified_gmt":"2025-12-31T19:23:18","slug":"manauscult-2025-balanco-historico","status":"publish","type":"post","link":"https:\/\/www.manaus.am.gov.br\/manauscult\/manauscult-2025-balanco-historico\/","title":{"rendered":"ManausCult encerra 2025 com balan\u00e7o hist\u00f3rico de valoriza\u00e7\u00e3o cultural, forma\u00e7\u00e3o art\u00edstica e fortalecimento do turismo"},"content":{"rendered":"\n<p>Este ano se consolida como um dos mais marcantes da pol\u00edtica cultural da capital amazonense. Sob a condu\u00e7\u00e3o da Prefeitura de Manaus, por meio da Funda\u00e7\u00e3o Municipal de Cultura, Turismo e Eventos (ManausCult), a cidade viveu uma agenda intensa, democr\u00e1tica e estruturada de a\u00e7\u00f5es que fortaleceram a identidade cultural, impulsionaram a economia criativa, qualificaram artistas e projetaram Manaus como um dos principais polos culturais e tur\u00edsticos do pa\u00eds.<\/p>\n\n\n\n<p><br>Os n\u00fameros expressam a dimens\u00e3o desse trabalho: mais de 10 mil artistas passaram pelos palcos da ManausCult ao longo do ano, mais de 200 profissionais foram formados pelo Programa Municipal de Forma\u00e7\u00e3o Art\u00edstico-Cultural (Promfac) e mais de 600 eventos foram atendidos pela funda\u00e7\u00e3o neste ano, alcan\u00e7ando todas as zonas da cidade e diferentes segmentos da sociedade.<\/p>\n\n\n\n<p><br>Para o diretor-presidente da ManausCult, Jender Lobato, os dados revelam uma pol\u00edtica p\u00fablica estruturada e comprometida com quem faz a cultura acontecer. \u201cEstamos falando de um trabalho s\u00e9rio, cont\u00ednuo e respons\u00e1vel, que coloca o artista da terra no centro da pol\u00edtica cultural e entende a cultura como ferramenta de desenvolvimento social, econ\u00f4mico e tur\u00edstico para a cidade\u201d, afirma.<\/p>\n\n\n\n<p><br>O calend\u00e1rio iniciou com um marco hist\u00f3rico para o Carnaval de Manaus. Neste ano, a ManausCult destinou mais de R$ 2,5 milh\u00f5es exclusivamente \u00e0s escolas de samba, no maior fomento antecipado j\u00e1 realizado, permitindo investimentos robustos em infraestrutura, figurinos, alegorias e na valoriza\u00e7\u00e3o dos profissionais que comp\u00f5em a cadeia produtiva do carnaval, al\u00e9m do fortalecimento das bandas e blocos nos bairros, que tamb\u00e9m receberam todo apoio estrutural.<\/p>\n\n\n\n<p><br>A valoriza\u00e7\u00e3o do artista da terra foi refor\u00e7ada ao longo de todo o ano com a\u00e7\u00f5es de forma\u00e7\u00e3o e qualifica\u00e7\u00e3o profissional, especialmente por meio da parceria com o Promfac, que formou mais de 200 artistas, ofertando cursos e oficinas em \u00e1reas como produ\u00e7\u00e3o cultural, cenografia, elabora\u00e7\u00e3o de projetos e capta\u00e7\u00e3o de recursos, ampliando oportunidades e profissionalizando o setor cultural da cidade.<\/p>\n\n\n\n<p><br>As tradi\u00e7\u00f5es populares mantiveram papel central na pol\u00edtica cultural da gest\u00e3o, com o apoio aos Festivais Folcl\u00f3ricos dos Bairros e \u00e0 realiza\u00e7\u00e3o do 67\u00ba Festival Folcl\u00f3rico do Amazonas, que recebeu mais de 100 mil pessoas no Centro Cultural dos Povos da Amaz\u00f4nia (CCPA), durante 15 dias de festival e que contou com incentivo direto \u00e0s categorias Bronze e Prata, al\u00e9m de fomento antecipado, no valor total de R$ 858 mil para as associa\u00e7\u00f5es dos bois-bumb\u00e1 de Manaus, onde cada boi recebeu R$ 143 mil, com mais de dois meses de anteced\u00eancia em rela\u00e7\u00e3o ao evento, um marco in\u00e9dito para os grupos, que puderam se planejar com mais tranquilidade e investir na qualidade art\u00edstica de seus espet\u00e1culos. J\u00e1 os grupos das dan\u00e7as da categoria Prata foram contemplados com R$ 19,8 mil, enquanto as dan\u00e7as da categoria Bronze receberam R$ 8,8 mil. Os recursos foram aplicados diretamente na produ\u00e7\u00e3o de figurinos, adere\u00e7os, ensaios e demais itens que comp\u00f5em as apresenta\u00e7\u00f5es.<\/p>\n\n\n\n<p><br>Outro destaque foi o projeto Arte Pela Cidade, que transformou a rotina urbana em um grande palco a c\u00e9u aberto, levando m\u00fasica, teatro, dan\u00e7a e interven\u00e7\u00f5es art\u00edsticas para pra\u00e7as, feiras, terminais e espa\u00e7os p\u00fablicos. A a\u00e7\u00e3o, realizada de maio a novembro, contemplou cerca de 500 artistas locais, aproximando a popula\u00e7\u00e3o da arte e fortalecendo o sentimento de pertencimento.<\/p>\n\n\n\n<p><br><strong>Valoriza\u00e7\u00e3o da mem\u00f3ria, museus e forma\u00e7\u00e3o cultural<\/strong><\/p>\n\n\n\n<p><strong><br><\/strong>Nos espa\u00e7os culturais da prefeitura, a mem\u00f3ria manauara foi amplamente valorizada ao longo de 2025, por meio de eventos que celebraram a forma\u00e7\u00e3o social e cultural da cidade. Foram realizados semin\u00e1rios, palestras, dan\u00e7as, oficinas e atividades musicais envolvendo as contribui\u00e7\u00f5es dos povos ind\u00edgenas, pretos, brancos, nordestinos e demais matrizes culturais, especialmente durante a Semana de Museus e a Primavera de Museus.<\/p>\n\n\n\n<p><br>Nesse per\u00edodo, equipamentos como o Museu da Cidade de Manaus (Muma), a biblioteca municipal Jo\u00e3o Bosco Evangelista e o Centro Cultural \u00d3scar Ramos acolheram estudantes do ensino fundamental, m\u00e9dio e universit\u00e1rio, promovendo di\u00e1logo, reflex\u00e3o e fortalecimento da identidade cultural e das ra\u00edzes hist\u00f3ricas da popula\u00e7\u00e3o.<\/p>\n\n\n\n<p><br>O Muma tamb\u00e9m se destacou ao sediar in\u00fameras exposi\u00e7\u00f5es de Artes e Ci\u00eancias, incentivando e valorizando tanto talentos iniciantes quanto artistas j\u00e1 consagrados, proporcionando conhecimento, entretenimento e experi\u00eancias culturais para p\u00fablicos de todas as idades, em a\u00e7\u00f5es como o projeto \u201cUma Tarde no Museu\u201d. Ao longo deste ano, os espa\u00e7os culturais administrados pela ManausCult registraram a visita\u00e7\u00e3o de mais de 24 mil pessoas, entre crian\u00e7as, jovens e adultos.<\/p>\n\n\n\n<p><br><strong>Grandes eventos e fortalecimento da economia criativa<\/strong><\/p>\n\n\n\n<p><br>No segundo semestre, a cidade viveu momentos emblem\u00e1ticos. Em setembro, o #SouManaus Passo a Pa\u00e7o 2025 celebrou seus 10 anos de hist\u00f3ria com recorde de p\u00fablico e impacto econ\u00f4mico superior a R$ 150 milh\u00f5es, se reafirmando como o maior festival gratuito de artes integradas do Brasil. Foram 17 palcos, mais de 3 mil artistas, ocupando 63 mil metros quadrados do centro hist\u00f3rico, em uma verdadeira imers\u00e3o na for\u00e7a criativa da Amaz\u00f4nia.<\/p>\n\n\n\n<p><br>O anivers\u00e1rio de Manaus, que celebrou os 356 anos da capital no dia 24 de outubro, reuniu multid\u00f5es na alameda Alphaville e na Ponta Negra, com programa\u00e7\u00e3o cultural diversa, shows de artistas regionais e nacionais e a tradicional celebra\u00e7\u00e3o gospel, fortalecendo a identidade, a economia criativa e o sentimento de pertencimento da popula\u00e7\u00e3o.<br><br>Em outubro, o Boi Manaus 2025 tamb\u00e9m transformou o centro hist\u00f3rico e o samb\u00f3dromo em grandes palcos da cultura popular, com programa\u00e7\u00e3o ao longo de todo o m\u00eas, incluindo a Feirinha do Tururi realizada do mirante L\u00facia Almeida, o Boizinho Manaus, o Esquenta do Boi e as duas noites oficiais de festa, realizada no Samb\u00f3dromo, e que contou com a apresenta\u00e7\u00e3o de v\u00e1rios artistas da terra, al\u00e9m da apresenta\u00e7\u00e3o completa dos itens oficiais dos bois Garantido e Caprichoso, juntamente com o bois de Manaus. Foram 15 dias direto de evento, onde mais de 200 mil pessoas se fizeram presentes, consolidando o evento como um dos maiores encontros culturais da regi\u00e3o.<br><br><strong>Avan\u00e7os no turismo e proje\u00e7\u00e3o internacional<\/strong><\/p>\n\n\n\n<p>No campo do turismo, a ManausCult ampliou a promo\u00e7\u00e3o do destino em feiras nacionais e internacionais, fortaleceu a recep\u00e7\u00e3o de visitantes, valorizou a gastronomia regional e contribuiu para a consolida\u00e7\u00e3o de novos atrativos estruturantes, como o parque Gigantes da Floresta, o p\u00eder Manaus 355 e o mirante L\u00facia Almeida, ampliando o portf\u00f3lio tur\u00edstico e fortalecendo a circula\u00e7\u00e3o de visitantes na cidade.<\/p>\n\n\n\n<p><br>A funda\u00e7\u00e3o tamb\u00e9m desenvolveu programas de capacita\u00e7\u00e3o em turismo comunit\u00e1rio, como o projeto Viv\u00eancias Amaz\u00f4nicas, que qualificou moradores para atuarem no acolhimento de visitantes, al\u00e9m de atuar na recep\u00e7\u00e3o de cruzeiros, na promo\u00e7\u00e3o da gastronomia local e na candidatura de Manaus ao Selo de Cidade Criativa da Unesco, ampliando a proje\u00e7\u00e3o da capital amazonense no cen\u00e1rio nacional e internacional.<br><br><strong>A\u00e7\u00f5es para 2026<\/strong><\/p>\n\n\n\n<p><br>Ao final de um ano marcado por entregas concretas, a ManausCult encerra se consolidando como uma das principais engrenagens do desenvolvimento cultural, tur\u00edstico, social e econ\u00f4mico de Manaus.<\/p>\n\n\n\n<p><br>Para 2026, a proje\u00e7\u00e3o \u00e9 de ainda mais avan\u00e7os. \u201cEstamos preparando um Plano de A\u00e7\u00e3o de Cultura, Turismo e Eventos ainda mais intenso para 2026, com novas estrat\u00e9gias, mais investimentos e um olhar cada vez mais atento \u00e0 valoriza\u00e7\u00e3o do artista da terra. Nosso compromisso \u00e9 continuar fortalecendo quem faz cultura, promovendo a cidade e construindo oportunidades reais para a popula\u00e7\u00e3o\u201d, destacou o diretor-presidente Jender Lobato.<\/p>\n\n\n\n<p><br>Encerrando este ciclo hist\u00f3rico, a Manauscult prepara para virar o ano o maior evento j\u00e1 realizado na capital: o \u201cR\u00e9veillon 2026 \u2013 O encontro da nossa gente\u201d, que ser\u00e1 descentralizado em tr\u00eas grandes pontos da cidade, promovendo acesso, inclus\u00e3o e democratiza\u00e7\u00e3o da festa. A expectativa \u00e9 de reunir mais de 300 mil pessoas circulantes ao todo, com uma programa\u00e7\u00e3o diversa, estrutura grandiosa, atra\u00e7\u00f5es locais e nacionais e a realiza\u00e7\u00e3o do \u201cR\u00e9veillon Gospel\u201d, fortalecendo o car\u00e1ter plural, cultural e social do evento e consolidando Manaus como refer\u00eancia em grandes celebra\u00e7\u00f5es populares.<\/p>\n\n\n\n<figure class=\"wp-block-image size-large\"><img loading=\"lazy\" decoding=\"async\" width=\"1024\" height=\"664\" src=\"https:\/\/www.manaus.am.gov.br\/manauscult\/wp-content\/uploads\/sites\/11\/2025\/12\/ManausCult-2-1024x664.jpeg\" alt=\"\" class=\"wp-image-5130\" srcset=\"https:\/\/www.manaus.am.gov.br\/manauscult\/wp-content\/uploads\/sites\/11\/2025\/12\/ManausCult-2-1024x664.jpeg 1024w, https:\/\/www.manaus.am.gov.br\/manauscult\/wp-content\/uploads\/sites\/11\/2025\/12\/ManausCult-2-300x194.jpeg 300w, https:\/\/www.manaus.am.gov.br\/manauscult\/wp-content\/uploads\/sites\/11\/2025\/12\/ManausCult-2-768x498.jpeg 768w, https:\/\/www.manaus.am.gov.br\/manauscult\/wp-content\/uploads\/sites\/11\/2025\/12\/ManausCult-2.jpeg 1242w\" sizes=\"(max-width: 1024px) 100vw, 1024px\" \/><figcaption class=\"wp-element-caption\">#paratodosverem &#8211; Equipe da ManausCult em reuni\u00e3o<\/figcaption><\/figure>\n\n\n\n<p>&#8212; &#8212; &#8212;<\/p>\n\n\n\n<p><strong>Texto &#8211;<\/strong> J\u00e9ssica Trajano\/ManausCult<\/p>\n\n\n\n<p><strong>Fotos<\/strong> &#8211; Thelson Souza\/ManausCult<\/p>\n","protected":false},"excerpt":{"rendered":"","protected":false},"author":39,"featured_media":5131,"comment_status":"closed","ping_status":"closed","sticky":false,"template":"","format":"standard","meta":{"footnotes":""},"categories":[1814],"tags":[1815,1816,1817,9,11,1818],"acf":[],"yoast_head":"<!-- This site is optimized with the Yoast SEO plugin v23.0 - https:\/\/yoast.com\/wordpress\/plugins\/seo\/ -->\n<title>ManausCult encerra 2025 com balan\u00e7o hist\u00f3rico de valoriza\u00e7\u00e3o cultural, forma\u00e7\u00e3o art\u00edstica e fortalecimento do turismo<\/title>\n<meta name=\"description\" content=\"ManausCult encerra 2025 com balan\u00e7o hist\u00f3rico de valoriza\u00e7\u00e3o cultural, forma\u00e7\u00e3o art\u00edstica e fortalecimento do turismo.\" \/>\n<meta name=\"robots\" content=\"noindex, follow\" \/>\n<meta property=\"og:locale\" content=\"pt_BR\" \/>\n<meta property=\"og:type\" content=\"article\" \/>\n<meta property=\"og:title\" content=\"ManausCult encerra 2025 com balan\u00e7o hist\u00f3rico de valoriza\u00e7\u00e3o cultural, forma\u00e7\u00e3o art\u00edstica e fortalecimento do turismo\" \/>\n<meta property=\"og:description\" content=\"ManausCult encerra 2025 com balan\u00e7o hist\u00f3rico de valoriza\u00e7\u00e3o cultural, forma\u00e7\u00e3o art\u00edstica e fortalecimento do turismo.\" \/>\n<meta property=\"og:url\" content=\"https:\/\/www.manaus.am.gov.br\/manauscult\/manauscult-2025-balanco-historico\/\" \/>\n<meta property=\"og:site_name\" content=\"MANAUSCULT\" \/>\n<meta property=\"article:published_time\" content=\"2025-12-31T19:15:17+00:00\" \/>\n<meta property=\"article:modified_time\" content=\"2025-12-31T19:23:18+00:00\" \/>\n<meta property=\"og:image\" content=\"https:\/\/www.manaus.am.gov.br\/manauscult\/wp-content\/uploads\/sites\/11\/2025\/12\/ManausCult-1.jpeg\" \/>\n\t<meta property=\"og:image:width\" content=\"1242\" \/>\n\t<meta property=\"og:image:height\" content=\"823\" \/>\n\t<meta property=\"og:image:type\" content=\"image\/jpeg\" \/>\n<meta name=\"author\" content=\"Bruna Greco\" \/>\n<meta name=\"twitter:card\" content=\"summary_large_image\" \/>\n<meta name=\"twitter:label1\" content=\"Written by\" \/>\n\t<meta name=\"twitter:data1\" content=\"Bruna Greco\" \/>\n\t<meta name=\"twitter:label2\" content=\"Est. reading time\" \/>\n\t<meta name=\"twitter:data2\" content=\"8 minutos\" \/>\n<script type=\"application\/ld+json\" class=\"yoast-schema-graph\">{\"@context\":\"https:\/\/schema.org\",\"@graph\":[{\"@type\":\"WebPage\",\"@id\":\"https:\/\/www.manaus.am.gov.br\/manauscult\/manauscult-2025-balanco-historico\/\",\"url\":\"https:\/\/www.manaus.am.gov.br\/manauscult\/manauscult-2025-balanco-historico\/\",\"name\":\"ManausCult encerra 2025 com balan\u00e7o hist\u00f3rico de valoriza\u00e7\u00e3o cultural, forma\u00e7\u00e3o art\u00edstica e fortalecimento do turismo\",\"isPartOf\":{\"@id\":\"https:\/\/www.manaus.am.gov.br\/manauscult\/#website\"},\"primaryImageOfPage\":{\"@id\":\"https:\/\/www.manaus.am.gov.br\/manauscult\/manauscult-2025-balanco-historico\/#primaryimage\"},\"image\":{\"@id\":\"https:\/\/www.manaus.am.gov.br\/manauscult\/manauscult-2025-balanco-historico\/#primaryimage\"},\"thumbnailUrl\":\"https:\/\/www.manaus.am.gov.br\/manauscult\/wp-content\/uploads\/sites\/11\/2025\/12\/ManausCult-1.jpeg\",\"datePublished\":\"2025-12-31T19:15:17+00:00\",\"dateModified\":\"2025-12-31T19:23:18+00:00\",\"author\":{\"@id\":\"https:\/\/www.manaus.am.gov.br\/manauscult\/#\/schema\/person\/05d223aea2bf115f9883a6ff3683d81b\"},\"description\":\"ManausCult encerra 2025 com balan\u00e7o hist\u00f3rico de valoriza\u00e7\u00e3o cultural, forma\u00e7\u00e3o art\u00edstica e fortalecimento do turismo.\",\"breadcrumb\":{\"@id\":\"https:\/\/www.manaus.am.gov.br\/manauscult\/manauscult-2025-balanco-historico\/#breadcrumb\"},\"inLanguage\":\"pt-BR\",\"potentialAction\":[{\"@type\":\"ReadAction\",\"target\":[\"https:\/\/www.manaus.am.gov.br\/manauscult\/manauscult-2025-balanco-historico\/\"]}]},{\"@type\":\"ImageObject\",\"inLanguage\":\"pt-BR\",\"@id\":\"https:\/\/www.manaus.am.gov.br\/manauscult\/manauscult-2025-balanco-historico\/#primaryimage\",\"url\":\"https:\/\/www.manaus.am.gov.br\/manauscult\/wp-content\/uploads\/sites\/11\/2025\/12\/ManausCult-1.jpeg\",\"contentUrl\":\"https:\/\/www.manaus.am.gov.br\/manauscult\/wp-content\/uploads\/sites\/11\/2025\/12\/ManausCult-1.jpeg\",\"width\":1242,\"height\":823,\"caption\":\"#paratodosverem - Diretor-presidente da ManausCult, Jender Lobato, com equipe, durante reuni\u00e3o de alinhamento\"},{\"@type\":\"BreadcrumbList\",\"@id\":\"https:\/\/www.manaus.am.gov.br\/manauscult\/manauscult-2025-balanco-historico\/#breadcrumb\",\"itemListElement\":[{\"@type\":\"ListItem\",\"position\":1,\"name\":\"Home\",\"item\":\"https:\/\/www.manaus.am.gov.br\/manauscult\/\"},{\"@type\":\"ListItem\",\"position\":2,\"name\":\"ManausCult encerra 2025 com balan\u00e7o hist\u00f3rico de valoriza\u00e7\u00e3o cultural, forma\u00e7\u00e3o art\u00edstica e fortalecimento do turismo\"}]},{\"@type\":\"WebSite\",\"@id\":\"https:\/\/www.manaus.am.gov.br\/manauscult\/#website\",\"url\":\"https:\/\/www.manaus.am.gov.br\/manauscult\/\",\"name\":\"MANAUSCULT\",\"description\":\"Prefeitura de Manaus\",\"potentialAction\":[{\"@type\":\"SearchAction\",\"target\":{\"@type\":\"EntryPoint\",\"urlTemplate\":\"https:\/\/www.manaus.am.gov.br\/manauscult\/?s={search_term_string}\"},\"query-input\":\"required name=search_term_string\"}],\"inLanguage\":\"pt-BR\"},{\"@type\":\"Person\",\"@id\":\"https:\/\/www.manaus.am.gov.br\/manauscult\/#\/schema\/person\/05d223aea2bf115f9883a6ff3683d81b\",\"name\":\"Bruna Greco\",\"image\":{\"@type\":\"ImageObject\",\"inLanguage\":\"pt-BR\",\"@id\":\"https:\/\/www.manaus.am.gov.br\/manauscult\/#\/schema\/person\/image\/\",\"url\":\"https:\/\/secure.gravatar.com\/avatar\/9c877d1a6adc2a055330e5c09a8653ce?s=96&d=mm&r=g\",\"contentUrl\":\"https:\/\/secure.gravatar.com\/avatar\/9c877d1a6adc2a055330e5c09a8653ce?s=96&d=mm&r=g\",\"caption\":\"Bruna Greco\"}}]}<\/script>\n<!-- \/ Yoast SEO plugin. -->","yoast_head_json":{"title":"ManausCult encerra 2025 com balan\u00e7o hist\u00f3rico de valoriza\u00e7\u00e3o cultural, forma\u00e7\u00e3o art\u00edstica e fortalecimento do turismo","description":"ManausCult encerra 2025 com balan\u00e7o hist\u00f3rico de valoriza\u00e7\u00e3o cultural, forma\u00e7\u00e3o art\u00edstica e fortalecimento do turismo.","robots":{"index":"noindex","follow":"follow"},"og_locale":"pt_BR","og_type":"article","og_title":"ManausCult encerra 2025 com balan\u00e7o hist\u00f3rico de valoriza\u00e7\u00e3o cultural, forma\u00e7\u00e3o art\u00edstica e fortalecimento do turismo","og_description":"ManausCult encerra 2025 com balan\u00e7o hist\u00f3rico de valoriza\u00e7\u00e3o cultural, forma\u00e7\u00e3o art\u00edstica e fortalecimento do turismo.","og_url":"https:\/\/www.manaus.am.gov.br\/manauscult\/manauscult-2025-balanco-historico\/","og_site_name":"MANAUSCULT","article_published_time":"2025-12-31T19:15:17+00:00","article_modified_time":"2025-12-31T19:23:18+00:00","og_image":[{"width":1242,"height":823,"url":"https:\/\/www.manaus.am.gov.br\/manauscult\/wp-content\/uploads\/sites\/11\/2025\/12\/ManausCult-1.jpeg","type":"image\/jpeg"}],"author":"Bruna Greco","twitter_card":"summary_large_image","twitter_misc":{"Written by":"Bruna Greco","Est. reading time":"8 minutos"},"schema":{"@context":"https:\/\/schema.org","@graph":[{"@type":"WebPage","@id":"https:\/\/www.manaus.am.gov.br\/manauscult\/manauscult-2025-balanco-historico\/","url":"https:\/\/www.manaus.am.gov.br\/manauscult\/manauscult-2025-balanco-historico\/","name":"ManausCult encerra 2025 com balan\u00e7o hist\u00f3rico de valoriza\u00e7\u00e3o cultural, forma\u00e7\u00e3o art\u00edstica e fortalecimento do turismo","isPartOf":{"@id":"https:\/\/www.manaus.am.gov.br\/manauscult\/#website"},"primaryImageOfPage":{"@id":"https:\/\/www.manaus.am.gov.br\/manauscult\/manauscult-2025-balanco-historico\/#primaryimage"},"image":{"@id":"https:\/\/www.manaus.am.gov.br\/manauscult\/manauscult-2025-balanco-historico\/#primaryimage"},"thumbnailUrl":"https:\/\/www.manaus.am.gov.br\/manauscult\/wp-content\/uploads\/sites\/11\/2025\/12\/ManausCult-1.jpeg","datePublished":"2025-12-31T19:15:17+00:00","dateModified":"2025-12-31T19:23:18+00:00","author":{"@id":"https:\/\/www.manaus.am.gov.br\/manauscult\/#\/schema\/person\/05d223aea2bf115f9883a6ff3683d81b"},"description":"ManausCult encerra 2025 com balan\u00e7o hist\u00f3rico de valoriza\u00e7\u00e3o cultural, forma\u00e7\u00e3o art\u00edstica e fortalecimento do turismo.","breadcrumb":{"@id":"https:\/\/www.manaus.am.gov.br\/manauscult\/manauscult-2025-balanco-historico\/#breadcrumb"},"inLanguage":"pt-BR","potentialAction":[{"@type":"ReadAction","target":["https:\/\/www.manaus.am.gov.br\/manauscult\/manauscult-2025-balanco-historico\/"]}]},{"@type":"ImageObject","inLanguage":"pt-BR","@id":"https:\/\/www.manaus.am.gov.br\/manauscult\/manauscult-2025-balanco-historico\/#primaryimage","url":"https:\/\/www.manaus.am.gov.br\/manauscult\/wp-content\/uploads\/sites\/11\/2025\/12\/ManausCult-1.jpeg","contentUrl":"https:\/\/www.manaus.am.gov.br\/manauscult\/wp-content\/uploads\/sites\/11\/2025\/12\/ManausCult-1.jpeg","width":1242,"height":823,"caption":"#paratodosverem - Diretor-presidente da ManausCult, Jender Lobato, com equipe, durante reuni\u00e3o de alinhamento"},{"@type":"BreadcrumbList","@id":"https:\/\/www.manaus.am.gov.br\/manauscult\/manauscult-2025-balanco-historico\/#breadcrumb","itemListElement":[{"@type":"ListItem","position":1,"name":"Home","item":"https:\/\/www.manaus.am.gov.br\/manauscult\/"},{"@type":"ListItem","position":2,"name":"ManausCult encerra 2025 com balan\u00e7o hist\u00f3rico de valoriza\u00e7\u00e3o cultural, forma\u00e7\u00e3o art\u00edstica e fortalecimento do turismo"}]},{"@type":"WebSite","@id":"https:\/\/www.manaus.am.gov.br\/manauscult\/#website","url":"https:\/\/www.manaus.am.gov.br\/manauscult\/","name":"MANAUSCULT","description":"Prefeitura de Manaus","potentialAction":[{"@type":"SearchAction","target":{"@type":"EntryPoint","urlTemplate":"https:\/\/www.manaus.am.gov.br\/manauscult\/?s={search_term_string}"},"query-input":"required name=search_term_string"}],"inLanguage":"pt-BR"},{"@type":"Person","@id":"https:\/\/www.manaus.am.gov.br\/manauscult\/#\/schema\/person\/05d223aea2bf115f9883a6ff3683d81b","name":"Bruna Greco","image":{"@type":"ImageObject","inLanguage":"pt-BR","@id":"https:\/\/www.manaus.am.gov.br\/manauscult\/#\/schema\/person\/image\/","url":"https:\/\/secure.gravatar.com\/avatar\/9c877d1a6adc2a055330e5c09a8653ce?s=96&d=mm&r=g","contentUrl":"https:\/\/secure.gravatar.com\/avatar\/9c877d1a6adc2a055330e5c09a8653ce?s=96&d=mm&r=g","caption":"Bruna Greco"}}]}},"_links":{"self":[{"href":"https:\/\/www.manaus.am.gov.br\/manauscult\/wp-json\/wp\/v2\/posts\/5129"}],"collection":[{"href":"https:\/\/www.manaus.am.gov.br\/manauscult\/wp-json\/wp\/v2\/posts"}],"about":[{"href":"https:\/\/www.manaus.am.gov.br\/manauscult\/wp-json\/wp\/v2\/types\/post"}],"author":[{"embeddable":true,"href":"https:\/\/www.manaus.am.gov.br\/manauscult\/wp-json\/wp\/v2\/users\/39"}],"replies":[{"embeddable":true,"href":"https:\/\/www.manaus.am.gov.br\/manauscult\/wp-json\/wp\/v2\/comments?post=5129"}],"version-history":[{"count":5,"href":"https:\/\/www.manaus.am.gov.br\/manauscult\/wp-json\/wp\/v2\/posts\/5129\/revisions"}],"predecessor-version":[{"id":5136,"href":"https:\/\/www.manaus.am.gov.br\/manauscult\/wp-json\/wp\/v2\/posts\/5129\/revisions\/5136"}],"wp:featuredmedia":[{"embeddable":true,"href":"https:\/\/www.manaus.am.gov.br\/manauscult\/wp-json\/wp\/v2\/media\/5131"}],"wp:attachment":[{"href":"https:\/\/www.manaus.am.gov.br\/manauscult\/wp-json\/wp\/v2\/media?parent=5129"}],"wp:term":[{"taxonomy":"category","embeddable":true,"href":"https:\/\/www.manaus.am.gov.br\/manauscult\/wp-json\/wp\/v2\/categories?post=5129"},{"taxonomy":"post_tag","embeddable":true,"href":"https:\/\/www.manaus.am.gov.br\/manauscult\/wp-json\/wp\/v2\/tags?post=5129"}],"curies":[{"name":"wp","href":"https:\/\/api.w.org\/{rel}","templated":true}]}}