{"id":5088,"date":"2025-12-11T10:29:21","date_gmt":"2025-12-11T14:29:21","guid":{"rendered":"https:\/\/www.manaus.am.gov.br\/manauscult\/prefeitura-manauscult-producaodeventos-carnaval\/"},"modified":"2025-12-11T10:29:23","modified_gmt":"2025-12-11T14:29:23","slug":"prefeitura-manauscult-producaodeventos-carnaval","status":"publish","type":"post","link":"https:\/\/www.manaus.am.gov.br\/manauscult\/prefeitura-manauscult-producaodeventos-carnaval\/","title":{"rendered":"Prefeitura de Manaus encerra oficina sobre produ\u00e7\u00e3o de eventos de rua voltados ao Carnaval"},"content":{"rendered":"\n<p>A Prefeitura de Manaus, por meio da Funda\u00e7\u00e3o Municipal de Cultura, Turismo e Eventos (ManausCult), concluiu, na quarta-feira, 10\/12, a oficina \u201cProdu\u00e7\u00e3o de Eventos de Rua para Bandas e Blocos de Carnaval e Aspectos Burocr\u00e1ticos\u201d, realizada no audit\u00f3rio do mirante L\u00facia Almeida, no centro hist\u00f3rico.<\/p>\n\n\n\n<p>A forma\u00e7\u00e3o reuniu produtores culturais, fazedores de cultura e interessados em compreender, de forma pr\u00e1tica, a organiza\u00e7\u00e3o de eventos p\u00fablicos em vias abertas, um conhecimento essencial \u00e0s v\u00e9speras do per\u00edodo carnavalesco na capital.<br><br>Com dois dias de atividades, a oficina abordou normativas municipais, documenta\u00e7\u00e3o obrigat\u00f3ria, etapas de planejamento, estrutura necess\u00e1ria e ferramentas que asseguram a realiza\u00e7\u00e3o segura, criativa e organizada de eventos de rua. A proximidade com o calend\u00e1rio do Carnaval refor\u00e7ou a import\u00e2ncia do curso, que ofereceu aos participantes a oportunidade de aprimorar suas pr\u00e1ticas a tempo de aplicar o aprendizado na organiza\u00e7\u00e3o de bandas, blocos e diversas manifesta\u00e7\u00f5es culturais que movimentam a cidade.<br><br>O diretor-presidente da ManausCult, Jender Lobato, destacou o compromisso cont\u00ednuo da institui\u00e7\u00e3o com a qualifica\u00e7\u00e3o do setor cultural. \u201cEstimular a forma\u00e7\u00e3o \u00e9 fortalecer a nossa cultura. Cursos como este ampliam a capacidade t\u00e9cnica dos produtores, garantem eventos mais seguros e valorizam o trabalho de quem faz a cidade pulsar, especialmente durante o Carnaval, que \u00e9 uma das festas mais representativas para Manaus\u201d, afirmou.<br><br>A oficina foi ministrada por Roberto Fernandes, produtor cultural e pesquisador em educa\u00e7\u00e3o e cultura, cuja trajet\u00f3ria \u00e9 marcada pela atua\u00e7\u00e3o em projetos culturais, sociais e educacionais. Com ampla experi\u00eancia na produ\u00e7\u00e3o executiva e na capacita\u00e7\u00e3o de profissionais, Roberto conduziu o grupo por conte\u00fados fundamentais para quem atua com eventos de rua e precisa dominar tanto o planejamento criativo quanto as exig\u00eancias burocr\u00e1ticas exigidas pelo poder p\u00fablico.<br><br>Entre os participantes, o produtor cultural S\u00e9rgio Geraldo avaliou positivamente a experi\u00eancia e agradeceu pela oportunidade. \u201cCom esse curso oferecido pela ManausCult, posso expandir mais o meu servi\u00e7o. Tamb\u00e9m nos instruiu sobre a legisla\u00e7\u00e3o, ou seja, agora me sinto melhor preparado, de forma t\u00e9cnica, para produzir meus eventos de rua pr\u00f3ximos a minha comunidade\u201d, destacou.<br><br>A iniciativa integra o Programa Municipal de Forma\u00e7\u00e3o Art\u00edstico-Cultural (Promfac), que reafirma de forma conjunta o compromisso da Prefeitura de Manaus em proporcionar capacita\u00e7\u00e3o cont\u00ednua, fortalecer o ecossistema cultural e apoiar profissionais que fazem da cidade um territ\u00f3rio vibrante e criativo.<\/p>\n\n\n\n<p>&#8212; &#8212; &#8212;<\/p>\n\n\n\n<p><strong>Texto<\/strong>&nbsp;&#8211; J\u00e9ssica Trajano\/ManausCult<\/p>\n\n\n\n<p><strong>Fotos<\/strong>&nbsp;&#8211; Thelson Souza\/ManausCult<\/p>\n","protected":false},"excerpt":{"rendered":"","protected":false},"author":23,"featured_media":5089,"comment_status":"closed","ping_status":"closed","sticky":false,"template":"","format":"standard","meta":{"footnotes":""},"categories":[1270],"tags":[1243,914,9,380,11,1799],"acf":[],"yoast_head":"<!-- This site is optimized with the Yoast SEO plugin v23.0 - https:\/\/yoast.com\/wordpress\/plugins\/seo\/ -->\n<title>Prefeitura de Manaus encerra oficina sobre produ\u00e7\u00e3o de eventos de rua voltados ao Carnaval<\/title>\n<meta name=\"description\" content=\"A Prefeitura de Manaus, por meio da Funda\u00e7\u00e3o Municipal de Cultura, Turismo e Eventos (ManausCult), concluiu, na quarta-feira, 10\/12, a oficina \u201cProdu\u00e7\u00e3o de Eventos de Rua para Bandas e Blocos de Carnaval e Aspectos Burocr\u00e1ticos\u201d, realizada no audit\u00f3rio do mirante L\u00facia Almeida, no centro hist\u00f3rico.\" \/>\n<meta name=\"robots\" content=\"noindex, follow\" \/>\n<meta property=\"og:locale\" content=\"pt_BR\" \/>\n<meta property=\"og:type\" content=\"article\" \/>\n<meta property=\"og:title\" content=\"Prefeitura de Manaus encerra oficina sobre produ\u00e7\u00e3o de eventos de rua voltados ao Carnaval\" \/>\n<meta property=\"og:description\" content=\"A Prefeitura de Manaus, por meio da Funda\u00e7\u00e3o Municipal de Cultura, Turismo e Eventos (ManausCult), concluiu, na quarta-feira, 10\/12, a oficina \u201cProdu\u00e7\u00e3o de Eventos de Rua para Bandas e Blocos de Carnaval e Aspectos Burocr\u00e1ticos\u201d, realizada no audit\u00f3rio do mirante L\u00facia Almeida, no centro hist\u00f3rico.\" \/>\n<meta property=\"og:url\" content=\"https:\/\/www.manaus.am.gov.br\/manauscult\/prefeitura-manauscult-producaodeventos-carnaval\/\" \/>\n<meta property=\"og:site_name\" content=\"MANAUSCULT\" \/>\n<meta property=\"article:published_time\" content=\"2025-12-11T14:29:21+00:00\" \/>\n<meta property=\"article:modified_time\" content=\"2025-12-11T14:29:23+00:00\" \/>\n<meta property=\"og:image\" content=\"https:\/\/www.manaus.am.gov.br\/manauscult\/wp-content\/uploads\/sites\/11\/2025\/12\/e91357fa-9463-4472-ad70-c3886816faba.jpeg\" \/>\n\t<meta property=\"og:image:width\" content=\"4160\" \/>\n\t<meta property=\"og:image:height\" content=\"2774\" \/>\n\t<meta property=\"og:image:type\" content=\"image\/jpeg\" \/>\n<meta name=\"author\" content=\"Adriana Costa\" \/>\n<meta name=\"twitter:card\" content=\"summary_large_image\" \/>\n<meta name=\"twitter:label1\" content=\"Written by\" \/>\n\t<meta name=\"twitter:data1\" content=\"Adriana Costa\" \/>\n\t<meta name=\"twitter:label2\" content=\"Est. reading time\" \/>\n\t<meta name=\"twitter:data2\" content=\"3 minutos\" \/>\n<script type=\"application\/ld+json\" class=\"yoast-schema-graph\">{\"@context\":\"https:\/\/schema.org\",\"@graph\":[{\"@type\":\"WebPage\",\"@id\":\"https:\/\/www.manaus.am.gov.br\/manauscult\/prefeitura-manauscult-producaodeventos-carnaval\/\",\"url\":\"https:\/\/www.manaus.am.gov.br\/manauscult\/prefeitura-manauscult-producaodeventos-carnaval\/\",\"name\":\"Prefeitura de Manaus encerra oficina sobre produ\u00e7\u00e3o de eventos de rua voltados ao Carnaval\",\"isPartOf\":{\"@id\":\"https:\/\/www.manaus.am.gov.br\/manauscult\/#website\"},\"primaryImageOfPage\":{\"@id\":\"https:\/\/www.manaus.am.gov.br\/manauscult\/prefeitura-manauscult-producaodeventos-carnaval\/#primaryimage\"},\"image\":{\"@id\":\"https:\/\/www.manaus.am.gov.br\/manauscult\/prefeitura-manauscult-producaodeventos-carnaval\/#primaryimage\"},\"thumbnailUrl\":\"https:\/\/www.manaus.am.gov.br\/manauscult\/wp-content\/uploads\/sites\/11\/2025\/12\/e91357fa-9463-4472-ad70-c3886816faba.jpeg\",\"datePublished\":\"2025-12-11T14:29:21+00:00\",\"dateModified\":\"2025-12-11T14:29:23+00:00\",\"author\":{\"@id\":\"https:\/\/www.manaus.am.gov.br\/manauscult\/#\/schema\/person\/4e49f4e267757a06ca072ec61b2b9968\"},\"description\":\"A Prefeitura de Manaus, por meio da Funda\u00e7\u00e3o Municipal de Cultura, Turismo e Eventos (ManausCult), concluiu, na quarta-feira, 10\/12, a oficina \u201cProdu\u00e7\u00e3o de Eventos de Rua para Bandas e Blocos de Carnaval e Aspectos Burocr\u00e1ticos\u201d, realizada no audit\u00f3rio do mirante L\u00facia Almeida, no centro hist\u00f3rico.\",\"breadcrumb\":{\"@id\":\"https:\/\/www.manaus.am.gov.br\/manauscult\/prefeitura-manauscult-producaodeventos-carnaval\/#breadcrumb\"},\"inLanguage\":\"pt-BR\",\"potentialAction\":[{\"@type\":\"ReadAction\",\"target\":[\"https:\/\/www.manaus.am.gov.br\/manauscult\/prefeitura-manauscult-producaodeventos-carnaval\/\"]}]},{\"@type\":\"ImageObject\",\"inLanguage\":\"pt-BR\",\"@id\":\"https:\/\/www.manaus.am.gov.br\/manauscult\/prefeitura-manauscult-producaodeventos-carnaval\/#primaryimage\",\"url\":\"https:\/\/www.manaus.am.gov.br\/manauscult\/wp-content\/uploads\/sites\/11\/2025\/12\/e91357fa-9463-4472-ad70-c3886816faba.jpeg\",\"contentUrl\":\"https:\/\/www.manaus.am.gov.br\/manauscult\/wp-content\/uploads\/sites\/11\/2025\/12\/e91357fa-9463-4472-ad70-c3886816faba.jpeg\",\"width\":4160,\"height\":2774,\"caption\":\"#paratodosverem - Curso de forma\u00e7\u00e3o para produtores culturais, fazedores de cultura e demais interessados, em prepara\u00e7\u00e3o ao per\u00edodo carnavalesco\"},{\"@type\":\"BreadcrumbList\",\"@id\":\"https:\/\/www.manaus.am.gov.br\/manauscult\/prefeitura-manauscult-producaodeventos-carnaval\/#breadcrumb\",\"itemListElement\":[{\"@type\":\"ListItem\",\"position\":1,\"name\":\"Home\",\"item\":\"https:\/\/www.manaus.am.gov.br\/manauscult\/\"},{\"@type\":\"ListItem\",\"position\":2,\"name\":\"Prefeitura de Manaus encerra oficina sobre produ\u00e7\u00e3o de eventos de rua voltados ao Carnaval\"}]},{\"@type\":\"WebSite\",\"@id\":\"https:\/\/www.manaus.am.gov.br\/manauscult\/#website\",\"url\":\"https:\/\/www.manaus.am.gov.br\/manauscult\/\",\"name\":\"MANAUSCULT\",\"description\":\"Prefeitura de Manaus\",\"potentialAction\":[{\"@type\":\"SearchAction\",\"target\":{\"@type\":\"EntryPoint\",\"urlTemplate\":\"https:\/\/www.manaus.am.gov.br\/manauscult\/?s={search_term_string}\"},\"query-input\":\"required name=search_term_string\"}],\"inLanguage\":\"pt-BR\"},{\"@type\":\"Person\",\"@id\":\"https:\/\/www.manaus.am.gov.br\/manauscult\/#\/schema\/person\/4e49f4e267757a06ca072ec61b2b9968\",\"name\":\"Adriana Costa\",\"image\":{\"@type\":\"ImageObject\",\"inLanguage\":\"pt-BR\",\"@id\":\"https:\/\/www.manaus.am.gov.br\/manauscult\/#\/schema\/person\/image\/\",\"url\":\"https:\/\/secure.gravatar.com\/avatar\/576258617ef7194f718179e766d57bd4?s=96&d=mm&r=g\",\"contentUrl\":\"https:\/\/secure.gravatar.com\/avatar\/576258617ef7194f718179e766d57bd4?s=96&d=mm&r=g\",\"caption\":\"Adriana Costa\"}}]}<\/script>\n<!-- \/ Yoast SEO plugin. -->","yoast_head_json":{"title":"Prefeitura de Manaus encerra oficina sobre produ\u00e7\u00e3o de eventos de rua voltados ao Carnaval","description":"A Prefeitura de Manaus, por meio da Funda\u00e7\u00e3o Municipal de Cultura, Turismo e Eventos (ManausCult), concluiu, na quarta-feira, 10\/12, a oficina \u201cProdu\u00e7\u00e3o de Eventos de Rua para Bandas e Blocos de Carnaval e Aspectos Burocr\u00e1ticos\u201d, realizada no audit\u00f3rio do mirante L\u00facia Almeida, no centro hist\u00f3rico.","robots":{"index":"noindex","follow":"follow"},"og_locale":"pt_BR","og_type":"article","og_title":"Prefeitura de Manaus encerra oficina sobre produ\u00e7\u00e3o de eventos de rua voltados ao Carnaval","og_description":"A Prefeitura de Manaus, por meio da Funda\u00e7\u00e3o Municipal de Cultura, Turismo e Eventos (ManausCult), concluiu, na quarta-feira, 10\/12, a oficina \u201cProdu\u00e7\u00e3o de Eventos de Rua para Bandas e Blocos de Carnaval e Aspectos Burocr\u00e1ticos\u201d, realizada no audit\u00f3rio do mirante L\u00facia Almeida, no centro hist\u00f3rico.","og_url":"https:\/\/www.manaus.am.gov.br\/manauscult\/prefeitura-manauscult-producaodeventos-carnaval\/","og_site_name":"MANAUSCULT","article_published_time":"2025-12-11T14:29:21+00:00","article_modified_time":"2025-12-11T14:29:23+00:00","og_image":[{"width":4160,"height":2774,"url":"https:\/\/www.manaus.am.gov.br\/manauscult\/wp-content\/uploads\/sites\/11\/2025\/12\/e91357fa-9463-4472-ad70-c3886816faba.jpeg","type":"image\/jpeg"}],"author":"Adriana Costa","twitter_card":"summary_large_image","twitter_misc":{"Written by":"Adriana Costa","Est. reading time":"3 minutos"},"schema":{"@context":"https:\/\/schema.org","@graph":[{"@type":"WebPage","@id":"https:\/\/www.manaus.am.gov.br\/manauscult\/prefeitura-manauscult-producaodeventos-carnaval\/","url":"https:\/\/www.manaus.am.gov.br\/manauscult\/prefeitura-manauscult-producaodeventos-carnaval\/","name":"Prefeitura de Manaus encerra oficina sobre produ\u00e7\u00e3o de eventos de rua voltados ao Carnaval","isPartOf":{"@id":"https:\/\/www.manaus.am.gov.br\/manauscult\/#website"},"primaryImageOfPage":{"@id":"https:\/\/www.manaus.am.gov.br\/manauscult\/prefeitura-manauscult-producaodeventos-carnaval\/#primaryimage"},"image":{"@id":"https:\/\/www.manaus.am.gov.br\/manauscult\/prefeitura-manauscult-producaodeventos-carnaval\/#primaryimage"},"thumbnailUrl":"https:\/\/www.manaus.am.gov.br\/manauscult\/wp-content\/uploads\/sites\/11\/2025\/12\/e91357fa-9463-4472-ad70-c3886816faba.jpeg","datePublished":"2025-12-11T14:29:21+00:00","dateModified":"2025-12-11T14:29:23+00:00","author":{"@id":"https:\/\/www.manaus.am.gov.br\/manauscult\/#\/schema\/person\/4e49f4e267757a06ca072ec61b2b9968"},"description":"A Prefeitura de Manaus, por meio da Funda\u00e7\u00e3o Municipal de Cultura, Turismo e Eventos (ManausCult), concluiu, na quarta-feira, 10\/12, a oficina \u201cProdu\u00e7\u00e3o de Eventos de Rua para Bandas e Blocos de Carnaval e Aspectos Burocr\u00e1ticos\u201d, realizada no audit\u00f3rio do mirante L\u00facia Almeida, no centro hist\u00f3rico.","breadcrumb":{"@id":"https:\/\/www.manaus.am.gov.br\/manauscult\/prefeitura-manauscult-producaodeventos-carnaval\/#breadcrumb"},"inLanguage":"pt-BR","potentialAction":[{"@type":"ReadAction","target":["https:\/\/www.manaus.am.gov.br\/manauscult\/prefeitura-manauscult-producaodeventos-carnaval\/"]}]},{"@type":"ImageObject","inLanguage":"pt-BR","@id":"https:\/\/www.manaus.am.gov.br\/manauscult\/prefeitura-manauscult-producaodeventos-carnaval\/#primaryimage","url":"https:\/\/www.manaus.am.gov.br\/manauscult\/wp-content\/uploads\/sites\/11\/2025\/12\/e91357fa-9463-4472-ad70-c3886816faba.jpeg","contentUrl":"https:\/\/www.manaus.am.gov.br\/manauscult\/wp-content\/uploads\/sites\/11\/2025\/12\/e91357fa-9463-4472-ad70-c3886816faba.jpeg","width":4160,"height":2774,"caption":"#paratodosverem - Curso de forma\u00e7\u00e3o para produtores culturais, fazedores de cultura e demais interessados, em prepara\u00e7\u00e3o ao per\u00edodo carnavalesco"},{"@type":"BreadcrumbList","@id":"https:\/\/www.manaus.am.gov.br\/manauscult\/prefeitura-manauscult-producaodeventos-carnaval\/#breadcrumb","itemListElement":[{"@type":"ListItem","position":1,"name":"Home","item":"https:\/\/www.manaus.am.gov.br\/manauscult\/"},{"@type":"ListItem","position":2,"name":"Prefeitura de Manaus encerra oficina sobre produ\u00e7\u00e3o de eventos de rua voltados ao Carnaval"}]},{"@type":"WebSite","@id":"https:\/\/www.manaus.am.gov.br\/manauscult\/#website","url":"https:\/\/www.manaus.am.gov.br\/manauscult\/","name":"MANAUSCULT","description":"Prefeitura de Manaus","potentialAction":[{"@type":"SearchAction","target":{"@type":"EntryPoint","urlTemplate":"https:\/\/www.manaus.am.gov.br\/manauscult\/?s={search_term_string}"},"query-input":"required name=search_term_string"}],"inLanguage":"pt-BR"},{"@type":"Person","@id":"https:\/\/www.manaus.am.gov.br\/manauscult\/#\/schema\/person\/4e49f4e267757a06ca072ec61b2b9968","name":"Adriana Costa","image":{"@type":"ImageObject","inLanguage":"pt-BR","@id":"https:\/\/www.manaus.am.gov.br\/manauscult\/#\/schema\/person\/image\/","url":"https:\/\/secure.gravatar.com\/avatar\/576258617ef7194f718179e766d57bd4?s=96&d=mm&r=g","contentUrl":"https:\/\/secure.gravatar.com\/avatar\/576258617ef7194f718179e766d57bd4?s=96&d=mm&r=g","caption":"Adriana Costa"}}]}},"_links":{"self":[{"href":"https:\/\/www.manaus.am.gov.br\/manauscult\/wp-json\/wp\/v2\/posts\/5088"}],"collection":[{"href":"https:\/\/www.manaus.am.gov.br\/manauscult\/wp-json\/wp\/v2\/posts"}],"about":[{"href":"https:\/\/www.manaus.am.gov.br\/manauscult\/wp-json\/wp\/v2\/types\/post"}],"author":[{"embeddable":true,"href":"https:\/\/www.manaus.am.gov.br\/manauscult\/wp-json\/wp\/v2\/users\/23"}],"replies":[{"embeddable":true,"href":"https:\/\/www.manaus.am.gov.br\/manauscult\/wp-json\/wp\/v2\/comments?post=5088"}],"version-history":[{"count":0,"href":"https:\/\/www.manaus.am.gov.br\/manauscult\/wp-json\/wp\/v2\/posts\/5088\/revisions"}],"wp:featuredmedia":[{"embeddable":true,"href":"https:\/\/www.manaus.am.gov.br\/manauscult\/wp-json\/wp\/v2\/media\/5089"}],"wp:attachment":[{"href":"https:\/\/www.manaus.am.gov.br\/manauscult\/wp-json\/wp\/v2\/media?parent=5088"}],"wp:term":[{"taxonomy":"category","embeddable":true,"href":"https:\/\/www.manaus.am.gov.br\/manauscult\/wp-json\/wp\/v2\/categories?post=5088"},{"taxonomy":"post_tag","embeddable":true,"href":"https:\/\/www.manaus.am.gov.br\/manauscult\/wp-json\/wp\/v2\/tags?post=5088"}],"curies":[{"name":"wp","href":"https:\/\/api.w.org\/{rel}","templated":true}]}}