{"id":5059,"date":"2025-11-24T14:49:16","date_gmt":"2025-11-24T18:49:16","guid":{"rendered":"https:\/\/www.manaus.am.gov.br\/manauscult\/prefeitura-manauscult-temporadadecruzeiros\/"},"modified":"2025-11-24T14:49:18","modified_gmt":"2025-11-24T18:49:18","slug":"prefeitura-manauscult-temporadadecruzeiros","status":"publish","type":"post","link":"https:\/\/www.manaus.am.gov.br\/manauscult\/prefeitura-manauscult-temporadadecruzeiros\/","title":{"rendered":"Temporada de Cruzeiros tem in\u00edcio e impulsiona turismo e economia em Manaus"},"content":{"rendered":"\n<p>A Prefeitura de Manaus, por meio da Funda\u00e7\u00e3o Municipal de Cultura, Turismo e Eventos (ManausCult), deu in\u00edcio, oficialmente, \u00e0 nova temporada de cruzeiros na capital amazonense. O primeiro navio, o MS Insignia, atracou, nesta segunda-feira, 24\/11, trazendo 987 turistas, em sua maioria norte-americanos, que desembarcaram para conhecer de perto as belezas, sabores e experi\u00eancias \u00fanicas da cidade.<\/p>\n\n\n\n<p>Para receber os visitantes, a ManausCult organizou um receptivo especial, com a entrega de mapas tur\u00edsticos bil\u00edngues, atendimento nos Centros de Atendimento ao Turista (CATs) e o apoio das equipes de turismo para orientar e facilitar o deslocamento dos passageiros. Al\u00e9m de destacar os principais atrativos, a a\u00e7\u00e3o refor\u00e7a a hospitalidade manauara como marca registrada do destino.<\/p>\n\n\n\n<p>A temporada segue at\u00e9 8 de abril de 2026, com a estimativa de chegada de mais seis navios, totalizando mais de 7.600 turistas. De acordo com estimativas t\u00e9cnicas, o impacto econ\u00f4mico ultrapassa R$ 49 milh\u00f5es, beneficiando diretamente setores como gastronomia, transporte, artesanato, hotelaria, servi\u00e7os e toda a cadeia produtiva ligada ao turismo.<\/p>\n\n\n\n<p>Para o diretor-presidente da ManausCult, Jender Lobato, o in\u00edcio da temporada representa um avan\u00e7o significativo para o setor. \u201cReceber mais uma leva de visitantes internacionais \u00e9 a confirma\u00e7\u00e3o de que Manaus est\u00e1 cada vez mais consolidada no mapa do turismo mundial. Estamos preparados para acolher esses viajantes com qualidade, informa\u00e7\u00e3o e experi\u00eancias aut\u00eanticas, que fortalecem nossa economia e valorizam nossa identidade cultural\u201d, afirmou.<\/p>\n\n\n\n<p>Com a chegada do MS Insignia, Manaus reafirma sua voca\u00e7\u00e3o tur\u00edstica e se projeta, mais uma vez, como porta de entrada para a Amaz\u00f4nia no cen\u00e1rio internacional.<\/p>\n\n\n\n<p>&#8212; &#8212; &#8212;<\/p>\n\n\n\n<p><strong>Texto<\/strong> &#8211; J\u00e9ssica Trajano\/ManausCult<\/p>\n\n\n\n<p><strong>Fotos<\/strong> &#8211; Thelson Souza\/ManausCult<\/p>\n","protected":false},"excerpt":{"rendered":"","protected":false},"author":23,"featured_media":5060,"comment_status":"closed","ping_status":"closed","sticky":false,"template":"","format":"standard","meta":{"footnotes":""},"categories":[18],"tags":[792,842,1781,9,968,11,103],"acf":[],"yoast_head":"<!-- This site is optimized with the Yoast SEO plugin v23.0 - https:\/\/yoast.com\/wordpress\/plugins\/seo\/ -->\n<title>Temporada de Cruzeiros tem in\u00edcio e impulsiona turismo e economia em Manaus<\/title>\n<meta name=\"description\" content=\"A Prefeitura de Manaus, por meio da Funda\u00e7\u00e3o Municipal de Cultura, Turismo e Eventos (ManausCult), deu in\u00edcio, oficialmente, \u00e0 nova temporada de cruzeiros na capital amazonense. O primeiro navio, o MS Insignia, atracou, nesta segunda-feira, 24\/11, trazendo 987 turistas, em sua maioria norte-americanos, que desembarcaram para conhecer de perto as belezas, sabores e experi\u00eancias \u00fanicas da cidade.\" \/>\n<meta name=\"robots\" content=\"noindex, follow\" \/>\n<meta property=\"og:locale\" content=\"pt_BR\" \/>\n<meta property=\"og:type\" content=\"article\" \/>\n<meta property=\"og:title\" content=\"Temporada de Cruzeiros tem in\u00edcio e impulsiona turismo e economia em Manaus\" \/>\n<meta property=\"og:description\" content=\"A Prefeitura de Manaus, por meio da Funda\u00e7\u00e3o Municipal de Cultura, Turismo e Eventos (ManausCult), deu in\u00edcio, oficialmente, \u00e0 nova temporada de cruzeiros na capital amazonense. O primeiro navio, o MS Insignia, atracou, nesta segunda-feira, 24\/11, trazendo 987 turistas, em sua maioria norte-americanos, que desembarcaram para conhecer de perto as belezas, sabores e experi\u00eancias \u00fanicas da cidade.\" \/>\n<meta property=\"og:url\" content=\"https:\/\/www.manaus.am.gov.br\/manauscult\/prefeitura-manauscult-temporadadecruzeiros\/\" \/>\n<meta property=\"og:site_name\" content=\"MANAUSCULT\" \/>\n<meta property=\"article:published_time\" content=\"2025-11-24T18:49:16+00:00\" \/>\n<meta property=\"article:modified_time\" content=\"2025-11-24T18:49:18+00:00\" \/>\n<meta property=\"og:image\" content=\"https:\/\/www.manaus.am.gov.br\/manauscult\/wp-content\/uploads\/sites\/11\/2025\/11\/e08574e4-aa8a-4215-93c6-74dc6eca62b0.jpeg\" \/>\n\t<meta property=\"og:image:width\" content=\"4032\" \/>\n\t<meta property=\"og:image:height\" content=\"3024\" \/>\n\t<meta property=\"og:image:type\" content=\"image\/jpeg\" \/>\n<meta name=\"author\" content=\"Adriana Costa\" \/>\n<meta name=\"twitter:card\" content=\"summary_large_image\" \/>\n<meta name=\"twitter:label1\" content=\"Written by\" \/>\n\t<meta name=\"twitter:data1\" content=\"Adriana Costa\" \/>\n\t<meta name=\"twitter:label2\" content=\"Est. reading time\" \/>\n\t<meta name=\"twitter:data2\" content=\"2 minutos\" \/>\n<script type=\"application\/ld+json\" class=\"yoast-schema-graph\">{\"@context\":\"https:\/\/schema.org\",\"@graph\":[{\"@type\":\"WebPage\",\"@id\":\"https:\/\/www.manaus.am.gov.br\/manauscult\/prefeitura-manauscult-temporadadecruzeiros\/\",\"url\":\"https:\/\/www.manaus.am.gov.br\/manauscult\/prefeitura-manauscult-temporadadecruzeiros\/\",\"name\":\"Temporada de Cruzeiros tem in\u00edcio e impulsiona turismo e economia em Manaus\",\"isPartOf\":{\"@id\":\"https:\/\/www.manaus.am.gov.br\/manauscult\/#website\"},\"primaryImageOfPage\":{\"@id\":\"https:\/\/www.manaus.am.gov.br\/manauscult\/prefeitura-manauscult-temporadadecruzeiros\/#primaryimage\"},\"image\":{\"@id\":\"https:\/\/www.manaus.am.gov.br\/manauscult\/prefeitura-manauscult-temporadadecruzeiros\/#primaryimage\"},\"thumbnailUrl\":\"https:\/\/www.manaus.am.gov.br\/manauscult\/wp-content\/uploads\/sites\/11\/2025\/11\/e08574e4-aa8a-4215-93c6-74dc6eca62b0.jpeg\",\"datePublished\":\"2025-11-24T18:49:16+00:00\",\"dateModified\":\"2025-11-24T18:49:18+00:00\",\"author\":{\"@id\":\"https:\/\/www.manaus.am.gov.br\/manauscult\/#\/schema\/person\/4e49f4e267757a06ca072ec61b2b9968\"},\"description\":\"A Prefeitura de Manaus, por meio da Funda\u00e7\u00e3o Municipal de Cultura, Turismo e Eventos (ManausCult), deu in\u00edcio, oficialmente, \u00e0 nova temporada de cruzeiros na capital amazonense. O primeiro navio, o MS Insignia, atracou, nesta segunda-feira, 24\/11, trazendo 987 turistas, em sua maioria norte-americanos, que desembarcaram para conhecer de perto as belezas, sabores e experi\u00eancias \u00fanicas da cidade.\",\"breadcrumb\":{\"@id\":\"https:\/\/www.manaus.am.gov.br\/manauscult\/prefeitura-manauscult-temporadadecruzeiros\/#breadcrumb\"},\"inLanguage\":\"pt-BR\",\"potentialAction\":[{\"@type\":\"ReadAction\",\"target\":[\"https:\/\/www.manaus.am.gov.br\/manauscult\/prefeitura-manauscult-temporadadecruzeiros\/\"]}]},{\"@type\":\"ImageObject\",\"inLanguage\":\"pt-BR\",\"@id\":\"https:\/\/www.manaus.am.gov.br\/manauscult\/prefeitura-manauscult-temporadadecruzeiros\/#primaryimage\",\"url\":\"https:\/\/www.manaus.am.gov.br\/manauscult\/wp-content\/uploads\/sites\/11\/2025\/11\/e08574e4-aa8a-4215-93c6-74dc6eca62b0.jpeg\",\"contentUrl\":\"https:\/\/www.manaus.am.gov.br\/manauscult\/wp-content\/uploads\/sites\/11\/2025\/11\/e08574e4-aa8a-4215-93c6-74dc6eca62b0.jpeg\",\"width\":4032,\"height\":3024,\"caption\":\"#paratodosverem - Navio cruzeiro MS Insignia atracado no porto de Manaus\"},{\"@type\":\"BreadcrumbList\",\"@id\":\"https:\/\/www.manaus.am.gov.br\/manauscult\/prefeitura-manauscult-temporadadecruzeiros\/#breadcrumb\",\"itemListElement\":[{\"@type\":\"ListItem\",\"position\":1,\"name\":\"Home\",\"item\":\"https:\/\/www.manaus.am.gov.br\/manauscult\/\"},{\"@type\":\"ListItem\",\"position\":2,\"name\":\"Temporada de Cruzeiros tem in\u00edcio e impulsiona turismo e economia em Manaus\"}]},{\"@type\":\"WebSite\",\"@id\":\"https:\/\/www.manaus.am.gov.br\/manauscult\/#website\",\"url\":\"https:\/\/www.manaus.am.gov.br\/manauscult\/\",\"name\":\"MANAUSCULT\",\"description\":\"Prefeitura de Manaus\",\"potentialAction\":[{\"@type\":\"SearchAction\",\"target\":{\"@type\":\"EntryPoint\",\"urlTemplate\":\"https:\/\/www.manaus.am.gov.br\/manauscult\/?s={search_term_string}\"},\"query-input\":\"required name=search_term_string\"}],\"inLanguage\":\"pt-BR\"},{\"@type\":\"Person\",\"@id\":\"https:\/\/www.manaus.am.gov.br\/manauscult\/#\/schema\/person\/4e49f4e267757a06ca072ec61b2b9968\",\"name\":\"Adriana Costa\",\"image\":{\"@type\":\"ImageObject\",\"inLanguage\":\"pt-BR\",\"@id\":\"https:\/\/www.manaus.am.gov.br\/manauscult\/#\/schema\/person\/image\/\",\"url\":\"https:\/\/secure.gravatar.com\/avatar\/576258617ef7194f718179e766d57bd4?s=96&d=mm&r=g\",\"contentUrl\":\"https:\/\/secure.gravatar.com\/avatar\/576258617ef7194f718179e766d57bd4?s=96&d=mm&r=g\",\"caption\":\"Adriana Costa\"}}]}<\/script>\n<!-- \/ Yoast SEO plugin. -->","yoast_head_json":{"title":"Temporada de Cruzeiros tem in\u00edcio e impulsiona turismo e economia em Manaus","description":"A Prefeitura de Manaus, por meio da Funda\u00e7\u00e3o Municipal de Cultura, Turismo e Eventos (ManausCult), deu in\u00edcio, oficialmente, \u00e0 nova temporada de cruzeiros na capital amazonense. O primeiro navio, o MS Insignia, atracou, nesta segunda-feira, 24\/11, trazendo 987 turistas, em sua maioria norte-americanos, que desembarcaram para conhecer de perto as belezas, sabores e experi\u00eancias \u00fanicas da cidade.","robots":{"index":"noindex","follow":"follow"},"og_locale":"pt_BR","og_type":"article","og_title":"Temporada de Cruzeiros tem in\u00edcio e impulsiona turismo e economia em Manaus","og_description":"A Prefeitura de Manaus, por meio da Funda\u00e7\u00e3o Municipal de Cultura, Turismo e Eventos (ManausCult), deu in\u00edcio, oficialmente, \u00e0 nova temporada de cruzeiros na capital amazonense. O primeiro navio, o MS Insignia, atracou, nesta segunda-feira, 24\/11, trazendo 987 turistas, em sua maioria norte-americanos, que desembarcaram para conhecer de perto as belezas, sabores e experi\u00eancias \u00fanicas da cidade.","og_url":"https:\/\/www.manaus.am.gov.br\/manauscult\/prefeitura-manauscult-temporadadecruzeiros\/","og_site_name":"MANAUSCULT","article_published_time":"2025-11-24T18:49:16+00:00","article_modified_time":"2025-11-24T18:49:18+00:00","og_image":[{"width":4032,"height":3024,"url":"https:\/\/www.manaus.am.gov.br\/manauscult\/wp-content\/uploads\/sites\/11\/2025\/11\/e08574e4-aa8a-4215-93c6-74dc6eca62b0.jpeg","type":"image\/jpeg"}],"author":"Adriana Costa","twitter_card":"summary_large_image","twitter_misc":{"Written by":"Adriana Costa","Est. reading time":"2 minutos"},"schema":{"@context":"https:\/\/schema.org","@graph":[{"@type":"WebPage","@id":"https:\/\/www.manaus.am.gov.br\/manauscult\/prefeitura-manauscult-temporadadecruzeiros\/","url":"https:\/\/www.manaus.am.gov.br\/manauscult\/prefeitura-manauscult-temporadadecruzeiros\/","name":"Temporada de Cruzeiros tem in\u00edcio e impulsiona turismo e economia em Manaus","isPartOf":{"@id":"https:\/\/www.manaus.am.gov.br\/manauscult\/#website"},"primaryImageOfPage":{"@id":"https:\/\/www.manaus.am.gov.br\/manauscult\/prefeitura-manauscult-temporadadecruzeiros\/#primaryimage"},"image":{"@id":"https:\/\/www.manaus.am.gov.br\/manauscult\/prefeitura-manauscult-temporadadecruzeiros\/#primaryimage"},"thumbnailUrl":"https:\/\/www.manaus.am.gov.br\/manauscult\/wp-content\/uploads\/sites\/11\/2025\/11\/e08574e4-aa8a-4215-93c6-74dc6eca62b0.jpeg","datePublished":"2025-11-24T18:49:16+00:00","dateModified":"2025-11-24T18:49:18+00:00","author":{"@id":"https:\/\/www.manaus.am.gov.br\/manauscult\/#\/schema\/person\/4e49f4e267757a06ca072ec61b2b9968"},"description":"A Prefeitura de Manaus, por meio da Funda\u00e7\u00e3o Municipal de Cultura, Turismo e Eventos (ManausCult), deu in\u00edcio, oficialmente, \u00e0 nova temporada de cruzeiros na capital amazonense. O primeiro navio, o MS Insignia, atracou, nesta segunda-feira, 24\/11, trazendo 987 turistas, em sua maioria norte-americanos, que desembarcaram para conhecer de perto as belezas, sabores e experi\u00eancias \u00fanicas da cidade.","breadcrumb":{"@id":"https:\/\/www.manaus.am.gov.br\/manauscult\/prefeitura-manauscult-temporadadecruzeiros\/#breadcrumb"},"inLanguage":"pt-BR","potentialAction":[{"@type":"ReadAction","target":["https:\/\/www.manaus.am.gov.br\/manauscult\/prefeitura-manauscult-temporadadecruzeiros\/"]}]},{"@type":"ImageObject","inLanguage":"pt-BR","@id":"https:\/\/www.manaus.am.gov.br\/manauscult\/prefeitura-manauscult-temporadadecruzeiros\/#primaryimage","url":"https:\/\/www.manaus.am.gov.br\/manauscult\/wp-content\/uploads\/sites\/11\/2025\/11\/e08574e4-aa8a-4215-93c6-74dc6eca62b0.jpeg","contentUrl":"https:\/\/www.manaus.am.gov.br\/manauscult\/wp-content\/uploads\/sites\/11\/2025\/11\/e08574e4-aa8a-4215-93c6-74dc6eca62b0.jpeg","width":4032,"height":3024,"caption":"#paratodosverem - Navio cruzeiro MS Insignia atracado no porto de Manaus"},{"@type":"BreadcrumbList","@id":"https:\/\/www.manaus.am.gov.br\/manauscult\/prefeitura-manauscult-temporadadecruzeiros\/#breadcrumb","itemListElement":[{"@type":"ListItem","position":1,"name":"Home","item":"https:\/\/www.manaus.am.gov.br\/manauscult\/"},{"@type":"ListItem","position":2,"name":"Temporada de Cruzeiros tem in\u00edcio e impulsiona turismo e economia em Manaus"}]},{"@type":"WebSite","@id":"https:\/\/www.manaus.am.gov.br\/manauscult\/#website","url":"https:\/\/www.manaus.am.gov.br\/manauscult\/","name":"MANAUSCULT","description":"Prefeitura de Manaus","potentialAction":[{"@type":"SearchAction","target":{"@type":"EntryPoint","urlTemplate":"https:\/\/www.manaus.am.gov.br\/manauscult\/?s={search_term_string}"},"query-input":"required name=search_term_string"}],"inLanguage":"pt-BR"},{"@type":"Person","@id":"https:\/\/www.manaus.am.gov.br\/manauscult\/#\/schema\/person\/4e49f4e267757a06ca072ec61b2b9968","name":"Adriana Costa","image":{"@type":"ImageObject","inLanguage":"pt-BR","@id":"https:\/\/www.manaus.am.gov.br\/manauscult\/#\/schema\/person\/image\/","url":"https:\/\/secure.gravatar.com\/avatar\/576258617ef7194f718179e766d57bd4?s=96&d=mm&r=g","contentUrl":"https:\/\/secure.gravatar.com\/avatar\/576258617ef7194f718179e766d57bd4?s=96&d=mm&r=g","caption":"Adriana Costa"}}]}},"_links":{"self":[{"href":"https:\/\/www.manaus.am.gov.br\/manauscult\/wp-json\/wp\/v2\/posts\/5059"}],"collection":[{"href":"https:\/\/www.manaus.am.gov.br\/manauscult\/wp-json\/wp\/v2\/posts"}],"about":[{"href":"https:\/\/www.manaus.am.gov.br\/manauscult\/wp-json\/wp\/v2\/types\/post"}],"author":[{"embeddable":true,"href":"https:\/\/www.manaus.am.gov.br\/manauscult\/wp-json\/wp\/v2\/users\/23"}],"replies":[{"embeddable":true,"href":"https:\/\/www.manaus.am.gov.br\/manauscult\/wp-json\/wp\/v2\/comments?post=5059"}],"version-history":[{"count":0,"href":"https:\/\/www.manaus.am.gov.br\/manauscult\/wp-json\/wp\/v2\/posts\/5059\/revisions"}],"wp:featuredmedia":[{"embeddable":true,"href":"https:\/\/www.manaus.am.gov.br\/manauscult\/wp-json\/wp\/v2\/media\/5060"}],"wp:attachment":[{"href":"https:\/\/www.manaus.am.gov.br\/manauscult\/wp-json\/wp\/v2\/media?parent=5059"}],"wp:term":[{"taxonomy":"category","embeddable":true,"href":"https:\/\/www.manaus.am.gov.br\/manauscult\/wp-json\/wp\/v2\/categories?post=5059"},{"taxonomy":"post_tag","embeddable":true,"href":"https:\/\/www.manaus.am.gov.br\/manauscult\/wp-json\/wp\/v2\/tags?post=5059"}],"curies":[{"name":"wp","href":"https:\/\/api.w.org\/{rel}","templated":true}]}}