{"id":4969,"date":"2025-11-19T12:08:00","date_gmt":"2025-11-19T16:08:00","guid":{"rendered":"https:\/\/www.manaus.am.gov.br\/manauscult\/concultura-recorre-inabilitacao-edital-minc\/"},"modified":"2025-11-19T12:08:02","modified_gmt":"2025-11-19T16:08:02","slug":"concultura-recorre-inabilitacao-edital-minc","status":"publish","type":"post","link":"https:\/\/www.manaus.am.gov.br\/manauscult\/concultura-recorre-inabilitacao-edital-minc\/","title":{"rendered":"Concultura recorre de inabilita\u00e7\u00e3o de edital do Minist\u00e9rio da Cultura e afirma que atende aos crit\u00e9rios exigidos"},"content":{"rendered":"\n<p>A Prefeitura de Manaus, por meio do Conselho Municipal de Cultura (Concultura), \u00f3rg\u00e3o da administra\u00e7\u00e3o direta, respons\u00e1vel legal pela pol\u00edtica de fomento, execu\u00e7\u00e3o e difus\u00e3o cultural na capital amazonense, impetrou recurso contra a sua inabilita\u00e7\u00e3o no Edital de Chamamento P\u00fablico do Minist\u00e9rio da Cultura (MinC), n\u00ba 4\/2025.<\/p>\n\n\n\n<p>O presente edital prev\u00ea o investimento de R$ 300 milh\u00f5es, do Fundo Setorial do Audiovisual (FSA\/Ancine) para todo o Brasil, e a decis\u00e3o preliminar da banca avaliadora do MinC deixa de fora a cidade de Manaus do pleito, por parte desses recursos para o fomento da categoria de audiovisual na capital amazonense, porque segundo a Comiss\u00e3o Avaliadora, o Concultura n\u00e3o se enquadraria como ente proponente nos termos do subitem 2.1.1 do edital.<\/p>\n\n\n\n<p>No recurso impetrado, o Concultura contesta a justificativa para a inabilita\u00e7\u00e3o, demonstrando que \u00e9, de fato e de direito, um \u00f3rg\u00e3o da administra\u00e7\u00e3o p\u00fablica direta do munic\u00edpio de Manaus, respons\u00e1vel por implementar pol\u00edticas culturais e gerir o Fundo Municipal de Cultura (FMC), cuja legisla\u00e7\u00e3o municipal, por meio da Lei n\u00ba 710\/2003, estabelece que o FMC \u00e9 vinculado diretamente ao Poder Executivo, tendo o Concultura como \u00f3rg\u00e3o deliberativo, normativo e consultivo.<\/p>\n\n\n\n<p>Segundo a defesa no recurso, houve equ\u00edvoco de interpreta\u00e7\u00e3o na avalia\u00e7\u00e3o da banca avaliadora do MinC, que n\u00e3o levou em considera\u00e7\u00e3o a natureza jur\u00eddica do conselho e sua atua\u00e7\u00e3o direta na execu\u00e7\u00e3o das pol\u00edticas culturais como as j\u00e1 realizadas na gest\u00e3o dos editais Manaus Faz Cultura 2021 e 2022 e Lei Paulo Gustavo. O documento tamb\u00e9m destaca que o referido edital permite a participa\u00e7\u00e3o de \u00f3rg\u00e3os da administra\u00e7\u00e3o direta.<\/p>\n\n\n\n<p>\u201cEstamos recorrendo no prazo, e o fizemos devido ao entendimento de que o Concultura \u00e9 sim um \u00f3rg\u00e3o da administra\u00e7\u00e3o direta e, al\u00e9m disso, realizamos consulta ao MinC, que confirmou que os conselhos municipais podem ser proponentes. Estamos muito seguros do \u00eaxito do nosso recurso\u201d, finalizou o presidente do Concultura, Tony Medeiros.<\/p>\n\n\n\n<p><strong>Hist\u00f3rico de parceria<\/strong><\/p>\n\n\n\n<p>Em mais de 22 anos de exist\u00eancia, o Concultura \u00e9 o \u00f3rg\u00e3o que desenvolve e executa v\u00e1rios projetos culturais em parcerias, principalmente, com o Minist\u00e9rio da Cultura.<\/p>\n\n\n\n<p>Lei Complementar n\u00ba 195, conhecida por Lei Paulo Gustavo: a capital amazonense recebeu R$ 17.634.820,05 para fomentar projetos culturais em Manaus.<\/p>\n\n\n\n<p>Edital de chamamento p\u00fablico &#8211; Manaus Identidade Cultural &#8211; Audiovisual, com aporte no valor de R$ 11.710.000, contemplando 102 projetos no setor de audiovisual, no Edital de Chamamento P\u00fablico n\u00ba 004\/2023.<\/p>\n\n\n\n<p>Manaus Identidade Cultural &#8211; Demais Linguagens, com aporte de R$ 4.319.000, contemplando 242 projetos em diversas categorias: artes visuais, teatro e circo, dan\u00e7a, m\u00fasica, literatura, cultura \u00e9tnica e cultura popular<\/p>\n\n\n\n<p>O hist\u00f3rico dessa parceria entre o Minist\u00e9rio da Cultura e o \u00f3rg\u00e3o municipal de Cultura exp\u00f5e uma rela\u00e7\u00e3o prof\u00edcua e exitosa.<\/p>\n\n\n\n<p>&#8212; &#8212; &#8212;<\/p>\n\n\n\n<p><strong>Texto \u2013<\/strong>&nbsp;Divulga\u00e7\u00e3o\/Concultura<\/p>\n\n\n\n<p><strong>Foto \u2013<\/strong> Arquivo\/Concultura<\/p>\n","protected":false},"excerpt":{"rendered":"","protected":false},"author":39,"featured_media":4970,"comment_status":"closed","ping_status":"closed","sticky":false,"template":"","format":"standard","meta":{"footnotes":""},"categories":[1219],"tags":[45,1775,11,1776,51],"acf":[],"yoast_head":"<!-- This site is optimized with the Yoast SEO plugin v23.0 - https:\/\/yoast.com\/wordpress\/plugins\/seo\/ -->\n<title>Concultura recorre de inabilita\u00e7\u00e3o de edital do Minist\u00e9rio da Cultura<\/title>\n<meta name=\"description\" content=\"Concultura recorre de inabilita\u00e7\u00e3o de edital do Minist\u00e9rio da Cultura e afirma que atende aos crit\u00e9rios exigidos.\" \/>\n<meta name=\"robots\" content=\"noindex, follow\" \/>\n<meta property=\"og:locale\" content=\"pt_BR\" \/>\n<meta property=\"og:type\" content=\"article\" \/>\n<meta property=\"og:title\" content=\"Concultura recorre de inabilita\u00e7\u00e3o de edital do Minist\u00e9rio da Cultura\" \/>\n<meta property=\"og:description\" content=\"Concultura recorre de inabilita\u00e7\u00e3o de edital do Minist\u00e9rio da Cultura e afirma que atende aos crit\u00e9rios exigidos.\" \/>\n<meta property=\"og:url\" content=\"https:\/\/www.manaus.am.gov.br\/manauscult\/concultura-recorre-inabilitacao-edital-minc\/\" \/>\n<meta property=\"og:site_name\" content=\"MANAUSCULT\" \/>\n<meta property=\"article:published_time\" content=\"2025-11-19T16:08:00+00:00\" \/>\n<meta property=\"article:modified_time\" content=\"2025-11-19T16:08:02+00:00\" \/>\n<meta property=\"og:image\" content=\"https:\/\/www.manaus.am.gov.br\/manauscult\/wp-content\/uploads\/sites\/11\/2025\/11\/PREDIO_CONCULTURA-e1763568401849.jpg\" \/>\n\t<meta property=\"og:image:width\" content=\"1012\" \/>\n\t<meta property=\"og:image:height\" content=\"963\" \/>\n\t<meta property=\"og:image:type\" content=\"image\/jpeg\" \/>\n<meta name=\"author\" content=\"Bruna Greco\" \/>\n<meta name=\"twitter:card\" content=\"summary_large_image\" \/>\n<meta name=\"twitter:label1\" content=\"Written by\" \/>\n\t<meta name=\"twitter:data1\" content=\"Bruna Greco\" \/>\n\t<meta name=\"twitter:label2\" content=\"Est. reading time\" \/>\n\t<meta name=\"twitter:data2\" content=\"3 minutos\" \/>\n<script type=\"application\/ld+json\" class=\"yoast-schema-graph\">{\"@context\":\"https:\/\/schema.org\",\"@graph\":[{\"@type\":\"WebPage\",\"@id\":\"https:\/\/www.manaus.am.gov.br\/manauscult\/concultura-recorre-inabilitacao-edital-minc\/\",\"url\":\"https:\/\/www.manaus.am.gov.br\/manauscult\/concultura-recorre-inabilitacao-edital-minc\/\",\"name\":\"Concultura recorre de inabilita\u00e7\u00e3o de edital do Minist\u00e9rio da Cultura\",\"isPartOf\":{\"@id\":\"https:\/\/www.manaus.am.gov.br\/manauscult\/#website\"},\"primaryImageOfPage\":{\"@id\":\"https:\/\/www.manaus.am.gov.br\/manauscult\/concultura-recorre-inabilitacao-edital-minc\/#primaryimage\"},\"image\":{\"@id\":\"https:\/\/www.manaus.am.gov.br\/manauscult\/concultura-recorre-inabilitacao-edital-minc\/#primaryimage\"},\"thumbnailUrl\":\"https:\/\/www.manaus.am.gov.br\/manauscult\/wp-content\/uploads\/sites\/11\/2025\/11\/PREDIO_CONCULTURA-e1763568401849.jpg\",\"datePublished\":\"2025-11-19T16:08:00+00:00\",\"dateModified\":\"2025-11-19T16:08:02+00:00\",\"author\":{\"@id\":\"https:\/\/www.manaus.am.gov.br\/manauscult\/#\/schema\/person\/05d223aea2bf115f9883a6ff3683d81b\"},\"description\":\"Concultura recorre de inabilita\u00e7\u00e3o de edital do Minist\u00e9rio da Cultura e afirma que atende aos crit\u00e9rios exigidos.\",\"breadcrumb\":{\"@id\":\"https:\/\/www.manaus.am.gov.br\/manauscult\/concultura-recorre-inabilitacao-edital-minc\/#breadcrumb\"},\"inLanguage\":\"pt-BR\",\"potentialAction\":[{\"@type\":\"ReadAction\",\"target\":[\"https:\/\/www.manaus.am.gov.br\/manauscult\/concultura-recorre-inabilitacao-edital-minc\/\"]}]},{\"@type\":\"ImageObject\",\"inLanguage\":\"pt-BR\",\"@id\":\"https:\/\/www.manaus.am.gov.br\/manauscult\/concultura-recorre-inabilitacao-edital-minc\/#primaryimage\",\"url\":\"https:\/\/www.manaus.am.gov.br\/manauscult\/wp-content\/uploads\/sites\/11\/2025\/11\/PREDIO_CONCULTURA-e1763568401849.jpg\",\"contentUrl\":\"https:\/\/www.manaus.am.gov.br\/manauscult\/wp-content\/uploads\/sites\/11\/2025\/11\/PREDIO_CONCULTURA-e1763568401849.jpg\",\"width\":1012,\"height\":963,\"caption\":\"#paratodosverem - Fachada do Conselho Municipal de Cultura (Concultura)\"},{\"@type\":\"BreadcrumbList\",\"@id\":\"https:\/\/www.manaus.am.gov.br\/manauscult\/concultura-recorre-inabilitacao-edital-minc\/#breadcrumb\",\"itemListElement\":[{\"@type\":\"ListItem\",\"position\":1,\"name\":\"Home\",\"item\":\"https:\/\/www.manaus.am.gov.br\/manauscult\/\"},{\"@type\":\"ListItem\",\"position\":2,\"name\":\"Concultura recorre de inabilita\u00e7\u00e3o de edital do Minist\u00e9rio da Cultura e afirma que atende aos crit\u00e9rios exigidos\"}]},{\"@type\":\"WebSite\",\"@id\":\"https:\/\/www.manaus.am.gov.br\/manauscult\/#website\",\"url\":\"https:\/\/www.manaus.am.gov.br\/manauscult\/\",\"name\":\"MANAUSCULT\",\"description\":\"Prefeitura de Manaus\",\"potentialAction\":[{\"@type\":\"SearchAction\",\"target\":{\"@type\":\"EntryPoint\",\"urlTemplate\":\"https:\/\/www.manaus.am.gov.br\/manauscult\/?s={search_term_string}\"},\"query-input\":\"required name=search_term_string\"}],\"inLanguage\":\"pt-BR\"},{\"@type\":\"Person\",\"@id\":\"https:\/\/www.manaus.am.gov.br\/manauscult\/#\/schema\/person\/05d223aea2bf115f9883a6ff3683d81b\",\"name\":\"Bruna Greco\",\"image\":{\"@type\":\"ImageObject\",\"inLanguage\":\"pt-BR\",\"@id\":\"https:\/\/www.manaus.am.gov.br\/manauscult\/#\/schema\/person\/image\/\",\"url\":\"https:\/\/secure.gravatar.com\/avatar\/9c877d1a6adc2a055330e5c09a8653ce?s=96&d=mm&r=g\",\"contentUrl\":\"https:\/\/secure.gravatar.com\/avatar\/9c877d1a6adc2a055330e5c09a8653ce?s=96&d=mm&r=g\",\"caption\":\"Bruna Greco\"}}]}<\/script>\n<!-- \/ Yoast SEO plugin. -->","yoast_head_json":{"title":"Concultura recorre de inabilita\u00e7\u00e3o de edital do Minist\u00e9rio da Cultura","description":"Concultura recorre de inabilita\u00e7\u00e3o de edital do Minist\u00e9rio da Cultura e afirma que atende aos crit\u00e9rios exigidos.","robots":{"index":"noindex","follow":"follow"},"og_locale":"pt_BR","og_type":"article","og_title":"Concultura recorre de inabilita\u00e7\u00e3o de edital do Minist\u00e9rio da Cultura","og_description":"Concultura recorre de inabilita\u00e7\u00e3o de edital do Minist\u00e9rio da Cultura e afirma que atende aos crit\u00e9rios exigidos.","og_url":"https:\/\/www.manaus.am.gov.br\/manauscult\/concultura-recorre-inabilitacao-edital-minc\/","og_site_name":"MANAUSCULT","article_published_time":"2025-11-19T16:08:00+00:00","article_modified_time":"2025-11-19T16:08:02+00:00","og_image":[{"width":1012,"height":963,"url":"https:\/\/www.manaus.am.gov.br\/manauscult\/wp-content\/uploads\/sites\/11\/2025\/11\/PREDIO_CONCULTURA-e1763568401849.jpg","type":"image\/jpeg"}],"author":"Bruna Greco","twitter_card":"summary_large_image","twitter_misc":{"Written by":"Bruna Greco","Est. reading time":"3 minutos"},"schema":{"@context":"https:\/\/schema.org","@graph":[{"@type":"WebPage","@id":"https:\/\/www.manaus.am.gov.br\/manauscult\/concultura-recorre-inabilitacao-edital-minc\/","url":"https:\/\/www.manaus.am.gov.br\/manauscult\/concultura-recorre-inabilitacao-edital-minc\/","name":"Concultura recorre de inabilita\u00e7\u00e3o de edital do Minist\u00e9rio da Cultura","isPartOf":{"@id":"https:\/\/www.manaus.am.gov.br\/manauscult\/#website"},"primaryImageOfPage":{"@id":"https:\/\/www.manaus.am.gov.br\/manauscult\/concultura-recorre-inabilitacao-edital-minc\/#primaryimage"},"image":{"@id":"https:\/\/www.manaus.am.gov.br\/manauscult\/concultura-recorre-inabilitacao-edital-minc\/#primaryimage"},"thumbnailUrl":"https:\/\/www.manaus.am.gov.br\/manauscult\/wp-content\/uploads\/sites\/11\/2025\/11\/PREDIO_CONCULTURA-e1763568401849.jpg","datePublished":"2025-11-19T16:08:00+00:00","dateModified":"2025-11-19T16:08:02+00:00","author":{"@id":"https:\/\/www.manaus.am.gov.br\/manauscult\/#\/schema\/person\/05d223aea2bf115f9883a6ff3683d81b"},"description":"Concultura recorre de inabilita\u00e7\u00e3o de edital do Minist\u00e9rio da Cultura e afirma que atende aos crit\u00e9rios exigidos.","breadcrumb":{"@id":"https:\/\/www.manaus.am.gov.br\/manauscult\/concultura-recorre-inabilitacao-edital-minc\/#breadcrumb"},"inLanguage":"pt-BR","potentialAction":[{"@type":"ReadAction","target":["https:\/\/www.manaus.am.gov.br\/manauscult\/concultura-recorre-inabilitacao-edital-minc\/"]}]},{"@type":"ImageObject","inLanguage":"pt-BR","@id":"https:\/\/www.manaus.am.gov.br\/manauscult\/concultura-recorre-inabilitacao-edital-minc\/#primaryimage","url":"https:\/\/www.manaus.am.gov.br\/manauscult\/wp-content\/uploads\/sites\/11\/2025\/11\/PREDIO_CONCULTURA-e1763568401849.jpg","contentUrl":"https:\/\/www.manaus.am.gov.br\/manauscult\/wp-content\/uploads\/sites\/11\/2025\/11\/PREDIO_CONCULTURA-e1763568401849.jpg","width":1012,"height":963,"caption":"#paratodosverem - Fachada do Conselho Municipal de Cultura (Concultura)"},{"@type":"BreadcrumbList","@id":"https:\/\/www.manaus.am.gov.br\/manauscult\/concultura-recorre-inabilitacao-edital-minc\/#breadcrumb","itemListElement":[{"@type":"ListItem","position":1,"name":"Home","item":"https:\/\/www.manaus.am.gov.br\/manauscult\/"},{"@type":"ListItem","position":2,"name":"Concultura recorre de inabilita\u00e7\u00e3o de edital do Minist\u00e9rio da Cultura e afirma que atende aos crit\u00e9rios exigidos"}]},{"@type":"WebSite","@id":"https:\/\/www.manaus.am.gov.br\/manauscult\/#website","url":"https:\/\/www.manaus.am.gov.br\/manauscult\/","name":"MANAUSCULT","description":"Prefeitura de Manaus","potentialAction":[{"@type":"SearchAction","target":{"@type":"EntryPoint","urlTemplate":"https:\/\/www.manaus.am.gov.br\/manauscult\/?s={search_term_string}"},"query-input":"required name=search_term_string"}],"inLanguage":"pt-BR"},{"@type":"Person","@id":"https:\/\/www.manaus.am.gov.br\/manauscult\/#\/schema\/person\/05d223aea2bf115f9883a6ff3683d81b","name":"Bruna Greco","image":{"@type":"ImageObject","inLanguage":"pt-BR","@id":"https:\/\/www.manaus.am.gov.br\/manauscult\/#\/schema\/person\/image\/","url":"https:\/\/secure.gravatar.com\/avatar\/9c877d1a6adc2a055330e5c09a8653ce?s=96&d=mm&r=g","contentUrl":"https:\/\/secure.gravatar.com\/avatar\/9c877d1a6adc2a055330e5c09a8653ce?s=96&d=mm&r=g","caption":"Bruna Greco"}}]}},"_links":{"self":[{"href":"https:\/\/www.manaus.am.gov.br\/manauscult\/wp-json\/wp\/v2\/posts\/4969"}],"collection":[{"href":"https:\/\/www.manaus.am.gov.br\/manauscult\/wp-json\/wp\/v2\/posts"}],"about":[{"href":"https:\/\/www.manaus.am.gov.br\/manauscult\/wp-json\/wp\/v2\/types\/post"}],"author":[{"embeddable":true,"href":"https:\/\/www.manaus.am.gov.br\/manauscult\/wp-json\/wp\/v2\/users\/39"}],"replies":[{"embeddable":true,"href":"https:\/\/www.manaus.am.gov.br\/manauscult\/wp-json\/wp\/v2\/comments?post=4969"}],"version-history":[{"count":0,"href":"https:\/\/www.manaus.am.gov.br\/manauscult\/wp-json\/wp\/v2\/posts\/4969\/revisions"}],"wp:featuredmedia":[{"embeddable":true,"href":"https:\/\/www.manaus.am.gov.br\/manauscult\/wp-json\/wp\/v2\/media\/4970"}],"wp:attachment":[{"href":"https:\/\/www.manaus.am.gov.br\/manauscult\/wp-json\/wp\/v2\/media?parent=4969"}],"wp:term":[{"taxonomy":"category","embeddable":true,"href":"https:\/\/www.manaus.am.gov.br\/manauscult\/wp-json\/wp\/v2\/categories?post=4969"},{"taxonomy":"post_tag","embeddable":true,"href":"https:\/\/www.manaus.am.gov.br\/manauscult\/wp-json\/wp\/v2\/tags?post=4969"}],"curies":[{"name":"wp","href":"https:\/\/api.w.org\/{rel}","templated":true}]}}