{"id":4933,"date":"2025-11-07T12:29:15","date_gmt":"2025-11-07T16:29:15","guid":{"rendered":"https:\/\/www.manaus.am.gov.br\/manauscult\/prefeitura-manauscult-edital-carnaval\/"},"modified":"2025-11-07T12:29:16","modified_gmt":"2025-11-07T16:29:16","slug":"prefeitura-manauscult-edital-carnaval","status":"publish","type":"post","link":"https:\/\/www.manaus.am.gov.br\/manauscult\/prefeitura-manauscult-edital-carnaval\/","title":{"rendered":"Com investimento superior a R$ 3 milh\u00f5es, Prefeitura de Manaus lan\u00e7a edital para o desfile das escolas de samba 2026"},"content":{"rendered":"\n<p>A Prefeitura de Manaus, por meio da Funda\u00e7\u00e3o Municipal de Cultura, Turismo e Eventos (ManausCult), publicou, nesta quinta-feira, 6\/11, o Edital de Chamamento P\u00fablico n\u00ba 6\/2025, que tem como objetivo selecionar organiza\u00e7\u00f5es da sociedade civil respons\u00e1veis pela execu\u00e7\u00e3o dos desfiles das escolas de samba dos grupos \u201cEspecial\u201d, \u201cA\u201d e \u201cB\u201d, no Carnaval de 2026.<\/p>\n\n\n\n<p>O edital, dispon\u00edvel no site oficial da ManausCult na aba \u201cEditais\u201d, possibilita \u00e0s agremia\u00e7\u00f5es carnavalescas realizarem a inscri\u00e7\u00e3o e o envio de propostas pelo link:&nbsp;<a href=\"http:\/\/www.manaus.am.gov.br\/manauscult\" target=\"_blank\" rel=\"noreferrer noopener\">www.manaus.am.gov.br\/manauscult<\/a>, no per\u00edodo de 7 de novembro a 6 de dezembro de 2025. O processo contempla desde o repasse financeiro at\u00e9 as diretrizes para participa\u00e7\u00e3o, crit\u00e9rios de julgamento e exig\u00eancias documentais.<\/p>\n\n\n\n<p>O diretor-presidente da ManausCult, Jender Lobato, destacou a import\u00e2ncia da publica\u00e7\u00e3o antecipada do edital, refor\u00e7ando o compromisso da gest\u00e3o com o planejamento e a valoriza\u00e7\u00e3o do Carnaval manauara.<\/p>\n\n\n\n<p>\u201cA publica\u00e7\u00e3o antecipada permite que as escolas de samba tenham tempo h\u00e1bil para organizar suas equipes, planejar o desfile e reunir toda a documenta\u00e7\u00e3o exigida. Nossa equipe t\u00e9cnica est\u00e1 \u00e0 disposi\u00e7\u00e3o para orientar cada agremia\u00e7\u00e3o durante o processo. Esse cuidado \u00e9 essencial para garantir um Carnaval grandioso e eficiente na aplica\u00e7\u00e3o dos recursos p\u00fablicos\u201d, afirmou Lobato.<\/p>\n\n\n\n<p>Com valor total previsto de R$ 3.058.275, o edital contempla o repasse de at\u00e9 R$ 181,5 mil para cada escola do grupo \u201cEspecial\u201d; at\u00e9 R$ 108,9 mil para o grupo \u201cA\u201d e at\u00e9 R$ 69,5 mil, para o grupo B. Os recursos ser\u00e3o destinados exclusivamente \u00e0s agremia\u00e7\u00f5es que atenderem a todos os requisitos previstos no chamamento.<\/p>\n\n\n\n<p>Al\u00e9m do aspecto cultural e art\u00edstico, o Carnaval de Manaus representa um importante vetor de desenvolvimento econ\u00f4mico e social, movimentando a cadeia produtiva do turismo, do com\u00e9rcio, da moda e dos servi\u00e7os criativos.<\/p>\n\n\n\n<p>\u201cO Carnaval \u00e9 uma celebra\u00e7\u00e3o da nossa identidade, mas tamb\u00e9m uma oportunidade de gera\u00e7\u00e3o de renda e de fortalecimento econ\u00f4mico. Cada investimento na festa repercute positivamente em centenas de trabalhadores e empreendedores locais. \u00c9 cultura, economia e cidadania andando juntas\u201d, ressaltou Lobato.<\/p>\n\n\n\n<p>O chamamento segue as diretrizes da Lei Federal n\u00ba 13.019\/2014, que regulamenta as parcerias entre o poder p\u00fablico e organiza\u00e7\u00f5es da sociedade civil, e prev\u00ea etapas de an\u00e1lise t\u00e9cnica, visita de fiscaliza\u00e7\u00e3o in loco e homologa\u00e7\u00e3o final das propostas. Todo o processo contar\u00e1 com o acompanhamento da Equipe de Conv\u00eanios e Contratos da ManausCult, respons\u00e1vel por orientar, monitorar e garantir a correta execu\u00e7\u00e3o das etapas previstas no edital.<\/p>\n\n\n\n<p>O investimento total de mais de R$ 3 milh\u00f5es refor\u00e7a o compromisso da Prefeitura de Manaus por meio da Manauscult, com a valoriza\u00e7\u00e3o das escolas de samba e com o fortalecimento dos desfiles carnavalescos como uma das principais express\u00f5es culturais da cidade.<\/p>\n\n\n\n<p>&#8212; &#8212; &#8212;<\/p>\n\n\n\n<p><strong>Texto\u00a0<\/strong>&#8211; J\u00e9ssica Trajano\/ManausCult<\/p>\n\n\n\n<p><strong>Fotos\u00a0<\/strong>&#8211; Thelson Souza\/ManausCult<\/p>\n","protected":false},"excerpt":{"rendered":"","protected":false},"author":23,"featured_media":4934,"comment_status":"closed","ping_status":"closed","sticky":false,"template":"","format":"standard","meta":{"footnotes":""},"categories":[897],"tags":[1771,1772,41,9,11],"acf":[],"yoast_head":"<!-- This site is optimized with the Yoast SEO plugin v23.0 - https:\/\/yoast.com\/wordpress\/plugins\/seo\/ -->\n<title>Com investimento superior a R$ 3 milh\u00f5es, Prefeitura de Manaus lan\u00e7a edital para o desfile das escolas de samba 2026<\/title>\n<meta name=\"description\" content=\"A Prefeitura de Manaus, por meio da Funda\u00e7\u00e3o Municipal de Cultura, Turismo e Eventos (ManausCult), publicou, nesta quinta-feira, 6\/11, o Edital de Chamamento P\u00fablico n\u00ba 6\/2025, que tem como objetivo selecionar organiza\u00e7\u00f5es da sociedade civil respons\u00e1veis pela execu\u00e7\u00e3o dos desfiles das escolas de samba dos grupos \u201cEspecial\u201d, \u201cA\u201d e \u201cB\u201d, no Carnaval de 2026.\" \/>\n<meta name=\"robots\" content=\"noindex, follow\" \/>\n<meta property=\"og:locale\" content=\"pt_BR\" \/>\n<meta property=\"og:type\" content=\"article\" \/>\n<meta property=\"og:title\" content=\"Com investimento superior a R$ 3 milh\u00f5es, Prefeitura de Manaus lan\u00e7a edital para o desfile das escolas de samba 2026\" \/>\n<meta property=\"og:description\" content=\"A Prefeitura de Manaus, por meio da Funda\u00e7\u00e3o Municipal de Cultura, Turismo e Eventos (ManausCult), publicou, nesta quinta-feira, 6\/11, o Edital de Chamamento P\u00fablico n\u00ba 6\/2025, que tem como objetivo selecionar organiza\u00e7\u00f5es da sociedade civil respons\u00e1veis pela execu\u00e7\u00e3o dos desfiles das escolas de samba dos grupos \u201cEspecial\u201d, \u201cA\u201d e \u201cB\u201d, no Carnaval de 2026.\" \/>\n<meta property=\"og:url\" content=\"https:\/\/www.manaus.am.gov.br\/manauscult\/prefeitura-manauscult-edital-carnaval\/\" \/>\n<meta property=\"og:site_name\" content=\"MANAUSCULT\" \/>\n<meta property=\"article:published_time\" content=\"2025-11-07T16:29:15+00:00\" \/>\n<meta property=\"article:modified_time\" content=\"2025-11-07T16:29:16+00:00\" \/>\n<meta property=\"og:image\" content=\"https:\/\/www.manaus.am.gov.br\/manauscult\/wp-content\/uploads\/sites\/11\/2025\/11\/WhatsApp-Image-2025-11-07-at-12.20.54.jpeg\" \/>\n\t<meta property=\"og:image:width\" content=\"1600\" \/>\n\t<meta property=\"og:image:height\" content=\"1069\" \/>\n\t<meta property=\"og:image:type\" content=\"image\/jpeg\" \/>\n<meta name=\"author\" content=\"Adriana Costa\" \/>\n<meta name=\"twitter:card\" content=\"summary_large_image\" \/>\n<meta name=\"twitter:label1\" content=\"Written by\" \/>\n\t<meta name=\"twitter:data1\" content=\"Adriana Costa\" \/>\n\t<meta name=\"twitter:label2\" content=\"Est. reading time\" \/>\n\t<meta name=\"twitter:data2\" content=\"3 minutos\" \/>\n<script type=\"application\/ld+json\" class=\"yoast-schema-graph\">{\"@context\":\"https:\/\/schema.org\",\"@graph\":[{\"@type\":\"WebPage\",\"@id\":\"https:\/\/www.manaus.am.gov.br\/manauscult\/prefeitura-manauscult-edital-carnaval\/\",\"url\":\"https:\/\/www.manaus.am.gov.br\/manauscult\/prefeitura-manauscult-edital-carnaval\/\",\"name\":\"Com investimento superior a R$ 3 milh\u00f5es, Prefeitura de Manaus lan\u00e7a edital para o desfile das escolas de samba 2026\",\"isPartOf\":{\"@id\":\"https:\/\/www.manaus.am.gov.br\/manauscult\/#website\"},\"primaryImageOfPage\":{\"@id\":\"https:\/\/www.manaus.am.gov.br\/manauscult\/prefeitura-manauscult-edital-carnaval\/#primaryimage\"},\"image\":{\"@id\":\"https:\/\/www.manaus.am.gov.br\/manauscult\/prefeitura-manauscult-edital-carnaval\/#primaryimage\"},\"thumbnailUrl\":\"https:\/\/www.manaus.am.gov.br\/manauscult\/wp-content\/uploads\/sites\/11\/2025\/11\/WhatsApp-Image-2025-11-07-at-12.20.54.jpeg\",\"datePublished\":\"2025-11-07T16:29:15+00:00\",\"dateModified\":\"2025-11-07T16:29:16+00:00\",\"author\":{\"@id\":\"https:\/\/www.manaus.am.gov.br\/manauscult\/#\/schema\/person\/4e49f4e267757a06ca072ec61b2b9968\"},\"description\":\"A Prefeitura de Manaus, por meio da Funda\u00e7\u00e3o Municipal de Cultura, Turismo e Eventos (ManausCult), publicou, nesta quinta-feira, 6\/11, o Edital de Chamamento P\u00fablico n\u00ba 6\/2025, que tem como objetivo selecionar organiza\u00e7\u00f5es da sociedade civil respons\u00e1veis pela execu\u00e7\u00e3o dos desfiles das escolas de samba dos grupos \u201cEspecial\u201d, \u201cA\u201d e \u201cB\u201d, no Carnaval de 2026.\",\"breadcrumb\":{\"@id\":\"https:\/\/www.manaus.am.gov.br\/manauscult\/prefeitura-manauscult-edital-carnaval\/#breadcrumb\"},\"inLanguage\":\"pt-BR\",\"potentialAction\":[{\"@type\":\"ReadAction\",\"target\":[\"https:\/\/www.manaus.am.gov.br\/manauscult\/prefeitura-manauscult-edital-carnaval\/\"]}]},{\"@type\":\"ImageObject\",\"inLanguage\":\"pt-BR\",\"@id\":\"https:\/\/www.manaus.am.gov.br\/manauscult\/prefeitura-manauscult-edital-carnaval\/#primaryimage\",\"url\":\"https:\/\/www.manaus.am.gov.br\/manauscult\/wp-content\/uploads\/sites\/11\/2025\/11\/WhatsApp-Image-2025-11-07-at-12.20.54.jpeg\",\"contentUrl\":\"https:\/\/www.manaus.am.gov.br\/manauscult\/wp-content\/uploads\/sites\/11\/2025\/11\/WhatsApp-Image-2025-11-07-at-12.20.54.jpeg\",\"width\":1600,\"height\":1069,\"caption\":\"#paratodosverem - Imagem de desfile de escola de samba no Carnaval de Manaus\"},{\"@type\":\"BreadcrumbList\",\"@id\":\"https:\/\/www.manaus.am.gov.br\/manauscult\/prefeitura-manauscult-edital-carnaval\/#breadcrumb\",\"itemListElement\":[{\"@type\":\"ListItem\",\"position\":1,\"name\":\"Home\",\"item\":\"https:\/\/www.manaus.am.gov.br\/manauscult\/\"},{\"@type\":\"ListItem\",\"position\":2,\"name\":\"Com investimento superior a R$ 3 milh\u00f5es, Prefeitura de Manaus lan\u00e7a edital para o desfile das escolas de samba 2026\"}]},{\"@type\":\"WebSite\",\"@id\":\"https:\/\/www.manaus.am.gov.br\/manauscult\/#website\",\"url\":\"https:\/\/www.manaus.am.gov.br\/manauscult\/\",\"name\":\"MANAUSCULT\",\"description\":\"Prefeitura de Manaus\",\"potentialAction\":[{\"@type\":\"SearchAction\",\"target\":{\"@type\":\"EntryPoint\",\"urlTemplate\":\"https:\/\/www.manaus.am.gov.br\/manauscult\/?s={search_term_string}\"},\"query-input\":\"required name=search_term_string\"}],\"inLanguage\":\"pt-BR\"},{\"@type\":\"Person\",\"@id\":\"https:\/\/www.manaus.am.gov.br\/manauscult\/#\/schema\/person\/4e49f4e267757a06ca072ec61b2b9968\",\"name\":\"Adriana Costa\",\"image\":{\"@type\":\"ImageObject\",\"inLanguage\":\"pt-BR\",\"@id\":\"https:\/\/www.manaus.am.gov.br\/manauscult\/#\/schema\/person\/image\/\",\"url\":\"https:\/\/secure.gravatar.com\/avatar\/576258617ef7194f718179e766d57bd4?s=96&d=mm&r=g\",\"contentUrl\":\"https:\/\/secure.gravatar.com\/avatar\/576258617ef7194f718179e766d57bd4?s=96&d=mm&r=g\",\"caption\":\"Adriana Costa\"}}]}<\/script>\n<!-- \/ Yoast SEO plugin. -->","yoast_head_json":{"title":"Com investimento superior a R$ 3 milh\u00f5es, Prefeitura de Manaus lan\u00e7a edital para o desfile das escolas de samba 2026","description":"A Prefeitura de Manaus, por meio da Funda\u00e7\u00e3o Municipal de Cultura, Turismo e Eventos (ManausCult), publicou, nesta quinta-feira, 6\/11, o Edital de Chamamento P\u00fablico n\u00ba 6\/2025, que tem como objetivo selecionar organiza\u00e7\u00f5es da sociedade civil respons\u00e1veis pela execu\u00e7\u00e3o dos desfiles das escolas de samba dos grupos \u201cEspecial\u201d, \u201cA\u201d e \u201cB\u201d, no Carnaval de 2026.","robots":{"index":"noindex","follow":"follow"},"og_locale":"pt_BR","og_type":"article","og_title":"Com investimento superior a R$ 3 milh\u00f5es, Prefeitura de Manaus lan\u00e7a edital para o desfile das escolas de samba 2026","og_description":"A Prefeitura de Manaus, por meio da Funda\u00e7\u00e3o Municipal de Cultura, Turismo e Eventos (ManausCult), publicou, nesta quinta-feira, 6\/11, o Edital de Chamamento P\u00fablico n\u00ba 6\/2025, que tem como objetivo selecionar organiza\u00e7\u00f5es da sociedade civil respons\u00e1veis pela execu\u00e7\u00e3o dos desfiles das escolas de samba dos grupos \u201cEspecial\u201d, \u201cA\u201d e \u201cB\u201d, no Carnaval de 2026.","og_url":"https:\/\/www.manaus.am.gov.br\/manauscult\/prefeitura-manauscult-edital-carnaval\/","og_site_name":"MANAUSCULT","article_published_time":"2025-11-07T16:29:15+00:00","article_modified_time":"2025-11-07T16:29:16+00:00","og_image":[{"width":1600,"height":1069,"url":"https:\/\/www.manaus.am.gov.br\/manauscult\/wp-content\/uploads\/sites\/11\/2025\/11\/WhatsApp-Image-2025-11-07-at-12.20.54.jpeg","type":"image\/jpeg"}],"author":"Adriana Costa","twitter_card":"summary_large_image","twitter_misc":{"Written by":"Adriana Costa","Est. reading time":"3 minutos"},"schema":{"@context":"https:\/\/schema.org","@graph":[{"@type":"WebPage","@id":"https:\/\/www.manaus.am.gov.br\/manauscult\/prefeitura-manauscult-edital-carnaval\/","url":"https:\/\/www.manaus.am.gov.br\/manauscult\/prefeitura-manauscult-edital-carnaval\/","name":"Com investimento superior a R$ 3 milh\u00f5es, Prefeitura de Manaus lan\u00e7a edital para o desfile das escolas de samba 2026","isPartOf":{"@id":"https:\/\/www.manaus.am.gov.br\/manauscult\/#website"},"primaryImageOfPage":{"@id":"https:\/\/www.manaus.am.gov.br\/manauscult\/prefeitura-manauscult-edital-carnaval\/#primaryimage"},"image":{"@id":"https:\/\/www.manaus.am.gov.br\/manauscult\/prefeitura-manauscult-edital-carnaval\/#primaryimage"},"thumbnailUrl":"https:\/\/www.manaus.am.gov.br\/manauscult\/wp-content\/uploads\/sites\/11\/2025\/11\/WhatsApp-Image-2025-11-07-at-12.20.54.jpeg","datePublished":"2025-11-07T16:29:15+00:00","dateModified":"2025-11-07T16:29:16+00:00","author":{"@id":"https:\/\/www.manaus.am.gov.br\/manauscult\/#\/schema\/person\/4e49f4e267757a06ca072ec61b2b9968"},"description":"A Prefeitura de Manaus, por meio da Funda\u00e7\u00e3o Municipal de Cultura, Turismo e Eventos (ManausCult), publicou, nesta quinta-feira, 6\/11, o Edital de Chamamento P\u00fablico n\u00ba 6\/2025, que tem como objetivo selecionar organiza\u00e7\u00f5es da sociedade civil respons\u00e1veis pela execu\u00e7\u00e3o dos desfiles das escolas de samba dos grupos \u201cEspecial\u201d, \u201cA\u201d e \u201cB\u201d, no Carnaval de 2026.","breadcrumb":{"@id":"https:\/\/www.manaus.am.gov.br\/manauscult\/prefeitura-manauscult-edital-carnaval\/#breadcrumb"},"inLanguage":"pt-BR","potentialAction":[{"@type":"ReadAction","target":["https:\/\/www.manaus.am.gov.br\/manauscult\/prefeitura-manauscult-edital-carnaval\/"]}]},{"@type":"ImageObject","inLanguage":"pt-BR","@id":"https:\/\/www.manaus.am.gov.br\/manauscult\/prefeitura-manauscult-edital-carnaval\/#primaryimage","url":"https:\/\/www.manaus.am.gov.br\/manauscult\/wp-content\/uploads\/sites\/11\/2025\/11\/WhatsApp-Image-2025-11-07-at-12.20.54.jpeg","contentUrl":"https:\/\/www.manaus.am.gov.br\/manauscult\/wp-content\/uploads\/sites\/11\/2025\/11\/WhatsApp-Image-2025-11-07-at-12.20.54.jpeg","width":1600,"height":1069,"caption":"#paratodosverem - Imagem de desfile de escola de samba no Carnaval de Manaus"},{"@type":"BreadcrumbList","@id":"https:\/\/www.manaus.am.gov.br\/manauscult\/prefeitura-manauscult-edital-carnaval\/#breadcrumb","itemListElement":[{"@type":"ListItem","position":1,"name":"Home","item":"https:\/\/www.manaus.am.gov.br\/manauscult\/"},{"@type":"ListItem","position":2,"name":"Com investimento superior a R$ 3 milh\u00f5es, Prefeitura de Manaus lan\u00e7a edital para o desfile das escolas de samba 2026"}]},{"@type":"WebSite","@id":"https:\/\/www.manaus.am.gov.br\/manauscult\/#website","url":"https:\/\/www.manaus.am.gov.br\/manauscult\/","name":"MANAUSCULT","description":"Prefeitura de Manaus","potentialAction":[{"@type":"SearchAction","target":{"@type":"EntryPoint","urlTemplate":"https:\/\/www.manaus.am.gov.br\/manauscult\/?s={search_term_string}"},"query-input":"required name=search_term_string"}],"inLanguage":"pt-BR"},{"@type":"Person","@id":"https:\/\/www.manaus.am.gov.br\/manauscult\/#\/schema\/person\/4e49f4e267757a06ca072ec61b2b9968","name":"Adriana Costa","image":{"@type":"ImageObject","inLanguage":"pt-BR","@id":"https:\/\/www.manaus.am.gov.br\/manauscult\/#\/schema\/person\/image\/","url":"https:\/\/secure.gravatar.com\/avatar\/576258617ef7194f718179e766d57bd4?s=96&d=mm&r=g","contentUrl":"https:\/\/secure.gravatar.com\/avatar\/576258617ef7194f718179e766d57bd4?s=96&d=mm&r=g","caption":"Adriana Costa"}}]}},"_links":{"self":[{"href":"https:\/\/www.manaus.am.gov.br\/manauscult\/wp-json\/wp\/v2\/posts\/4933"}],"collection":[{"href":"https:\/\/www.manaus.am.gov.br\/manauscult\/wp-json\/wp\/v2\/posts"}],"about":[{"href":"https:\/\/www.manaus.am.gov.br\/manauscult\/wp-json\/wp\/v2\/types\/post"}],"author":[{"embeddable":true,"href":"https:\/\/www.manaus.am.gov.br\/manauscult\/wp-json\/wp\/v2\/users\/23"}],"replies":[{"embeddable":true,"href":"https:\/\/www.manaus.am.gov.br\/manauscult\/wp-json\/wp\/v2\/comments?post=4933"}],"version-history":[{"count":0,"href":"https:\/\/www.manaus.am.gov.br\/manauscult\/wp-json\/wp\/v2\/posts\/4933\/revisions"}],"wp:featuredmedia":[{"embeddable":true,"href":"https:\/\/www.manaus.am.gov.br\/manauscult\/wp-json\/wp\/v2\/media\/4934"}],"wp:attachment":[{"href":"https:\/\/www.manaus.am.gov.br\/manauscult\/wp-json\/wp\/v2\/media?parent=4933"}],"wp:term":[{"taxonomy":"category","embeddable":true,"href":"https:\/\/www.manaus.am.gov.br\/manauscult\/wp-json\/wp\/v2\/categories?post=4933"},{"taxonomy":"post_tag","embeddable":true,"href":"https:\/\/www.manaus.am.gov.br\/manauscult\/wp-json\/wp\/v2\/tags?post=4933"}],"curies":[{"name":"wp","href":"https:\/\/api.w.org\/{rel}","templated":true}]}}