{"id":491,"date":"2023-06-05T17:01:21","date_gmt":"2023-06-05T21:01:21","guid":{"rendered":"https:\/\/www.manaus.am.gov.br\/manauscult\/esquenta-da-23a-parada-do-orgulho-lgbtqiapn-reune-cerca-de-6-mil-pessoas\/"},"modified":"2023-06-06T09:55:53","modified_gmt":"2023-06-06T13:55:53","slug":"esquenta-da-23a-parada-do-orgulho-lgbtqiapn-reune-cerca-de-6-mil-pessoas","status":"publish","type":"post","link":"https:\/\/www.manaus.am.gov.br\/manauscult\/esquenta-da-23a-parada-do-orgulho-lgbtqiapn-reune-cerca-de-6-mil-pessoas\/","title":{"rendered":"Esquenta da 23\u00aa Parada do Orgulho LGBTQIAPN+ re\u00fane cerca de 6 mil pessoas"},"content":{"rendered":"\n<p>O esquenta da 23\u00aa edi\u00e7\u00e3o da Parada do Orgulho LGBTQIAPN+, realizado neste domingo, 4\/6, na rua Jos\u00e9 Clemente, esquina com a avenida Eduardo Ribeiro, no Centro, zona Sul, com o apoio da Prefeitura de Manaus, por meio da Funda\u00e7\u00e3o Municipal de Cultura, Turismo e Eventos (Manauscult), reuniu cerca de seis mil pessoas. O evento teve o objetivo de promover o respeito \u00e0 diversidade e a inclus\u00e3o dessa popula\u00e7\u00e3o \u00e0 servi\u00e7os p\u00fablicos sem distin\u00e7\u00e3o e direitos b\u00e1sicos assegurados pela constitui\u00e7\u00e3o.<\/p>\n\n\n\n<p>Representando a Prefeitura de Manaus, o diretor-presidente da Manauscult, Osvaldo Cardoso, em seu discurso, destacou que a gest\u00e3o est\u00e1 trabalhando para que os direitos desse grupo de pessoas sejam respeitados.<\/p>\n\n\n\n<p>\u201cNo que se refere ao acesso \u00e0 cultura, aos apoios com servi\u00e7os e fomentos, eles podem ficar despreocupados e contar conosco. A ordem do prefeito David Almeida \u00e9 atender a todos, indistintamente e dentro da proporcionalidade\u201d, explicou Cardoso.<\/p>\n\n\n\n<p>O evento contou com uma programa\u00e7\u00e3o diversificada e embalou os apoiadores da causa presentes no local. Al\u00e9m das atra\u00e7\u00f5es musicais, o esquenta, tamb\u00e9m, promoveu o tradicional concurso para a escolha das personalidades da Parada LGBTQIAPN+ 2023. A mensagem de conscientiza\u00e7\u00e3o foi amplamente reverberada pela presidente e organizadora do evento, Bruna La Close.<\/p>\n\n\n\n<p>\u201cEste ano, a Parada do Orgulho LGBTQIAPN+, que acontecer\u00e1 no m\u00eas de agosto, pretende levar conscientiza\u00e7\u00e3o a respeito \u00e0 diversidade e inclus\u00e3o dessa popula\u00e7\u00e3o que sofre, diariamente, descrimina\u00e7\u00e3o e, em muitos casos, at\u00e9 tortura e assassinato. Isso n\u00e3o pode continuar acontecendo. \u00c9 inadmiss\u00edvel que a cultura do \u00f3dio siga sendo propagada amplamente. N\u00e3o podemos nos calar\u201d, concluiu Bruna La Close.<\/p>\n\n\n\n<p><strong>Parada do Orgulho LGBTQIAPN+<\/strong><\/p>\n\n\n\n<p>Programada para o m\u00eas de agosto de 2023, com o tema \u201cColorindo Manaus com as cores da Diversidade\u201d, a Parada do Orgulho LGBTQIAPN+ acontecer\u00e1 no Samb\u00f3dromo e contar\u00e1 com o apoio do Governo do Amazonas e da Prefeitura de Manaus, por meio da Manauscult, com os servi\u00e7os municipais da Matriz de Responsabilidade Integrada dos grandes eventos na cidade.&nbsp;<\/p>\n\n\n\n<p>&#8212; &#8212; &#8212;<\/p>\n\n\n\n<p><strong>Texto &#8211;&nbsp;<\/strong>Emanuelle Baires \/ Manauscult<\/p>\n\n\n\n<p><strong>Foto<\/strong> &#8211; Divulga\u00e7\u00e3o \/ Manauscult<\/p>\n","protected":false},"excerpt":{"rendered":"","protected":false},"author":39,"featured_media":492,"comment_status":"closed","ping_status":"closed","sticky":false,"template":"","format":"standard","meta":{"footnotes":""},"categories":[3],"tags":[23,148,149,9,11],"acf":[],"yoast_head":"<!-- This site is optimized with the Yoast SEO plugin v23.0 - https:\/\/yoast.com\/wordpress\/plugins\/seo\/ -->\n<title>Esquenta da 23\u00aa Parada do Orgulho LGBTQIAPN+ re\u00fane cerca de 6 mil pessoas<\/title>\n<meta name=\"robots\" content=\"noindex, follow\" \/>\n<meta property=\"og:locale\" content=\"pt_BR\" \/>\n<meta property=\"og:type\" content=\"article\" \/>\n<meta property=\"og:title\" content=\"Esquenta da 23\u00aa Parada do Orgulho LGBTQIAPN+ re\u00fane cerca de 6 mil pessoas\" \/>\n<meta property=\"og:url\" content=\"https:\/\/www.manaus.am.gov.br\/manauscult\/esquenta-da-23a-parada-do-orgulho-lgbtqiapn-reune-cerca-de-6-mil-pessoas\/\" \/>\n<meta property=\"og:site_name\" content=\"MANAUSCULT\" \/>\n<meta property=\"article:published_time\" content=\"2023-06-05T21:01:21+00:00\" \/>\n<meta property=\"article:modified_time\" content=\"2023-06-06T13:55:53+00:00\" \/>\n<meta property=\"og:image\" content=\"https:\/\/www.manaus.am.gov.br\/manauscult\/wp-content\/uploads\/sites\/11\/2023\/06\/Esquenta-da-23a-Parada-do-Orgulho-LGBTQIAPN.jpg\" \/>\n\t<meta property=\"og:image:width\" content=\"1600\" \/>\n\t<meta property=\"og:image:height\" content=\"1200\" \/>\n\t<meta property=\"og:image:type\" content=\"image\/jpeg\" \/>\n<meta name=\"author\" content=\"Bruna Greco\" \/>\n<meta name=\"twitter:card\" content=\"summary_large_image\" \/>\n<meta name=\"twitter:label1\" content=\"Written by\" \/>\n\t<meta name=\"twitter:data1\" content=\"Bruna Greco\" \/>\n\t<meta name=\"twitter:label2\" content=\"Est. reading time\" \/>\n\t<meta name=\"twitter:data2\" content=\"2 minutos\" \/>\n<script type=\"application\/ld+json\" class=\"yoast-schema-graph\">{\"@context\":\"https:\/\/schema.org\",\"@graph\":[{\"@type\":\"WebPage\",\"@id\":\"https:\/\/www.manaus.am.gov.br\/manauscult\/esquenta-da-23a-parada-do-orgulho-lgbtqiapn-reune-cerca-de-6-mil-pessoas\/\",\"url\":\"https:\/\/www.manaus.am.gov.br\/manauscult\/esquenta-da-23a-parada-do-orgulho-lgbtqiapn-reune-cerca-de-6-mil-pessoas\/\",\"name\":\"Esquenta da 23\u00aa Parada do Orgulho LGBTQIAPN+ re\u00fane cerca de 6 mil pessoas\",\"isPartOf\":{\"@id\":\"https:\/\/www.manaus.am.gov.br\/manauscult\/#website\"},\"primaryImageOfPage\":{\"@id\":\"https:\/\/www.manaus.am.gov.br\/manauscult\/esquenta-da-23a-parada-do-orgulho-lgbtqiapn-reune-cerca-de-6-mil-pessoas\/#primaryimage\"},\"image\":{\"@id\":\"https:\/\/www.manaus.am.gov.br\/manauscult\/esquenta-da-23a-parada-do-orgulho-lgbtqiapn-reune-cerca-de-6-mil-pessoas\/#primaryimage\"},\"thumbnailUrl\":\"https:\/\/www.manaus.am.gov.br\/manauscult\/wp-content\/uploads\/sites\/11\/2023\/06\/Esquenta-da-23a-Parada-do-Orgulho-LGBTQIAPN.jpg\",\"datePublished\":\"2023-06-05T21:01:21+00:00\",\"dateModified\":\"2023-06-06T13:55:53+00:00\",\"author\":{\"@id\":\"https:\/\/www.manaus.am.gov.br\/manauscult\/#\/schema\/person\/05d223aea2bf115f9883a6ff3683d81b\"},\"breadcrumb\":{\"@id\":\"https:\/\/www.manaus.am.gov.br\/manauscult\/esquenta-da-23a-parada-do-orgulho-lgbtqiapn-reune-cerca-de-6-mil-pessoas\/#breadcrumb\"},\"inLanguage\":\"pt-BR\",\"potentialAction\":[{\"@type\":\"ReadAction\",\"target\":[\"https:\/\/www.manaus.am.gov.br\/manauscult\/esquenta-da-23a-parada-do-orgulho-lgbtqiapn-reune-cerca-de-6-mil-pessoas\/\"]}]},{\"@type\":\"ImageObject\",\"inLanguage\":\"pt-BR\",\"@id\":\"https:\/\/www.manaus.am.gov.br\/manauscult\/esquenta-da-23a-parada-do-orgulho-lgbtqiapn-reune-cerca-de-6-mil-pessoas\/#primaryimage\",\"url\":\"https:\/\/www.manaus.am.gov.br\/manauscult\/wp-content\/uploads\/sites\/11\/2023\/06\/Esquenta-da-23a-Parada-do-Orgulho-LGBTQIAPN.jpg\",\"contentUrl\":\"https:\/\/www.manaus.am.gov.br\/manauscult\/wp-content\/uploads\/sites\/11\/2023\/06\/Esquenta-da-23a-Parada-do-Orgulho-LGBTQIAPN.jpg\",\"width\":1600,\"height\":1200},{\"@type\":\"BreadcrumbList\",\"@id\":\"https:\/\/www.manaus.am.gov.br\/manauscult\/esquenta-da-23a-parada-do-orgulho-lgbtqiapn-reune-cerca-de-6-mil-pessoas\/#breadcrumb\",\"itemListElement\":[{\"@type\":\"ListItem\",\"position\":1,\"name\":\"Home\",\"item\":\"https:\/\/www.manaus.am.gov.br\/manauscult\/\"},{\"@type\":\"ListItem\",\"position\":2,\"name\":\"Esquenta da 23\u00aa Parada do Orgulho LGBTQIAPN+ re\u00fane cerca de 6 mil pessoas\"}]},{\"@type\":\"WebSite\",\"@id\":\"https:\/\/www.manaus.am.gov.br\/manauscult\/#website\",\"url\":\"https:\/\/www.manaus.am.gov.br\/manauscult\/\",\"name\":\"MANAUSCULT\",\"description\":\"Prefeitura de Manaus\",\"potentialAction\":[{\"@type\":\"SearchAction\",\"target\":{\"@type\":\"EntryPoint\",\"urlTemplate\":\"https:\/\/www.manaus.am.gov.br\/manauscult\/?s={search_term_string}\"},\"query-input\":\"required name=search_term_string\"}],\"inLanguage\":\"pt-BR\"},{\"@type\":\"Person\",\"@id\":\"https:\/\/www.manaus.am.gov.br\/manauscult\/#\/schema\/person\/05d223aea2bf115f9883a6ff3683d81b\",\"name\":\"Bruna Greco\",\"image\":{\"@type\":\"ImageObject\",\"inLanguage\":\"pt-BR\",\"@id\":\"https:\/\/www.manaus.am.gov.br\/manauscult\/#\/schema\/person\/image\/\",\"url\":\"https:\/\/secure.gravatar.com\/avatar\/9c877d1a6adc2a055330e5c09a8653ce?s=96&d=mm&r=g\",\"contentUrl\":\"https:\/\/secure.gravatar.com\/avatar\/9c877d1a6adc2a055330e5c09a8653ce?s=96&d=mm&r=g\",\"caption\":\"Bruna Greco\"}}]}<\/script>\n<!-- \/ Yoast SEO plugin. -->","yoast_head_json":{"title":"Esquenta da 23\u00aa Parada do Orgulho LGBTQIAPN+ re\u00fane cerca de 6 mil pessoas","robots":{"index":"noindex","follow":"follow"},"og_locale":"pt_BR","og_type":"article","og_title":"Esquenta da 23\u00aa Parada do Orgulho LGBTQIAPN+ re\u00fane cerca de 6 mil pessoas","og_url":"https:\/\/www.manaus.am.gov.br\/manauscult\/esquenta-da-23a-parada-do-orgulho-lgbtqiapn-reune-cerca-de-6-mil-pessoas\/","og_site_name":"MANAUSCULT","article_published_time":"2023-06-05T21:01:21+00:00","article_modified_time":"2023-06-06T13:55:53+00:00","og_image":[{"width":1600,"height":1200,"url":"https:\/\/www.manaus.am.gov.br\/manauscult\/wp-content\/uploads\/sites\/11\/2023\/06\/Esquenta-da-23a-Parada-do-Orgulho-LGBTQIAPN.jpg","type":"image\/jpeg"}],"author":"Bruna Greco","twitter_card":"summary_large_image","twitter_misc":{"Written by":"Bruna Greco","Est. reading time":"2 minutos"},"schema":{"@context":"https:\/\/schema.org","@graph":[{"@type":"WebPage","@id":"https:\/\/www.manaus.am.gov.br\/manauscult\/esquenta-da-23a-parada-do-orgulho-lgbtqiapn-reune-cerca-de-6-mil-pessoas\/","url":"https:\/\/www.manaus.am.gov.br\/manauscult\/esquenta-da-23a-parada-do-orgulho-lgbtqiapn-reune-cerca-de-6-mil-pessoas\/","name":"Esquenta da 23\u00aa Parada do Orgulho LGBTQIAPN+ re\u00fane cerca de 6 mil pessoas","isPartOf":{"@id":"https:\/\/www.manaus.am.gov.br\/manauscult\/#website"},"primaryImageOfPage":{"@id":"https:\/\/www.manaus.am.gov.br\/manauscult\/esquenta-da-23a-parada-do-orgulho-lgbtqiapn-reune-cerca-de-6-mil-pessoas\/#primaryimage"},"image":{"@id":"https:\/\/www.manaus.am.gov.br\/manauscult\/esquenta-da-23a-parada-do-orgulho-lgbtqiapn-reune-cerca-de-6-mil-pessoas\/#primaryimage"},"thumbnailUrl":"https:\/\/www.manaus.am.gov.br\/manauscult\/wp-content\/uploads\/sites\/11\/2023\/06\/Esquenta-da-23a-Parada-do-Orgulho-LGBTQIAPN.jpg","datePublished":"2023-06-05T21:01:21+00:00","dateModified":"2023-06-06T13:55:53+00:00","author":{"@id":"https:\/\/www.manaus.am.gov.br\/manauscult\/#\/schema\/person\/05d223aea2bf115f9883a6ff3683d81b"},"breadcrumb":{"@id":"https:\/\/www.manaus.am.gov.br\/manauscult\/esquenta-da-23a-parada-do-orgulho-lgbtqiapn-reune-cerca-de-6-mil-pessoas\/#breadcrumb"},"inLanguage":"pt-BR","potentialAction":[{"@type":"ReadAction","target":["https:\/\/www.manaus.am.gov.br\/manauscult\/esquenta-da-23a-parada-do-orgulho-lgbtqiapn-reune-cerca-de-6-mil-pessoas\/"]}]},{"@type":"ImageObject","inLanguage":"pt-BR","@id":"https:\/\/www.manaus.am.gov.br\/manauscult\/esquenta-da-23a-parada-do-orgulho-lgbtqiapn-reune-cerca-de-6-mil-pessoas\/#primaryimage","url":"https:\/\/www.manaus.am.gov.br\/manauscult\/wp-content\/uploads\/sites\/11\/2023\/06\/Esquenta-da-23a-Parada-do-Orgulho-LGBTQIAPN.jpg","contentUrl":"https:\/\/www.manaus.am.gov.br\/manauscult\/wp-content\/uploads\/sites\/11\/2023\/06\/Esquenta-da-23a-Parada-do-Orgulho-LGBTQIAPN.jpg","width":1600,"height":1200},{"@type":"BreadcrumbList","@id":"https:\/\/www.manaus.am.gov.br\/manauscult\/esquenta-da-23a-parada-do-orgulho-lgbtqiapn-reune-cerca-de-6-mil-pessoas\/#breadcrumb","itemListElement":[{"@type":"ListItem","position":1,"name":"Home","item":"https:\/\/www.manaus.am.gov.br\/manauscult\/"},{"@type":"ListItem","position":2,"name":"Esquenta da 23\u00aa Parada do Orgulho LGBTQIAPN+ re\u00fane cerca de 6 mil pessoas"}]},{"@type":"WebSite","@id":"https:\/\/www.manaus.am.gov.br\/manauscult\/#website","url":"https:\/\/www.manaus.am.gov.br\/manauscult\/","name":"MANAUSCULT","description":"Prefeitura de Manaus","potentialAction":[{"@type":"SearchAction","target":{"@type":"EntryPoint","urlTemplate":"https:\/\/www.manaus.am.gov.br\/manauscult\/?s={search_term_string}"},"query-input":"required name=search_term_string"}],"inLanguage":"pt-BR"},{"@type":"Person","@id":"https:\/\/www.manaus.am.gov.br\/manauscult\/#\/schema\/person\/05d223aea2bf115f9883a6ff3683d81b","name":"Bruna Greco","image":{"@type":"ImageObject","inLanguage":"pt-BR","@id":"https:\/\/www.manaus.am.gov.br\/manauscult\/#\/schema\/person\/image\/","url":"https:\/\/secure.gravatar.com\/avatar\/9c877d1a6adc2a055330e5c09a8653ce?s=96&d=mm&r=g","contentUrl":"https:\/\/secure.gravatar.com\/avatar\/9c877d1a6adc2a055330e5c09a8653ce?s=96&d=mm&r=g","caption":"Bruna Greco"}}]}},"_links":{"self":[{"href":"https:\/\/www.manaus.am.gov.br\/manauscult\/wp-json\/wp\/v2\/posts\/491"}],"collection":[{"href":"https:\/\/www.manaus.am.gov.br\/manauscult\/wp-json\/wp\/v2\/posts"}],"about":[{"href":"https:\/\/www.manaus.am.gov.br\/manauscult\/wp-json\/wp\/v2\/types\/post"}],"author":[{"embeddable":true,"href":"https:\/\/www.manaus.am.gov.br\/manauscult\/wp-json\/wp\/v2\/users\/39"}],"replies":[{"embeddable":true,"href":"https:\/\/www.manaus.am.gov.br\/manauscult\/wp-json\/wp\/v2\/comments?post=491"}],"version-history":[{"count":1,"href":"https:\/\/www.manaus.am.gov.br\/manauscult\/wp-json\/wp\/v2\/posts\/491\/revisions"}],"predecessor-version":[{"id":495,"href":"https:\/\/www.manaus.am.gov.br\/manauscult\/wp-json\/wp\/v2\/posts\/491\/revisions\/495"}],"wp:featuredmedia":[{"embeddable":true,"href":"https:\/\/www.manaus.am.gov.br\/manauscult\/wp-json\/wp\/v2\/media\/492"}],"wp:attachment":[{"href":"https:\/\/www.manaus.am.gov.br\/manauscult\/wp-json\/wp\/v2\/media?parent=491"}],"wp:term":[{"taxonomy":"category","embeddable":true,"href":"https:\/\/www.manaus.am.gov.br\/manauscult\/wp-json\/wp\/v2\/categories?post=491"},{"taxonomy":"post_tag","embeddable":true,"href":"https:\/\/www.manaus.am.gov.br\/manauscult\/wp-json\/wp\/v2\/tags?post=491"}],"curies":[{"name":"wp","href":"https:\/\/api.w.org\/{rel}","templated":true}]}}