{"id":489,"date":"2023-06-02T21:23:58","date_gmt":"2023-06-03T01:23:58","guid":{"rendered":"https:\/\/www.manaus.am.gov.br\/manauscult\/prefeitura-de-manaus-divulga-resultado-preliminar-de-apoio-aos-festivais-folcloricos-nos-bairros\/"},"modified":"2023-06-06T09:55:59","modified_gmt":"2023-06-06T13:55:59","slug":"prefeitura-de-manaus-divulga-resultado-preliminar-de-apoio-aos-festivais-folcloricos-nos-bairros","status":"publish","type":"post","link":"https:\/\/www.manaus.am.gov.br\/manauscult\/prefeitura-de-manaus-divulga-resultado-preliminar-de-apoio-aos-festivais-folcloricos-nos-bairros\/","title":{"rendered":"Prefeitura de Manaus divulga resultado preliminar de apoio aos Festivais Folcl\u00f3ricos nos Bairros"},"content":{"rendered":"\n<p>A Prefeitura de Manaus, por meio da Funda\u00e7\u00e3o Municipal de Cultura, Turismo e Eventos (Manauscult), divulgou, nesta sexta-feira, 2\/6, o resultado preliminar de apoio aos Festivais Folcl\u00f3ricos nos Bairros. A publica\u00e7\u00e3o consta na edi\u00e7\u00e3o 5.598, do Di\u00e1rio Oficial do Munic\u00edpio (DOM) do dia 1\u00b0 de junho.&nbsp; Das 40&nbsp;propostas recebidas, 20 foram habilitadas e seguem no processo, 11 foram inabilitadas e nove desclassificadas por n\u00e3o apresentarem documentos no formato solicitado no edital. Os recursos poder\u00e3o ser apresentados at\u00e9 o pr\u00f3ximo dia 7.<\/p>\n\n\n\n<p>O resultado preliminar tamb\u00e9m pode ser consultado no link&nbsp;<a href=\"https:\/\/bit.ly\/FestivalFolcloriconosBairros\" target=\"_blank\" rel=\"noreferrer noopener\">https:\/\/bit.ly\/FestivalFolcloriconosBairros<\/a>.&nbsp;Pelo Edital de Chamada P\u00fablica n\u00ba 005\/2023 at\u00e9 60 propostas poderiam concorrer ao apoio de servi\u00e7os de sonoriza\u00e7\u00e3o, ilumina\u00e7\u00e3o, palco e banheiro qu\u00edmicos, durantes os festivais folcl\u00f3ricos, arraias, quermesses e demais eventos que ocorrer\u00e3o por ocasi\u00e3o do per\u00edodo das festividades folcl\u00f3ricas.<\/p>\n\n\n\n<p>De acordo com o diretor-presidente da Manauscult, Osvaldo Cardoso, retomar o apoio aos Festivais Folcl\u00f3ricos dos Bairros em 2023 foi determina\u00e7\u00e3o do prefeito David Almeida.<\/p>\n\n\n\n<p>\u201cFizemos um ajuste financeiro nas contas da Manauscult, o que possibilitou a reserva dos recursos necess\u00e1rios para a retomada dos eventos juninos nos bairros de Manaus, como determinou o prefeito\u201d, disse.<\/p>\n\n\n\n<p>Os eventos dever\u00e3o ser realizados de junho at\u00e9 agosto de 2023.&nbsp;Os recursos devem ser entregues das 8h \u00e0s 17h, no Protocolo da Manauscult, localizado na&nbsp;<a href=\"https:\/\/www.google.com\/maps\/search\/avenida%0D%0A7+de+Setembro,+377,+Centro?entry=gmail&amp;source=g\" target=\"_blank\" rel=\"noreferrer noopener\">avenida 7 de Setembro, 377, Centro<\/a>.&nbsp;J\u00e1 o resultado final est\u00e1 previsto para ser divulgado no dia 13 de junho.<\/p>\n\n\n\n<p><strong>Hist\u00f3rico<\/strong><\/p>\n\n\n\n<p>O Festival Folcl\u00f3rico do Amazonas teve seu in\u00edcio em 21 de junho de 1957, no campo do Quartel 27\u00ba Batalh\u00e3o de Ca\u00e7adores, est\u00e1dio General Os\u00f3rio, em Manaus, com fomento concedido pela Prefeitura de Manaus, em parceria com o Governo do Amazonas. Quanto aos Festivais Folcl\u00f3ricos dos Bairros, eles aconteciam esporadicamente, quando solicitado apoio atrav\u00e9s de of\u00edcios, desde 1960.<\/p>\n\n\n\n<p>Somente em 2016, \u00e9 que o Festival Folcl\u00f3rico dos Bairros ficou assegurado por meio de editais. Suspenso desde 2019, este ano, os organizadores poder\u00e3o contar com apoio com servi\u00e7os de sonoriza\u00e7\u00e3o, ilumina\u00e7\u00e3o, palco e banheiros qu\u00edmicos para a realiza\u00e7\u00e3o das festividades nos bairros, que conta com v\u00e1rias atra\u00e7\u00f5es, dentre elas, apresenta\u00e7\u00f5es de cirandas, dan\u00e7as nordestinas, quadrilhas e apresenta\u00e7\u00e3o de tribos.<\/p>\n\n\n\n<p>&#8212; &#8212; &#8212;<\/p>\n\n\n\n<p><strong>Texto<\/strong>&nbsp;&#8211; Emanuelle Baires \/ Manauscult<\/p>\n\n\n\n<p><strong>Foto<\/strong>&nbsp;&#8211; Divulga\u00e7\u00e3o \/ Manauscult<\/p>\n","protected":false},"excerpt":{"rendered":"","protected":false},"author":31,"featured_media":490,"comment_status":"closed","ping_status":"closed","sticky":false,"template":"","format":"standard","meta":{"footnotes":""},"categories":[12],"tags":[23,41,146,147],"acf":[],"yoast_head":"<!-- This site is optimized with the Yoast SEO plugin v23.0 - https:\/\/yoast.com\/wordpress\/plugins\/seo\/ -->\n<title>Prefeitura de Manaus divulga resultado preliminar de apoio aos Festivais Folcl\u00f3ricos nos Bairros - MANAUSCULT<\/title>\n<meta name=\"robots\" content=\"noindex, follow\" \/>\n<meta property=\"og:locale\" content=\"pt_BR\" \/>\n<meta property=\"og:type\" content=\"article\" \/>\n<meta property=\"og:title\" content=\"Prefeitura de Manaus divulga resultado preliminar de apoio aos Festivais Folcl\u00f3ricos nos Bairros - MANAUSCULT\" \/>\n<meta property=\"og:url\" content=\"https:\/\/www.manaus.am.gov.br\/manauscult\/prefeitura-de-manaus-divulga-resultado-preliminar-de-apoio-aos-festivais-folcloricos-nos-bairros\/\" \/>\n<meta property=\"og:site_name\" content=\"MANAUSCULT\" \/>\n<meta property=\"article:published_time\" content=\"2023-06-03T01:23:58+00:00\" \/>\n<meta property=\"article:modified_time\" content=\"2023-06-06T13:55:59+00:00\" \/>\n<meta property=\"og:image\" content=\"https:\/\/www.manaus.am.gov.br\/manauscult\/wp-content\/uploads\/sites\/11\/2023\/06\/28608427853_f81fccac7a_h.jpg\" \/>\n\t<meta property=\"og:image:width\" content=\"1600\" \/>\n\t<meta property=\"og:image:height\" content=\"1060\" \/>\n\t<meta property=\"og:image:type\" content=\"image\/jpeg\" \/>\n<meta name=\"author\" content=\"Renata Felix\" \/>\n<meta name=\"twitter:card\" content=\"summary_large_image\" \/>\n<meta name=\"twitter:label1\" content=\"Written by\" \/>\n\t<meta name=\"twitter:data1\" content=\"Renata Felix\" \/>\n\t<meta name=\"twitter:label2\" content=\"Est. reading time\" \/>\n\t<meta name=\"twitter:data2\" content=\"3 minutos\" \/>\n<script type=\"application\/ld+json\" class=\"yoast-schema-graph\">{\"@context\":\"https:\/\/schema.org\",\"@graph\":[{\"@type\":\"WebPage\",\"@id\":\"https:\/\/www.manaus.am.gov.br\/manauscult\/prefeitura-de-manaus-divulga-resultado-preliminar-de-apoio-aos-festivais-folcloricos-nos-bairros\/\",\"url\":\"https:\/\/www.manaus.am.gov.br\/manauscult\/prefeitura-de-manaus-divulga-resultado-preliminar-de-apoio-aos-festivais-folcloricos-nos-bairros\/\",\"name\":\"Prefeitura de Manaus divulga resultado preliminar de apoio aos Festivais Folcl\u00f3ricos nos Bairros - MANAUSCULT\",\"isPartOf\":{\"@id\":\"https:\/\/www.manaus.am.gov.br\/manauscult\/#website\"},\"primaryImageOfPage\":{\"@id\":\"https:\/\/www.manaus.am.gov.br\/manauscult\/prefeitura-de-manaus-divulga-resultado-preliminar-de-apoio-aos-festivais-folcloricos-nos-bairros\/#primaryimage\"},\"image\":{\"@id\":\"https:\/\/www.manaus.am.gov.br\/manauscult\/prefeitura-de-manaus-divulga-resultado-preliminar-de-apoio-aos-festivais-folcloricos-nos-bairros\/#primaryimage\"},\"thumbnailUrl\":\"https:\/\/www.manaus.am.gov.br\/manauscult\/wp-content\/uploads\/sites\/11\/2023\/06\/28608427853_f81fccac7a_h.jpg\",\"datePublished\":\"2023-06-03T01:23:58+00:00\",\"dateModified\":\"2023-06-06T13:55:59+00:00\",\"author\":{\"@id\":\"https:\/\/www.manaus.am.gov.br\/manauscult\/#\/schema\/person\/4eea2a8f78dc853097abb026f728aa06\"},\"breadcrumb\":{\"@id\":\"https:\/\/www.manaus.am.gov.br\/manauscult\/prefeitura-de-manaus-divulga-resultado-preliminar-de-apoio-aos-festivais-folcloricos-nos-bairros\/#breadcrumb\"},\"inLanguage\":\"pt-BR\",\"potentialAction\":[{\"@type\":\"ReadAction\",\"target\":[\"https:\/\/www.manaus.am.gov.br\/manauscult\/prefeitura-de-manaus-divulga-resultado-preliminar-de-apoio-aos-festivais-folcloricos-nos-bairros\/\"]}]},{\"@type\":\"ImageObject\",\"inLanguage\":\"pt-BR\",\"@id\":\"https:\/\/www.manaus.am.gov.br\/manauscult\/prefeitura-de-manaus-divulga-resultado-preliminar-de-apoio-aos-festivais-folcloricos-nos-bairros\/#primaryimage\",\"url\":\"https:\/\/www.manaus.am.gov.br\/manauscult\/wp-content\/uploads\/sites\/11\/2023\/06\/28608427853_f81fccac7a_h.jpg\",\"contentUrl\":\"https:\/\/www.manaus.am.gov.br\/manauscult\/wp-content\/uploads\/sites\/11\/2023\/06\/28608427853_f81fccac7a_h.jpg\",\"width\":1600,\"height\":1060},{\"@type\":\"BreadcrumbList\",\"@id\":\"https:\/\/www.manaus.am.gov.br\/manauscult\/prefeitura-de-manaus-divulga-resultado-preliminar-de-apoio-aos-festivais-folcloricos-nos-bairros\/#breadcrumb\",\"itemListElement\":[{\"@type\":\"ListItem\",\"position\":1,\"name\":\"Home\",\"item\":\"https:\/\/www.manaus.am.gov.br\/manauscult\/\"},{\"@type\":\"ListItem\",\"position\":2,\"name\":\"Prefeitura de Manaus divulga resultado preliminar de apoio aos Festivais Folcl\u00f3ricos nos Bairros\"}]},{\"@type\":\"WebSite\",\"@id\":\"https:\/\/www.manaus.am.gov.br\/manauscult\/#website\",\"url\":\"https:\/\/www.manaus.am.gov.br\/manauscult\/\",\"name\":\"MANAUSCULT\",\"description\":\"Prefeitura de Manaus\",\"potentialAction\":[{\"@type\":\"SearchAction\",\"target\":{\"@type\":\"EntryPoint\",\"urlTemplate\":\"https:\/\/www.manaus.am.gov.br\/manauscult\/?s={search_term_string}\"},\"query-input\":\"required name=search_term_string\"}],\"inLanguage\":\"pt-BR\"},{\"@type\":\"Person\",\"@id\":\"https:\/\/www.manaus.am.gov.br\/manauscult\/#\/schema\/person\/4eea2a8f78dc853097abb026f728aa06\",\"name\":\"Renata Felix\",\"image\":{\"@type\":\"ImageObject\",\"inLanguage\":\"pt-BR\",\"@id\":\"https:\/\/www.manaus.am.gov.br\/manauscult\/#\/schema\/person\/image\/\",\"url\":\"https:\/\/secure.gravatar.com\/avatar\/3c196cf9d3b837b24c8edb2c50fd8f29?s=96&d=mm&r=g\",\"contentUrl\":\"https:\/\/secure.gravatar.com\/avatar\/3c196cf9d3b837b24c8edb2c50fd8f29?s=96&d=mm&r=g\",\"caption\":\"Renata Felix\"}}]}<\/script>\n<!-- \/ Yoast SEO plugin. -->","yoast_head_json":{"title":"Prefeitura de Manaus divulga resultado preliminar de apoio aos Festivais Folcl\u00f3ricos nos Bairros - MANAUSCULT","robots":{"index":"noindex","follow":"follow"},"og_locale":"pt_BR","og_type":"article","og_title":"Prefeitura de Manaus divulga resultado preliminar de apoio aos Festivais Folcl\u00f3ricos nos Bairros - MANAUSCULT","og_url":"https:\/\/www.manaus.am.gov.br\/manauscult\/prefeitura-de-manaus-divulga-resultado-preliminar-de-apoio-aos-festivais-folcloricos-nos-bairros\/","og_site_name":"MANAUSCULT","article_published_time":"2023-06-03T01:23:58+00:00","article_modified_time":"2023-06-06T13:55:59+00:00","og_image":[{"width":1600,"height":1060,"url":"https:\/\/www.manaus.am.gov.br\/manauscult\/wp-content\/uploads\/sites\/11\/2023\/06\/28608427853_f81fccac7a_h.jpg","type":"image\/jpeg"}],"author":"Renata Felix","twitter_card":"summary_large_image","twitter_misc":{"Written by":"Renata Felix","Est. reading time":"3 minutos"},"schema":{"@context":"https:\/\/schema.org","@graph":[{"@type":"WebPage","@id":"https:\/\/www.manaus.am.gov.br\/manauscult\/prefeitura-de-manaus-divulga-resultado-preliminar-de-apoio-aos-festivais-folcloricos-nos-bairros\/","url":"https:\/\/www.manaus.am.gov.br\/manauscult\/prefeitura-de-manaus-divulga-resultado-preliminar-de-apoio-aos-festivais-folcloricos-nos-bairros\/","name":"Prefeitura de Manaus divulga resultado preliminar de apoio aos Festivais Folcl\u00f3ricos nos Bairros - MANAUSCULT","isPartOf":{"@id":"https:\/\/www.manaus.am.gov.br\/manauscult\/#website"},"primaryImageOfPage":{"@id":"https:\/\/www.manaus.am.gov.br\/manauscult\/prefeitura-de-manaus-divulga-resultado-preliminar-de-apoio-aos-festivais-folcloricos-nos-bairros\/#primaryimage"},"image":{"@id":"https:\/\/www.manaus.am.gov.br\/manauscult\/prefeitura-de-manaus-divulga-resultado-preliminar-de-apoio-aos-festivais-folcloricos-nos-bairros\/#primaryimage"},"thumbnailUrl":"https:\/\/www.manaus.am.gov.br\/manauscult\/wp-content\/uploads\/sites\/11\/2023\/06\/28608427853_f81fccac7a_h.jpg","datePublished":"2023-06-03T01:23:58+00:00","dateModified":"2023-06-06T13:55:59+00:00","author":{"@id":"https:\/\/www.manaus.am.gov.br\/manauscult\/#\/schema\/person\/4eea2a8f78dc853097abb026f728aa06"},"breadcrumb":{"@id":"https:\/\/www.manaus.am.gov.br\/manauscult\/prefeitura-de-manaus-divulga-resultado-preliminar-de-apoio-aos-festivais-folcloricos-nos-bairros\/#breadcrumb"},"inLanguage":"pt-BR","potentialAction":[{"@type":"ReadAction","target":["https:\/\/www.manaus.am.gov.br\/manauscult\/prefeitura-de-manaus-divulga-resultado-preliminar-de-apoio-aos-festivais-folcloricos-nos-bairros\/"]}]},{"@type":"ImageObject","inLanguage":"pt-BR","@id":"https:\/\/www.manaus.am.gov.br\/manauscult\/prefeitura-de-manaus-divulga-resultado-preliminar-de-apoio-aos-festivais-folcloricos-nos-bairros\/#primaryimage","url":"https:\/\/www.manaus.am.gov.br\/manauscult\/wp-content\/uploads\/sites\/11\/2023\/06\/28608427853_f81fccac7a_h.jpg","contentUrl":"https:\/\/www.manaus.am.gov.br\/manauscult\/wp-content\/uploads\/sites\/11\/2023\/06\/28608427853_f81fccac7a_h.jpg","width":1600,"height":1060},{"@type":"BreadcrumbList","@id":"https:\/\/www.manaus.am.gov.br\/manauscult\/prefeitura-de-manaus-divulga-resultado-preliminar-de-apoio-aos-festivais-folcloricos-nos-bairros\/#breadcrumb","itemListElement":[{"@type":"ListItem","position":1,"name":"Home","item":"https:\/\/www.manaus.am.gov.br\/manauscult\/"},{"@type":"ListItem","position":2,"name":"Prefeitura de Manaus divulga resultado preliminar de apoio aos Festivais Folcl\u00f3ricos nos Bairros"}]},{"@type":"WebSite","@id":"https:\/\/www.manaus.am.gov.br\/manauscult\/#website","url":"https:\/\/www.manaus.am.gov.br\/manauscult\/","name":"MANAUSCULT","description":"Prefeitura de Manaus","potentialAction":[{"@type":"SearchAction","target":{"@type":"EntryPoint","urlTemplate":"https:\/\/www.manaus.am.gov.br\/manauscult\/?s={search_term_string}"},"query-input":"required name=search_term_string"}],"inLanguage":"pt-BR"},{"@type":"Person","@id":"https:\/\/www.manaus.am.gov.br\/manauscult\/#\/schema\/person\/4eea2a8f78dc853097abb026f728aa06","name":"Renata Felix","image":{"@type":"ImageObject","inLanguage":"pt-BR","@id":"https:\/\/www.manaus.am.gov.br\/manauscult\/#\/schema\/person\/image\/","url":"https:\/\/secure.gravatar.com\/avatar\/3c196cf9d3b837b24c8edb2c50fd8f29?s=96&d=mm&r=g","contentUrl":"https:\/\/secure.gravatar.com\/avatar\/3c196cf9d3b837b24c8edb2c50fd8f29?s=96&d=mm&r=g","caption":"Renata Felix"}}]}},"_links":{"self":[{"href":"https:\/\/www.manaus.am.gov.br\/manauscult\/wp-json\/wp\/v2\/posts\/489"}],"collection":[{"href":"https:\/\/www.manaus.am.gov.br\/manauscult\/wp-json\/wp\/v2\/posts"}],"about":[{"href":"https:\/\/www.manaus.am.gov.br\/manauscult\/wp-json\/wp\/v2\/types\/post"}],"author":[{"embeddable":true,"href":"https:\/\/www.manaus.am.gov.br\/manauscult\/wp-json\/wp\/v2\/users\/31"}],"replies":[{"embeddable":true,"href":"https:\/\/www.manaus.am.gov.br\/manauscult\/wp-json\/wp\/v2\/comments?post=489"}],"version-history":[{"count":1,"href":"https:\/\/www.manaus.am.gov.br\/manauscult\/wp-json\/wp\/v2\/posts\/489\/revisions"}],"predecessor-version":[{"id":496,"href":"https:\/\/www.manaus.am.gov.br\/manauscult\/wp-json\/wp\/v2\/posts\/489\/revisions\/496"}],"wp:featuredmedia":[{"embeddable":true,"href":"https:\/\/www.manaus.am.gov.br\/manauscult\/wp-json\/wp\/v2\/media\/490"}],"wp:attachment":[{"href":"https:\/\/www.manaus.am.gov.br\/manauscult\/wp-json\/wp\/v2\/media?parent=489"}],"wp:term":[{"taxonomy":"category","embeddable":true,"href":"https:\/\/www.manaus.am.gov.br\/manauscult\/wp-json\/wp\/v2\/categories?post=489"},{"taxonomy":"post_tag","embeddable":true,"href":"https:\/\/www.manaus.am.gov.br\/manauscult\/wp-json\/wp\/v2\/tags?post=489"}],"curies":[{"name":"wp","href":"https:\/\/api.w.org\/{rel}","templated":true}]}}