{"id":4878,"date":"2025-10-24T01:55:04","date_gmt":"2025-10-24T05:55:04","guid":{"rendered":"https:\/\/www.manaus.am.gov.br\/manauscult\/celebracao-aniversario-manaus\/"},"modified":"2025-10-24T01:55:06","modified_gmt":"2025-10-24T05:55:06","slug":"celebracao-aniversario-manaus","status":"publish","type":"post","link":"https:\/\/www.manaus.am.gov.br\/manauscult\/celebracao-aniversario-manaus\/","title":{"rendered":"Manaus celebra 356 anos com shows de Nadson, o Ferinha e Klessinha da Seresta"},"content":{"rendered":"\n<p>Manaus celebrou seus 356 anos com o ritmo seresteiro de Klessinha e ao som de Nadson, o Ferinha. As duas atra\u00e7\u00f5es nacionais embalaram uma multid\u00e3o de f\u00e3s na alameda Alphaville, entre os bairros Novo Aleixo e Tancredo Neves, localizados, respectivamente, nas zonas Norte e Leste da cidade. As apresenta\u00e7\u00f5es come\u00e7aram ainda na noite de quinta-feira, 23\/10, e entraram nas primeiras horas desta sexta-feira, 24. Artistas regionais como Guto Lima e o &#8220;Pagode do Mikael&#8221; completaram a festa organizada pela Prefeitura de Manaus, por meio da Funda\u00e7\u00e3o Municipal de Cultura, Turismo e Eventos (ManausCult).<\/p>\n\n\n\n<p>No evento, o prefeito de Manaus, David Almeida, destacou que os manauaras merecem receber uma grande e bela festa.<\/p>\n\n\n\n<p>&#8220;Manaus \u00e9 a s\u00e9tima maior cidade do Brasil. \u00c9 um lugar que acolhe as pessoas, que tem crescido bastante. N\u00f3s celebramos mais um anivers\u00e1rio da cidade com uma programa\u00e7\u00e3o muito diversificada&#8221;, apontou o chefe do Executivo municipal.<\/p>\n\n\n\n<p>O diretor-presidente da ManausCult, Jender Lobato, destacou que mais um evento foi realizado de forma planejada e organizada.<\/p>\n\n\n\n<p>&#8220;Uma festa maravilhosa e que ficamos muito felizes de entregar \u00e0 popula\u00e7\u00e3o. \u00c9 uma celebra\u00e7\u00e3o segura, que conta com toda infraestrutura adequada&#8221;, disse.<\/p>\n\n\n\n<p>A festa do 356\u00b0 anivers\u00e1rio de Manaus mobilizou a participa\u00e7\u00e3o coordenada e integrada de diferentes secretarias da gest\u00e3o municipal, sob a condu\u00e7\u00e3o do Centro de Coopera\u00e7\u00e3o da Cidade (CCC). O superintendente do \u00f3rg\u00e3o, Sandro Diz, ressaltou que o evento ocorreu de forma ordeira e segura para todo o p\u00fablico presente.<\/p>\n\n\n\n<p>&#8220;N\u00f3s estamos aqui com um colegiado especial presente. \u00c9 um evento 100% seguro. O povo aqui da zona Leste sempre foi muito ordeiro. O povo vem brincar, se divertir e vai para casa feliz&#8221;, falou.<\/p>\n\n\n\n<p><strong>Aparato log\u00edstico<\/strong><\/p>\n\n\n\n<p>A seguran\u00e7a foi garantida com a presen\u00e7a de mais de 130 guardas municipais, al\u00e9m de seguran\u00e7as privados e com o apoio que ultrapassou o n\u00famero de 200 policiais militares e 30 bombeiros.&nbsp; Um total de 40 agentes do Instituto Municipal de Mobilidade Urbana (IMMU) e 14 linhas de \u00f4nibus circularam ao redor da alameda para assegurar a log\u00edstica vi\u00e1ria e o transporte p\u00fablico.<\/p>\n\n\n\n<p><strong>Apresenta\u00e7\u00f5es<\/strong><\/p>\n\n\n\n<p>Primeira atra\u00e7\u00e3o nacional a subir no palco, o cantor e compositor Nadson, o Ferinha levou can\u00e7\u00f5es cl\u00e1ssicas do seu repert\u00f3rio, entre as quais, &#8220;Posta A\u00ed&#8221;, &#8220;Sete Bilh\u00f5es&#8221; e &#8220;Sinal&#8221;. O artista falou da alegria em participar das comemora\u00e7\u00f5es pelo anivers\u00e1rio de Manaus.<\/p>\n\n\n\n<p>&#8220;\u00c9 muito bom estar aqui mais uma vez nesse lugar maravilhoso que \u00e9 Manaus. E vamos subir no palco e levar muito arrocha, muita m\u00fasica para todo esse povo&#8221;, garantiu.<\/p>\n\n\n\n<p>Em seu show, Klessinha da Seresta fez o p\u00fablico cantar do come\u00e7o ao fim as melodias de &#8220;Um Ex Amor&#8221; e &#8220;S\u00f3 Eu Te Amei&#8221;, entre tantas outras m\u00fasicas da sua carreira. Ela deixou um recado especial para os f\u00e3s. &#8220;Eu amo voc\u00eas, manauaras. Muito obrigada por tornar um sonho, que eu achava distante, realidade. Obrigada a todos do Amazonas, essa terra querida&#8221;, agradeceu.<\/p>\n\n\n\n<p>No palco, um dos representantes do talento regional foi o cantor Guto Lima. Ele compartilhou a emo\u00e7\u00e3o de cantar no anivers\u00e1rio de Manaus. &#8220;Esse \u00e9 um dos grandes eventos. N\u00e3o \u00e9 para qualquer um. Eu fico muito feliz. Cantar para esse povo maravilhoso \u00e9 uma honra&#8221;, concluiu.<\/p>\n\n\n\n<p>Quem chegou cedo e garantiu lugar na primeira fileira foi a Valqu\u00edria Nascimento, que comentou a import\u00e2ncia de levar artistas regionais e nacionais para as duas zonas mais populosas da capital amazonense.<\/p>\n\n\n\n<p>&#8220;\u00c9 muito bom ver o Nadson aqui de perto, aqui na zona Leste. E facilita muito, pois n\u00e3o \u00e9 preciso que a popula\u00e7\u00e3o saia da zona Leste at\u00e9 o samb\u00f3dromo para ver um show&#8221;, relatou.<\/p>\n\n\n\n<p>A promotora de vendas Erica Lima j\u00e1 estava empolgada antes mesmo de come\u00e7ar os shows. &#8220;Eu vim para ver todos os artistas. Todos os shows. Vou curtir, porque a vida n\u00e3o \u00e9 s\u00f3 trabalho&#8221;, disse.<\/p>\n\n\n\n<p>Os shows movimentaram a economia local da regi\u00e3o com a venda de produtos personalizados dos artistas e itens de alimenta\u00e7\u00e3o e bebida. Rodrigo In\u00e1cio aproveitou as vendas para tirar um lucro extra no fim do m\u00eas. &#8220;A expectativa \u00e9 sempre boa, traz oportunidade de renda extra e estamos esperando um bom lucro, ajuda muito&#8221;, finalizou.<\/p>\n\n\n\n<p>As celebra\u00e7\u00f5es pelos 356 anos de Manaus seguem nesta sexta-feira e s\u00e1bado, 24 e 25\/10, com o \u201cBoi Manaus 2025\u201d, no samb\u00f3dromo.<\/p>\n\n\n\n<p><strong>&#8212; &#8212; &#8212;<\/strong><br><strong>Texto \u2013 <\/strong>Tiago Auzier \/ Semcom<\/p>\n\n\n\n<p><strong>Fotos \u2013 <\/strong>Cl\u00f3vis Miranda \/ Semcom<br><strong>Dispon\u00edveis em &#8211; <\/strong><a href=\"https:\/\/flic.kr\/s\/aHBqjCyrVx\">https:\/\/flic.kr\/s\/aHBqjCyrVx<\/a>&nbsp;<\/p>\n","protected":false},"excerpt":{"rendered":"","protected":false},"author":68,"featured_media":4879,"comment_status":"closed","ping_status":"closed","sticky":false,"template":"","format":"standard","meta":{"footnotes":""},"categories":[1539],"tags":[1756,67,1757,11],"acf":[],"yoast_head":"<!-- This site is optimized with the Yoast SEO plugin v23.0 - https:\/\/yoast.com\/wordpress\/plugins\/seo\/ -->\n<title>Manaus celebra 356 anos com shows<\/title>\n<meta name=\"description\" content=\"Manaus celebrou seus 356 anos com o ritmo seresteiro de Klessinha e ao som de Nadson, o Ferinha, na zona Norte e Leste da cidade.\" \/>\n<meta name=\"robots\" content=\"noindex, follow\" \/>\n<meta property=\"og:locale\" content=\"pt_BR\" \/>\n<meta property=\"og:type\" content=\"article\" \/>\n<meta property=\"og:title\" content=\"Manaus celebra 356 anos com shows\" \/>\n<meta property=\"og:description\" content=\"Manaus celebrou seus 356 anos com o ritmo seresteiro de Klessinha e ao som de Nadson, o Ferinha, na zona Norte e Leste da cidade.\" \/>\n<meta property=\"og:url\" content=\"https:\/\/www.manaus.am.gov.br\/manauscult\/celebracao-aniversario-manaus\/\" \/>\n<meta property=\"og:site_name\" content=\"MANAUSCULT\" \/>\n<meta property=\"article:published_time\" content=\"2025-10-24T05:55:04+00:00\" \/>\n<meta property=\"article:modified_time\" content=\"2025-10-24T05:55:06+00:00\" \/>\n<meta property=\"og:image\" content=\"https:\/\/www.manaus.am.gov.br\/manauscult\/wp-content\/uploads\/sites\/11\/2025\/10\/54875975101_3925f868ff_c.jpg\" \/>\n\t<meta property=\"og:image:width\" content=\"799\" \/>\n\t<meta property=\"og:image:height\" content=\"533\" \/>\n\t<meta property=\"og:image:type\" content=\"image\/jpeg\" \/>\n<meta name=\"author\" content=\"bvalente\" \/>\n<meta name=\"twitter:card\" content=\"summary_large_image\" \/>\n<meta name=\"twitter:label1\" content=\"Written by\" \/>\n\t<meta name=\"twitter:data1\" content=\"bvalente\" \/>\n\t<meta name=\"twitter:label2\" content=\"Est. reading time\" \/>\n\t<meta name=\"twitter:data2\" content=\"5 minutos\" \/>\n<script type=\"application\/ld+json\" class=\"yoast-schema-graph\">{\"@context\":\"https:\/\/schema.org\",\"@graph\":[{\"@type\":\"WebPage\",\"@id\":\"https:\/\/www.manaus.am.gov.br\/manauscult\/celebracao-aniversario-manaus\/\",\"url\":\"https:\/\/www.manaus.am.gov.br\/manauscult\/celebracao-aniversario-manaus\/\",\"name\":\"Manaus celebra 356 anos com shows\",\"isPartOf\":{\"@id\":\"https:\/\/www.manaus.am.gov.br\/manauscult\/#website\"},\"primaryImageOfPage\":{\"@id\":\"https:\/\/www.manaus.am.gov.br\/manauscult\/celebracao-aniversario-manaus\/#primaryimage\"},\"image\":{\"@id\":\"https:\/\/www.manaus.am.gov.br\/manauscult\/celebracao-aniversario-manaus\/#primaryimage\"},\"thumbnailUrl\":\"https:\/\/www.manaus.am.gov.br\/manauscult\/wp-content\/uploads\/sites\/11\/2025\/10\/54875975101_3925f868ff_c.jpg\",\"datePublished\":\"2025-10-24T05:55:04+00:00\",\"dateModified\":\"2025-10-24T05:55:06+00:00\",\"author\":{\"@id\":\"https:\/\/www.manaus.am.gov.br\/manauscult\/#\/schema\/person\/466a0e03ae4b6062809046bd560ac955\"},\"description\":\"Manaus celebrou seus 356 anos com o ritmo seresteiro de Klessinha e ao som de Nadson, o Ferinha, na zona Norte e Leste da cidade.\",\"breadcrumb\":{\"@id\":\"https:\/\/www.manaus.am.gov.br\/manauscult\/celebracao-aniversario-manaus\/#breadcrumb\"},\"inLanguage\":\"pt-BR\",\"potentialAction\":[{\"@type\":\"ReadAction\",\"target\":[\"https:\/\/www.manaus.am.gov.br\/manauscult\/celebracao-aniversario-manaus\/\"]}]},{\"@type\":\"ImageObject\",\"inLanguage\":\"pt-BR\",\"@id\":\"https:\/\/www.manaus.am.gov.br\/manauscult\/celebracao-aniversario-manaus\/#primaryimage\",\"url\":\"https:\/\/www.manaus.am.gov.br\/manauscult\/wp-content\/uploads\/sites\/11\/2025\/10\/54875975101_3925f868ff_c.jpg\",\"contentUrl\":\"https:\/\/www.manaus.am.gov.br\/manauscult\/wp-content\/uploads\/sites\/11\/2025\/10\/54875975101_3925f868ff_c.jpg\",\"width\":799,\"height\":533,\"caption\":\"#paratodosverem \u2013 Autoridades no palco durante evento\"},{\"@type\":\"BreadcrumbList\",\"@id\":\"https:\/\/www.manaus.am.gov.br\/manauscult\/celebracao-aniversario-manaus\/#breadcrumb\",\"itemListElement\":[{\"@type\":\"ListItem\",\"position\":1,\"name\":\"Home\",\"item\":\"https:\/\/www.manaus.am.gov.br\/manauscult\/\"},{\"@type\":\"ListItem\",\"position\":2,\"name\":\"Manaus celebra 356 anos com shows de Nadson, o Ferinha e Klessinha da Seresta\"}]},{\"@type\":\"WebSite\",\"@id\":\"https:\/\/www.manaus.am.gov.br\/manauscult\/#website\",\"url\":\"https:\/\/www.manaus.am.gov.br\/manauscult\/\",\"name\":\"MANAUSCULT\",\"description\":\"Prefeitura de Manaus\",\"potentialAction\":[{\"@type\":\"SearchAction\",\"target\":{\"@type\":\"EntryPoint\",\"urlTemplate\":\"https:\/\/www.manaus.am.gov.br\/manauscult\/?s={search_term_string}\"},\"query-input\":\"required name=search_term_string\"}],\"inLanguage\":\"pt-BR\"},{\"@type\":\"Person\",\"@id\":\"https:\/\/www.manaus.am.gov.br\/manauscult\/#\/schema\/person\/466a0e03ae4b6062809046bd560ac955\",\"name\":\"bvalente\",\"image\":{\"@type\":\"ImageObject\",\"inLanguage\":\"pt-BR\",\"@id\":\"https:\/\/www.manaus.am.gov.br\/manauscult\/#\/schema\/person\/image\/\",\"url\":\"https:\/\/secure.gravatar.com\/avatar\/3e69bc2b014bdad41adfec3a39de07d2?s=96&d=mm&r=g\",\"contentUrl\":\"https:\/\/secure.gravatar.com\/avatar\/3e69bc2b014bdad41adfec3a39de07d2?s=96&d=mm&r=g\",\"caption\":\"bvalente\"}}]}<\/script>\n<!-- \/ Yoast SEO plugin. -->","yoast_head_json":{"title":"Manaus celebra 356 anos com shows","description":"Manaus celebrou seus 356 anos com o ritmo seresteiro de Klessinha e ao som de Nadson, o Ferinha, na zona Norte e Leste da cidade.","robots":{"index":"noindex","follow":"follow"},"og_locale":"pt_BR","og_type":"article","og_title":"Manaus celebra 356 anos com shows","og_description":"Manaus celebrou seus 356 anos com o ritmo seresteiro de Klessinha e ao som de Nadson, o Ferinha, na zona Norte e Leste da cidade.","og_url":"https:\/\/www.manaus.am.gov.br\/manauscult\/celebracao-aniversario-manaus\/","og_site_name":"MANAUSCULT","article_published_time":"2025-10-24T05:55:04+00:00","article_modified_time":"2025-10-24T05:55:06+00:00","og_image":[{"width":799,"height":533,"url":"https:\/\/www.manaus.am.gov.br\/manauscult\/wp-content\/uploads\/sites\/11\/2025\/10\/54875975101_3925f868ff_c.jpg","type":"image\/jpeg"}],"author":"bvalente","twitter_card":"summary_large_image","twitter_misc":{"Written by":"bvalente","Est. reading time":"5 minutos"},"schema":{"@context":"https:\/\/schema.org","@graph":[{"@type":"WebPage","@id":"https:\/\/www.manaus.am.gov.br\/manauscult\/celebracao-aniversario-manaus\/","url":"https:\/\/www.manaus.am.gov.br\/manauscult\/celebracao-aniversario-manaus\/","name":"Manaus celebra 356 anos com shows","isPartOf":{"@id":"https:\/\/www.manaus.am.gov.br\/manauscult\/#website"},"primaryImageOfPage":{"@id":"https:\/\/www.manaus.am.gov.br\/manauscult\/celebracao-aniversario-manaus\/#primaryimage"},"image":{"@id":"https:\/\/www.manaus.am.gov.br\/manauscult\/celebracao-aniversario-manaus\/#primaryimage"},"thumbnailUrl":"https:\/\/www.manaus.am.gov.br\/manauscult\/wp-content\/uploads\/sites\/11\/2025\/10\/54875975101_3925f868ff_c.jpg","datePublished":"2025-10-24T05:55:04+00:00","dateModified":"2025-10-24T05:55:06+00:00","author":{"@id":"https:\/\/www.manaus.am.gov.br\/manauscult\/#\/schema\/person\/466a0e03ae4b6062809046bd560ac955"},"description":"Manaus celebrou seus 356 anos com o ritmo seresteiro de Klessinha e ao som de Nadson, o Ferinha, na zona Norte e Leste da cidade.","breadcrumb":{"@id":"https:\/\/www.manaus.am.gov.br\/manauscult\/celebracao-aniversario-manaus\/#breadcrumb"},"inLanguage":"pt-BR","potentialAction":[{"@type":"ReadAction","target":["https:\/\/www.manaus.am.gov.br\/manauscult\/celebracao-aniversario-manaus\/"]}]},{"@type":"ImageObject","inLanguage":"pt-BR","@id":"https:\/\/www.manaus.am.gov.br\/manauscult\/celebracao-aniversario-manaus\/#primaryimage","url":"https:\/\/www.manaus.am.gov.br\/manauscult\/wp-content\/uploads\/sites\/11\/2025\/10\/54875975101_3925f868ff_c.jpg","contentUrl":"https:\/\/www.manaus.am.gov.br\/manauscult\/wp-content\/uploads\/sites\/11\/2025\/10\/54875975101_3925f868ff_c.jpg","width":799,"height":533,"caption":"#paratodosverem \u2013 Autoridades no palco durante evento"},{"@type":"BreadcrumbList","@id":"https:\/\/www.manaus.am.gov.br\/manauscult\/celebracao-aniversario-manaus\/#breadcrumb","itemListElement":[{"@type":"ListItem","position":1,"name":"Home","item":"https:\/\/www.manaus.am.gov.br\/manauscult\/"},{"@type":"ListItem","position":2,"name":"Manaus celebra 356 anos com shows de Nadson, o Ferinha e Klessinha da Seresta"}]},{"@type":"WebSite","@id":"https:\/\/www.manaus.am.gov.br\/manauscult\/#website","url":"https:\/\/www.manaus.am.gov.br\/manauscult\/","name":"MANAUSCULT","description":"Prefeitura de Manaus","potentialAction":[{"@type":"SearchAction","target":{"@type":"EntryPoint","urlTemplate":"https:\/\/www.manaus.am.gov.br\/manauscult\/?s={search_term_string}"},"query-input":"required name=search_term_string"}],"inLanguage":"pt-BR"},{"@type":"Person","@id":"https:\/\/www.manaus.am.gov.br\/manauscult\/#\/schema\/person\/466a0e03ae4b6062809046bd560ac955","name":"bvalente","image":{"@type":"ImageObject","inLanguage":"pt-BR","@id":"https:\/\/www.manaus.am.gov.br\/manauscult\/#\/schema\/person\/image\/","url":"https:\/\/secure.gravatar.com\/avatar\/3e69bc2b014bdad41adfec3a39de07d2?s=96&d=mm&r=g","contentUrl":"https:\/\/secure.gravatar.com\/avatar\/3e69bc2b014bdad41adfec3a39de07d2?s=96&d=mm&r=g","caption":"bvalente"}}]}},"_links":{"self":[{"href":"https:\/\/www.manaus.am.gov.br\/manauscult\/wp-json\/wp\/v2\/posts\/4878"}],"collection":[{"href":"https:\/\/www.manaus.am.gov.br\/manauscult\/wp-json\/wp\/v2\/posts"}],"about":[{"href":"https:\/\/www.manaus.am.gov.br\/manauscult\/wp-json\/wp\/v2\/types\/post"}],"author":[{"embeddable":true,"href":"https:\/\/www.manaus.am.gov.br\/manauscult\/wp-json\/wp\/v2\/users\/68"}],"replies":[{"embeddable":true,"href":"https:\/\/www.manaus.am.gov.br\/manauscult\/wp-json\/wp\/v2\/comments?post=4878"}],"version-history":[{"count":0,"href":"https:\/\/www.manaus.am.gov.br\/manauscult\/wp-json\/wp\/v2\/posts\/4878\/revisions"}],"wp:featuredmedia":[{"embeddable":true,"href":"https:\/\/www.manaus.am.gov.br\/manauscult\/wp-json\/wp\/v2\/media\/4879"}],"wp:attachment":[{"href":"https:\/\/www.manaus.am.gov.br\/manauscult\/wp-json\/wp\/v2\/media?parent=4878"}],"wp:term":[{"taxonomy":"category","embeddable":true,"href":"https:\/\/www.manaus.am.gov.br\/manauscult\/wp-json\/wp\/v2\/categories?post=4878"},{"taxonomy":"post_tag","embeddable":true,"href":"https:\/\/www.manaus.am.gov.br\/manauscult\/wp-json\/wp\/v2\/tags?post=4878"}],"curies":[{"name":"wp","href":"https:\/\/api.w.org\/{rel}","templated":true}]}}