{"id":4876,"date":"2025-10-23T23:20:47","date_gmt":"2025-10-24T03:20:47","guid":{"rendered":"https:\/\/www.manaus.am.gov.br\/manauscult\/programacao-oficial-do-boi-manaus-2025\/"},"modified":"2025-10-23T23:20:48","modified_gmt":"2025-10-24T03:20:48","slug":"programacao-oficial-do-boi-manaus-2025","status":"publish","type":"post","link":"https:\/\/www.manaus.am.gov.br\/manauscult\/programacao-oficial-do-boi-manaus-2025\/","title":{"rendered":"Prefeitura de Manaus divulga programa\u00e7\u00e3o oficial do \u2018Boi Manaus 2025\u2019 com Garantido, Caprichoso e seis bois locais"},"content":{"rendered":"\n<p>A Prefeitura de Manaus, por meio da Funda\u00e7\u00e3o Municipal de Cultura, Turismo e Eventos (ManausCult), divulga a programa\u00e7\u00e3o oficial do grande evento \u201cBoi Manaus 2025\u201d, que acontecer\u00e1 nos dias 24 e 25 de outubro, no Samb\u00f3dromo de Manaus, zona Centro-Sul, em comemora\u00e7\u00e3o aos 356 anos da cidade.<\/p>\n\n\n\n<p>O evento reunir\u00e1 os bois de Parintins, Garantido e Caprichoso, que se apresentar\u00e3o com todos os seus itens oficiais, acompanhados de mais de 45 artistas vindos de Parintins, compondo apresenta\u00e7\u00f5es grandiosas e repletas de emo\u00e7\u00e3o. Durante os dois dias, tamb\u00e9m haver\u00e3o apresenta\u00e7\u00f5es dos seis bois locais de Manaus: Brilhante, Tira Prosa, Corre Campo, Clamor de Um Povo, Galante e Garanh\u00e3o, acompanhados de artistas locais, valorizando a produ\u00e7\u00e3o art\u00edstica da cidade e fortalecendo a identidade cultural.<\/p>\n\n\n\n<p>O evento deve atrair aproximadamente 20 mil pessoas por noite, movimentando a economia local, gerando renda e fortalecendo o turismo. A Prefeitura de Manaus refor\u00e7a que a estrutura contar\u00e1 com \u00e1rea para Pessoa com Defici\u00eancia (PcD), Bombeiros, Guarda Municipal e estacionamento gratuito por ordem de chegada, garantindo infraestrutura, seguran\u00e7a e servi\u00e7os de apoio durante as comemora\u00e7\u00f5es.<\/p>\n\n\n\n<p>Para o diretor-presidente da ManausCult, Jender Lobato, o \u201cBoi Manaus 2025\u201d simboliza tradi\u00e7\u00e3o, cultura e desenvolvimento.<\/p>\n\n\n\n<p>\u201cO \u2018Boi Manaus 2025\u2019 \u00e9 a express\u00e3o da nossa identidade cultural e da alegria do povo manauara. Garantido e Caprichoso se apresentar\u00e3o com todos os seus itens oficiais e artistas de Parintins, enquanto os seis bois de Manaus de forma in\u00e9dita, tamb\u00e9m ter\u00e3o participa\u00e7\u00e3o expressiva no evento juntamente com nossos artistas locais, mostrando a diversidade e a riqueza da nossa cultura. Estamos prontos para receber o p\u00fablico com infraestrutura, acessibilidade e seguran\u00e7a, proporcionando momentos de emo\u00e7\u00e3o para todos\u201d, disparou.<\/p>\n\n\n\n<p><strong>Parceria pela seguran\u00e7a e respeito<\/strong><\/p>\n\n\n\n<p>Com o objetivo de promover um ambiente seguro, o Minist\u00e9rio P\u00fablico do Estado do Amazonas (MP-AM) firmou termo de coopera\u00e7\u00e3o com a Prefeitura de Manaus para a execu\u00e7\u00e3o da campanha \u201c#Divers\u00e3oComRespeito\u201d, coordenada pela Ouvidoria-Geral do MP-AM. A iniciativa combate explora\u00e7\u00e3o sexual infantojuvenil, ass\u00e9dio e viol\u00eancia contra a mulher durante eventos culturais, incentivando o uso dos canais de den\u00fancia: 127 (Ouvidoria-Geral do MP-AM), WhatsApp da Ouvidoria e Pol\u00edcia 190, com apoio de \u00f3rg\u00e3os p\u00fablicos e entidades civis.<\/p>\n\n\n\n<p>Materiais gr\u00e1ficos e v\u00eddeos institucionais ser\u00e3o distribu\u00eddos e exibidos no samb\u00f3dromo, refor\u00e7ando o compromisso do MP-AM e da Prefeitura de Manaus com uma festa marcada pelo respeito e cidadania.<\/p>\n\n\n\n<p><strong>Gera\u00e7\u00e3o de emprego e renda&nbsp;<\/strong><\/p>\n\n\n\n<p>Al\u00e9m de celebrar o anivers\u00e1rio da cidade, o \u201cBoi Manaus&#8221; tamb\u00e9m impulsiona a economia local, movimentando diversos setores como o com\u00e9rcio, o turismo e os servi\u00e7os. A festa gera oportunidades de renda para vendedores, ambulantes, artistas, t\u00e9cnicos e empreendedores, fortalecendo a cadeia produtiva da cultura e contribuindo diretamente para o aquecimento econ\u00f4mico da cidade. Durante os dias de evento, h\u00e1 intensa movimenta\u00e7\u00e3o na venda de artesanato, comidas t\u00edpicas e produtos regionais, valorizando a produ\u00e7\u00e3o local e estimulando o consumo dentro da pr\u00f3pria capital.<\/p>\n\n\n\n<p>\u201cNos empenhamos em preparar o \u2018Boi Manaus 2025&#8242; para que seja uma experi\u00eancia inesquec\u00edvel para toda a cidade. Ser\u00e1 um momento de celebra\u00e7\u00e3o da nossa tradi\u00e7\u00e3o, da nossa hist\u00f3ria e da nossa arte. Manaus merece uma festa \u00e0 altura de sua cultura e sua identidade. Convidamos toda a popula\u00e7\u00e3o a vir viver cada emo\u00e7\u00e3o, cada apresenta\u00e7\u00e3o e celebrar conosco esse grande encontro da nossa cultura popular\u201d, encerrou Lobato.<\/p>\n\n\n\n<p><strong>Programa\u00e7\u00e3o oficial \u2013 \u2018Boi Manaus 2025\u2019<\/strong><\/p>\n\n\n\n<p><strong>Sexta-feira &#8211; 24\/10<\/strong><br><\/p>\n\n\n\n<p>\u2022 19h \u2013 Jardel Bentes \/ Nen\u00ea do Boi<\/p>\n\n\n\n<p>\u2022 19h30 \u2013 Boi Garanh\u00e3o \/ Boi Corre Campo<\/p>\n\n\n\n<p>\u2022 20h \u2013 C\u00e9zar Pinheiro \/ Dennis Martins<\/p>\n\n\n\n<p>\u2022 20h30 \u2013 Curumins da Baixa \/ Helen Veras<\/p>\n\n\n\n<p>\u2022 21h \u2013 Mara Lima \/ Luanita Rangel<\/p>\n\n\n\n<p>\u2022 21h30 \u2013 Carlos Batata<\/p>\n\n\n\n<p>\u2022 22h \u2013 Jr. Paulain<\/p>\n\n\n\n<p>\u2022 22h30 \u2013 Sebasti\u00e3o Jr<\/p>\n\n\n\n<p>\u2022 23h \u2013 Celebra\u00e7\u00e3o dos 356 anos de Manaus<\/p>\n\n\n\n<p>\u2022 23h10 \u2013 Edmundo Oran &amp; Caetano Medeiros<\/p>\n\n\n\n<p>\u2022 23h50 \u2013 Show do Boi Garantido \u2013 Todos os Itens Oficiais<\/p>\n\n\n\n<p>\u2022 01h \u2013 Patrick Ara\u00fajo &amp; Marujada de Guerra<\/p>\n\n\n\n<p>\u2022 01h30 \u2013 Carlinhos do Boi<\/p>\n\n\n\n<p>\u2022 02h \u2013 Canto da Mata<\/p>\n\n\n\n<p>\u2022 02h30 \u2013 Tony Medeiros<\/p>\n\n\n\n<p>\u2022 03h \u2013 Grupo Kboclos<\/p>\n\n\n\n<p><strong>S\u00e1bado &#8211; 25\/10<\/strong><strong><br><\/strong><\/p>\n\n\n\n<p>\u2022 19h \u2013 Rei Azevedo &amp; Grupo Toada de Roda<\/p>\n\n\n\n<p>\u2022 19h30 \u2013 Boi Tira Prosa \/ Boi Brilhante<\/p>\n\n\n\n<p>\u2022 20h \u2013 Felipe Jr \/ Ianayra<\/p>\n\n\n\n<p>\u2022 20h30 \u2013 Paulinho Viana \/ M\u00e1rcio do Boi<\/p>\n\n\n\n<p>\u2022 21h \u2013 Luciano Ara\u00fajo \/ M\u00e1rcia Novo<\/p>\n\n\n\n<p>\u2022 21h30 \u2013 Arlindo Neto \/ Klinger Jr<\/p>\n\n\n\n<p>\u2022 22h \u2013 Leonardo Castelo<\/p>\n\n\n\n<p>\u2022 22h30 \u2013 Prince do Caprichoso<\/p>\n\n\n\n<p>\u2022 23h \u2013 Israel Paulain &amp; Jo\u00e3o Paulo Faria<\/p>\n\n\n\n<p>\u2022 23h40 \u2013 Show do Boi Caprichoso \u2013 Todos os Itens Oficiais<\/p>\n\n\n\n<p>\u2022 00h50 \u2013 David Assayag &amp; Batucada do Garantido<\/p>\n\n\n\n<p>\u2022 01h20 \u2013 Fabiano Neves<\/p>\n\n\n\n<p>\u2022 01h50 \u2013 M\u00e1rcia Siqueira<\/p>\n\n\n\n<p>\u2022 02h20 \u2013 Edilson Santana<\/p>\n\n\n\n<p>\u2022 02h50 \u2013 P.A. Chaves<\/p>\n\n\n\n<p>\u2014 \u2014 \u2014<br><strong>Texto &#8211; <\/strong>J\u00e9ssica Trajano \/ ManausCult<br><strong>Fotos &#8211; <\/strong>Thelson Souza \/ ManausCult<\/p>\n","protected":false},"excerpt":{"rendered":"","protected":false},"author":68,"featured_media":4877,"comment_status":"closed","ping_status":"closed","sticky":false,"template":"","format":"standard","meta":{"footnotes":""},"categories":[280],"tags":[9,11,1755],"acf":[],"yoast_head":"<!-- This site is optimized with the Yoast SEO plugin v23.0 - https:\/\/yoast.com\/wordpress\/plugins\/seo\/ -->\n<title>Prefeitura divulga programa\u00e7\u00e3o oficial do \u2018Boi Manaus 2025\u2019<\/title>\n<meta name=\"description\" content=\"A Prefeitura de Manaus, pdivulga a programa\u00e7\u00e3o oficial do grande evento \u201cBoi Manaus 2025\u201d, que acontecer\u00e1 nos dias 24 e 25 de outubro.\" \/>\n<meta name=\"robots\" content=\"noindex, follow\" \/>\n<meta property=\"og:locale\" content=\"pt_BR\" \/>\n<meta property=\"og:type\" content=\"article\" \/>\n<meta property=\"og:title\" content=\"Prefeitura divulga programa\u00e7\u00e3o oficial do \u2018Boi Manaus 2025\u2019\" \/>\n<meta property=\"og:description\" content=\"A Prefeitura de Manaus, pdivulga a programa\u00e7\u00e3o oficial do grande evento \u201cBoi Manaus 2025\u201d, que acontecer\u00e1 nos dias 24 e 25 de outubro.\" \/>\n<meta property=\"og:url\" content=\"https:\/\/www.manaus.am.gov.br\/manauscult\/programacao-oficial-do-boi-manaus-2025\/\" \/>\n<meta property=\"og:site_name\" content=\"MANAUSCULT\" \/>\n<meta property=\"article:published_time\" content=\"2025-10-24T03:20:47+00:00\" \/>\n<meta property=\"article:modified_time\" content=\"2025-10-24T03:20:48+00:00\" \/>\n<meta property=\"og:image\" content=\"https:\/\/www.manaus.am.gov.br\/manauscult\/wp-content\/uploads\/sites\/11\/2025\/10\/3cb233f3-109c-484f-87ee-aa68dfd6825b.jpeg\" \/>\n\t<meta property=\"og:image:width\" content=\"4160\" \/>\n\t<meta property=\"og:image:height\" content=\"2774\" \/>\n\t<meta property=\"og:image:type\" content=\"image\/jpeg\" \/>\n<meta name=\"author\" content=\"bvalente\" \/>\n<meta name=\"twitter:card\" content=\"summary_large_image\" \/>\n<meta name=\"twitter:label1\" content=\"Written by\" \/>\n\t<meta name=\"twitter:data1\" content=\"bvalente\" \/>\n\t<meta name=\"twitter:label2\" content=\"Est. reading time\" \/>\n\t<meta name=\"twitter:data2\" content=\"5 minutos\" \/>\n<script type=\"application\/ld+json\" class=\"yoast-schema-graph\">{\"@context\":\"https:\/\/schema.org\",\"@graph\":[{\"@type\":\"WebPage\",\"@id\":\"https:\/\/www.manaus.am.gov.br\/manauscult\/programacao-oficial-do-boi-manaus-2025\/\",\"url\":\"https:\/\/www.manaus.am.gov.br\/manauscult\/programacao-oficial-do-boi-manaus-2025\/\",\"name\":\"Prefeitura divulga programa\u00e7\u00e3o oficial do \u2018Boi Manaus 2025\u2019\",\"isPartOf\":{\"@id\":\"https:\/\/www.manaus.am.gov.br\/manauscult\/#website\"},\"primaryImageOfPage\":{\"@id\":\"https:\/\/www.manaus.am.gov.br\/manauscult\/programacao-oficial-do-boi-manaus-2025\/#primaryimage\"},\"image\":{\"@id\":\"https:\/\/www.manaus.am.gov.br\/manauscult\/programacao-oficial-do-boi-manaus-2025\/#primaryimage\"},\"thumbnailUrl\":\"https:\/\/www.manaus.am.gov.br\/manauscult\/wp-content\/uploads\/sites\/11\/2025\/10\/3cb233f3-109c-484f-87ee-aa68dfd6825b.jpeg\",\"datePublished\":\"2025-10-24T03:20:47+00:00\",\"dateModified\":\"2025-10-24T03:20:48+00:00\",\"author\":{\"@id\":\"https:\/\/www.manaus.am.gov.br\/manauscult\/#\/schema\/person\/466a0e03ae4b6062809046bd560ac955\"},\"description\":\"A Prefeitura de Manaus, pdivulga a programa\u00e7\u00e3o oficial do grande evento \u201cBoi Manaus 2025\u201d, que acontecer\u00e1 nos dias 24 e 25 de outubro.\",\"breadcrumb\":{\"@id\":\"https:\/\/www.manaus.am.gov.br\/manauscult\/programacao-oficial-do-boi-manaus-2025\/#breadcrumb\"},\"inLanguage\":\"pt-BR\",\"potentialAction\":[{\"@type\":\"ReadAction\",\"target\":[\"https:\/\/www.manaus.am.gov.br\/manauscult\/programacao-oficial-do-boi-manaus-2025\/\"]}]},{\"@type\":\"ImageObject\",\"inLanguage\":\"pt-BR\",\"@id\":\"https:\/\/www.manaus.am.gov.br\/manauscult\/programacao-oficial-do-boi-manaus-2025\/#primaryimage\",\"url\":\"https:\/\/www.manaus.am.gov.br\/manauscult\/wp-content\/uploads\/sites\/11\/2025\/10\/3cb233f3-109c-484f-87ee-aa68dfd6825b.jpeg\",\"contentUrl\":\"https:\/\/www.manaus.am.gov.br\/manauscult\/wp-content\/uploads\/sites\/11\/2025\/10\/3cb233f3-109c-484f-87ee-aa68dfd6825b.jpeg\",\"width\":4160,\"height\":2774,\"caption\":\"#paratodosverem \u2013 Imagem de p\u00fablico\"},{\"@type\":\"BreadcrumbList\",\"@id\":\"https:\/\/www.manaus.am.gov.br\/manauscult\/programacao-oficial-do-boi-manaus-2025\/#breadcrumb\",\"itemListElement\":[{\"@type\":\"ListItem\",\"position\":1,\"name\":\"Home\",\"item\":\"https:\/\/www.manaus.am.gov.br\/manauscult\/\"},{\"@type\":\"ListItem\",\"position\":2,\"name\":\"Prefeitura de Manaus divulga programa\u00e7\u00e3o oficial do \u2018Boi Manaus 2025\u2019 com Garantido, Caprichoso e seis bois locais\"}]},{\"@type\":\"WebSite\",\"@id\":\"https:\/\/www.manaus.am.gov.br\/manauscult\/#website\",\"url\":\"https:\/\/www.manaus.am.gov.br\/manauscult\/\",\"name\":\"MANAUSCULT\",\"description\":\"Prefeitura de Manaus\",\"potentialAction\":[{\"@type\":\"SearchAction\",\"target\":{\"@type\":\"EntryPoint\",\"urlTemplate\":\"https:\/\/www.manaus.am.gov.br\/manauscult\/?s={search_term_string}\"},\"query-input\":\"required name=search_term_string\"}],\"inLanguage\":\"pt-BR\"},{\"@type\":\"Person\",\"@id\":\"https:\/\/www.manaus.am.gov.br\/manauscult\/#\/schema\/person\/466a0e03ae4b6062809046bd560ac955\",\"name\":\"bvalente\",\"image\":{\"@type\":\"ImageObject\",\"inLanguage\":\"pt-BR\",\"@id\":\"https:\/\/www.manaus.am.gov.br\/manauscult\/#\/schema\/person\/image\/\",\"url\":\"https:\/\/secure.gravatar.com\/avatar\/3e69bc2b014bdad41adfec3a39de07d2?s=96&d=mm&r=g\",\"contentUrl\":\"https:\/\/secure.gravatar.com\/avatar\/3e69bc2b014bdad41adfec3a39de07d2?s=96&d=mm&r=g\",\"caption\":\"bvalente\"}}]}<\/script>\n<!-- \/ Yoast SEO plugin. -->","yoast_head_json":{"title":"Prefeitura divulga programa\u00e7\u00e3o oficial do \u2018Boi Manaus 2025\u2019","description":"A Prefeitura de Manaus, pdivulga a programa\u00e7\u00e3o oficial do grande evento \u201cBoi Manaus 2025\u201d, que acontecer\u00e1 nos dias 24 e 25 de outubro.","robots":{"index":"noindex","follow":"follow"},"og_locale":"pt_BR","og_type":"article","og_title":"Prefeitura divulga programa\u00e7\u00e3o oficial do \u2018Boi Manaus 2025\u2019","og_description":"A Prefeitura de Manaus, pdivulga a programa\u00e7\u00e3o oficial do grande evento \u201cBoi Manaus 2025\u201d, que acontecer\u00e1 nos dias 24 e 25 de outubro.","og_url":"https:\/\/www.manaus.am.gov.br\/manauscult\/programacao-oficial-do-boi-manaus-2025\/","og_site_name":"MANAUSCULT","article_published_time":"2025-10-24T03:20:47+00:00","article_modified_time":"2025-10-24T03:20:48+00:00","og_image":[{"width":4160,"height":2774,"url":"https:\/\/www.manaus.am.gov.br\/manauscult\/wp-content\/uploads\/sites\/11\/2025\/10\/3cb233f3-109c-484f-87ee-aa68dfd6825b.jpeg","type":"image\/jpeg"}],"author":"bvalente","twitter_card":"summary_large_image","twitter_misc":{"Written by":"bvalente","Est. reading time":"5 minutos"},"schema":{"@context":"https:\/\/schema.org","@graph":[{"@type":"WebPage","@id":"https:\/\/www.manaus.am.gov.br\/manauscult\/programacao-oficial-do-boi-manaus-2025\/","url":"https:\/\/www.manaus.am.gov.br\/manauscult\/programacao-oficial-do-boi-manaus-2025\/","name":"Prefeitura divulga programa\u00e7\u00e3o oficial do \u2018Boi Manaus 2025\u2019","isPartOf":{"@id":"https:\/\/www.manaus.am.gov.br\/manauscult\/#website"},"primaryImageOfPage":{"@id":"https:\/\/www.manaus.am.gov.br\/manauscult\/programacao-oficial-do-boi-manaus-2025\/#primaryimage"},"image":{"@id":"https:\/\/www.manaus.am.gov.br\/manauscult\/programacao-oficial-do-boi-manaus-2025\/#primaryimage"},"thumbnailUrl":"https:\/\/www.manaus.am.gov.br\/manauscult\/wp-content\/uploads\/sites\/11\/2025\/10\/3cb233f3-109c-484f-87ee-aa68dfd6825b.jpeg","datePublished":"2025-10-24T03:20:47+00:00","dateModified":"2025-10-24T03:20:48+00:00","author":{"@id":"https:\/\/www.manaus.am.gov.br\/manauscult\/#\/schema\/person\/466a0e03ae4b6062809046bd560ac955"},"description":"A Prefeitura de Manaus, pdivulga a programa\u00e7\u00e3o oficial do grande evento \u201cBoi Manaus 2025\u201d, que acontecer\u00e1 nos dias 24 e 25 de outubro.","breadcrumb":{"@id":"https:\/\/www.manaus.am.gov.br\/manauscult\/programacao-oficial-do-boi-manaus-2025\/#breadcrumb"},"inLanguage":"pt-BR","potentialAction":[{"@type":"ReadAction","target":["https:\/\/www.manaus.am.gov.br\/manauscult\/programacao-oficial-do-boi-manaus-2025\/"]}]},{"@type":"ImageObject","inLanguage":"pt-BR","@id":"https:\/\/www.manaus.am.gov.br\/manauscult\/programacao-oficial-do-boi-manaus-2025\/#primaryimage","url":"https:\/\/www.manaus.am.gov.br\/manauscult\/wp-content\/uploads\/sites\/11\/2025\/10\/3cb233f3-109c-484f-87ee-aa68dfd6825b.jpeg","contentUrl":"https:\/\/www.manaus.am.gov.br\/manauscult\/wp-content\/uploads\/sites\/11\/2025\/10\/3cb233f3-109c-484f-87ee-aa68dfd6825b.jpeg","width":4160,"height":2774,"caption":"#paratodosverem \u2013 Imagem de p\u00fablico"},{"@type":"BreadcrumbList","@id":"https:\/\/www.manaus.am.gov.br\/manauscult\/programacao-oficial-do-boi-manaus-2025\/#breadcrumb","itemListElement":[{"@type":"ListItem","position":1,"name":"Home","item":"https:\/\/www.manaus.am.gov.br\/manauscult\/"},{"@type":"ListItem","position":2,"name":"Prefeitura de Manaus divulga programa\u00e7\u00e3o oficial do \u2018Boi Manaus 2025\u2019 com Garantido, Caprichoso e seis bois locais"}]},{"@type":"WebSite","@id":"https:\/\/www.manaus.am.gov.br\/manauscult\/#website","url":"https:\/\/www.manaus.am.gov.br\/manauscult\/","name":"MANAUSCULT","description":"Prefeitura de Manaus","potentialAction":[{"@type":"SearchAction","target":{"@type":"EntryPoint","urlTemplate":"https:\/\/www.manaus.am.gov.br\/manauscult\/?s={search_term_string}"},"query-input":"required name=search_term_string"}],"inLanguage":"pt-BR"},{"@type":"Person","@id":"https:\/\/www.manaus.am.gov.br\/manauscult\/#\/schema\/person\/466a0e03ae4b6062809046bd560ac955","name":"bvalente","image":{"@type":"ImageObject","inLanguage":"pt-BR","@id":"https:\/\/www.manaus.am.gov.br\/manauscult\/#\/schema\/person\/image\/","url":"https:\/\/secure.gravatar.com\/avatar\/3e69bc2b014bdad41adfec3a39de07d2?s=96&d=mm&r=g","contentUrl":"https:\/\/secure.gravatar.com\/avatar\/3e69bc2b014bdad41adfec3a39de07d2?s=96&d=mm&r=g","caption":"bvalente"}}]}},"_links":{"self":[{"href":"https:\/\/www.manaus.am.gov.br\/manauscult\/wp-json\/wp\/v2\/posts\/4876"}],"collection":[{"href":"https:\/\/www.manaus.am.gov.br\/manauscult\/wp-json\/wp\/v2\/posts"}],"about":[{"href":"https:\/\/www.manaus.am.gov.br\/manauscult\/wp-json\/wp\/v2\/types\/post"}],"author":[{"embeddable":true,"href":"https:\/\/www.manaus.am.gov.br\/manauscult\/wp-json\/wp\/v2\/users\/68"}],"replies":[{"embeddable":true,"href":"https:\/\/www.manaus.am.gov.br\/manauscult\/wp-json\/wp\/v2\/comments?post=4876"}],"version-history":[{"count":0,"href":"https:\/\/www.manaus.am.gov.br\/manauscult\/wp-json\/wp\/v2\/posts\/4876\/revisions"}],"wp:featuredmedia":[{"embeddable":true,"href":"https:\/\/www.manaus.am.gov.br\/manauscult\/wp-json\/wp\/v2\/media\/4877"}],"wp:attachment":[{"href":"https:\/\/www.manaus.am.gov.br\/manauscult\/wp-json\/wp\/v2\/media?parent=4876"}],"wp:term":[{"taxonomy":"category","embeddable":true,"href":"https:\/\/www.manaus.am.gov.br\/manauscult\/wp-json\/wp\/v2\/categories?post=4876"},{"taxonomy":"post_tag","embeddable":true,"href":"https:\/\/www.manaus.am.gov.br\/manauscult\/wp-json\/wp\/v2\/tags?post=4876"}],"curies":[{"name":"wp","href":"https:\/\/api.w.org\/{rel}","templated":true}]}}