{"id":487,"date":"2023-06-02T20:03:54","date_gmt":"2023-06-03T00:03:54","guid":{"rendered":"https:\/\/www.manaus.am.gov.br\/manauscult\/prefeitura-de-manaus-assina-termo-de-adesao-com-minc-para-receber-recursos-da-lei-paulo-gustavo\/"},"modified":"2023-06-06T09:56:06","modified_gmt":"2023-06-06T13:56:06","slug":"prefeitura-de-manaus-assina-termo-de-adesao-com-minc-para-receber-recursos-da-lei-paulo-gustavo","status":"publish","type":"post","link":"https:\/\/www.manaus.am.gov.br\/manauscult\/prefeitura-de-manaus-assina-termo-de-adesao-com-minc-para-receber-recursos-da-lei-paulo-gustavo\/","title":{"rendered":"Prefeitura de Manaus assina termo de ades\u00e3o com MinC para receber recursos da Lei Paulo Gustavo"},"content":{"rendered":"\n<p>A Prefeitura de Manaus assinou o Termo de Ades\u00e3o com o Governo Federal, via Minist\u00e9rio da Cultura (MinC), nesta sexta-feira, 2\/6. A partir de agora a capital amazonense vai aguardar a publica\u00e7\u00e3o da lista de munic\u00edpios que ter\u00e3o os repasses programados e disponibilizados para a operacionaliza\u00e7\u00e3o do processo&nbsp;de execu\u00e7\u00e3o da Lei Paulo Gustavo.&nbsp;<\/p>\n\n\n\n<p>O diretor-presidente da Funda\u00e7\u00e3o Municipal de Cultura, Turismo e Eventos (Manauscult), Osvaldo Cardoso, ressaltou que Manaus saiu na frente de v\u00e1rias cidades do pa\u00eds e se posicionou como a primeira a ter seu plano aprovado pelo Minist\u00e9rio da Cultura.<\/p>\n\n\n\n<p>\u201cAgora, com a assinatura do termo de ades\u00e3o, Manaus est\u00e1 apta a receber esses recursos, e isso \u00e9 gra\u00e7as ao empenho do conselho de cultura e de seus conselheiros que trabalharam diuturnamente para que isso acontecesse\u201d.<\/p>\n\n\n\n<p>O presidente do Concultura, Ten\u00f3rio Telles, que assinou o termo junto \u00e0 plataforma TransfereGov, considera esta uma etapa importante.<\/p>\n\n\n\n<p>\u201cA partir de agora Manaus est\u00e1 apta para receber os recursos da Lei Paulo Gustavo e, como estamos entre os primeiros munic\u00edpios cadastrados, nossa expectativa \u00e9 recebermos os valores destinados \u00e0 nossa cidade brevemente&#8221;, explica.<\/p>\n\n\n\n<p>O vice-presidente do Concultura, Neilo Batista, explica que a assinatura do termo de ades\u00e3o oficializa a parceria da Prefeitura de Manaus via Fundo Municipal de Cultura, com o Minc, o que envolve o repasse de R$ 17,6 milh\u00f5es da Lei Paulo Gustavo j\u00e1 nas pr\u00f3ximas semanas, para o fomento cultural na cidade por meio de editais formatados pelo decreto que regulamentou a lei.<\/p>\n\n\n\n<p>&#8220;Iremos reunir com os segmentos para tratativas das devolutivas finais visando a formata\u00e7\u00e3o dos editais&#8221;. Batista informa que conclu\u00eddas as minutas, elas ser\u00e3o disponibilizadas para consulta p\u00fablica no Di\u00e1rio Oficial do Munic\u00edpio. &#8220;Iniciaremos,&nbsp;tamb\u00e9m, nas pr\u00f3ximas semanas, as tratativas para a implementa\u00e7\u00e3o da busca ativa sociocultural, que \u00e9 uma determina\u00e7\u00e3o legal da Lei Paulo Gustavo&#8221;, finalizou.<\/p>\n\n\n\n<p><strong>Editais<\/strong><\/p>\n\n\n\n<p>Na \u00faltima reuni\u00e3o ordin\u00e1ria do Conselho Municipal de Cultura, dia 1\u00ba\/6, os conselheiros deliberaram sobre o cronograma de reuni\u00f5es setoriais devolutivas (resposta) do plano de a\u00e7\u00e3o para&nbsp;o edital da Lei Paulo Gustavo: teatro e Circo, 20\/6, \u00e0s 18h; dan\u00e7a, m\u00fasica, cultura popular e artes visuais 21\/6, \u00e0s 19h; cultura \u00e9tnica, 22\/6, \u00e0s 14h;&nbsp; literatura, 22\/6, \u00e0s 19h; e&nbsp;audiovisual, 23\/6, \u00e0s 18h.<\/p>\n\n\n\n<p>&#8212; &#8212; &#8212;<\/p>\n\n\n\n<p><strong>Texto<\/strong>&nbsp;&#8211; Crist\u00f3v\u00e3o Nonato&nbsp; \/ Manauscult<\/p>\n\n\n\n<p><strong>Foto<\/strong>\u00a0\u2013 Divulga\u00e7\u00e3o \/ Manauscult<\/p>\n","protected":false},"excerpt":{"rendered":"","protected":false},"author":31,"featured_media":488,"comment_status":"closed","ping_status":"closed","sticky":false,"template":"","format":"standard","meta":{"footnotes":""},"categories":[12],"tags":[48,50,51,145],"acf":[],"yoast_head":"<!-- This site is optimized with the Yoast SEO plugin v23.0 - https:\/\/yoast.com\/wordpress\/plugins\/seo\/ -->\n<title>Prefeitura de Manaus assina termo de ades\u00e3o com MinC para receber recursos da Lei Paulo Gustavo - MANAUSCULT<\/title>\n<meta name=\"robots\" content=\"noindex, follow\" \/>\n<meta property=\"og:locale\" content=\"pt_BR\" \/>\n<meta property=\"og:type\" content=\"article\" \/>\n<meta property=\"og:title\" content=\"Prefeitura de Manaus assina termo de ades\u00e3o com MinC para receber recursos da Lei Paulo Gustavo - MANAUSCULT\" \/>\n<meta property=\"og:url\" content=\"https:\/\/www.manaus.am.gov.br\/manauscult\/prefeitura-de-manaus-assina-termo-de-adesao-com-minc-para-receber-recursos-da-lei-paulo-gustavo\/\" \/>\n<meta property=\"og:site_name\" content=\"MANAUSCULT\" \/>\n<meta property=\"article:published_time\" content=\"2023-06-03T00:03:54+00:00\" \/>\n<meta property=\"article:modified_time\" content=\"2023-06-06T13:56:06+00:00\" \/>\n<meta property=\"og:image\" content=\"https:\/\/www.manaus.am.gov.br\/manauscult\/wp-content\/uploads\/sites\/11\/2023\/06\/20230601_093045-scaled.jpg\" \/>\n\t<meta property=\"og:image:width\" content=\"2560\" \/>\n\t<meta property=\"og:image:height\" content=\"1920\" \/>\n\t<meta property=\"og:image:type\" content=\"image\/jpeg\" \/>\n<meta name=\"author\" content=\"Renata Felix\" \/>\n<meta name=\"twitter:card\" content=\"summary_large_image\" \/>\n<meta name=\"twitter:label1\" content=\"Written by\" \/>\n\t<meta name=\"twitter:data1\" content=\"Renata Felix\" \/>\n\t<meta name=\"twitter:label2\" content=\"Est. reading time\" \/>\n\t<meta name=\"twitter:data2\" content=\"3 minutos\" \/>\n<script type=\"application\/ld+json\" class=\"yoast-schema-graph\">{\"@context\":\"https:\/\/schema.org\",\"@graph\":[{\"@type\":\"WebPage\",\"@id\":\"https:\/\/www.manaus.am.gov.br\/manauscult\/prefeitura-de-manaus-assina-termo-de-adesao-com-minc-para-receber-recursos-da-lei-paulo-gustavo\/\",\"url\":\"https:\/\/www.manaus.am.gov.br\/manauscult\/prefeitura-de-manaus-assina-termo-de-adesao-com-minc-para-receber-recursos-da-lei-paulo-gustavo\/\",\"name\":\"Prefeitura de Manaus assina termo de ades\u00e3o com MinC para receber recursos da Lei Paulo Gustavo - MANAUSCULT\",\"isPartOf\":{\"@id\":\"https:\/\/www.manaus.am.gov.br\/manauscult\/#website\"},\"primaryImageOfPage\":{\"@id\":\"https:\/\/www.manaus.am.gov.br\/manauscult\/prefeitura-de-manaus-assina-termo-de-adesao-com-minc-para-receber-recursos-da-lei-paulo-gustavo\/#primaryimage\"},\"image\":{\"@id\":\"https:\/\/www.manaus.am.gov.br\/manauscult\/prefeitura-de-manaus-assina-termo-de-adesao-com-minc-para-receber-recursos-da-lei-paulo-gustavo\/#primaryimage\"},\"thumbnailUrl\":\"https:\/\/www.manaus.am.gov.br\/manauscult\/wp-content\/uploads\/sites\/11\/2023\/06\/20230601_093045-scaled.jpg\",\"datePublished\":\"2023-06-03T00:03:54+00:00\",\"dateModified\":\"2023-06-06T13:56:06+00:00\",\"author\":{\"@id\":\"https:\/\/www.manaus.am.gov.br\/manauscult\/#\/schema\/person\/4eea2a8f78dc853097abb026f728aa06\"},\"breadcrumb\":{\"@id\":\"https:\/\/www.manaus.am.gov.br\/manauscult\/prefeitura-de-manaus-assina-termo-de-adesao-com-minc-para-receber-recursos-da-lei-paulo-gustavo\/#breadcrumb\"},\"inLanguage\":\"pt-BR\",\"potentialAction\":[{\"@type\":\"ReadAction\",\"target\":[\"https:\/\/www.manaus.am.gov.br\/manauscult\/prefeitura-de-manaus-assina-termo-de-adesao-com-minc-para-receber-recursos-da-lei-paulo-gustavo\/\"]}]},{\"@type\":\"ImageObject\",\"inLanguage\":\"pt-BR\",\"@id\":\"https:\/\/www.manaus.am.gov.br\/manauscult\/prefeitura-de-manaus-assina-termo-de-adesao-com-minc-para-receber-recursos-da-lei-paulo-gustavo\/#primaryimage\",\"url\":\"https:\/\/www.manaus.am.gov.br\/manauscult\/wp-content\/uploads\/sites\/11\/2023\/06\/20230601_093045-scaled.jpg\",\"contentUrl\":\"https:\/\/www.manaus.am.gov.br\/manauscult\/wp-content\/uploads\/sites\/11\/2023\/06\/20230601_093045-scaled.jpg\",\"width\":2560,\"height\":1920},{\"@type\":\"BreadcrumbList\",\"@id\":\"https:\/\/www.manaus.am.gov.br\/manauscult\/prefeitura-de-manaus-assina-termo-de-adesao-com-minc-para-receber-recursos-da-lei-paulo-gustavo\/#breadcrumb\",\"itemListElement\":[{\"@type\":\"ListItem\",\"position\":1,\"name\":\"Home\",\"item\":\"https:\/\/www.manaus.am.gov.br\/manauscult\/\"},{\"@type\":\"ListItem\",\"position\":2,\"name\":\"Prefeitura de Manaus assina termo de ades\u00e3o com MinC para receber recursos da Lei Paulo Gustavo\"}]},{\"@type\":\"WebSite\",\"@id\":\"https:\/\/www.manaus.am.gov.br\/manauscult\/#website\",\"url\":\"https:\/\/www.manaus.am.gov.br\/manauscult\/\",\"name\":\"MANAUSCULT\",\"description\":\"Prefeitura de Manaus\",\"potentialAction\":[{\"@type\":\"SearchAction\",\"target\":{\"@type\":\"EntryPoint\",\"urlTemplate\":\"https:\/\/www.manaus.am.gov.br\/manauscult\/?s={search_term_string}\"},\"query-input\":\"required name=search_term_string\"}],\"inLanguage\":\"pt-BR\"},{\"@type\":\"Person\",\"@id\":\"https:\/\/www.manaus.am.gov.br\/manauscult\/#\/schema\/person\/4eea2a8f78dc853097abb026f728aa06\",\"name\":\"Renata Felix\",\"image\":{\"@type\":\"ImageObject\",\"inLanguage\":\"pt-BR\",\"@id\":\"https:\/\/www.manaus.am.gov.br\/manauscult\/#\/schema\/person\/image\/\",\"url\":\"https:\/\/secure.gravatar.com\/avatar\/3c196cf9d3b837b24c8edb2c50fd8f29?s=96&d=mm&r=g\",\"contentUrl\":\"https:\/\/secure.gravatar.com\/avatar\/3c196cf9d3b837b24c8edb2c50fd8f29?s=96&d=mm&r=g\",\"caption\":\"Renata Felix\"}}]}<\/script>\n<!-- \/ Yoast SEO plugin. -->","yoast_head_json":{"title":"Prefeitura de Manaus assina termo de ades\u00e3o com MinC para receber recursos da Lei Paulo Gustavo - MANAUSCULT","robots":{"index":"noindex","follow":"follow"},"og_locale":"pt_BR","og_type":"article","og_title":"Prefeitura de Manaus assina termo de ades\u00e3o com MinC para receber recursos da Lei Paulo Gustavo - MANAUSCULT","og_url":"https:\/\/www.manaus.am.gov.br\/manauscult\/prefeitura-de-manaus-assina-termo-de-adesao-com-minc-para-receber-recursos-da-lei-paulo-gustavo\/","og_site_name":"MANAUSCULT","article_published_time":"2023-06-03T00:03:54+00:00","article_modified_time":"2023-06-06T13:56:06+00:00","og_image":[{"width":2560,"height":1920,"url":"https:\/\/www.manaus.am.gov.br\/manauscult\/wp-content\/uploads\/sites\/11\/2023\/06\/20230601_093045-scaled.jpg","type":"image\/jpeg"}],"author":"Renata Felix","twitter_card":"summary_large_image","twitter_misc":{"Written by":"Renata Felix","Est. reading time":"3 minutos"},"schema":{"@context":"https:\/\/schema.org","@graph":[{"@type":"WebPage","@id":"https:\/\/www.manaus.am.gov.br\/manauscult\/prefeitura-de-manaus-assina-termo-de-adesao-com-minc-para-receber-recursos-da-lei-paulo-gustavo\/","url":"https:\/\/www.manaus.am.gov.br\/manauscult\/prefeitura-de-manaus-assina-termo-de-adesao-com-minc-para-receber-recursos-da-lei-paulo-gustavo\/","name":"Prefeitura de Manaus assina termo de ades\u00e3o com MinC para receber recursos da Lei Paulo Gustavo - MANAUSCULT","isPartOf":{"@id":"https:\/\/www.manaus.am.gov.br\/manauscult\/#website"},"primaryImageOfPage":{"@id":"https:\/\/www.manaus.am.gov.br\/manauscult\/prefeitura-de-manaus-assina-termo-de-adesao-com-minc-para-receber-recursos-da-lei-paulo-gustavo\/#primaryimage"},"image":{"@id":"https:\/\/www.manaus.am.gov.br\/manauscult\/prefeitura-de-manaus-assina-termo-de-adesao-com-minc-para-receber-recursos-da-lei-paulo-gustavo\/#primaryimage"},"thumbnailUrl":"https:\/\/www.manaus.am.gov.br\/manauscult\/wp-content\/uploads\/sites\/11\/2023\/06\/20230601_093045-scaled.jpg","datePublished":"2023-06-03T00:03:54+00:00","dateModified":"2023-06-06T13:56:06+00:00","author":{"@id":"https:\/\/www.manaus.am.gov.br\/manauscult\/#\/schema\/person\/4eea2a8f78dc853097abb026f728aa06"},"breadcrumb":{"@id":"https:\/\/www.manaus.am.gov.br\/manauscult\/prefeitura-de-manaus-assina-termo-de-adesao-com-minc-para-receber-recursos-da-lei-paulo-gustavo\/#breadcrumb"},"inLanguage":"pt-BR","potentialAction":[{"@type":"ReadAction","target":["https:\/\/www.manaus.am.gov.br\/manauscult\/prefeitura-de-manaus-assina-termo-de-adesao-com-minc-para-receber-recursos-da-lei-paulo-gustavo\/"]}]},{"@type":"ImageObject","inLanguage":"pt-BR","@id":"https:\/\/www.manaus.am.gov.br\/manauscult\/prefeitura-de-manaus-assina-termo-de-adesao-com-minc-para-receber-recursos-da-lei-paulo-gustavo\/#primaryimage","url":"https:\/\/www.manaus.am.gov.br\/manauscult\/wp-content\/uploads\/sites\/11\/2023\/06\/20230601_093045-scaled.jpg","contentUrl":"https:\/\/www.manaus.am.gov.br\/manauscult\/wp-content\/uploads\/sites\/11\/2023\/06\/20230601_093045-scaled.jpg","width":2560,"height":1920},{"@type":"BreadcrumbList","@id":"https:\/\/www.manaus.am.gov.br\/manauscult\/prefeitura-de-manaus-assina-termo-de-adesao-com-minc-para-receber-recursos-da-lei-paulo-gustavo\/#breadcrumb","itemListElement":[{"@type":"ListItem","position":1,"name":"Home","item":"https:\/\/www.manaus.am.gov.br\/manauscult\/"},{"@type":"ListItem","position":2,"name":"Prefeitura de Manaus assina termo de ades\u00e3o com MinC para receber recursos da Lei Paulo Gustavo"}]},{"@type":"WebSite","@id":"https:\/\/www.manaus.am.gov.br\/manauscult\/#website","url":"https:\/\/www.manaus.am.gov.br\/manauscult\/","name":"MANAUSCULT","description":"Prefeitura de Manaus","potentialAction":[{"@type":"SearchAction","target":{"@type":"EntryPoint","urlTemplate":"https:\/\/www.manaus.am.gov.br\/manauscult\/?s={search_term_string}"},"query-input":"required name=search_term_string"}],"inLanguage":"pt-BR"},{"@type":"Person","@id":"https:\/\/www.manaus.am.gov.br\/manauscult\/#\/schema\/person\/4eea2a8f78dc853097abb026f728aa06","name":"Renata Felix","image":{"@type":"ImageObject","inLanguage":"pt-BR","@id":"https:\/\/www.manaus.am.gov.br\/manauscult\/#\/schema\/person\/image\/","url":"https:\/\/secure.gravatar.com\/avatar\/3c196cf9d3b837b24c8edb2c50fd8f29?s=96&d=mm&r=g","contentUrl":"https:\/\/secure.gravatar.com\/avatar\/3c196cf9d3b837b24c8edb2c50fd8f29?s=96&d=mm&r=g","caption":"Renata Felix"}}]}},"_links":{"self":[{"href":"https:\/\/www.manaus.am.gov.br\/manauscult\/wp-json\/wp\/v2\/posts\/487"}],"collection":[{"href":"https:\/\/www.manaus.am.gov.br\/manauscult\/wp-json\/wp\/v2\/posts"}],"about":[{"href":"https:\/\/www.manaus.am.gov.br\/manauscult\/wp-json\/wp\/v2\/types\/post"}],"author":[{"embeddable":true,"href":"https:\/\/www.manaus.am.gov.br\/manauscult\/wp-json\/wp\/v2\/users\/31"}],"replies":[{"embeddable":true,"href":"https:\/\/www.manaus.am.gov.br\/manauscult\/wp-json\/wp\/v2\/comments?post=487"}],"version-history":[{"count":1,"href":"https:\/\/www.manaus.am.gov.br\/manauscult\/wp-json\/wp\/v2\/posts\/487\/revisions"}],"predecessor-version":[{"id":497,"href":"https:\/\/www.manaus.am.gov.br\/manauscult\/wp-json\/wp\/v2\/posts\/487\/revisions\/497"}],"wp:featuredmedia":[{"embeddable":true,"href":"https:\/\/www.manaus.am.gov.br\/manauscult\/wp-json\/wp\/v2\/media\/488"}],"wp:attachment":[{"href":"https:\/\/www.manaus.am.gov.br\/manauscult\/wp-json\/wp\/v2\/media?parent=487"}],"wp:term":[{"taxonomy":"category","embeddable":true,"href":"https:\/\/www.manaus.am.gov.br\/manauscult\/wp-json\/wp\/v2\/categories?post=487"},{"taxonomy":"post_tag","embeddable":true,"href":"https:\/\/www.manaus.am.gov.br\/manauscult\/wp-json\/wp\/v2\/tags?post=487"}],"curies":[{"name":"wp","href":"https:\/\/api.w.org\/{rel}","templated":true}]}}