{"id":4862,"date":"2025-10-20T09:56:07","date_gmt":"2025-10-20T13:56:07","guid":{"rendered":"https:\/\/www.manaus.am.gov.br\/manauscult\/prefeitura-esquenta-boi-manaus\/"},"modified":"2025-10-20T09:56:10","modified_gmt":"2025-10-20T13:56:10","slug":"prefeitura-esquenta-boi-manaus","status":"publish","type":"post","link":"https:\/\/www.manaus.am.gov.br\/manauscult\/prefeitura-esquenta-boi-manaus\/","title":{"rendered":"\u2018Esquenta do Boi Manaus 2025\u2019 encerra segunda etapa da Feirinha do Tururi com grande p\u00fablico e celebra\u00e7\u00e3o da cultura popular"},"content":{"rendered":"\n<p>A Prefeitura de Manaus, por meio da Funda\u00e7\u00e3o Municipal de Cultura, Turismo e Eventos (ManausCult), encerrou, no domingo, 19\/10, a segunda etapa da Feirinha do Tururi, o \u201cEsquenta do Boi Manaus 2025\u201d, realizada no bloco E, do Centro de Conven\u00e7\u00f5es Professor Gilberto Mestrinho (samb\u00f3dromo). Foram cinco dias de festa, de 15 a 19 de outubro, com grande presen\u00e7a de p\u00fablico, estacionamento gratuito, estrutura organizada e uma programa\u00e7\u00e3o especial que destacou a for\u00e7a da cultura amazonense.<\/p>\n\n\n\n<p>O &#8220;esquenta&#8221; reuniu apresenta\u00e7\u00f5es dos bois de Manaus, al\u00e9m de grandes nomes como Patrick Ara\u00fajo &amp; Marujada de Guerra, David Assayag &amp; Batucada do Garantido, Israel Paulain, Edmundo Oran e Jo\u00e3o Paulo Faria, entre outros. Todas as noites, o p\u00fablico lotou a arena e cantou junto, comprovando que o \u201cBoi Manaus\u201d \u00e9 tradi\u00e7\u00e3o viva e patrim\u00f4nio imaterial e afetivo da cidade.<\/p>\n\n\n\n<p>\u201cO \u2018esquenta\u2019 mostrou mais uma vez que o boi-bumb\u00e1 \u00e9 a alma da nossa cidade. Ver o p\u00fablico lotando o espa\u00e7o durante cinco noites refor\u00e7a que estamos no caminho certo. Agora, estamos prontos para entregar uma das maiores edi\u00e7\u00f5es do \u2018Boi Manaus\u2019 da hist\u00f3ria, com tradi\u00e7\u00e3o, inova\u00e7\u00e3o e a participa\u00e7\u00e3o dos bois de Manaus e de Parintins\u201d, afirmou o diretor-presidente da ManausCult, Jender Lobato.<\/p>\n\n\n\n<p>Entre o p\u00fablico presente, a estudante Juliane Andrade, que participou da feirinha com amigos, destacou a energia do evento e a conex\u00e3o com a cultura local.<\/p>\n\n\n\n<p>\u201cFoi incr\u00edvel viver tudo isso de perto. As apresenta\u00e7\u00f5es foram emocionantes, o clima estava perfeito e a estrutura muito bem organizada. Agora, estou contando os dias para o \u2018Boi Manaus 2025\u2019. A expectativa est\u00e1 l\u00e1 em cima!\u201d, contou.<\/p>\n\n\n\n<p>O \u201cEsquenta do Boi Manaus\u201d fortaleceu a tradi\u00e7\u00e3o, movimentou a economia criativa, reuniu fam\u00edlias, turistas e amantes da toada, consolidando a festa como um dos maiores s\u00edmbolos culturais da capital amazonense.<\/p>\n\n\n\n<p>Agora, Manaus se prepara para a grande celebra\u00e7\u00e3o oficial do \u201cBoi Manaus 2025\u201d, que acontecer\u00e1 nos dias 24 e 25 de outubro, no samb\u00f3dromo, com a participa\u00e7\u00e3o dos bois de Parintins, Garantido e Caprichoso, que se apresentar\u00e3o com todos os seus itens oficiais, ao lado dos seis bois de Manaus. A expectativa \u00e9 de recorde de p\u00fablico e uma edi\u00e7\u00e3o inesquec\u00edvel em comemora\u00e7\u00e3o aos 356 anos da cidade.<\/p>\n\n\n\n<p>&#8212; &#8212; &#8212;<\/p>\n\n\n\n<p><strong>Texto<\/strong> &#8211; J\u00e9ssica Trajano\/ManausCult<\/p>\n\n\n\n<p><strong>Fotos<\/strong> \u2013 Valdo Le\u00e3o\/Semcom e Thelson Souza\/ManausCult (anexos)<\/p>\n\n\n\n<p><strong>Dispon\u00edveis em<\/strong> &#8211; <a href=\"https:\/\/flic.kr\/s\/aHBqjCy22E\">https:\/\/flic.kr\/s\/aHBqjCy22E<\/a><\/p>\n\n\n\n<p><strong>MANAUSCULT &#8211; Funda\u00e7\u00e3o Municipal de Cultura, Turismo e Eventos<\/strong><\/p>\n\n\n\n<p>Assessora Respons\u00e1vel:&nbsp;Analu&nbsp;Vieira &#8211; (92) 98447-1551<\/p>\n\n\n\n<p>E-mail:&nbsp;<a href=\"mailto:comunica.manauscult@gmail.com\" target=\"_blank\" rel=\"noreferrer noopener\">comunica.manauscult@gmail.com<\/a><\/p>\n","protected":false},"excerpt":{"rendered":"","protected":false},"author":23,"featured_media":4863,"comment_status":"closed","ping_status":"closed","sticky":false,"template":"","format":"standard","meta":{"footnotes":""},"categories":[3],"tags":[766,132,1741,9,11,767],"acf":[],"yoast_head":"<!-- This site is optimized with the Yoast SEO plugin v23.0 - https:\/\/yoast.com\/wordpress\/plugins\/seo\/ -->\n<title>\u2018Esquenta do Boi Manaus 2025\u2019 encerra segunda etapa da Feirinha do Tururi com grande p\u00fablico e celebra\u00e7\u00e3o da cultura popular<\/title>\n<meta name=\"description\" content=\"A Prefeitura de Manaus, por meio da Funda\u00e7\u00e3o Municipal de Cultura, Turismo e Eventos (ManausCult), encerrou, no domingo, 19\/10, a segunda etapa da Feirinha do Tururi, o \u201cEsquenta do Boi Manaus 2025\u201d, realizada no bloco E, do Centro de Conven\u00e7\u00f5es Professor Gilberto Mestrinho (samb\u00f3dromo).\" \/>\n<meta name=\"robots\" content=\"noindex, follow\" \/>\n<meta property=\"og:locale\" content=\"pt_BR\" \/>\n<meta property=\"og:type\" content=\"article\" \/>\n<meta property=\"og:title\" content=\"\u2018Esquenta do Boi Manaus 2025\u2019 encerra segunda etapa da Feirinha do Tururi com grande p\u00fablico e celebra\u00e7\u00e3o da cultura popular\" \/>\n<meta property=\"og:description\" content=\"A Prefeitura de Manaus, por meio da Funda\u00e7\u00e3o Municipal de Cultura, Turismo e Eventos (ManausCult), encerrou, no domingo, 19\/10, a segunda etapa da Feirinha do Tururi, o \u201cEsquenta do Boi Manaus 2025\u201d, realizada no bloco E, do Centro de Conven\u00e7\u00f5es Professor Gilberto Mestrinho (samb\u00f3dromo).\" \/>\n<meta property=\"og:url\" content=\"https:\/\/www.manaus.am.gov.br\/manauscult\/prefeitura-esquenta-boi-manaus\/\" \/>\n<meta property=\"og:site_name\" content=\"MANAUSCULT\" \/>\n<meta property=\"article:published_time\" content=\"2025-10-20T13:56:07+00:00\" \/>\n<meta property=\"article:modified_time\" content=\"2025-10-20T13:56:10+00:00\" \/>\n<meta property=\"og:image\" content=\"https:\/\/www.manaus.am.gov.br\/manauscult\/wp-content\/uploads\/sites\/11\/2025\/10\/54865733682_e837a6bab4_c.jpg\" \/>\n\t<meta property=\"og:image:width\" content=\"799\" \/>\n\t<meta property=\"og:image:height\" content=\"533\" \/>\n\t<meta property=\"og:image:type\" content=\"image\/jpeg\" \/>\n<meta name=\"author\" content=\"Adriana Costa\" \/>\n<meta name=\"twitter:card\" content=\"summary_large_image\" \/>\n<meta name=\"twitter:label1\" content=\"Written by\" \/>\n\t<meta name=\"twitter:data1\" content=\"Adriana Costa\" \/>\n\t<meta name=\"twitter:label2\" content=\"Est. reading time\" \/>\n\t<meta name=\"twitter:data2\" content=\"3 minutos\" \/>\n<script type=\"application\/ld+json\" class=\"yoast-schema-graph\">{\"@context\":\"https:\/\/schema.org\",\"@graph\":[{\"@type\":\"WebPage\",\"@id\":\"https:\/\/www.manaus.am.gov.br\/manauscult\/prefeitura-esquenta-boi-manaus\/\",\"url\":\"https:\/\/www.manaus.am.gov.br\/manauscult\/prefeitura-esquenta-boi-manaus\/\",\"name\":\"\u2018Esquenta do Boi Manaus 2025\u2019 encerra segunda etapa da Feirinha do Tururi com grande p\u00fablico e celebra\u00e7\u00e3o da cultura popular\",\"isPartOf\":{\"@id\":\"https:\/\/www.manaus.am.gov.br\/manauscult\/#website\"},\"primaryImageOfPage\":{\"@id\":\"https:\/\/www.manaus.am.gov.br\/manauscult\/prefeitura-esquenta-boi-manaus\/#primaryimage\"},\"image\":{\"@id\":\"https:\/\/www.manaus.am.gov.br\/manauscult\/prefeitura-esquenta-boi-manaus\/#primaryimage\"},\"thumbnailUrl\":\"https:\/\/www.manaus.am.gov.br\/manauscult\/wp-content\/uploads\/sites\/11\/2025\/10\/54865733682_e837a6bab4_c.jpg\",\"datePublished\":\"2025-10-20T13:56:07+00:00\",\"dateModified\":\"2025-10-20T13:56:10+00:00\",\"author\":{\"@id\":\"https:\/\/www.manaus.am.gov.br\/manauscult\/#\/schema\/person\/4e49f4e267757a06ca072ec61b2b9968\"},\"description\":\"A Prefeitura de Manaus, por meio da Funda\u00e7\u00e3o Municipal de Cultura, Turismo e Eventos (ManausCult), encerrou, no domingo, 19\/10, a segunda etapa da Feirinha do Tururi, o \u201cEsquenta do Boi Manaus 2025\u201d, realizada no bloco E, do Centro de Conven\u00e7\u00f5es Professor Gilberto Mestrinho (samb\u00f3dromo).\",\"breadcrumb\":{\"@id\":\"https:\/\/www.manaus.am.gov.br\/manauscult\/prefeitura-esquenta-boi-manaus\/#breadcrumb\"},\"inLanguage\":\"pt-BR\",\"potentialAction\":[{\"@type\":\"ReadAction\",\"target\":[\"https:\/\/www.manaus.am.gov.br\/manauscult\/prefeitura-esquenta-boi-manaus\/\"]}]},{\"@type\":\"ImageObject\",\"inLanguage\":\"pt-BR\",\"@id\":\"https:\/\/www.manaus.am.gov.br\/manauscult\/prefeitura-esquenta-boi-manaus\/#primaryimage\",\"url\":\"https:\/\/www.manaus.am.gov.br\/manauscult\/wp-content\/uploads\/sites\/11\/2025\/10\/54865733682_e837a6bab4_c.jpg\",\"contentUrl\":\"https:\/\/www.manaus.am.gov.br\/manauscult\/wp-content\/uploads\/sites\/11\/2025\/10\/54865733682_e837a6bab4_c.jpg\",\"width\":799,\"height\":533,\"caption\":\"#paratodosverem - Foto a\u00e9rea do encerramento do Esquenta do Boi Manaus com grande p\u00fablico de brincantes de boi-bumb\u00e1\"},{\"@type\":\"BreadcrumbList\",\"@id\":\"https:\/\/www.manaus.am.gov.br\/manauscult\/prefeitura-esquenta-boi-manaus\/#breadcrumb\",\"itemListElement\":[{\"@type\":\"ListItem\",\"position\":1,\"name\":\"Home\",\"item\":\"https:\/\/www.manaus.am.gov.br\/manauscult\/\"},{\"@type\":\"ListItem\",\"position\":2,\"name\":\"\u2018Esquenta do Boi Manaus 2025\u2019 encerra segunda etapa da Feirinha do Tururi com grande p\u00fablico e celebra\u00e7\u00e3o da cultura popular\"}]},{\"@type\":\"WebSite\",\"@id\":\"https:\/\/www.manaus.am.gov.br\/manauscult\/#website\",\"url\":\"https:\/\/www.manaus.am.gov.br\/manauscult\/\",\"name\":\"MANAUSCULT\",\"description\":\"Prefeitura de Manaus\",\"potentialAction\":[{\"@type\":\"SearchAction\",\"target\":{\"@type\":\"EntryPoint\",\"urlTemplate\":\"https:\/\/www.manaus.am.gov.br\/manauscult\/?s={search_term_string}\"},\"query-input\":\"required name=search_term_string\"}],\"inLanguage\":\"pt-BR\"},{\"@type\":\"Person\",\"@id\":\"https:\/\/www.manaus.am.gov.br\/manauscult\/#\/schema\/person\/4e49f4e267757a06ca072ec61b2b9968\",\"name\":\"Adriana Costa\",\"image\":{\"@type\":\"ImageObject\",\"inLanguage\":\"pt-BR\",\"@id\":\"https:\/\/www.manaus.am.gov.br\/manauscult\/#\/schema\/person\/image\/\",\"url\":\"https:\/\/secure.gravatar.com\/avatar\/576258617ef7194f718179e766d57bd4?s=96&d=mm&r=g\",\"contentUrl\":\"https:\/\/secure.gravatar.com\/avatar\/576258617ef7194f718179e766d57bd4?s=96&d=mm&r=g\",\"caption\":\"Adriana Costa\"}}]}<\/script>\n<!-- \/ Yoast SEO plugin. -->","yoast_head_json":{"title":"\u2018Esquenta do Boi Manaus 2025\u2019 encerra segunda etapa da Feirinha do Tururi com grande p\u00fablico e celebra\u00e7\u00e3o da cultura popular","description":"A Prefeitura de Manaus, por meio da Funda\u00e7\u00e3o Municipal de Cultura, Turismo e Eventos (ManausCult), encerrou, no domingo, 19\/10, a segunda etapa da Feirinha do Tururi, o \u201cEsquenta do Boi Manaus 2025\u201d, realizada no bloco E, do Centro de Conven\u00e7\u00f5es Professor Gilberto Mestrinho (samb\u00f3dromo).","robots":{"index":"noindex","follow":"follow"},"og_locale":"pt_BR","og_type":"article","og_title":"\u2018Esquenta do Boi Manaus 2025\u2019 encerra segunda etapa da Feirinha do Tururi com grande p\u00fablico e celebra\u00e7\u00e3o da cultura popular","og_description":"A Prefeitura de Manaus, por meio da Funda\u00e7\u00e3o Municipal de Cultura, Turismo e Eventos (ManausCult), encerrou, no domingo, 19\/10, a segunda etapa da Feirinha do Tururi, o \u201cEsquenta do Boi Manaus 2025\u201d, realizada no bloco E, do Centro de Conven\u00e7\u00f5es Professor Gilberto Mestrinho (samb\u00f3dromo).","og_url":"https:\/\/www.manaus.am.gov.br\/manauscult\/prefeitura-esquenta-boi-manaus\/","og_site_name":"MANAUSCULT","article_published_time":"2025-10-20T13:56:07+00:00","article_modified_time":"2025-10-20T13:56:10+00:00","og_image":[{"width":799,"height":533,"url":"https:\/\/www.manaus.am.gov.br\/manauscult\/wp-content\/uploads\/sites\/11\/2025\/10\/54865733682_e837a6bab4_c.jpg","type":"image\/jpeg"}],"author":"Adriana Costa","twitter_card":"summary_large_image","twitter_misc":{"Written by":"Adriana Costa","Est. reading time":"3 minutos"},"schema":{"@context":"https:\/\/schema.org","@graph":[{"@type":"WebPage","@id":"https:\/\/www.manaus.am.gov.br\/manauscult\/prefeitura-esquenta-boi-manaus\/","url":"https:\/\/www.manaus.am.gov.br\/manauscult\/prefeitura-esquenta-boi-manaus\/","name":"\u2018Esquenta do Boi Manaus 2025\u2019 encerra segunda etapa da Feirinha do Tururi com grande p\u00fablico e celebra\u00e7\u00e3o da cultura popular","isPartOf":{"@id":"https:\/\/www.manaus.am.gov.br\/manauscult\/#website"},"primaryImageOfPage":{"@id":"https:\/\/www.manaus.am.gov.br\/manauscult\/prefeitura-esquenta-boi-manaus\/#primaryimage"},"image":{"@id":"https:\/\/www.manaus.am.gov.br\/manauscult\/prefeitura-esquenta-boi-manaus\/#primaryimage"},"thumbnailUrl":"https:\/\/www.manaus.am.gov.br\/manauscult\/wp-content\/uploads\/sites\/11\/2025\/10\/54865733682_e837a6bab4_c.jpg","datePublished":"2025-10-20T13:56:07+00:00","dateModified":"2025-10-20T13:56:10+00:00","author":{"@id":"https:\/\/www.manaus.am.gov.br\/manauscult\/#\/schema\/person\/4e49f4e267757a06ca072ec61b2b9968"},"description":"A Prefeitura de Manaus, por meio da Funda\u00e7\u00e3o Municipal de Cultura, Turismo e Eventos (ManausCult), encerrou, no domingo, 19\/10, a segunda etapa da Feirinha do Tururi, o \u201cEsquenta do Boi Manaus 2025\u201d, realizada no bloco E, do Centro de Conven\u00e7\u00f5es Professor Gilberto Mestrinho (samb\u00f3dromo).","breadcrumb":{"@id":"https:\/\/www.manaus.am.gov.br\/manauscult\/prefeitura-esquenta-boi-manaus\/#breadcrumb"},"inLanguage":"pt-BR","potentialAction":[{"@type":"ReadAction","target":["https:\/\/www.manaus.am.gov.br\/manauscult\/prefeitura-esquenta-boi-manaus\/"]}]},{"@type":"ImageObject","inLanguage":"pt-BR","@id":"https:\/\/www.manaus.am.gov.br\/manauscult\/prefeitura-esquenta-boi-manaus\/#primaryimage","url":"https:\/\/www.manaus.am.gov.br\/manauscult\/wp-content\/uploads\/sites\/11\/2025\/10\/54865733682_e837a6bab4_c.jpg","contentUrl":"https:\/\/www.manaus.am.gov.br\/manauscult\/wp-content\/uploads\/sites\/11\/2025\/10\/54865733682_e837a6bab4_c.jpg","width":799,"height":533,"caption":"#paratodosverem - Foto a\u00e9rea do encerramento do Esquenta do Boi Manaus com grande p\u00fablico de brincantes de boi-bumb\u00e1"},{"@type":"BreadcrumbList","@id":"https:\/\/www.manaus.am.gov.br\/manauscult\/prefeitura-esquenta-boi-manaus\/#breadcrumb","itemListElement":[{"@type":"ListItem","position":1,"name":"Home","item":"https:\/\/www.manaus.am.gov.br\/manauscult\/"},{"@type":"ListItem","position":2,"name":"\u2018Esquenta do Boi Manaus 2025\u2019 encerra segunda etapa da Feirinha do Tururi com grande p\u00fablico e celebra\u00e7\u00e3o da cultura popular"}]},{"@type":"WebSite","@id":"https:\/\/www.manaus.am.gov.br\/manauscult\/#website","url":"https:\/\/www.manaus.am.gov.br\/manauscult\/","name":"MANAUSCULT","description":"Prefeitura de Manaus","potentialAction":[{"@type":"SearchAction","target":{"@type":"EntryPoint","urlTemplate":"https:\/\/www.manaus.am.gov.br\/manauscult\/?s={search_term_string}"},"query-input":"required name=search_term_string"}],"inLanguage":"pt-BR"},{"@type":"Person","@id":"https:\/\/www.manaus.am.gov.br\/manauscult\/#\/schema\/person\/4e49f4e267757a06ca072ec61b2b9968","name":"Adriana Costa","image":{"@type":"ImageObject","inLanguage":"pt-BR","@id":"https:\/\/www.manaus.am.gov.br\/manauscult\/#\/schema\/person\/image\/","url":"https:\/\/secure.gravatar.com\/avatar\/576258617ef7194f718179e766d57bd4?s=96&d=mm&r=g","contentUrl":"https:\/\/secure.gravatar.com\/avatar\/576258617ef7194f718179e766d57bd4?s=96&d=mm&r=g","caption":"Adriana Costa"}}]}},"_links":{"self":[{"href":"https:\/\/www.manaus.am.gov.br\/manauscult\/wp-json\/wp\/v2\/posts\/4862"}],"collection":[{"href":"https:\/\/www.manaus.am.gov.br\/manauscult\/wp-json\/wp\/v2\/posts"}],"about":[{"href":"https:\/\/www.manaus.am.gov.br\/manauscult\/wp-json\/wp\/v2\/types\/post"}],"author":[{"embeddable":true,"href":"https:\/\/www.manaus.am.gov.br\/manauscult\/wp-json\/wp\/v2\/users\/23"}],"replies":[{"embeddable":true,"href":"https:\/\/www.manaus.am.gov.br\/manauscult\/wp-json\/wp\/v2\/comments?post=4862"}],"version-history":[{"count":0,"href":"https:\/\/www.manaus.am.gov.br\/manauscult\/wp-json\/wp\/v2\/posts\/4862\/revisions"}],"wp:featuredmedia":[{"embeddable":true,"href":"https:\/\/www.manaus.am.gov.br\/manauscult\/wp-json\/wp\/v2\/media\/4863"}],"wp:attachment":[{"href":"https:\/\/www.manaus.am.gov.br\/manauscult\/wp-json\/wp\/v2\/media?parent=4862"}],"wp:term":[{"taxonomy":"category","embeddable":true,"href":"https:\/\/www.manaus.am.gov.br\/manauscult\/wp-json\/wp\/v2\/categories?post=4862"},{"taxonomy":"post_tag","embeddable":true,"href":"https:\/\/www.manaus.am.gov.br\/manauscult\/wp-json\/wp\/v2\/tags?post=4862"}],"curies":[{"name":"wp","href":"https:\/\/api.w.org\/{rel}","templated":true}]}}