{"id":4858,"date":"2025-10-15T11:37:00","date_gmt":"2025-10-15T15:37:00","guid":{"rendered":"https:\/\/www.manaus.am.gov.br\/manauscult\/conscientizacao-no-outubro-rosa\/"},"modified":"2025-10-15T11:37:02","modified_gmt":"2025-10-15T15:37:02","slug":"conscientizacao-no-outubro-rosa","status":"publish","type":"post","link":"https:\/\/www.manaus.am.gov.br\/manauscult\/conscientizacao-no-outubro-rosa\/","title":{"rendered":"Prefeitura de Manaus promove manh\u00e3 de cuidado e conscientiza\u00e7\u00e3o no \u2018Outubro Rosa\u2019 com servidoras da Manauscult"},"content":{"rendered":"\n<p>A <a href=\"https:\/\/www.instagram.com\/prefeiturademanaus\/\">Prefeitura de Manaus<\/a>, por meio da <a href=\"https:\/\/www.manaus.am.gov.br\/manauscult\/\">Funda\u00e7\u00e3o Municipal de Cultura, Turismo e Eventos (Manauscult)<\/a>, realizou na manh\u00e3 desta quarta-feira, 15\/10, uma a\u00e7\u00e3o especial em alus\u00e3o ao \u201cOutubro Rosa\u201d, m\u00eas de conscientiza\u00e7\u00e3o sobre a preven\u00e7\u00e3o ao c\u00e2ncer de mama.<\/p>\n\n\n\n<p>Para o diretor-presidente da Manauscult, Jender Lobato, momentos como esse refor\u00e7am o compromisso humano da institui\u00e7\u00e3o. \u201cMais do que falar sobre preven\u00e7\u00e3o, o \u2018Outubro Rosa\u2019 \u00e9 um convite para cuidarmos umas das outras. A Manauscult \u00e9 feita por mulheres que transformam a nossa cultura, turismo e eventos todos os dias, e esse momento \u00e9 uma forma de reconhecer, acolher e incentivar a sa\u00fade e o bem-estar de cada uma\u201d, destacou.<\/p>\n\n\n\n<p>O c\u00e2ncer de mama \u00e9 o tipo mais comum entre as mulheres no Brasil. De acordo com o Instituto Nacional de C\u00e2ncer (INCA), a estimativa \u00e9 de mais de 75 mil novos casos por ano no pa\u00eds, refor\u00e7ando a import\u00e2ncia de campanhas como o \u201cOutubro Rosa\u201d, que busca difundir informa\u00e7\u00e3o, incentivar o diagn\u00f3stico precoce e fortalecer redes de apoio. Nesse contexto, servidoras da Manauscult destacaram a relev\u00e2ncia de a\u00e7\u00f5es que unem acolhimento, sa\u00fade e conscientiza\u00e7\u00e3o dentro do ambiente de trabalho.<\/p>\n\n\n\n<p>\u201cParticipar de uma manh\u00e3 como essa \u00e9 um gesto de cuidado e de empatia. Muitas vezes, na correria do dia a dia, esquecemos de olhar para n\u00f3s mesmas, e o \u2018Outubro Rosa\u2019 nos lembra que sa\u00fade tamb\u00e9m \u00e9 afeto e informa\u00e7\u00e3o. Saber que a Manauscult se preocupa com cada servidora faz toda a diferen\u00e7a\u201d, afirmou a servidora Giselly Abtibol.<\/p>\n\n\n\n<p>A programa\u00e7\u00e3o ocorreu no Centro de Arqueologia de Manaus (CAM) e reuniu servidoras da Funda\u00e7\u00e3o em uma manh\u00e3 de informa\u00e7\u00e3o e autocuidado. A atividade teve in\u00edcio \u00e0s 9h, com abertura institucional e um momento de reflex\u00e3o. Em seguida, aconteceu uma roda de conversa sobre \u201cC\u00e2ncer de Mama: Preven\u00e7\u00e3o, Fatores de Risco, Sintomas e Autoexame\u201d, conduzida por estudantes de Medicina da Universidade Federal do Amazonas (UFAM), refor\u00e7ando a import\u00e2ncia do diagn\u00f3stico precoce e do cuidado com a sa\u00fade da mulher.<\/p>\n\n\n\n<p>Al\u00e9m do bate-papo informativo, a manh\u00e3 contou com uma din\u00e2mica especial para as mulheres, seguida de uma s\u00e9rie de servi\u00e7os de bem-estar, como limpeza e esfolia\u00e7\u00e3o facial, medi\u00e7\u00e3o de vitaminas, suplementa\u00e7\u00e3o ozonizada, batons e gloss sem chumbo e orienta\u00e7\u00f5es de sa\u00fade, oferecidos por parceiras da a\u00e7\u00e3o. As servidoras tamb\u00e9m participaram de uma sess\u00e3o de gin\u00e1stica laboral, promovendo movimento e qualidade de vida no ambiente de trabalho.<\/p>\n\n\n\n<p>O encontro foi encerrado com um coffee break e agradecimentos \u00e0s participantes, celebrando a valoriza\u00e7\u00e3o das mulheres da Manauscult.<\/p>\n\n\n\n<p>&#8212; &#8212; &#8212;<\/p>\n\n\n\n<p><strong>Texto &#8211;<\/strong> J\u00e9ssica Trajano \/ Manauscult<\/p>\n\n\n\n<p><strong>Foto \u2013<\/strong> Divulga\u00e7\u00e3o \/ Manauscult<\/p>\n","protected":false},"excerpt":{"rendered":"","protected":false},"author":57,"featured_media":4859,"comment_status":"closed","ping_status":"closed","sticky":false,"template":"","format":"standard","meta":{"footnotes":""},"categories":[1749],"tags":[1750,9,11,581],"acf":[],"yoast_head":"<!-- This site is optimized with the Yoast SEO plugin v23.0 - https:\/\/yoast.com\/wordpress\/plugins\/seo\/ -->\n<title>Prefeitura promove manh\u00e3 de conscientiza\u00e7\u00e3o no \u2018Outubro Rosa\u2019<\/title>\n<meta name=\"description\" content=\"A PMM realizou uma a\u00e7\u00e3o especial em alus\u00e3o ao \u201cOutubro Rosa\u201d, m\u00eas de conscientiza\u00e7\u00e3o sobre a preven\u00e7\u00e3o ao c\u00e2ncer de mama.\" \/>\n<meta name=\"robots\" content=\"noindex, follow\" \/>\n<meta property=\"og:locale\" content=\"pt_BR\" \/>\n<meta property=\"og:type\" content=\"article\" \/>\n<meta property=\"og:title\" content=\"Prefeitura promove manh\u00e3 de conscientiza\u00e7\u00e3o no \u2018Outubro Rosa\u2019\" \/>\n<meta property=\"og:description\" content=\"A PMM realizou uma a\u00e7\u00e3o especial em alus\u00e3o ao \u201cOutubro Rosa\u201d, m\u00eas de conscientiza\u00e7\u00e3o sobre a preven\u00e7\u00e3o ao c\u00e2ncer de mama.\" \/>\n<meta property=\"og:url\" content=\"https:\/\/www.manaus.am.gov.br\/manauscult\/conscientizacao-no-outubro-rosa\/\" \/>\n<meta property=\"og:site_name\" content=\"MANAUSCULT\" \/>\n<meta property=\"article:published_time\" content=\"2025-10-15T15:37:00+00:00\" \/>\n<meta property=\"article:modified_time\" content=\"2025-10-15T15:37:02+00:00\" \/>\n<meta property=\"og:image\" content=\"https:\/\/www.manaus.am.gov.br\/manauscult\/wp-content\/uploads\/sites\/11\/2025\/10\/conscientizacao-no-\u2018Outubro-Rosa-2.jpeg\" \/>\n\t<meta property=\"og:image:width\" content=\"4000\" \/>\n\t<meta property=\"og:image:height\" content=\"1848\" \/>\n\t<meta property=\"og:image:type\" content=\"image\/jpeg\" \/>\n<meta name=\"author\" content=\"Thiago Fernando\" \/>\n<meta name=\"twitter:card\" content=\"summary_large_image\" \/>\n<meta name=\"twitter:label1\" content=\"Written by\" \/>\n\t<meta name=\"twitter:data1\" content=\"Thiago Fernando\" \/>\n\t<meta name=\"twitter:label2\" content=\"Est. reading time\" \/>\n\t<meta name=\"twitter:data2\" content=\"3 minutos\" \/>\n<script type=\"application\/ld+json\" class=\"yoast-schema-graph\">{\"@context\":\"https:\/\/schema.org\",\"@graph\":[{\"@type\":\"WebPage\",\"@id\":\"https:\/\/www.manaus.am.gov.br\/manauscult\/conscientizacao-no-outubro-rosa\/\",\"url\":\"https:\/\/www.manaus.am.gov.br\/manauscult\/conscientizacao-no-outubro-rosa\/\",\"name\":\"Prefeitura promove manh\u00e3 de conscientiza\u00e7\u00e3o no \u2018Outubro Rosa\u2019\",\"isPartOf\":{\"@id\":\"https:\/\/www.manaus.am.gov.br\/manauscult\/#website\"},\"primaryImageOfPage\":{\"@id\":\"https:\/\/www.manaus.am.gov.br\/manauscult\/conscientizacao-no-outubro-rosa\/#primaryimage\"},\"image\":{\"@id\":\"https:\/\/www.manaus.am.gov.br\/manauscult\/conscientizacao-no-outubro-rosa\/#primaryimage\"},\"thumbnailUrl\":\"https:\/\/www.manaus.am.gov.br\/manauscult\/wp-content\/uploads\/sites\/11\/2025\/10\/conscientizacao-no-\u2018Outubro-Rosa-2.jpeg\",\"datePublished\":\"2025-10-15T15:37:00+00:00\",\"dateModified\":\"2025-10-15T15:37:02+00:00\",\"author\":{\"@id\":\"https:\/\/www.manaus.am.gov.br\/manauscult\/#\/schema\/person\/a5ee5376db6e21af026374b369f30882\"},\"description\":\"A PMM realizou uma a\u00e7\u00e3o especial em alus\u00e3o ao \u201cOutubro Rosa\u201d, m\u00eas de conscientiza\u00e7\u00e3o sobre a preven\u00e7\u00e3o ao c\u00e2ncer de mama.\",\"breadcrumb\":{\"@id\":\"https:\/\/www.manaus.am.gov.br\/manauscult\/conscientizacao-no-outubro-rosa\/#breadcrumb\"},\"inLanguage\":\"pt-BR\",\"potentialAction\":[{\"@type\":\"ReadAction\",\"target\":[\"https:\/\/www.manaus.am.gov.br\/manauscult\/conscientizacao-no-outubro-rosa\/\"]}]},{\"@type\":\"ImageObject\",\"inLanguage\":\"pt-BR\",\"@id\":\"https:\/\/www.manaus.am.gov.br\/manauscult\/conscientizacao-no-outubro-rosa\/#primaryimage\",\"url\":\"https:\/\/www.manaus.am.gov.br\/manauscult\/wp-content\/uploads\/sites\/11\/2025\/10\/conscientizacao-no-\u2018Outubro-Rosa-2.jpeg\",\"contentUrl\":\"https:\/\/www.manaus.am.gov.br\/manauscult\/wp-content\/uploads\/sites\/11\/2025\/10\/conscientizacao-no-\u2018Outubro-Rosa-2.jpeg\",\"width\":4000,\"height\":1848,\"caption\":\"#paratodosverem - Servidoras da Manauscult participando de evento no CAM\"},{\"@type\":\"BreadcrumbList\",\"@id\":\"https:\/\/www.manaus.am.gov.br\/manauscult\/conscientizacao-no-outubro-rosa\/#breadcrumb\",\"itemListElement\":[{\"@type\":\"ListItem\",\"position\":1,\"name\":\"Home\",\"item\":\"https:\/\/www.manaus.am.gov.br\/manauscult\/\"},{\"@type\":\"ListItem\",\"position\":2,\"name\":\"Prefeitura de Manaus promove manh\u00e3 de cuidado e conscientiza\u00e7\u00e3o no \u2018Outubro Rosa\u2019 com servidoras da Manauscult\"}]},{\"@type\":\"WebSite\",\"@id\":\"https:\/\/www.manaus.am.gov.br\/manauscult\/#website\",\"url\":\"https:\/\/www.manaus.am.gov.br\/manauscult\/\",\"name\":\"MANAUSCULT\",\"description\":\"Prefeitura de Manaus\",\"potentialAction\":[{\"@type\":\"SearchAction\",\"target\":{\"@type\":\"EntryPoint\",\"urlTemplate\":\"https:\/\/www.manaus.am.gov.br\/manauscult\/?s={search_term_string}\"},\"query-input\":\"required name=search_term_string\"}],\"inLanguage\":\"pt-BR\"},{\"@type\":\"Person\",\"@id\":\"https:\/\/www.manaus.am.gov.br\/manauscult\/#\/schema\/person\/a5ee5376db6e21af026374b369f30882\",\"name\":\"Thiago Fernando\",\"image\":{\"@type\":\"ImageObject\",\"inLanguage\":\"pt-BR\",\"@id\":\"https:\/\/www.manaus.am.gov.br\/manauscult\/#\/schema\/person\/image\/\",\"url\":\"https:\/\/secure.gravatar.com\/avatar\/f5aab8722444041451501c077052ac07?s=96&d=mm&r=g\",\"contentUrl\":\"https:\/\/secure.gravatar.com\/avatar\/f5aab8722444041451501c077052ac07?s=96&d=mm&r=g\",\"caption\":\"Thiago Fernando\"}}]}<\/script>\n<!-- \/ Yoast SEO plugin. -->","yoast_head_json":{"title":"Prefeitura promove manh\u00e3 de conscientiza\u00e7\u00e3o no \u2018Outubro Rosa\u2019","description":"A PMM realizou uma a\u00e7\u00e3o especial em alus\u00e3o ao \u201cOutubro Rosa\u201d, m\u00eas de conscientiza\u00e7\u00e3o sobre a preven\u00e7\u00e3o ao c\u00e2ncer de mama.","robots":{"index":"noindex","follow":"follow"},"og_locale":"pt_BR","og_type":"article","og_title":"Prefeitura promove manh\u00e3 de conscientiza\u00e7\u00e3o no \u2018Outubro Rosa\u2019","og_description":"A PMM realizou uma a\u00e7\u00e3o especial em alus\u00e3o ao \u201cOutubro Rosa\u201d, m\u00eas de conscientiza\u00e7\u00e3o sobre a preven\u00e7\u00e3o ao c\u00e2ncer de mama.","og_url":"https:\/\/www.manaus.am.gov.br\/manauscult\/conscientizacao-no-outubro-rosa\/","og_site_name":"MANAUSCULT","article_published_time":"2025-10-15T15:37:00+00:00","article_modified_time":"2025-10-15T15:37:02+00:00","og_image":[{"width":4000,"height":1848,"url":"https:\/\/www.manaus.am.gov.br\/manauscult\/wp-content\/uploads\/sites\/11\/2025\/10\/conscientizacao-no-\u2018Outubro-Rosa-2.jpeg","type":"image\/jpeg"}],"author":"Thiago Fernando","twitter_card":"summary_large_image","twitter_misc":{"Written by":"Thiago Fernando","Est. reading time":"3 minutos"},"schema":{"@context":"https:\/\/schema.org","@graph":[{"@type":"WebPage","@id":"https:\/\/www.manaus.am.gov.br\/manauscult\/conscientizacao-no-outubro-rosa\/","url":"https:\/\/www.manaus.am.gov.br\/manauscult\/conscientizacao-no-outubro-rosa\/","name":"Prefeitura promove manh\u00e3 de conscientiza\u00e7\u00e3o no \u2018Outubro Rosa\u2019","isPartOf":{"@id":"https:\/\/www.manaus.am.gov.br\/manauscult\/#website"},"primaryImageOfPage":{"@id":"https:\/\/www.manaus.am.gov.br\/manauscult\/conscientizacao-no-outubro-rosa\/#primaryimage"},"image":{"@id":"https:\/\/www.manaus.am.gov.br\/manauscult\/conscientizacao-no-outubro-rosa\/#primaryimage"},"thumbnailUrl":"https:\/\/www.manaus.am.gov.br\/manauscult\/wp-content\/uploads\/sites\/11\/2025\/10\/conscientizacao-no-\u2018Outubro-Rosa-2.jpeg","datePublished":"2025-10-15T15:37:00+00:00","dateModified":"2025-10-15T15:37:02+00:00","author":{"@id":"https:\/\/www.manaus.am.gov.br\/manauscult\/#\/schema\/person\/a5ee5376db6e21af026374b369f30882"},"description":"A PMM realizou uma a\u00e7\u00e3o especial em alus\u00e3o ao \u201cOutubro Rosa\u201d, m\u00eas de conscientiza\u00e7\u00e3o sobre a preven\u00e7\u00e3o ao c\u00e2ncer de mama.","breadcrumb":{"@id":"https:\/\/www.manaus.am.gov.br\/manauscult\/conscientizacao-no-outubro-rosa\/#breadcrumb"},"inLanguage":"pt-BR","potentialAction":[{"@type":"ReadAction","target":["https:\/\/www.manaus.am.gov.br\/manauscult\/conscientizacao-no-outubro-rosa\/"]}]},{"@type":"ImageObject","inLanguage":"pt-BR","@id":"https:\/\/www.manaus.am.gov.br\/manauscult\/conscientizacao-no-outubro-rosa\/#primaryimage","url":"https:\/\/www.manaus.am.gov.br\/manauscult\/wp-content\/uploads\/sites\/11\/2025\/10\/conscientizacao-no-\u2018Outubro-Rosa-2.jpeg","contentUrl":"https:\/\/www.manaus.am.gov.br\/manauscult\/wp-content\/uploads\/sites\/11\/2025\/10\/conscientizacao-no-\u2018Outubro-Rosa-2.jpeg","width":4000,"height":1848,"caption":"#paratodosverem - Servidoras da Manauscult participando de evento no CAM"},{"@type":"BreadcrumbList","@id":"https:\/\/www.manaus.am.gov.br\/manauscult\/conscientizacao-no-outubro-rosa\/#breadcrumb","itemListElement":[{"@type":"ListItem","position":1,"name":"Home","item":"https:\/\/www.manaus.am.gov.br\/manauscult\/"},{"@type":"ListItem","position":2,"name":"Prefeitura de Manaus promove manh\u00e3 de cuidado e conscientiza\u00e7\u00e3o no \u2018Outubro Rosa\u2019 com servidoras da Manauscult"}]},{"@type":"WebSite","@id":"https:\/\/www.manaus.am.gov.br\/manauscult\/#website","url":"https:\/\/www.manaus.am.gov.br\/manauscult\/","name":"MANAUSCULT","description":"Prefeitura de Manaus","potentialAction":[{"@type":"SearchAction","target":{"@type":"EntryPoint","urlTemplate":"https:\/\/www.manaus.am.gov.br\/manauscult\/?s={search_term_string}"},"query-input":"required name=search_term_string"}],"inLanguage":"pt-BR"},{"@type":"Person","@id":"https:\/\/www.manaus.am.gov.br\/manauscult\/#\/schema\/person\/a5ee5376db6e21af026374b369f30882","name":"Thiago Fernando","image":{"@type":"ImageObject","inLanguage":"pt-BR","@id":"https:\/\/www.manaus.am.gov.br\/manauscult\/#\/schema\/person\/image\/","url":"https:\/\/secure.gravatar.com\/avatar\/f5aab8722444041451501c077052ac07?s=96&d=mm&r=g","contentUrl":"https:\/\/secure.gravatar.com\/avatar\/f5aab8722444041451501c077052ac07?s=96&d=mm&r=g","caption":"Thiago Fernando"}}]}},"_links":{"self":[{"href":"https:\/\/www.manaus.am.gov.br\/manauscult\/wp-json\/wp\/v2\/posts\/4858"}],"collection":[{"href":"https:\/\/www.manaus.am.gov.br\/manauscult\/wp-json\/wp\/v2\/posts"}],"about":[{"href":"https:\/\/www.manaus.am.gov.br\/manauscult\/wp-json\/wp\/v2\/types\/post"}],"author":[{"embeddable":true,"href":"https:\/\/www.manaus.am.gov.br\/manauscult\/wp-json\/wp\/v2\/users\/57"}],"replies":[{"embeddable":true,"href":"https:\/\/www.manaus.am.gov.br\/manauscult\/wp-json\/wp\/v2\/comments?post=4858"}],"version-history":[{"count":0,"href":"https:\/\/www.manaus.am.gov.br\/manauscult\/wp-json\/wp\/v2\/posts\/4858\/revisions"}],"wp:featuredmedia":[{"embeddable":true,"href":"https:\/\/www.manaus.am.gov.br\/manauscult\/wp-json\/wp\/v2\/media\/4859"}],"wp:attachment":[{"href":"https:\/\/www.manaus.am.gov.br\/manauscult\/wp-json\/wp\/v2\/media?parent=4858"}],"wp:term":[{"taxonomy":"category","embeddable":true,"href":"https:\/\/www.manaus.am.gov.br\/manauscult\/wp-json\/wp\/v2\/categories?post=4858"},{"taxonomy":"post_tag","embeddable":true,"href":"https:\/\/www.manaus.am.gov.br\/manauscult\/wp-json\/wp\/v2\/tags?post=4858"}],"curies":[{"name":"wp","href":"https:\/\/api.w.org\/{rel}","templated":true}]}}