{"id":4853,"date":"2025-10-13T17:19:43","date_gmt":"2025-10-13T21:19:43","guid":{"rendered":"https:\/\/www.manaus.am.gov.br\/manauscult\/manaus-encerra-participacao-na-abav-expo-collab-com-projecao-nacional-e-foco-em-novos-negocios-para-2026\/"},"modified":"2025-10-13T17:20:30","modified_gmt":"2025-10-13T21:20:30","slug":"manaus-abav-expo-collab","status":"publish","type":"post","link":"https:\/\/www.manaus.am.gov.br\/manauscult\/manaus-abav-expo-collab\/","title":{"rendered":"Manaus encerra participa\u00e7\u00e3o na \u2018Abav Expo Collab\u2019 com proje\u00e7\u00e3o nacional e foco em novos neg\u00f3cios para 2026"},"content":{"rendered":"\n<p>A Prefeitura de Manaus, por meio da Funda\u00e7\u00e3o Municipal de Cultura, Turismo e Eventos (ManausCult), encerrou, na \u00faltima sexta-feira, 10\/10, sua participa\u00e7\u00e3o na \u201cAbav Expo 2025\u201d, realizada no Rio de Janeiro, consolidando o destino Manaus entre os mais procurados para parcerias e novos neg\u00f3cios no turismo brasileiro.<\/p>\n\n\n\n<p><br>Durante os tr\u00eas dias de evento, 22 empres\u00e1rios receptivos da capital amazonense estiveram no estande de Manaus negociando pacotes estrat\u00e9gicos voltados especialmente para a temporada de 2026, com destaque para produtos de natureza, cultura, experi\u00eancia e sustentabilidade.<br><br>De acordo com dados divulgados pelo portal especializado Mercados &amp; Eventos, a feira reuniu 32 mil visitantes, sendo 62,7% do p\u00fablico formado por agentes de viagens, compradores e vendedores de produtos tur\u00edsticos. O resultado refor\u00e7a a import\u00e2ncia da Abav como uma das maiores plataformas de networking e gera\u00e7\u00e3o de neg\u00f3cios do setor.<\/p>\n\n\n\n<p>O diretor-presidente da ManausCult, Jender Lobato, destacou o papel estrat\u00e9gico da presen\u00e7a de Manaus no evento. \u201cA Prefeitura de Manaus tem investido fortemente na promo\u00e7\u00e3o do nosso destino. Estar na Abav com um estande pr\u00f3prio, empres\u00e1rios qualificados e produtos competitivos demonstra que somos protagonistas no turismo nacional. O mercado reconhece nossa for\u00e7a e estamos abrindo portas para 2026 com grandes oportunidades de neg\u00f3cios\u201d, afirmou.<\/p>\n\n\n\n<p><br>No estande de Manaus, o p\u00fablico encontrou uma vitrine diversificada de atrativos e servi\u00e7os, como hot\u00e9is de selva, pousadas de ecoturismo, turismo de base comunit\u00e1ria, pesca esportiva, hot\u00e9is urbanos, barcos de turismo, al\u00e9m de experi\u00eancias culturais e gastron\u00f4micas. A participa\u00e7\u00e3o expressiva do trade manauara ampliou a visibilidade do destino e fortaleceu a conex\u00e3o com o mercado nacional e internacional.<br><br>Para a vice-presidente de Turismo da ManausCult, Oreni Braga, a participa\u00e7\u00e3o foi marcada por resultados concretos e fortalecimento de imagem. \u201cA Abav nos permitiu mostrar a diversidade de Manaus, como a natureza, cultura, infraestrutura e inova\u00e7\u00e3o. A receptividade foi enorme, e isso prova que o turista busca exatamente o que oferecemos. Sa\u00edmos daqui com parcerias encaminhadas e perspectivas muito positivas para os pr\u00f3ximos anos\u201d, enfatizou.<\/p>\n\n\n\n<p>Com balan\u00e7o positivo, Manaus encerra sua participa\u00e7\u00e3o na Abav Expo 2025 fortalecendo o trade local e consolidando a capital amazonense como um dos principais destinos estrat\u00e9gicos do Brasil para 2026, unindo potencial econ\u00f4mico, sustentabilidade e hospitalidade.<\/p>\n\n\n\n<p>&#8212; &#8212; &#8212;<\/p>\n\n\n\n<p><strong>Texto &#8211;<\/strong>\u00a0J\u00e9ssica Trajano\/ManausCult<\/p>\n\n\n\n<p><strong>Foto &#8211; <\/strong>Divulga\u00e7\u00e3o\/ManausCult<\/p>\n","protected":false},"excerpt":{"rendered":"","protected":false},"author":39,"featured_media":4854,"comment_status":"closed","ping_status":"closed","sticky":false,"template":"","format":"standard","meta":{"footnotes":""},"categories":[18],"tags":[1745,910,9,1746,11,1747],"acf":[],"yoast_head":"<!-- This site is optimized with the Yoast SEO plugin v23.0 - https:\/\/yoast.com\/wordpress\/plugins\/seo\/ -->\n<title>Manaus encerra participa\u00e7\u00e3o na \u2018Abav Expo Collab\u2019<\/title>\n<meta name=\"description\" content=\"Manaus encerra participa\u00e7\u00e3o na \u2018Abav Expo Collab\u2019 com proje\u00e7\u00e3o nacional e foco em novos neg\u00f3cios para 2026.\" \/>\n<meta name=\"robots\" content=\"noindex, follow\" \/>\n<meta property=\"og:locale\" content=\"pt_BR\" \/>\n<meta property=\"og:type\" content=\"article\" \/>\n<meta property=\"og:title\" content=\"Manaus encerra participa\u00e7\u00e3o na \u2018Abav Expo Collab\u2019\" \/>\n<meta property=\"og:description\" content=\"Manaus encerra participa\u00e7\u00e3o na \u2018Abav Expo Collab\u2019 com proje\u00e7\u00e3o nacional e foco em novos neg\u00f3cios para 2026.\" \/>\n<meta property=\"og:url\" content=\"https:\/\/www.manaus.am.gov.br\/manauscult\/manaus-abav-expo-collab\/\" \/>\n<meta property=\"og:site_name\" content=\"MANAUSCULT\" \/>\n<meta property=\"article:published_time\" content=\"2025-10-13T21:19:43+00:00\" \/>\n<meta property=\"article:modified_time\" content=\"2025-10-13T21:20:30+00:00\" \/>\n<meta property=\"og:image\" content=\"https:\/\/www.manaus.am.gov.br\/manauscult\/wp-content\/uploads\/sites\/11\/2025\/10\/b7d38889-0a37-4d1d-af96-ab51254f9637.jpeg\" \/>\n\t<meta property=\"og:image:width\" content=\"1600\" \/>\n\t<meta property=\"og:image:height\" content=\"900\" \/>\n\t<meta property=\"og:image:type\" content=\"image\/jpeg\" \/>\n<meta name=\"author\" content=\"Bruna Greco\" \/>\n<meta name=\"twitter:card\" content=\"summary_large_image\" \/>\n<meta name=\"twitter:label1\" content=\"Written by\" \/>\n\t<meta name=\"twitter:data1\" content=\"Bruna Greco\" \/>\n\t<meta name=\"twitter:label2\" content=\"Est. reading time\" \/>\n\t<meta name=\"twitter:data2\" content=\"3 minutos\" \/>\n<script type=\"application\/ld+json\" class=\"yoast-schema-graph\">{\"@context\":\"https:\/\/schema.org\",\"@graph\":[{\"@type\":\"WebPage\",\"@id\":\"https:\/\/www.manaus.am.gov.br\/manauscult\/manaus-abav-expo-collab\/\",\"url\":\"https:\/\/www.manaus.am.gov.br\/manauscult\/manaus-abav-expo-collab\/\",\"name\":\"Manaus encerra participa\u00e7\u00e3o na \u2018Abav Expo Collab\u2019\",\"isPartOf\":{\"@id\":\"https:\/\/www.manaus.am.gov.br\/manauscult\/#website\"},\"primaryImageOfPage\":{\"@id\":\"https:\/\/www.manaus.am.gov.br\/manauscult\/manaus-abav-expo-collab\/#primaryimage\"},\"image\":{\"@id\":\"https:\/\/www.manaus.am.gov.br\/manauscult\/manaus-abav-expo-collab\/#primaryimage\"},\"thumbnailUrl\":\"https:\/\/www.manaus.am.gov.br\/manauscult\/wp-content\/uploads\/sites\/11\/2025\/10\/b7d38889-0a37-4d1d-af96-ab51254f9637.jpeg\",\"datePublished\":\"2025-10-13T21:19:43+00:00\",\"dateModified\":\"2025-10-13T21:20:30+00:00\",\"author\":{\"@id\":\"https:\/\/www.manaus.am.gov.br\/manauscult\/#\/schema\/person\/05d223aea2bf115f9883a6ff3683d81b\"},\"description\":\"Manaus encerra participa\u00e7\u00e3o na \u2018Abav Expo Collab\u2019 com proje\u00e7\u00e3o nacional e foco em novos neg\u00f3cios para 2026.\",\"breadcrumb\":{\"@id\":\"https:\/\/www.manaus.am.gov.br\/manauscult\/manaus-abav-expo-collab\/#breadcrumb\"},\"inLanguage\":\"pt-BR\",\"potentialAction\":[{\"@type\":\"ReadAction\",\"target\":[\"https:\/\/www.manaus.am.gov.br\/manauscult\/manaus-abav-expo-collab\/\"]}]},{\"@type\":\"ImageObject\",\"inLanguage\":\"pt-BR\",\"@id\":\"https:\/\/www.manaus.am.gov.br\/manauscult\/manaus-abav-expo-collab\/#primaryimage\",\"url\":\"https:\/\/www.manaus.am.gov.br\/manauscult\/wp-content\/uploads\/sites\/11\/2025\/10\/b7d38889-0a37-4d1d-af96-ab51254f9637.jpeg\",\"contentUrl\":\"https:\/\/www.manaus.am.gov.br\/manauscult\/wp-content\/uploads\/sites\/11\/2025\/10\/b7d38889-0a37-4d1d-af96-ab51254f9637.jpeg\",\"width\":1600,\"height\":900,\"caption\":\"#paratodosverem - Vice-presidente de Turismo da ManausCult, Oreni Braga, reunida com servidores da ManausCult, durante participa\u00e7\u00e3o do estande de Manaus na \\\"Abav Expo Collab\\\" no Rio de Janeiro\"},{\"@type\":\"BreadcrumbList\",\"@id\":\"https:\/\/www.manaus.am.gov.br\/manauscult\/manaus-abav-expo-collab\/#breadcrumb\",\"itemListElement\":[{\"@type\":\"ListItem\",\"position\":1,\"name\":\"Home\",\"item\":\"https:\/\/www.manaus.am.gov.br\/manauscult\/\"},{\"@type\":\"ListItem\",\"position\":2,\"name\":\"Manaus encerra participa\u00e7\u00e3o na \u2018Abav Expo Collab\u2019 com proje\u00e7\u00e3o nacional e foco em novos neg\u00f3cios para 2026\"}]},{\"@type\":\"WebSite\",\"@id\":\"https:\/\/www.manaus.am.gov.br\/manauscult\/#website\",\"url\":\"https:\/\/www.manaus.am.gov.br\/manauscult\/\",\"name\":\"MANAUSCULT\",\"description\":\"Prefeitura de Manaus\",\"potentialAction\":[{\"@type\":\"SearchAction\",\"target\":{\"@type\":\"EntryPoint\",\"urlTemplate\":\"https:\/\/www.manaus.am.gov.br\/manauscult\/?s={search_term_string}\"},\"query-input\":\"required name=search_term_string\"}],\"inLanguage\":\"pt-BR\"},{\"@type\":\"Person\",\"@id\":\"https:\/\/www.manaus.am.gov.br\/manauscult\/#\/schema\/person\/05d223aea2bf115f9883a6ff3683d81b\",\"name\":\"Bruna Greco\",\"image\":{\"@type\":\"ImageObject\",\"inLanguage\":\"pt-BR\",\"@id\":\"https:\/\/www.manaus.am.gov.br\/manauscult\/#\/schema\/person\/image\/\",\"url\":\"https:\/\/secure.gravatar.com\/avatar\/9c877d1a6adc2a055330e5c09a8653ce?s=96&d=mm&r=g\",\"contentUrl\":\"https:\/\/secure.gravatar.com\/avatar\/9c877d1a6adc2a055330e5c09a8653ce?s=96&d=mm&r=g\",\"caption\":\"Bruna Greco\"}}]}<\/script>\n<!-- \/ Yoast SEO plugin. -->","yoast_head_json":{"title":"Manaus encerra participa\u00e7\u00e3o na \u2018Abav Expo Collab\u2019","description":"Manaus encerra participa\u00e7\u00e3o na \u2018Abav Expo Collab\u2019 com proje\u00e7\u00e3o nacional e foco em novos neg\u00f3cios para 2026.","robots":{"index":"noindex","follow":"follow"},"og_locale":"pt_BR","og_type":"article","og_title":"Manaus encerra participa\u00e7\u00e3o na \u2018Abav Expo Collab\u2019","og_description":"Manaus encerra participa\u00e7\u00e3o na \u2018Abav Expo Collab\u2019 com proje\u00e7\u00e3o nacional e foco em novos neg\u00f3cios para 2026.","og_url":"https:\/\/www.manaus.am.gov.br\/manauscult\/manaus-abav-expo-collab\/","og_site_name":"MANAUSCULT","article_published_time":"2025-10-13T21:19:43+00:00","article_modified_time":"2025-10-13T21:20:30+00:00","og_image":[{"width":1600,"height":900,"url":"https:\/\/www.manaus.am.gov.br\/manauscult\/wp-content\/uploads\/sites\/11\/2025\/10\/b7d38889-0a37-4d1d-af96-ab51254f9637.jpeg","type":"image\/jpeg"}],"author":"Bruna Greco","twitter_card":"summary_large_image","twitter_misc":{"Written by":"Bruna Greco","Est. reading time":"3 minutos"},"schema":{"@context":"https:\/\/schema.org","@graph":[{"@type":"WebPage","@id":"https:\/\/www.manaus.am.gov.br\/manauscult\/manaus-abav-expo-collab\/","url":"https:\/\/www.manaus.am.gov.br\/manauscult\/manaus-abav-expo-collab\/","name":"Manaus encerra participa\u00e7\u00e3o na \u2018Abav Expo Collab\u2019","isPartOf":{"@id":"https:\/\/www.manaus.am.gov.br\/manauscult\/#website"},"primaryImageOfPage":{"@id":"https:\/\/www.manaus.am.gov.br\/manauscult\/manaus-abav-expo-collab\/#primaryimage"},"image":{"@id":"https:\/\/www.manaus.am.gov.br\/manauscult\/manaus-abav-expo-collab\/#primaryimage"},"thumbnailUrl":"https:\/\/www.manaus.am.gov.br\/manauscult\/wp-content\/uploads\/sites\/11\/2025\/10\/b7d38889-0a37-4d1d-af96-ab51254f9637.jpeg","datePublished":"2025-10-13T21:19:43+00:00","dateModified":"2025-10-13T21:20:30+00:00","author":{"@id":"https:\/\/www.manaus.am.gov.br\/manauscult\/#\/schema\/person\/05d223aea2bf115f9883a6ff3683d81b"},"description":"Manaus encerra participa\u00e7\u00e3o na \u2018Abav Expo Collab\u2019 com proje\u00e7\u00e3o nacional e foco em novos neg\u00f3cios para 2026.","breadcrumb":{"@id":"https:\/\/www.manaus.am.gov.br\/manauscult\/manaus-abav-expo-collab\/#breadcrumb"},"inLanguage":"pt-BR","potentialAction":[{"@type":"ReadAction","target":["https:\/\/www.manaus.am.gov.br\/manauscult\/manaus-abav-expo-collab\/"]}]},{"@type":"ImageObject","inLanguage":"pt-BR","@id":"https:\/\/www.manaus.am.gov.br\/manauscult\/manaus-abav-expo-collab\/#primaryimage","url":"https:\/\/www.manaus.am.gov.br\/manauscult\/wp-content\/uploads\/sites\/11\/2025\/10\/b7d38889-0a37-4d1d-af96-ab51254f9637.jpeg","contentUrl":"https:\/\/www.manaus.am.gov.br\/manauscult\/wp-content\/uploads\/sites\/11\/2025\/10\/b7d38889-0a37-4d1d-af96-ab51254f9637.jpeg","width":1600,"height":900,"caption":"#paratodosverem - Vice-presidente de Turismo da ManausCult, Oreni Braga, reunida com servidores da ManausCult, durante participa\u00e7\u00e3o do estande de Manaus na \"Abav Expo Collab\" no Rio de Janeiro"},{"@type":"BreadcrumbList","@id":"https:\/\/www.manaus.am.gov.br\/manauscult\/manaus-abav-expo-collab\/#breadcrumb","itemListElement":[{"@type":"ListItem","position":1,"name":"Home","item":"https:\/\/www.manaus.am.gov.br\/manauscult\/"},{"@type":"ListItem","position":2,"name":"Manaus encerra participa\u00e7\u00e3o na \u2018Abav Expo Collab\u2019 com proje\u00e7\u00e3o nacional e foco em novos neg\u00f3cios para 2026"}]},{"@type":"WebSite","@id":"https:\/\/www.manaus.am.gov.br\/manauscult\/#website","url":"https:\/\/www.manaus.am.gov.br\/manauscult\/","name":"MANAUSCULT","description":"Prefeitura de Manaus","potentialAction":[{"@type":"SearchAction","target":{"@type":"EntryPoint","urlTemplate":"https:\/\/www.manaus.am.gov.br\/manauscult\/?s={search_term_string}"},"query-input":"required name=search_term_string"}],"inLanguage":"pt-BR"},{"@type":"Person","@id":"https:\/\/www.manaus.am.gov.br\/manauscult\/#\/schema\/person\/05d223aea2bf115f9883a6ff3683d81b","name":"Bruna Greco","image":{"@type":"ImageObject","inLanguage":"pt-BR","@id":"https:\/\/www.manaus.am.gov.br\/manauscult\/#\/schema\/person\/image\/","url":"https:\/\/secure.gravatar.com\/avatar\/9c877d1a6adc2a055330e5c09a8653ce?s=96&d=mm&r=g","contentUrl":"https:\/\/secure.gravatar.com\/avatar\/9c877d1a6adc2a055330e5c09a8653ce?s=96&d=mm&r=g","caption":"Bruna Greco"}}]}},"_links":{"self":[{"href":"https:\/\/www.manaus.am.gov.br\/manauscult\/wp-json\/wp\/v2\/posts\/4853"}],"collection":[{"href":"https:\/\/www.manaus.am.gov.br\/manauscult\/wp-json\/wp\/v2\/posts"}],"about":[{"href":"https:\/\/www.manaus.am.gov.br\/manauscult\/wp-json\/wp\/v2\/types\/post"}],"author":[{"embeddable":true,"href":"https:\/\/www.manaus.am.gov.br\/manauscult\/wp-json\/wp\/v2\/users\/39"}],"replies":[{"embeddable":true,"href":"https:\/\/www.manaus.am.gov.br\/manauscult\/wp-json\/wp\/v2\/comments?post=4853"}],"version-history":[{"count":1,"href":"https:\/\/www.manaus.am.gov.br\/manauscult\/wp-json\/wp\/v2\/posts\/4853\/revisions"}],"predecessor-version":[{"id":4855,"href":"https:\/\/www.manaus.am.gov.br\/manauscult\/wp-json\/wp\/v2\/posts\/4853\/revisions\/4855"}],"wp:featuredmedia":[{"embeddable":true,"href":"https:\/\/www.manaus.am.gov.br\/manauscult\/wp-json\/wp\/v2\/media\/4854"}],"wp:attachment":[{"href":"https:\/\/www.manaus.am.gov.br\/manauscult\/wp-json\/wp\/v2\/media?parent=4853"}],"wp:term":[{"taxonomy":"category","embeddable":true,"href":"https:\/\/www.manaus.am.gov.br\/manauscult\/wp-json\/wp\/v2\/categories?post=4853"},{"taxonomy":"post_tag","embeddable":true,"href":"https:\/\/www.manaus.am.gov.br\/manauscult\/wp-json\/wp\/v2\/tags?post=4853"}],"curies":[{"name":"wp","href":"https:\/\/api.w.org\/{rel}","templated":true}]}}