{"id":485,"date":"2023-06-02T19:00:00","date_gmt":"2023-06-02T23:00:00","guid":{"rendered":"https:\/\/www.manaus.am.gov.br\/manauscult\/prefeitura-de-manaus-libera-quase-r-12-milhoes-para-fomento-ao-setor-folclorico\/"},"modified":"2023-06-06T09:56:11","modified_gmt":"2023-06-06T13:56:11","slug":"prefeitura-de-manaus-libera-quase-r-12-milhoes-para-fomento-ao-setor-folclorico","status":"publish","type":"post","link":"https:\/\/www.manaus.am.gov.br\/manauscult\/prefeitura-de-manaus-libera-quase-r-12-milhoes-para-fomento-ao-setor-folclorico\/","title":{"rendered":"Prefeitura de Manaus libera quase R$ 1,2 milh\u00f5es para fomento ao setor folcl\u00f3rico"},"content":{"rendered":"\n<p>A Prefeitura de Manaus, por meio da Funda\u00e7\u00e3o Municipal de Cultura, Turismo e Eventos (Manauscult), liberou, nesta sexta-feira, 2\/6, o fomento do Edital de Chamamento P\u00fablico N\u00ba 004\/2023 \u2013 Manauscult, que concede apoio financeiro da administra\u00e7\u00e3o p\u00fablica municipal para a apresenta\u00e7\u00e3o de grupos folcl\u00f3ricos no 65\u00ba Festival Folcl\u00f3rico em 2023. Os investimentos somam quase R$ 1,2 milh\u00e3o de fomento para o setor folcl\u00f3rico. O valor pago aos 75 grupos estar\u00e1 em conta a partir deste s\u00e1bado, 3\/6.<\/p>\n\n\n\n<p>Osvaldo Cardoso, diretor-presidente da Manauscult, esclarece que a libera\u00e7\u00e3o antecipada do recurso, atende o pleito dos brincantes.<\/p>\n\n\n\n<p>\u201cNos \u00faltimos dias, me reuni com os brincantes de diversas modalidades, onde pude ouvir de perto as dificuldades que enfrentam para manter viva a tradi\u00e7\u00e3o da festa junina. O prefeito David Almeida, ao ter conhecimento, prontamente autorizou a libera\u00e7\u00e3o do recurso. O pagamento estar\u00e1 na conta a partir de amanh\u00e3, garantindo assim, um bel\u00edssimo espet\u00e1culo para as fam\u00edlias que forem prestigiar o festival que come\u00e7a no dia 11 de junho\u201d, finalizou.<\/p>\n\n\n\n<p>Desde o ano passado, a Prefeitura de Manaus assumiu o compromisso de resgatar o folclore para junho, no Centro Cultural Povos da Amaz\u00f4nia (CCPA), que era um pedido do setor. Em 2023, como inova\u00e7\u00e3o, o 65\u00b0 Festival Folcl\u00f3rico do Amazonas contar\u00e1 com uma coxia, para que as dan\u00e7as possam se organizar antes de entrar na arena e, tamb\u00e9m, uma atra\u00e7\u00e3o nacional para abrir o festival. O cantor e compositor de forr\u00f3, JM Puxado se apresentar\u00e1 na abertura oficial do per\u00edodo junino da cidade, no dia 11\/6.<\/p>\n\n\n\n<p>Cabe \u00e0 Manauscult o apoio e o est\u00edmulo ao folclore e a cultura popular, de forma plena, para a consolida\u00e7\u00e3o de uma pol\u00edtica p\u00fablica efetiva para a cidade de Manaus no campo da cultura popular e do folclore. Na ter\u00e7a-feira, 6\/6, a prefeitura e o governo do Estado v\u00e3o sortear a ordem de apresenta\u00e7\u00e3o dos grupos folcl\u00f3ricos, iniciando pela \u201cmostra folcl\u00f3rica\u201d, seguida pela categoria Bronze, depois a Prata, e finalizando com a Ouro e Bois-Bumb\u00e1s.<\/p>\n\n\n\n<p>Al\u00e9m do secret\u00e1rio de Cultura do governo e do diretor-presidente da Manauscult, estar\u00e3o presentes os representantes legais das associa\u00e7\u00f5es credenciadas, respons\u00e1veis pelos grupos folcl\u00f3ricos.<\/p>\n\n\n\n<p>&#8212; &#8212; &#8212;<\/p>\n\n\n\n<p><strong>Texto &#8211; <\/strong>Emanuelle Baires \/ Manauscult<br><strong>Foto<\/strong> &#8211; Divulga\u00e7\u00e3o \/ Manauscult&nbsp;<\/p>\n","protected":false},"excerpt":{"rendered":"","protected":false},"author":39,"featured_media":486,"comment_status":"closed","ping_status":"closed","sticky":false,"template":"","format":"standard","meta":{"footnotes":""},"categories":[39],"tags":[140,141,40,142,143,11,144],"acf":[],"yoast_head":"<!-- This site is optimized with the Yoast SEO plugin v23.0 - https:\/\/yoast.com\/wordpress\/plugins\/seo\/ -->\n<title>Prefeitura de Manaus libera quase R$ 1,2 milh\u00f5es para fomento ao setor folcl\u00f3rico<\/title>\n<meta name=\"description\" content=\"A Prefeitura de Manaus, por meio da Funda\u00e7\u00e3o Municipal de Cultura, Turismo e Eventos (Manauscult), liberou, nesta sexta-feira, 2\/6, o fomento do Edital de Chamamento P\u00fablico N\u00ba 004\/2023 \u2013 Manauscult, que concede apoio financeiro da administra\u00e7\u00e3o p\u00fablica municipal para a apresenta\u00e7\u00e3o de grupos folcl\u00f3ricos no 65\u00ba Festival Folcl\u00f3rico em 2023.\" \/>\n<meta name=\"robots\" content=\"noindex, follow\" \/>\n<meta property=\"og:locale\" content=\"pt_BR\" \/>\n<meta property=\"og:type\" content=\"article\" \/>\n<meta property=\"og:title\" content=\"Prefeitura de Manaus libera quase R$ 1,2 milh\u00f5es para fomento ao setor folcl\u00f3rico\" \/>\n<meta property=\"og:description\" content=\"A Prefeitura de Manaus, por meio da Funda\u00e7\u00e3o Municipal de Cultura, Turismo e Eventos (Manauscult), liberou, nesta sexta-feira, 2\/6, o fomento do Edital de Chamamento P\u00fablico N\u00ba 004\/2023 \u2013 Manauscult, que concede apoio financeiro da administra\u00e7\u00e3o p\u00fablica municipal para a apresenta\u00e7\u00e3o de grupos folcl\u00f3ricos no 65\u00ba Festival Folcl\u00f3rico em 2023.\" \/>\n<meta property=\"og:url\" content=\"https:\/\/www.manaus.am.gov.br\/manauscult\/prefeitura-de-manaus-libera-quase-r-12-milhoes-para-fomento-ao-setor-folclorico\/\" \/>\n<meta property=\"og:site_name\" content=\"MANAUSCULT\" \/>\n<meta property=\"article:published_time\" content=\"2023-06-02T23:00:00+00:00\" \/>\n<meta property=\"article:modified_time\" content=\"2023-06-06T13:56:11+00:00\" \/>\n<meta property=\"og:image\" content=\"https:\/\/www.manaus.am.gov.br\/manauscult\/wp-content\/uploads\/sites\/11\/2023\/06\/IMG_2218.jpg\" \/>\n\t<meta property=\"og:image:width\" content=\"750\" \/>\n\t<meta property=\"og:image:height\" content=\"681\" \/>\n\t<meta property=\"og:image:type\" content=\"image\/jpeg\" \/>\n<meta name=\"author\" content=\"Bruna Greco\" \/>\n<meta name=\"twitter:card\" content=\"summary_large_image\" \/>\n<meta name=\"twitter:label1\" content=\"Written by\" \/>\n\t<meta name=\"twitter:data1\" content=\"Bruna Greco\" \/>\n\t<meta name=\"twitter:label2\" content=\"Est. reading time\" \/>\n\t<meta name=\"twitter:data2\" content=\"2 minutos\" \/>\n<script type=\"application\/ld+json\" class=\"yoast-schema-graph\">{\"@context\":\"https:\/\/schema.org\",\"@graph\":[{\"@type\":\"WebPage\",\"@id\":\"https:\/\/www.manaus.am.gov.br\/manauscult\/prefeitura-de-manaus-libera-quase-r-12-milhoes-para-fomento-ao-setor-folclorico\/\",\"url\":\"https:\/\/www.manaus.am.gov.br\/manauscult\/prefeitura-de-manaus-libera-quase-r-12-milhoes-para-fomento-ao-setor-folclorico\/\",\"name\":\"Prefeitura de Manaus libera quase R$ 1,2 milh\u00f5es para fomento ao setor folcl\u00f3rico\",\"isPartOf\":{\"@id\":\"https:\/\/www.manaus.am.gov.br\/manauscult\/#website\"},\"primaryImageOfPage\":{\"@id\":\"https:\/\/www.manaus.am.gov.br\/manauscult\/prefeitura-de-manaus-libera-quase-r-12-milhoes-para-fomento-ao-setor-folclorico\/#primaryimage\"},\"image\":{\"@id\":\"https:\/\/www.manaus.am.gov.br\/manauscult\/prefeitura-de-manaus-libera-quase-r-12-milhoes-para-fomento-ao-setor-folclorico\/#primaryimage\"},\"thumbnailUrl\":\"https:\/\/www.manaus.am.gov.br\/manauscult\/wp-content\/uploads\/sites\/11\/2023\/06\/IMG_2218.jpg\",\"datePublished\":\"2023-06-02T23:00:00+00:00\",\"dateModified\":\"2023-06-06T13:56:11+00:00\",\"author\":{\"@id\":\"https:\/\/www.manaus.am.gov.br\/manauscult\/#\/schema\/person\/05d223aea2bf115f9883a6ff3683d81b\"},\"description\":\"A Prefeitura de Manaus, por meio da Funda\u00e7\u00e3o Municipal de Cultura, Turismo e Eventos (Manauscult), liberou, nesta sexta-feira, 2\/6, o fomento do Edital de Chamamento P\u00fablico N\u00ba 004\/2023 \u2013 Manauscult, que concede apoio financeiro da administra\u00e7\u00e3o p\u00fablica municipal para a apresenta\u00e7\u00e3o de grupos folcl\u00f3ricos no 65\u00ba Festival Folcl\u00f3rico em 2023.\",\"breadcrumb\":{\"@id\":\"https:\/\/www.manaus.am.gov.br\/manauscult\/prefeitura-de-manaus-libera-quase-r-12-milhoes-para-fomento-ao-setor-folclorico\/#breadcrumb\"},\"inLanguage\":\"pt-BR\",\"potentialAction\":[{\"@type\":\"ReadAction\",\"target\":[\"https:\/\/www.manaus.am.gov.br\/manauscult\/prefeitura-de-manaus-libera-quase-r-12-milhoes-para-fomento-ao-setor-folclorico\/\"]}]},{\"@type\":\"ImageObject\",\"inLanguage\":\"pt-BR\",\"@id\":\"https:\/\/www.manaus.am.gov.br\/manauscult\/prefeitura-de-manaus-libera-quase-r-12-milhoes-para-fomento-ao-setor-folclorico\/#primaryimage\",\"url\":\"https:\/\/www.manaus.am.gov.br\/manauscult\/wp-content\/uploads\/sites\/11\/2023\/06\/IMG_2218.jpg\",\"contentUrl\":\"https:\/\/www.manaus.am.gov.br\/manauscult\/wp-content\/uploads\/sites\/11\/2023\/06\/IMG_2218.jpg\",\"width\":750,\"height\":681},{\"@type\":\"BreadcrumbList\",\"@id\":\"https:\/\/www.manaus.am.gov.br\/manauscult\/prefeitura-de-manaus-libera-quase-r-12-milhoes-para-fomento-ao-setor-folclorico\/#breadcrumb\",\"itemListElement\":[{\"@type\":\"ListItem\",\"position\":1,\"name\":\"Home\",\"item\":\"https:\/\/www.manaus.am.gov.br\/manauscult\/\"},{\"@type\":\"ListItem\",\"position\":2,\"name\":\"Prefeitura de Manaus libera quase R$ 1,2 milh\u00f5es para fomento ao setor folcl\u00f3rico\"}]},{\"@type\":\"WebSite\",\"@id\":\"https:\/\/www.manaus.am.gov.br\/manauscult\/#website\",\"url\":\"https:\/\/www.manaus.am.gov.br\/manauscult\/\",\"name\":\"MANAUSCULT\",\"description\":\"Prefeitura de Manaus\",\"potentialAction\":[{\"@type\":\"SearchAction\",\"target\":{\"@type\":\"EntryPoint\",\"urlTemplate\":\"https:\/\/www.manaus.am.gov.br\/manauscult\/?s={search_term_string}\"},\"query-input\":\"required name=search_term_string\"}],\"inLanguage\":\"pt-BR\"},{\"@type\":\"Person\",\"@id\":\"https:\/\/www.manaus.am.gov.br\/manauscult\/#\/schema\/person\/05d223aea2bf115f9883a6ff3683d81b\",\"name\":\"Bruna Greco\",\"image\":{\"@type\":\"ImageObject\",\"inLanguage\":\"pt-BR\",\"@id\":\"https:\/\/www.manaus.am.gov.br\/manauscult\/#\/schema\/person\/image\/\",\"url\":\"https:\/\/secure.gravatar.com\/avatar\/9c877d1a6adc2a055330e5c09a8653ce?s=96&d=mm&r=g\",\"contentUrl\":\"https:\/\/secure.gravatar.com\/avatar\/9c877d1a6adc2a055330e5c09a8653ce?s=96&d=mm&r=g\",\"caption\":\"Bruna Greco\"}}]}<\/script>\n<!-- \/ Yoast SEO plugin. -->","yoast_head_json":{"title":"Prefeitura de Manaus libera quase R$ 1,2 milh\u00f5es para fomento ao setor folcl\u00f3rico","description":"A Prefeitura de Manaus, por meio da Funda\u00e7\u00e3o Municipal de Cultura, Turismo e Eventos (Manauscult), liberou, nesta sexta-feira, 2\/6, o fomento do Edital de Chamamento P\u00fablico N\u00ba 004\/2023 \u2013 Manauscult, que concede apoio financeiro da administra\u00e7\u00e3o p\u00fablica municipal para a apresenta\u00e7\u00e3o de grupos folcl\u00f3ricos no 65\u00ba Festival Folcl\u00f3rico em 2023.","robots":{"index":"noindex","follow":"follow"},"og_locale":"pt_BR","og_type":"article","og_title":"Prefeitura de Manaus libera quase R$ 1,2 milh\u00f5es para fomento ao setor folcl\u00f3rico","og_description":"A Prefeitura de Manaus, por meio da Funda\u00e7\u00e3o Municipal de Cultura, Turismo e Eventos (Manauscult), liberou, nesta sexta-feira, 2\/6, o fomento do Edital de Chamamento P\u00fablico N\u00ba 004\/2023 \u2013 Manauscult, que concede apoio financeiro da administra\u00e7\u00e3o p\u00fablica municipal para a apresenta\u00e7\u00e3o de grupos folcl\u00f3ricos no 65\u00ba Festival Folcl\u00f3rico em 2023.","og_url":"https:\/\/www.manaus.am.gov.br\/manauscult\/prefeitura-de-manaus-libera-quase-r-12-milhoes-para-fomento-ao-setor-folclorico\/","og_site_name":"MANAUSCULT","article_published_time":"2023-06-02T23:00:00+00:00","article_modified_time":"2023-06-06T13:56:11+00:00","og_image":[{"width":750,"height":681,"url":"https:\/\/www.manaus.am.gov.br\/manauscult\/wp-content\/uploads\/sites\/11\/2023\/06\/IMG_2218.jpg","type":"image\/jpeg"}],"author":"Bruna Greco","twitter_card":"summary_large_image","twitter_misc":{"Written by":"Bruna Greco","Est. reading time":"2 minutos"},"schema":{"@context":"https:\/\/schema.org","@graph":[{"@type":"WebPage","@id":"https:\/\/www.manaus.am.gov.br\/manauscult\/prefeitura-de-manaus-libera-quase-r-12-milhoes-para-fomento-ao-setor-folclorico\/","url":"https:\/\/www.manaus.am.gov.br\/manauscult\/prefeitura-de-manaus-libera-quase-r-12-milhoes-para-fomento-ao-setor-folclorico\/","name":"Prefeitura de Manaus libera quase R$ 1,2 milh\u00f5es para fomento ao setor folcl\u00f3rico","isPartOf":{"@id":"https:\/\/www.manaus.am.gov.br\/manauscult\/#website"},"primaryImageOfPage":{"@id":"https:\/\/www.manaus.am.gov.br\/manauscult\/prefeitura-de-manaus-libera-quase-r-12-milhoes-para-fomento-ao-setor-folclorico\/#primaryimage"},"image":{"@id":"https:\/\/www.manaus.am.gov.br\/manauscult\/prefeitura-de-manaus-libera-quase-r-12-milhoes-para-fomento-ao-setor-folclorico\/#primaryimage"},"thumbnailUrl":"https:\/\/www.manaus.am.gov.br\/manauscult\/wp-content\/uploads\/sites\/11\/2023\/06\/IMG_2218.jpg","datePublished":"2023-06-02T23:00:00+00:00","dateModified":"2023-06-06T13:56:11+00:00","author":{"@id":"https:\/\/www.manaus.am.gov.br\/manauscult\/#\/schema\/person\/05d223aea2bf115f9883a6ff3683d81b"},"description":"A Prefeitura de Manaus, por meio da Funda\u00e7\u00e3o Municipal de Cultura, Turismo e Eventos (Manauscult), liberou, nesta sexta-feira, 2\/6, o fomento do Edital de Chamamento P\u00fablico N\u00ba 004\/2023 \u2013 Manauscult, que concede apoio financeiro da administra\u00e7\u00e3o p\u00fablica municipal para a apresenta\u00e7\u00e3o de grupos folcl\u00f3ricos no 65\u00ba Festival Folcl\u00f3rico em 2023.","breadcrumb":{"@id":"https:\/\/www.manaus.am.gov.br\/manauscult\/prefeitura-de-manaus-libera-quase-r-12-milhoes-para-fomento-ao-setor-folclorico\/#breadcrumb"},"inLanguage":"pt-BR","potentialAction":[{"@type":"ReadAction","target":["https:\/\/www.manaus.am.gov.br\/manauscult\/prefeitura-de-manaus-libera-quase-r-12-milhoes-para-fomento-ao-setor-folclorico\/"]}]},{"@type":"ImageObject","inLanguage":"pt-BR","@id":"https:\/\/www.manaus.am.gov.br\/manauscult\/prefeitura-de-manaus-libera-quase-r-12-milhoes-para-fomento-ao-setor-folclorico\/#primaryimage","url":"https:\/\/www.manaus.am.gov.br\/manauscult\/wp-content\/uploads\/sites\/11\/2023\/06\/IMG_2218.jpg","contentUrl":"https:\/\/www.manaus.am.gov.br\/manauscult\/wp-content\/uploads\/sites\/11\/2023\/06\/IMG_2218.jpg","width":750,"height":681},{"@type":"BreadcrumbList","@id":"https:\/\/www.manaus.am.gov.br\/manauscult\/prefeitura-de-manaus-libera-quase-r-12-milhoes-para-fomento-ao-setor-folclorico\/#breadcrumb","itemListElement":[{"@type":"ListItem","position":1,"name":"Home","item":"https:\/\/www.manaus.am.gov.br\/manauscult\/"},{"@type":"ListItem","position":2,"name":"Prefeitura de Manaus libera quase R$ 1,2 milh\u00f5es para fomento ao setor folcl\u00f3rico"}]},{"@type":"WebSite","@id":"https:\/\/www.manaus.am.gov.br\/manauscult\/#website","url":"https:\/\/www.manaus.am.gov.br\/manauscult\/","name":"MANAUSCULT","description":"Prefeitura de Manaus","potentialAction":[{"@type":"SearchAction","target":{"@type":"EntryPoint","urlTemplate":"https:\/\/www.manaus.am.gov.br\/manauscult\/?s={search_term_string}"},"query-input":"required name=search_term_string"}],"inLanguage":"pt-BR"},{"@type":"Person","@id":"https:\/\/www.manaus.am.gov.br\/manauscult\/#\/schema\/person\/05d223aea2bf115f9883a6ff3683d81b","name":"Bruna Greco","image":{"@type":"ImageObject","inLanguage":"pt-BR","@id":"https:\/\/www.manaus.am.gov.br\/manauscult\/#\/schema\/person\/image\/","url":"https:\/\/secure.gravatar.com\/avatar\/9c877d1a6adc2a055330e5c09a8653ce?s=96&d=mm&r=g","contentUrl":"https:\/\/secure.gravatar.com\/avatar\/9c877d1a6adc2a055330e5c09a8653ce?s=96&d=mm&r=g","caption":"Bruna Greco"}}]}},"_links":{"self":[{"href":"https:\/\/www.manaus.am.gov.br\/manauscult\/wp-json\/wp\/v2\/posts\/485"}],"collection":[{"href":"https:\/\/www.manaus.am.gov.br\/manauscult\/wp-json\/wp\/v2\/posts"}],"about":[{"href":"https:\/\/www.manaus.am.gov.br\/manauscult\/wp-json\/wp\/v2\/types\/post"}],"author":[{"embeddable":true,"href":"https:\/\/www.manaus.am.gov.br\/manauscult\/wp-json\/wp\/v2\/users\/39"}],"replies":[{"embeddable":true,"href":"https:\/\/www.manaus.am.gov.br\/manauscult\/wp-json\/wp\/v2\/comments?post=485"}],"version-history":[{"count":1,"href":"https:\/\/www.manaus.am.gov.br\/manauscult\/wp-json\/wp\/v2\/posts\/485\/revisions"}],"predecessor-version":[{"id":498,"href":"https:\/\/www.manaus.am.gov.br\/manauscult\/wp-json\/wp\/v2\/posts\/485\/revisions\/498"}],"wp:featuredmedia":[{"embeddable":true,"href":"https:\/\/www.manaus.am.gov.br\/manauscult\/wp-json\/wp\/v2\/media\/486"}],"wp:attachment":[{"href":"https:\/\/www.manaus.am.gov.br\/manauscult\/wp-json\/wp\/v2\/media?parent=485"}],"wp:term":[{"taxonomy":"category","embeddable":true,"href":"https:\/\/www.manaus.am.gov.br\/manauscult\/wp-json\/wp\/v2\/categories?post=485"},{"taxonomy":"post_tag","embeddable":true,"href":"https:\/\/www.manaus.am.gov.br\/manauscult\/wp-json\/wp\/v2\/tags?post=485"}],"curies":[{"name":"wp","href":"https:\/\/api.w.org\/{rel}","templated":true}]}}