{"id":4843,"date":"2025-10-10T15:03:26","date_gmt":"2025-10-10T19:03:26","guid":{"rendered":"https:\/\/www.manaus.am.gov.br\/manauscult\/revitalizacao-jardins-praca-dom-pedro-ii\/"},"modified":"2025-10-10T15:20:44","modified_gmt":"2025-10-10T19:20:44","slug":"revitalizacao-jardins-praca-dom-pedro-ii","status":"publish","type":"post","link":"https:\/\/www.manaus.am.gov.br\/manauscult\/revitalizacao-jardins-praca-dom-pedro-ii\/","title":{"rendered":"Prefeitura de Manaus retoma grupo de trabalho para revitaliza\u00e7\u00e3o dos jardins da pra\u00e7a Dom Pedro II"},"content":{"rendered":"\n<p>A Prefeitura de Manaus, por meio da Funda\u00e7\u00e3o Municipal de Cultura, Turismo e Eventos (ManausCult), realizou, na manh\u00e3 desta sexta-feira, 10\/10, no Centro de Arqueologia de Manaus (CAM), a retomada do grupo de trabalho respons\u00e1vel pela revitaliza\u00e7\u00e3o dos jardins da pra\u00e7a Dom Pedro II, um dos espa\u00e7os hist\u00f3ricos mais importantes do centro da cidade.<\/p>\n\n\n\n<p><br>O encontro reuniu representantes de diferentes \u00e1reas e de pesquisadores da Universidade Federal do Amazonas (Ufam) e profissionais ligados ao patrim\u00f4nio hist\u00f3rico, meio ambiente, sa\u00fade p\u00fablica e design urbano, com o objetivo de alinhar estrat\u00e9gias e integrar novas contribui\u00e7\u00f5es ao projeto.<\/p>\n\n\n\n<p><br>O diretor-presidente da ManausCult, Jender Lobato, destacou a import\u00e2ncia do di\u00e1logo t\u00e9cnico e da atua\u00e7\u00e3o integrada para garantir um projeto sustent\u00e1vel e respeitoso com a hist\u00f3ria do local.<\/p>\n\n\n\n<p><br>\u201cRevitalizar&nbsp;a pra\u00e7a Dom Pedro II vai muito al\u00e9m de embelezar o espa\u00e7o. \u00c9 um compromisso com a mem\u00f3ria da cidade, com a qualidade de vida da popula\u00e7\u00e3o e com o uso respons\u00e1vel do patrim\u00f4nio p\u00fablico. Estamos unindo cultura, meio ambiente e participa\u00e7\u00e3o social para construir uma solu\u00e7\u00e3o duradoura e inteligente\u201d, afirmou.<\/p>\n\n\n\n<p><br>Durante a reuni\u00e3o, foram apresentados os avan\u00e7os do invent\u00e1rio das esp\u00e9cies existentes na pra\u00e7a e discutidas alternativas para o plantio respons\u00e1vel, considerando fatores como acessibilidade, seguran\u00e7a, manuten\u00e7\u00e3o e preserva\u00e7\u00e3o dos bens tombados.<\/p>\n\n\n\n<p><br>A pesquisadora Y\u00eada Arruda, do grupo de pesquisa \u00c1rvores do Asfalto, da Ufam, refor\u00e7ou a necessidade de uma vis\u00e3o ampliada sobre a arboriza\u00e7\u00e3o urbana. \u201cN\u00e3o se trata apenas de plantar \u00e1rvores, mas de compreender o ambiente como um todo, f\u00edsico, social e psicol\u00f3gico. Cada esp\u00e9cie escolhida precisa gerar benef\u00edcios para a popula\u00e7\u00e3o, sem causar danos ao patrim\u00f4nio hist\u00f3rico ou ao espa\u00e7o urbano. Nosso compromisso \u00e9 com uma arboriza\u00e7\u00e3o planejada, monitorada e respons\u00e1vel\u201d, comentou.<\/p>\n\n\n\n<p><br>Ela tamb\u00e9m enfatizou o car\u00e1ter interdisciplinar do grupo, que re\u00fane especialistas de diferentes \u00e1reas para construir solu\u00e7\u00f5es que integrem tecnologia, sa\u00fade ambiental, educa\u00e7\u00e3o e economia criativa.<\/p>\n\n\n\n<p>\u201cTrabalhamos com a ideia de sa\u00fade ambiental como um todo. Pensamos na beleza do entorno, no bem-estar das pessoas e na conviv\u00eancia entre natureza e cidade. N\u00e3o \u00e9 um plantio massivo e sem crit\u00e9rios, e sim um projeto que respeita o contexto e envolve a comunidade\u201d, completou Y\u00eada.<\/p>\n\n\n\n<p><br>Entre as propostas discutidas est\u00e3o a cria\u00e7\u00e3o de nichos de plantio em \u00e1reas adequadas da pra\u00e7a, o uso de placas com QR Code para identifica\u00e7\u00e3o de esp\u00e9cies da fauna e flora, a manuten\u00e7\u00e3o inteligente de mobili\u00e1rios urbanos e a realiza\u00e7\u00e3o de uma pesquisa de escuta com a popula\u00e7\u00e3o.<br><br>A reuni\u00e3o marcou o fortalecimento do trabalho conjunto entre ManausCult, \u00f3rg\u00e3os municipais e a academia, reafirmando o compromisso da gest\u00e3o municipal com a preserva\u00e7\u00e3o hist\u00f3rica e a sustentabilidade.<br><br>A pr\u00f3xima etapa do projeto incluir\u00e1 visitas t\u00e9cnicas noturnas para avalia\u00e7\u00e3o da ilumina\u00e7\u00e3o, ajustes no plano de arboriza\u00e7\u00e3o e a\u00e7\u00f5es de sensibiliza\u00e7\u00e3o com a comunidade.<\/p>\n\n\n\n<figure class=\"wp-block-image size-large\"><img loading=\"lazy\" decoding=\"async\" width=\"1024\" height=\"768\" src=\"https:\/\/www.manaus.am.gov.br\/manauscult\/wp-content\/uploads\/sites\/11\/2025\/10\/adce1929-1e24-4085-b38a-c24e5261dee4-1024x768.jpeg\" alt=\"\" class=\"wp-image-4845\" srcset=\"https:\/\/www.manaus.am.gov.br\/manauscult\/wp-content\/uploads\/sites\/11\/2025\/10\/adce1929-1e24-4085-b38a-c24e5261dee4-1024x768.jpeg 1024w, https:\/\/www.manaus.am.gov.br\/manauscult\/wp-content\/uploads\/sites\/11\/2025\/10\/adce1929-1e24-4085-b38a-c24e5261dee4-300x225.jpeg 300w, https:\/\/www.manaus.am.gov.br\/manauscult\/wp-content\/uploads\/sites\/11\/2025\/10\/adce1929-1e24-4085-b38a-c24e5261dee4-768x576.jpeg 768w, https:\/\/www.manaus.am.gov.br\/manauscult\/wp-content\/uploads\/sites\/11\/2025\/10\/adce1929-1e24-4085-b38a-c24e5261dee4-1536x1152.jpeg 1536w, https:\/\/www.manaus.am.gov.br\/manauscult\/wp-content\/uploads\/sites\/11\/2025\/10\/adce1929-1e24-4085-b38a-c24e5261dee4.jpeg 1600w\" sizes=\"(max-width: 1024px) 100vw, 1024px\" \/><\/figure>\n\n\n\n<p>&#8212; &#8212; &#8212;<\/p>\n\n\n\n<p><strong>Texto &#8211;<\/strong>\u00a0J\u00e9ssica Trajano\/ManausCult<\/p>\n\n\n\n<p><strong>Fotos<\/strong> &#8211; Thelson Souza\/ManausCult\u00a0<\/p>\n","protected":false},"excerpt":{"rendered":"","protected":false},"author":39,"featured_media":4844,"comment_status":"closed","ping_status":"closed","sticky":false,"template":"","format":"standard","meta":{"footnotes":""},"categories":[1052],"tags":[647,1742,9,1295,11,1743],"acf":[],"yoast_head":"<!-- This site is optimized with the Yoast SEO plugin v23.0 - https:\/\/yoast.com\/wordpress\/plugins\/seo\/ -->\n<title>Prefeitura retoma grupo de trabalho para revitaliza\u00e7\u00e3o dos jardins da pra\u00e7a Dom Pedro II<\/title>\n<meta name=\"description\" content=\"Prefeitura de Manaus, por meio da ManausCult, retoma grupo de trabalho para revitaliza\u00e7\u00e3o dos jardins da pra\u00e7a Dom Pedro II.\" \/>\n<meta name=\"robots\" content=\"noindex, follow\" \/>\n<meta property=\"og:locale\" content=\"pt_BR\" \/>\n<meta property=\"og:type\" content=\"article\" \/>\n<meta property=\"og:title\" content=\"Prefeitura retoma grupo de trabalho para revitaliza\u00e7\u00e3o dos jardins da pra\u00e7a Dom Pedro II\" \/>\n<meta property=\"og:description\" content=\"Prefeitura de Manaus, por meio da ManausCult, retoma grupo de trabalho para revitaliza\u00e7\u00e3o dos jardins da pra\u00e7a Dom Pedro II.\" \/>\n<meta property=\"og:url\" content=\"https:\/\/www.manaus.am.gov.br\/manauscult\/revitalizacao-jardins-praca-dom-pedro-ii\/\" \/>\n<meta property=\"og:site_name\" content=\"MANAUSCULT\" \/>\n<meta property=\"article:published_time\" content=\"2025-10-10T19:03:26+00:00\" \/>\n<meta property=\"article:modified_time\" content=\"2025-10-10T19:20:44+00:00\" \/>\n<meta property=\"og:image\" content=\"https:\/\/www.manaus.am.gov.br\/manauscult\/wp-content\/uploads\/sites\/11\/2025\/10\/86ee1063-da5b-4419-acd9-49ee9f7e9891.jpeg\" \/>\n\t<meta property=\"og:image:width\" content=\"4160\" \/>\n\t<meta property=\"og:image:height\" content=\"2774\" \/>\n\t<meta property=\"og:image:type\" content=\"image\/jpeg\" \/>\n<meta name=\"author\" content=\"Bruna Greco\" \/>\n<meta name=\"twitter:card\" content=\"summary_large_image\" \/>\n<meta name=\"twitter:label1\" content=\"Written by\" \/>\n\t<meta name=\"twitter:data1\" content=\"Bruna Greco\" \/>\n\t<meta name=\"twitter:label2\" content=\"Est. reading time\" \/>\n\t<meta name=\"twitter:data2\" content=\"3 minutos\" \/>\n<script type=\"application\/ld+json\" class=\"yoast-schema-graph\">{\"@context\":\"https:\/\/schema.org\",\"@graph\":[{\"@type\":\"WebPage\",\"@id\":\"https:\/\/www.manaus.am.gov.br\/manauscult\/revitalizacao-jardins-praca-dom-pedro-ii\/\",\"url\":\"https:\/\/www.manaus.am.gov.br\/manauscult\/revitalizacao-jardins-praca-dom-pedro-ii\/\",\"name\":\"Prefeitura retoma grupo de trabalho para revitaliza\u00e7\u00e3o dos jardins da pra\u00e7a Dom Pedro II\",\"isPartOf\":{\"@id\":\"https:\/\/www.manaus.am.gov.br\/manauscult\/#website\"},\"primaryImageOfPage\":{\"@id\":\"https:\/\/www.manaus.am.gov.br\/manauscult\/revitalizacao-jardins-praca-dom-pedro-ii\/#primaryimage\"},\"image\":{\"@id\":\"https:\/\/www.manaus.am.gov.br\/manauscult\/revitalizacao-jardins-praca-dom-pedro-ii\/#primaryimage\"},\"thumbnailUrl\":\"https:\/\/www.manaus.am.gov.br\/manauscult\/wp-content\/uploads\/sites\/11\/2025\/10\/86ee1063-da5b-4419-acd9-49ee9f7e9891.jpeg\",\"datePublished\":\"2025-10-10T19:03:26+00:00\",\"dateModified\":\"2025-10-10T19:20:44+00:00\",\"author\":{\"@id\":\"https:\/\/www.manaus.am.gov.br\/manauscult\/#\/schema\/person\/05d223aea2bf115f9883a6ff3683d81b\"},\"description\":\"Prefeitura de Manaus, por meio da ManausCult, retoma grupo de trabalho para revitaliza\u00e7\u00e3o dos jardins da pra\u00e7a Dom Pedro II.\",\"breadcrumb\":{\"@id\":\"https:\/\/www.manaus.am.gov.br\/manauscult\/revitalizacao-jardins-praca-dom-pedro-ii\/#breadcrumb\"},\"inLanguage\":\"pt-BR\",\"potentialAction\":[{\"@type\":\"ReadAction\",\"target\":[\"https:\/\/www.manaus.am.gov.br\/manauscult\/revitalizacao-jardins-praca-dom-pedro-ii\/\"]}]},{\"@type\":\"ImageObject\",\"inLanguage\":\"pt-BR\",\"@id\":\"https:\/\/www.manaus.am.gov.br\/manauscult\/revitalizacao-jardins-praca-dom-pedro-ii\/#primaryimage\",\"url\":\"https:\/\/www.manaus.am.gov.br\/manauscult\/wp-content\/uploads\/sites\/11\/2025\/10\/86ee1063-da5b-4419-acd9-49ee9f7e9891.jpeg\",\"contentUrl\":\"https:\/\/www.manaus.am.gov.br\/manauscult\/wp-content\/uploads\/sites\/11\/2025\/10\/86ee1063-da5b-4419-acd9-49ee9f7e9891.jpeg\",\"width\":4160,\"height\":2774,\"caption\":\"#paratodosverem - Diretor de Cultura, Wallace El kebbe, reunido com grupo de trabalho no CAM para retomada da revitaliza\u00e7\u00e3o dos jardins da pra\u00e7a Dom Pedro II, no Centro\"},{\"@type\":\"BreadcrumbList\",\"@id\":\"https:\/\/www.manaus.am.gov.br\/manauscult\/revitalizacao-jardins-praca-dom-pedro-ii\/#breadcrumb\",\"itemListElement\":[{\"@type\":\"ListItem\",\"position\":1,\"name\":\"Home\",\"item\":\"https:\/\/www.manaus.am.gov.br\/manauscult\/\"},{\"@type\":\"ListItem\",\"position\":2,\"name\":\"Prefeitura de Manaus retoma grupo de trabalho para revitaliza\u00e7\u00e3o dos jardins da pra\u00e7a Dom Pedro II\"}]},{\"@type\":\"WebSite\",\"@id\":\"https:\/\/www.manaus.am.gov.br\/manauscult\/#website\",\"url\":\"https:\/\/www.manaus.am.gov.br\/manauscult\/\",\"name\":\"MANAUSCULT\",\"description\":\"Prefeitura de Manaus\",\"potentialAction\":[{\"@type\":\"SearchAction\",\"target\":{\"@type\":\"EntryPoint\",\"urlTemplate\":\"https:\/\/www.manaus.am.gov.br\/manauscult\/?s={search_term_string}\"},\"query-input\":\"required name=search_term_string\"}],\"inLanguage\":\"pt-BR\"},{\"@type\":\"Person\",\"@id\":\"https:\/\/www.manaus.am.gov.br\/manauscult\/#\/schema\/person\/05d223aea2bf115f9883a6ff3683d81b\",\"name\":\"Bruna Greco\",\"image\":{\"@type\":\"ImageObject\",\"inLanguage\":\"pt-BR\",\"@id\":\"https:\/\/www.manaus.am.gov.br\/manauscult\/#\/schema\/person\/image\/\",\"url\":\"https:\/\/secure.gravatar.com\/avatar\/9c877d1a6adc2a055330e5c09a8653ce?s=96&d=mm&r=g\",\"contentUrl\":\"https:\/\/secure.gravatar.com\/avatar\/9c877d1a6adc2a055330e5c09a8653ce?s=96&d=mm&r=g\",\"caption\":\"Bruna Greco\"}}]}<\/script>\n<!-- \/ Yoast SEO plugin. -->","yoast_head_json":{"title":"Prefeitura retoma grupo de trabalho para revitaliza\u00e7\u00e3o dos jardins da pra\u00e7a Dom Pedro II","description":"Prefeitura de Manaus, por meio da ManausCult, retoma grupo de trabalho para revitaliza\u00e7\u00e3o dos jardins da pra\u00e7a Dom Pedro II.","robots":{"index":"noindex","follow":"follow"},"og_locale":"pt_BR","og_type":"article","og_title":"Prefeitura retoma grupo de trabalho para revitaliza\u00e7\u00e3o dos jardins da pra\u00e7a Dom Pedro II","og_description":"Prefeitura de Manaus, por meio da ManausCult, retoma grupo de trabalho para revitaliza\u00e7\u00e3o dos jardins da pra\u00e7a Dom Pedro II.","og_url":"https:\/\/www.manaus.am.gov.br\/manauscult\/revitalizacao-jardins-praca-dom-pedro-ii\/","og_site_name":"MANAUSCULT","article_published_time":"2025-10-10T19:03:26+00:00","article_modified_time":"2025-10-10T19:20:44+00:00","og_image":[{"width":4160,"height":2774,"url":"https:\/\/www.manaus.am.gov.br\/manauscult\/wp-content\/uploads\/sites\/11\/2025\/10\/86ee1063-da5b-4419-acd9-49ee9f7e9891.jpeg","type":"image\/jpeg"}],"author":"Bruna Greco","twitter_card":"summary_large_image","twitter_misc":{"Written by":"Bruna Greco","Est. reading time":"3 minutos"},"schema":{"@context":"https:\/\/schema.org","@graph":[{"@type":"WebPage","@id":"https:\/\/www.manaus.am.gov.br\/manauscult\/revitalizacao-jardins-praca-dom-pedro-ii\/","url":"https:\/\/www.manaus.am.gov.br\/manauscult\/revitalizacao-jardins-praca-dom-pedro-ii\/","name":"Prefeitura retoma grupo de trabalho para revitaliza\u00e7\u00e3o dos jardins da pra\u00e7a Dom Pedro II","isPartOf":{"@id":"https:\/\/www.manaus.am.gov.br\/manauscult\/#website"},"primaryImageOfPage":{"@id":"https:\/\/www.manaus.am.gov.br\/manauscult\/revitalizacao-jardins-praca-dom-pedro-ii\/#primaryimage"},"image":{"@id":"https:\/\/www.manaus.am.gov.br\/manauscult\/revitalizacao-jardins-praca-dom-pedro-ii\/#primaryimage"},"thumbnailUrl":"https:\/\/www.manaus.am.gov.br\/manauscult\/wp-content\/uploads\/sites\/11\/2025\/10\/86ee1063-da5b-4419-acd9-49ee9f7e9891.jpeg","datePublished":"2025-10-10T19:03:26+00:00","dateModified":"2025-10-10T19:20:44+00:00","author":{"@id":"https:\/\/www.manaus.am.gov.br\/manauscult\/#\/schema\/person\/05d223aea2bf115f9883a6ff3683d81b"},"description":"Prefeitura de Manaus, por meio da ManausCult, retoma grupo de trabalho para revitaliza\u00e7\u00e3o dos jardins da pra\u00e7a Dom Pedro II.","breadcrumb":{"@id":"https:\/\/www.manaus.am.gov.br\/manauscult\/revitalizacao-jardins-praca-dom-pedro-ii\/#breadcrumb"},"inLanguage":"pt-BR","potentialAction":[{"@type":"ReadAction","target":["https:\/\/www.manaus.am.gov.br\/manauscult\/revitalizacao-jardins-praca-dom-pedro-ii\/"]}]},{"@type":"ImageObject","inLanguage":"pt-BR","@id":"https:\/\/www.manaus.am.gov.br\/manauscult\/revitalizacao-jardins-praca-dom-pedro-ii\/#primaryimage","url":"https:\/\/www.manaus.am.gov.br\/manauscult\/wp-content\/uploads\/sites\/11\/2025\/10\/86ee1063-da5b-4419-acd9-49ee9f7e9891.jpeg","contentUrl":"https:\/\/www.manaus.am.gov.br\/manauscult\/wp-content\/uploads\/sites\/11\/2025\/10\/86ee1063-da5b-4419-acd9-49ee9f7e9891.jpeg","width":4160,"height":2774,"caption":"#paratodosverem - Diretor de Cultura, Wallace El kebbe, reunido com grupo de trabalho no CAM para retomada da revitaliza\u00e7\u00e3o dos jardins da pra\u00e7a Dom Pedro II, no Centro"},{"@type":"BreadcrumbList","@id":"https:\/\/www.manaus.am.gov.br\/manauscult\/revitalizacao-jardins-praca-dom-pedro-ii\/#breadcrumb","itemListElement":[{"@type":"ListItem","position":1,"name":"Home","item":"https:\/\/www.manaus.am.gov.br\/manauscult\/"},{"@type":"ListItem","position":2,"name":"Prefeitura de Manaus retoma grupo de trabalho para revitaliza\u00e7\u00e3o dos jardins da pra\u00e7a Dom Pedro II"}]},{"@type":"WebSite","@id":"https:\/\/www.manaus.am.gov.br\/manauscult\/#website","url":"https:\/\/www.manaus.am.gov.br\/manauscult\/","name":"MANAUSCULT","description":"Prefeitura de Manaus","potentialAction":[{"@type":"SearchAction","target":{"@type":"EntryPoint","urlTemplate":"https:\/\/www.manaus.am.gov.br\/manauscult\/?s={search_term_string}"},"query-input":"required name=search_term_string"}],"inLanguage":"pt-BR"},{"@type":"Person","@id":"https:\/\/www.manaus.am.gov.br\/manauscult\/#\/schema\/person\/05d223aea2bf115f9883a6ff3683d81b","name":"Bruna Greco","image":{"@type":"ImageObject","inLanguage":"pt-BR","@id":"https:\/\/www.manaus.am.gov.br\/manauscult\/#\/schema\/person\/image\/","url":"https:\/\/secure.gravatar.com\/avatar\/9c877d1a6adc2a055330e5c09a8653ce?s=96&d=mm&r=g","contentUrl":"https:\/\/secure.gravatar.com\/avatar\/9c877d1a6adc2a055330e5c09a8653ce?s=96&d=mm&r=g","caption":"Bruna Greco"}}]}},"_links":{"self":[{"href":"https:\/\/www.manaus.am.gov.br\/manauscult\/wp-json\/wp\/v2\/posts\/4843"}],"collection":[{"href":"https:\/\/www.manaus.am.gov.br\/manauscult\/wp-json\/wp\/v2\/posts"}],"about":[{"href":"https:\/\/www.manaus.am.gov.br\/manauscult\/wp-json\/wp\/v2\/types\/post"}],"author":[{"embeddable":true,"href":"https:\/\/www.manaus.am.gov.br\/manauscult\/wp-json\/wp\/v2\/users\/39"}],"replies":[{"embeddable":true,"href":"https:\/\/www.manaus.am.gov.br\/manauscult\/wp-json\/wp\/v2\/comments?post=4843"}],"version-history":[{"count":3,"href":"https:\/\/www.manaus.am.gov.br\/manauscult\/wp-json\/wp\/v2\/posts\/4843\/revisions"}],"predecessor-version":[{"id":4848,"href":"https:\/\/www.manaus.am.gov.br\/manauscult\/wp-json\/wp\/v2\/posts\/4843\/revisions\/4848"}],"wp:featuredmedia":[{"embeddable":true,"href":"https:\/\/www.manaus.am.gov.br\/manauscult\/wp-json\/wp\/v2\/media\/4844"}],"wp:attachment":[{"href":"https:\/\/www.manaus.am.gov.br\/manauscult\/wp-json\/wp\/v2\/media?parent=4843"}],"wp:term":[{"taxonomy":"category","embeddable":true,"href":"https:\/\/www.manaus.am.gov.br\/manauscult\/wp-json\/wp\/v2\/categories?post=4843"},{"taxonomy":"post_tag","embeddable":true,"href":"https:\/\/www.manaus.am.gov.br\/manauscult\/wp-json\/wp\/v2\/tags?post=4843"}],"curies":[{"name":"wp","href":"https:\/\/api.w.org\/{rel}","templated":true}]}}