{"id":4839,"date":"2025-10-09T10:21:12","date_gmt":"2025-10-09T14:21:12","guid":{"rendered":"https:\/\/www.manaus.am.gov.br\/manauscult\/prefeitura-manauscult-feirinhadotururi\/"},"modified":"2025-10-09T10:21:13","modified_gmt":"2025-10-09T14:21:13","slug":"prefeitura-manauscult-feirinhadotururi","status":"publish","type":"post","link":"https:\/\/www.manaus.am.gov.br\/manauscult\/prefeitura-manauscult-feirinhadotururi\/","title":{"rendered":"Prefeitura inicia \u2018Feirinha do Tururi\u2019 com grande p\u00fablico e programa\u00e7\u00e3o especial at\u00e9 domingo"},"content":{"rendered":"\n<p>A Prefeitura de Manaus, por meio da Funda\u00e7\u00e3o Municipal de Cultura, Turismo e Eventos (ManausCult), deu in\u00edcio, na quarta-feira, 8\/10, \u00e0 \u201cFeirinha do Tururi\u201d, abrindo oficialmente a programa\u00e7\u00e3o do \u201cBoi Manaus 2025\u201d, no mirante L\u00facia Almeida, no centro hist\u00f3rico. O primeiro dia foi um sucesso de p\u00fablico, com o espa\u00e7o lotado, shows, barracas com comidas t\u00edpicas, artesanato e produtos culturais regionais.<\/p>\n\n\n\n<p>A noite de estreia contou com apresenta\u00e7\u00e3o de artistas do elenco oficial, que subiram ao palco a partir das 19h, garantindo uma imers\u00e3o no ritmo do boi-bumb\u00e1 e aquecendo o p\u00fablico para os pr\u00f3ximos dias de festa. O clima de celebra\u00e7\u00e3o tomou conta do mirante, consolidando a \u201cFeirinha do Tururi\u201d como um dos momentos mais aguardados antes do Boi Manaus.<\/p>\n\n\n\n<p>A programa\u00e7\u00e3o segue at\u00e9 domingo, 12 de outubro, sempre a partir das 19h, reunindo grandes nomes da toada amazonense, entre eles Tony Medeiros, M\u00e1rcia Siqueira, David Assayag, Prince do Caprichoso, Sebasti\u00e3o Jr., Patrick Ara\u00fajo &amp; Marujada de Guerra, entre outros.<\/p>\n\n\n\n<p>Para maior comodidade do p\u00fablico, o mirante L\u00facia Almeida conta com estacionamento gratuito, garantindo acesso facilitado \u00e0s fam\u00edlias e visitantes que participam da programa\u00e7\u00e3o. A medida refor\u00e7a o compromisso da Prefeitura de Manaus em incentivar a participa\u00e7\u00e3o popular com estrutura, conforto e seguran\u00e7a.<\/p>\n\n\n\n<p>Dia das Crian\u00e7as<\/p>\n\n\n\n<p>O ponto alto desta edi\u00e7\u00e3o ser\u00e1 no domingo 12\/10, com o in\u00e9dito \u201cBoizinho Manaus\u201d, em homenagem ao Dia das Crian\u00e7as. A programa\u00e7\u00e3o come\u00e7ar\u00e1 mais cedo, \u00e0s 17h, com um ambiente totalmente voltado \u00e0s fam\u00edlias e ao p\u00fablico infantil, trazendo brincadeiras, personagens, toadas infantis e um espet\u00e1culo pensado para apresentar a tradi\u00e7\u00e3o do boi-bumb\u00e1 \u00e0s novas gera\u00e7\u00f5es de forma l\u00fadica e encantadora.<\/p>\n\n\n\n<p>\u201cO Boizinho de Manaus \u00e9 uma das grandes novidades deste ano e representa o nosso compromisso em manter viva a cultura do boi-bumb\u00e1 desde a inf\u00e2ncia. Queremos que as crian\u00e7as cres\u00e7am vivenciando essa tradi\u00e7\u00e3o, que \u00e9 o orgulho da nossa cidade. A feirinha j\u00e1 come\u00e7ou com casa cheia e temos certeza de que, at\u00e9 domingo, ser\u00e1 uma grande celebra\u00e7\u00e3o da nossa identidade amaz\u00f4nica\u201d, afirmou o diretor-presidente da ManausCult, Jender Lobato.<\/p>\n\n\n\n<p>Mais festa<\/p>\n\n\n\n<p>A \u201cFeirinha do Tururi\u201d abre, oficialmente, o ciclo do \u201cBoi Manaus 2025\u201d, que seguir\u00e1 com o \u201cEsquenta do Boi Manaus\u201d, de 15 a 19\/10, no bloco E,&nbsp; do centro de conven\u00e7\u00f5es Professor Gilberto Mestrinho (samb\u00f3dromo), e culminar\u00e1 nos dias 24 e 25 de outubro, no samb\u00f3dromo, com a participa\u00e7\u00e3o dos bois de Parintins e dos seis bois de Manaus.<\/p>\n\n\n\n<p>Assim como no mirante, o \u201cEsquenta do Boi Manaus\u201d, de 15 a 19 de outubro, contar\u00e1 com estacionamento gratuito, facilitando o acesso do p\u00fablico e incentivando a participa\u00e7\u00e3o nos dias que antecedem a grande festa oficial.<\/p>\n\n\n\n<p>&#8212; &#8212; &#8212;<\/p>\n\n\n\n<p><strong>Texto\u00a0<\/strong>&#8211; J\u00e9ssica Trajano\/ManausCult<\/p>\n\n\n\n<p><strong>Fotos\u00a0<\/strong>&#8211; Thelson Souza\/ManausCult e Jo\u00e3o Viana\/Semcom<\/p>\n\n\n\n<p><strong>Dispon\u00edveis em <\/strong>&#8211; https:\/\/flic.kr\/s\/aHBqjCwRSe<\/p>\n","protected":false},"excerpt":{"rendered":"","protected":false},"author":23,"featured_media":4840,"comment_status":"closed","ping_status":"closed","sticky":false,"template":"","format":"standard","meta":{"footnotes":""},"categories":[1539],"tags":[766,282,1741,9,380,11],"acf":[],"yoast_head":"<!-- This site is optimized with the Yoast SEO plugin v23.0 - https:\/\/yoast.com\/wordpress\/plugins\/seo\/ -->\n<title>Prefeitura inicia \u2018Feirinha do Tururi\u2019 com grande p\u00fablico e programa\u00e7\u00e3o especial at\u00e9 domingo<\/title>\n<meta name=\"description\" content=\"A Prefeitura de Manaus, por meio da Funda\u00e7\u00e3o Municipal de Cultura, Turismo e Eventos (ManausCult), deu in\u00edcio, na quarta-feira, 8\/10, \u00e0 \u201cFeirinha do Tururi\u201d, abrindo oficialmente a programa\u00e7\u00e3o do \u201cBoi Manaus 2025\u201d, no mirante L\u00facia Almeida, no centro hist\u00f3rico. O primeiro dia foi um sucesso de p\u00fablico, com o espa\u00e7o lotado, shows, barracas com comidas t\u00edpicas, artesanato e produtos culturais regionais.\" \/>\n<meta name=\"robots\" content=\"noindex, follow\" \/>\n<meta property=\"og:locale\" content=\"pt_BR\" \/>\n<meta property=\"og:type\" content=\"article\" \/>\n<meta property=\"og:title\" content=\"Prefeitura inicia \u2018Feirinha do Tururi\u2019 com grande p\u00fablico e programa\u00e7\u00e3o especial at\u00e9 domingo\" \/>\n<meta property=\"og:description\" content=\"A Prefeitura de Manaus, por meio da Funda\u00e7\u00e3o Municipal de Cultura, Turismo e Eventos (ManausCult), deu in\u00edcio, na quarta-feira, 8\/10, \u00e0 \u201cFeirinha do Tururi\u201d, abrindo oficialmente a programa\u00e7\u00e3o do \u201cBoi Manaus 2025\u201d, no mirante L\u00facia Almeida, no centro hist\u00f3rico. O primeiro dia foi um sucesso de p\u00fablico, com o espa\u00e7o lotado, shows, barracas com comidas t\u00edpicas, artesanato e produtos culturais regionais.\" \/>\n<meta property=\"og:url\" content=\"https:\/\/www.manaus.am.gov.br\/manauscult\/prefeitura-manauscult-feirinhadotururi\/\" \/>\n<meta property=\"og:site_name\" content=\"MANAUSCULT\" \/>\n<meta property=\"article:published_time\" content=\"2025-10-09T14:21:12+00:00\" \/>\n<meta property=\"article:modified_time\" content=\"2025-10-09T14:21:13+00:00\" \/>\n<meta property=\"og:image\" content=\"https:\/\/www.manaus.am.gov.br\/manauscult\/wp-content\/uploads\/sites\/11\/2025\/10\/44909918-3a38-4f43-82e9-f220ad7cc937-1.jpeg\" \/>\n\t<meta property=\"og:image:width\" content=\"4160\" \/>\n\t<meta property=\"og:image:height\" content=\"2774\" \/>\n\t<meta property=\"og:image:type\" content=\"image\/jpeg\" \/>\n<meta name=\"author\" content=\"Adriana Costa\" \/>\n<meta name=\"twitter:card\" content=\"summary_large_image\" \/>\n<meta name=\"twitter:label1\" content=\"Written by\" \/>\n\t<meta name=\"twitter:data1\" content=\"Adriana Costa\" \/>\n\t<meta name=\"twitter:label2\" content=\"Est. reading time\" \/>\n\t<meta name=\"twitter:data2\" content=\"3 minutos\" \/>\n<script type=\"application\/ld+json\" class=\"yoast-schema-graph\">{\"@context\":\"https:\/\/schema.org\",\"@graph\":[{\"@type\":\"WebPage\",\"@id\":\"https:\/\/www.manaus.am.gov.br\/manauscult\/prefeitura-manauscult-feirinhadotururi\/\",\"url\":\"https:\/\/www.manaus.am.gov.br\/manauscult\/prefeitura-manauscult-feirinhadotururi\/\",\"name\":\"Prefeitura inicia \u2018Feirinha do Tururi\u2019 com grande p\u00fablico e programa\u00e7\u00e3o especial at\u00e9 domingo\",\"isPartOf\":{\"@id\":\"https:\/\/www.manaus.am.gov.br\/manauscult\/#website\"},\"primaryImageOfPage\":{\"@id\":\"https:\/\/www.manaus.am.gov.br\/manauscult\/prefeitura-manauscult-feirinhadotururi\/#primaryimage\"},\"image\":{\"@id\":\"https:\/\/www.manaus.am.gov.br\/manauscult\/prefeitura-manauscult-feirinhadotururi\/#primaryimage\"},\"thumbnailUrl\":\"https:\/\/www.manaus.am.gov.br\/manauscult\/wp-content\/uploads\/sites\/11\/2025\/10\/44909918-3a38-4f43-82e9-f220ad7cc937-1.jpeg\",\"datePublished\":\"2025-10-09T14:21:12+00:00\",\"dateModified\":\"2025-10-09T14:21:13+00:00\",\"author\":{\"@id\":\"https:\/\/www.manaus.am.gov.br\/manauscult\/#\/schema\/person\/4e49f4e267757a06ca072ec61b2b9968\"},\"description\":\"A Prefeitura de Manaus, por meio da Funda\u00e7\u00e3o Municipal de Cultura, Turismo e Eventos (ManausCult), deu in\u00edcio, na quarta-feira, 8\/10, \u00e0 \u201cFeirinha do Tururi\u201d, abrindo oficialmente a programa\u00e7\u00e3o do \u201cBoi Manaus 2025\u201d, no mirante L\u00facia Almeida, no centro hist\u00f3rico. O primeiro dia foi um sucesso de p\u00fablico, com o espa\u00e7o lotado, shows, barracas com comidas t\u00edpicas, artesanato e produtos culturais regionais.\",\"breadcrumb\":{\"@id\":\"https:\/\/www.manaus.am.gov.br\/manauscult\/prefeitura-manauscult-feirinhadotururi\/#breadcrumb\"},\"inLanguage\":\"pt-BR\",\"potentialAction\":[{\"@type\":\"ReadAction\",\"target\":[\"https:\/\/www.manaus.am.gov.br\/manauscult\/prefeitura-manauscult-feirinhadotururi\/\"]}]},{\"@type\":\"ImageObject\",\"inLanguage\":\"pt-BR\",\"@id\":\"https:\/\/www.manaus.am.gov.br\/manauscult\/prefeitura-manauscult-feirinhadotururi\/#primaryimage\",\"url\":\"https:\/\/www.manaus.am.gov.br\/manauscult\/wp-content\/uploads\/sites\/11\/2025\/10\/44909918-3a38-4f43-82e9-f220ad7cc937-1.jpeg\",\"contentUrl\":\"https:\/\/www.manaus.am.gov.br\/manauscult\/wp-content\/uploads\/sites\/11\/2025\/10\/44909918-3a38-4f43-82e9-f220ad7cc937-1.jpeg\",\"width\":4160,\"height\":2774,\"caption\":\"#paratodosverem - P\u00fablico e palco em evento da Feirinha do Tururi, no mirante L\u00facia Almeida\"},{\"@type\":\"BreadcrumbList\",\"@id\":\"https:\/\/www.manaus.am.gov.br\/manauscult\/prefeitura-manauscult-feirinhadotururi\/#breadcrumb\",\"itemListElement\":[{\"@type\":\"ListItem\",\"position\":1,\"name\":\"Home\",\"item\":\"https:\/\/www.manaus.am.gov.br\/manauscult\/\"},{\"@type\":\"ListItem\",\"position\":2,\"name\":\"Prefeitura inicia \u2018Feirinha do Tururi\u2019 com grande p\u00fablico e programa\u00e7\u00e3o especial at\u00e9 domingo\"}]},{\"@type\":\"WebSite\",\"@id\":\"https:\/\/www.manaus.am.gov.br\/manauscult\/#website\",\"url\":\"https:\/\/www.manaus.am.gov.br\/manauscult\/\",\"name\":\"MANAUSCULT\",\"description\":\"Prefeitura de Manaus\",\"potentialAction\":[{\"@type\":\"SearchAction\",\"target\":{\"@type\":\"EntryPoint\",\"urlTemplate\":\"https:\/\/www.manaus.am.gov.br\/manauscult\/?s={search_term_string}\"},\"query-input\":\"required name=search_term_string\"}],\"inLanguage\":\"pt-BR\"},{\"@type\":\"Person\",\"@id\":\"https:\/\/www.manaus.am.gov.br\/manauscult\/#\/schema\/person\/4e49f4e267757a06ca072ec61b2b9968\",\"name\":\"Adriana Costa\",\"image\":{\"@type\":\"ImageObject\",\"inLanguage\":\"pt-BR\",\"@id\":\"https:\/\/www.manaus.am.gov.br\/manauscult\/#\/schema\/person\/image\/\",\"url\":\"https:\/\/secure.gravatar.com\/avatar\/576258617ef7194f718179e766d57bd4?s=96&d=mm&r=g\",\"contentUrl\":\"https:\/\/secure.gravatar.com\/avatar\/576258617ef7194f718179e766d57bd4?s=96&d=mm&r=g\",\"caption\":\"Adriana Costa\"}}]}<\/script>\n<!-- \/ Yoast SEO plugin. -->","yoast_head_json":{"title":"Prefeitura inicia \u2018Feirinha do Tururi\u2019 com grande p\u00fablico e programa\u00e7\u00e3o especial at\u00e9 domingo","description":"A Prefeitura de Manaus, por meio da Funda\u00e7\u00e3o Municipal de Cultura, Turismo e Eventos (ManausCult), deu in\u00edcio, na quarta-feira, 8\/10, \u00e0 \u201cFeirinha do Tururi\u201d, abrindo oficialmente a programa\u00e7\u00e3o do \u201cBoi Manaus 2025\u201d, no mirante L\u00facia Almeida, no centro hist\u00f3rico. O primeiro dia foi um sucesso de p\u00fablico, com o espa\u00e7o lotado, shows, barracas com comidas t\u00edpicas, artesanato e produtos culturais regionais.","robots":{"index":"noindex","follow":"follow"},"og_locale":"pt_BR","og_type":"article","og_title":"Prefeitura inicia \u2018Feirinha do Tururi\u2019 com grande p\u00fablico e programa\u00e7\u00e3o especial at\u00e9 domingo","og_description":"A Prefeitura de Manaus, por meio da Funda\u00e7\u00e3o Municipal de Cultura, Turismo e Eventos (ManausCult), deu in\u00edcio, na quarta-feira, 8\/10, \u00e0 \u201cFeirinha do Tururi\u201d, abrindo oficialmente a programa\u00e7\u00e3o do \u201cBoi Manaus 2025\u201d, no mirante L\u00facia Almeida, no centro hist\u00f3rico. O primeiro dia foi um sucesso de p\u00fablico, com o espa\u00e7o lotado, shows, barracas com comidas t\u00edpicas, artesanato e produtos culturais regionais.","og_url":"https:\/\/www.manaus.am.gov.br\/manauscult\/prefeitura-manauscult-feirinhadotururi\/","og_site_name":"MANAUSCULT","article_published_time":"2025-10-09T14:21:12+00:00","article_modified_time":"2025-10-09T14:21:13+00:00","og_image":[{"width":4160,"height":2774,"url":"https:\/\/www.manaus.am.gov.br\/manauscult\/wp-content\/uploads\/sites\/11\/2025\/10\/44909918-3a38-4f43-82e9-f220ad7cc937-1.jpeg","type":"image\/jpeg"}],"author":"Adriana Costa","twitter_card":"summary_large_image","twitter_misc":{"Written by":"Adriana Costa","Est. reading time":"3 minutos"},"schema":{"@context":"https:\/\/schema.org","@graph":[{"@type":"WebPage","@id":"https:\/\/www.manaus.am.gov.br\/manauscult\/prefeitura-manauscult-feirinhadotururi\/","url":"https:\/\/www.manaus.am.gov.br\/manauscult\/prefeitura-manauscult-feirinhadotururi\/","name":"Prefeitura inicia \u2018Feirinha do Tururi\u2019 com grande p\u00fablico e programa\u00e7\u00e3o especial at\u00e9 domingo","isPartOf":{"@id":"https:\/\/www.manaus.am.gov.br\/manauscult\/#website"},"primaryImageOfPage":{"@id":"https:\/\/www.manaus.am.gov.br\/manauscult\/prefeitura-manauscult-feirinhadotururi\/#primaryimage"},"image":{"@id":"https:\/\/www.manaus.am.gov.br\/manauscult\/prefeitura-manauscult-feirinhadotururi\/#primaryimage"},"thumbnailUrl":"https:\/\/www.manaus.am.gov.br\/manauscult\/wp-content\/uploads\/sites\/11\/2025\/10\/44909918-3a38-4f43-82e9-f220ad7cc937-1.jpeg","datePublished":"2025-10-09T14:21:12+00:00","dateModified":"2025-10-09T14:21:13+00:00","author":{"@id":"https:\/\/www.manaus.am.gov.br\/manauscult\/#\/schema\/person\/4e49f4e267757a06ca072ec61b2b9968"},"description":"A Prefeitura de Manaus, por meio da Funda\u00e7\u00e3o Municipal de Cultura, Turismo e Eventos (ManausCult), deu in\u00edcio, na quarta-feira, 8\/10, \u00e0 \u201cFeirinha do Tururi\u201d, abrindo oficialmente a programa\u00e7\u00e3o do \u201cBoi Manaus 2025\u201d, no mirante L\u00facia Almeida, no centro hist\u00f3rico. O primeiro dia foi um sucesso de p\u00fablico, com o espa\u00e7o lotado, shows, barracas com comidas t\u00edpicas, artesanato e produtos culturais regionais.","breadcrumb":{"@id":"https:\/\/www.manaus.am.gov.br\/manauscult\/prefeitura-manauscult-feirinhadotururi\/#breadcrumb"},"inLanguage":"pt-BR","potentialAction":[{"@type":"ReadAction","target":["https:\/\/www.manaus.am.gov.br\/manauscult\/prefeitura-manauscult-feirinhadotururi\/"]}]},{"@type":"ImageObject","inLanguage":"pt-BR","@id":"https:\/\/www.manaus.am.gov.br\/manauscult\/prefeitura-manauscult-feirinhadotururi\/#primaryimage","url":"https:\/\/www.manaus.am.gov.br\/manauscult\/wp-content\/uploads\/sites\/11\/2025\/10\/44909918-3a38-4f43-82e9-f220ad7cc937-1.jpeg","contentUrl":"https:\/\/www.manaus.am.gov.br\/manauscult\/wp-content\/uploads\/sites\/11\/2025\/10\/44909918-3a38-4f43-82e9-f220ad7cc937-1.jpeg","width":4160,"height":2774,"caption":"#paratodosverem - P\u00fablico e palco em evento da Feirinha do Tururi, no mirante L\u00facia Almeida"},{"@type":"BreadcrumbList","@id":"https:\/\/www.manaus.am.gov.br\/manauscult\/prefeitura-manauscult-feirinhadotururi\/#breadcrumb","itemListElement":[{"@type":"ListItem","position":1,"name":"Home","item":"https:\/\/www.manaus.am.gov.br\/manauscult\/"},{"@type":"ListItem","position":2,"name":"Prefeitura inicia \u2018Feirinha do Tururi\u2019 com grande p\u00fablico e programa\u00e7\u00e3o especial at\u00e9 domingo"}]},{"@type":"WebSite","@id":"https:\/\/www.manaus.am.gov.br\/manauscult\/#website","url":"https:\/\/www.manaus.am.gov.br\/manauscult\/","name":"MANAUSCULT","description":"Prefeitura de Manaus","potentialAction":[{"@type":"SearchAction","target":{"@type":"EntryPoint","urlTemplate":"https:\/\/www.manaus.am.gov.br\/manauscult\/?s={search_term_string}"},"query-input":"required name=search_term_string"}],"inLanguage":"pt-BR"},{"@type":"Person","@id":"https:\/\/www.manaus.am.gov.br\/manauscult\/#\/schema\/person\/4e49f4e267757a06ca072ec61b2b9968","name":"Adriana Costa","image":{"@type":"ImageObject","inLanguage":"pt-BR","@id":"https:\/\/www.manaus.am.gov.br\/manauscult\/#\/schema\/person\/image\/","url":"https:\/\/secure.gravatar.com\/avatar\/576258617ef7194f718179e766d57bd4?s=96&d=mm&r=g","contentUrl":"https:\/\/secure.gravatar.com\/avatar\/576258617ef7194f718179e766d57bd4?s=96&d=mm&r=g","caption":"Adriana Costa"}}]}},"_links":{"self":[{"href":"https:\/\/www.manaus.am.gov.br\/manauscult\/wp-json\/wp\/v2\/posts\/4839"}],"collection":[{"href":"https:\/\/www.manaus.am.gov.br\/manauscult\/wp-json\/wp\/v2\/posts"}],"about":[{"href":"https:\/\/www.manaus.am.gov.br\/manauscult\/wp-json\/wp\/v2\/types\/post"}],"author":[{"embeddable":true,"href":"https:\/\/www.manaus.am.gov.br\/manauscult\/wp-json\/wp\/v2\/users\/23"}],"replies":[{"embeddable":true,"href":"https:\/\/www.manaus.am.gov.br\/manauscult\/wp-json\/wp\/v2\/comments?post=4839"}],"version-history":[{"count":0,"href":"https:\/\/www.manaus.am.gov.br\/manauscult\/wp-json\/wp\/v2\/posts\/4839\/revisions"}],"wp:featuredmedia":[{"embeddable":true,"href":"https:\/\/www.manaus.am.gov.br\/manauscult\/wp-json\/wp\/v2\/media\/4840"}],"wp:attachment":[{"href":"https:\/\/www.manaus.am.gov.br\/manauscult\/wp-json\/wp\/v2\/media?parent=4839"}],"wp:term":[{"taxonomy":"category","embeddable":true,"href":"https:\/\/www.manaus.am.gov.br\/manauscult\/wp-json\/wp\/v2\/categories?post=4839"},{"taxonomy":"post_tag","embeddable":true,"href":"https:\/\/www.manaus.am.gov.br\/manauscult\/wp-json\/wp\/v2\/tags?post=4839"}],"curies":[{"name":"wp","href":"https:\/\/api.w.org\/{rel}","templated":true}]}}