{"id":4837,"date":"2025-10-09T09:59:38","date_gmt":"2025-10-09T13:59:38","guid":{"rendered":"https:\/\/www.manaus.am.gov.br\/manauscult\/prefeitura-manauscult-abav\/"},"modified":"2025-10-09T09:59:39","modified_gmt":"2025-10-09T13:59:39","slug":"prefeitura-manauscult-abav","status":"publish","type":"post","link":"https:\/\/www.manaus.am.gov.br\/manauscult\/prefeitura-manauscult-abav\/","title":{"rendered":"Manaus marca presen\u00e7a em feira da Abav com estande pr\u00f3prio e foco na promo\u00e7\u00e3o do turismo amaz\u00f4nico"},"content":{"rendered":"\n<p>A Prefeitura de Manaus, por meio da Funda\u00e7\u00e3o Municipal de Cultura, Turismo e Eventos (ManausCult), participa, mais uma vez, da \u201cAbav Expo 2025\u201d, a maior feira de turismo da Am\u00e9rica Latina, realizada pela Associa\u00e7\u00e3o Brasileira de Ag\u00eancias de Viagens (Abav). O evento teve in\u00edcio no dia 8 e encerra, nesta sexta-feira, 10\/10, no Riocentro, no Rio de Janeiro (RJ), e re\u00fane os principais agentes de viagens, operadores de turismo, redes hoteleiras, companhias a\u00e9reas e destinos tur\u00edsticos do Brasil e do mundo.<\/p>\n\n\n\n<p>A prefeitura participa com estande pr\u00f3prio, destacando o potencial tur\u00edstico, cultural e econ\u00f4mico da capital amazonense. Durante os tr\u00eas dias de evento, a cidade se apresenta como um dos principais destinos do Norte do pa\u00eds, promovendo a marca \u201cManaus\u201d e suas experi\u00eancias \u00fanicas ligadas \u00e0 natureza, cultura e gastronomia.<\/p>\n\n\n\n<p>No estande, 22 empres\u00e1rios de Manaus, entre agentes de viagens, operadores de turismo e representantes de hot\u00e9is, participam da feira de turismo juntamente com o Servi\u00e7o Brasileiro de Apoio \u00e0s Micro e Pequenas Empresas do Amazonas (Sebrae-AM), que tamb\u00e9m marca presen\u00e7a no estande. A participa\u00e7\u00e3o conjunta da Prefeitura de Manaus, por meio da ManausCult, do Sebrae-AM e da iniciativa privada refor\u00e7a a estrat\u00e9gia de fortalecer o posicionamento de Manaus no mercado nacional e internacional de turismo.<\/p>\n\n\n\n<p>De acordo com o diretor-presidente da ManausCult, Jender Lobato, estar na Abav Expo \u00e9 fundamental para ampliar a visibilidade do destino e gerar novas oportunidades de neg\u00f3cios.&nbsp;\u201c\u00c9 um dos maiores encontros do setor tur\u00edstico do pa\u00eds, e participar dela com estande pr\u00f3prio coloca Manaus em destaque. \u00c9 o momento de fortalecer parcerias, atrair novos investimentos e apresentar o que temos de melhor, desde nossos atrativos naturais at\u00e9 a hospitalidade do povo manauara\u201d, destacou.<\/p>\n\n\n\n<p>Para a vice-presidente de Turismo da ManausCult, Oreni Braga, a presen\u00e7a de Manaus na feira \u00e9 um passo estrat\u00e9gico para consolidar a cidade como destino competitivo e sustent\u00e1vel.&nbsp;\u201cA Abav re\u00fane profissionais que movimentam o turismo brasileiro, e estar aqui \u00e9 garantir que Manaus continue no mapa das grandes oportunidades. Cada empres\u00e1rio presente representa nossa cidade e ajuda a ampliar a visibilidade do turismo amaz\u00f4nico no cen\u00e1rio nacional\u201d, afirmou.<\/p>\n\n\n\n<p>A participa\u00e7\u00e3o de Manaus na Abav Expo refor\u00e7a o compromisso da prefeitura em estimular o desenvolvimento econ\u00f4mico por meio do turismo, fortalecendo o setor como gerador de emprego, renda e valoriza\u00e7\u00e3o cultural, consolidando a capital como porta de entrada para a Amaz\u00f4nia e um destino de experi\u00eancias aut\u00eanticas.<\/p>\n\n\n\n<p>&#8212; &#8212; &#8212;<\/p>\n\n\n\n<p><strong>Texto <\/strong>&#8211; J\u00e9ssica Trajano\/ManausCult<\/p>\n\n\n\n<p><strong>Fotos <\/strong>\u2013 Divulga\u00e7\u00e3o\/ManausCult<\/p>\n","protected":false},"excerpt":{"rendered":"","protected":false},"author":23,"featured_media":4838,"comment_status":"closed","ping_status":"closed","sticky":false,"template":"","format":"standard","meta":{"footnotes":""},"categories":[3],"tags":[1739,76,945,994,9,1740,11,103],"acf":[],"yoast_head":"<!-- This site is optimized with the Yoast SEO plugin v23.0 - https:\/\/yoast.com\/wordpress\/plugins\/seo\/ -->\n<title>Manaus marca presen\u00e7a em feira da Abav com estande pr\u00f3prio e foco na promo\u00e7\u00e3o do turismo amaz\u00f4nico<\/title>\n<meta name=\"description\" content=\"A Prefeitura de Manaus, por meio da Funda\u00e7\u00e3o Municipal de Cultura, Turismo e Eventos (ManausCult), participa, mais uma vez, da \u201cAbav Expo 2025\u201d, a maior feira de turismo da Am\u00e9rica Latina, realizada pela Associa\u00e7\u00e3o Brasileira de Ag\u00eancias de Viagens (Abav).\" \/>\n<meta name=\"robots\" content=\"noindex, follow\" \/>\n<meta property=\"og:locale\" content=\"pt_BR\" \/>\n<meta property=\"og:type\" content=\"article\" \/>\n<meta property=\"og:title\" content=\"Manaus marca presen\u00e7a em feira da Abav com estande pr\u00f3prio e foco na promo\u00e7\u00e3o do turismo amaz\u00f4nico\" \/>\n<meta property=\"og:description\" content=\"A Prefeitura de Manaus, por meio da Funda\u00e7\u00e3o Municipal de Cultura, Turismo e Eventos (ManausCult), participa, mais uma vez, da \u201cAbav Expo 2025\u201d, a maior feira de turismo da Am\u00e9rica Latina, realizada pela Associa\u00e7\u00e3o Brasileira de Ag\u00eancias de Viagens (Abav).\" \/>\n<meta property=\"og:url\" content=\"https:\/\/www.manaus.am.gov.br\/manauscult\/prefeitura-manauscult-abav\/\" \/>\n<meta property=\"og:site_name\" content=\"MANAUSCULT\" \/>\n<meta property=\"article:published_time\" content=\"2025-10-09T13:59:38+00:00\" \/>\n<meta property=\"article:modified_time\" content=\"2025-10-09T13:59:39+00:00\" \/>\n<meta property=\"og:image\" content=\"https:\/\/www.manaus.am.gov.br\/manauscult\/wp-content\/uploads\/sites\/11\/2025\/10\/IMG_8981-1-768x1024.jpeg\" \/>\n\t<meta property=\"og:image:width\" content=\"768\" \/>\n\t<meta property=\"og:image:height\" content=\"1024\" \/>\n\t<meta property=\"og:image:type\" content=\"image\/jpeg\" \/>\n<meta name=\"author\" content=\"Adriana Costa\" \/>\n<meta name=\"twitter:card\" content=\"summary_large_image\" \/>\n<meta name=\"twitter:label1\" content=\"Written by\" \/>\n\t<meta name=\"twitter:data1\" content=\"Adriana Costa\" \/>\n\t<meta name=\"twitter:label2\" content=\"Est. reading time\" \/>\n\t<meta name=\"twitter:data2\" content=\"3 minutos\" \/>\n<script type=\"application\/ld+json\" class=\"yoast-schema-graph\">{\"@context\":\"https:\/\/schema.org\",\"@graph\":[{\"@type\":\"WebPage\",\"@id\":\"https:\/\/www.manaus.am.gov.br\/manauscult\/prefeitura-manauscult-abav\/\",\"url\":\"https:\/\/www.manaus.am.gov.br\/manauscult\/prefeitura-manauscult-abav\/\",\"name\":\"Manaus marca presen\u00e7a em feira da Abav com estande pr\u00f3prio e foco na promo\u00e7\u00e3o do turismo amaz\u00f4nico\",\"isPartOf\":{\"@id\":\"https:\/\/www.manaus.am.gov.br\/manauscult\/#website\"},\"primaryImageOfPage\":{\"@id\":\"https:\/\/www.manaus.am.gov.br\/manauscult\/prefeitura-manauscult-abav\/#primaryimage\"},\"image\":{\"@id\":\"https:\/\/www.manaus.am.gov.br\/manauscult\/prefeitura-manauscult-abav\/#primaryimage\"},\"thumbnailUrl\":\"https:\/\/www.manaus.am.gov.br\/manauscult\/wp-content\/uploads\/sites\/11\/2025\/10\/IMG_8981-1.jpeg\",\"datePublished\":\"2025-10-09T13:59:38+00:00\",\"dateModified\":\"2025-10-09T13:59:39+00:00\",\"author\":{\"@id\":\"https:\/\/www.manaus.am.gov.br\/manauscult\/#\/schema\/person\/4e49f4e267757a06ca072ec61b2b9968\"},\"description\":\"A Prefeitura de Manaus, por meio da Funda\u00e7\u00e3o Municipal de Cultura, Turismo e Eventos (ManausCult), participa, mais uma vez, da \u201cAbav Expo 2025\u201d, a maior feira de turismo da Am\u00e9rica Latina, realizada pela Associa\u00e7\u00e3o Brasileira de Ag\u00eancias de Viagens (Abav).\",\"breadcrumb\":{\"@id\":\"https:\/\/www.manaus.am.gov.br\/manauscult\/prefeitura-manauscult-abav\/#breadcrumb\"},\"inLanguage\":\"pt-BR\",\"potentialAction\":[{\"@type\":\"ReadAction\",\"target\":[\"https:\/\/www.manaus.am.gov.br\/manauscult\/prefeitura-manauscult-abav\/\"]}]},{\"@type\":\"ImageObject\",\"inLanguage\":\"pt-BR\",\"@id\":\"https:\/\/www.manaus.am.gov.br\/manauscult\/prefeitura-manauscult-abav\/#primaryimage\",\"url\":\"https:\/\/www.manaus.am.gov.br\/manauscult\/wp-content\/uploads\/sites\/11\/2025\/10\/IMG_8981-1.jpeg\",\"contentUrl\":\"https:\/\/www.manaus.am.gov.br\/manauscult\/wp-content\/uploads\/sites\/11\/2025\/10\/IMG_8981-1.jpeg\",\"width\":3024,\"height\":4032,\"caption\":\"#paratodosverem - Imagem do estande pr\u00f3prio da Prefeitura de Manaus no evento da Abav 2025\"},{\"@type\":\"BreadcrumbList\",\"@id\":\"https:\/\/www.manaus.am.gov.br\/manauscult\/prefeitura-manauscult-abav\/#breadcrumb\",\"itemListElement\":[{\"@type\":\"ListItem\",\"position\":1,\"name\":\"Home\",\"item\":\"https:\/\/www.manaus.am.gov.br\/manauscult\/\"},{\"@type\":\"ListItem\",\"position\":2,\"name\":\"Manaus marca presen\u00e7a em feira da Abav com estande pr\u00f3prio e foco na promo\u00e7\u00e3o do turismo amaz\u00f4nico\"}]},{\"@type\":\"WebSite\",\"@id\":\"https:\/\/www.manaus.am.gov.br\/manauscult\/#website\",\"url\":\"https:\/\/www.manaus.am.gov.br\/manauscult\/\",\"name\":\"MANAUSCULT\",\"description\":\"Prefeitura de Manaus\",\"potentialAction\":[{\"@type\":\"SearchAction\",\"target\":{\"@type\":\"EntryPoint\",\"urlTemplate\":\"https:\/\/www.manaus.am.gov.br\/manauscult\/?s={search_term_string}\"},\"query-input\":\"required name=search_term_string\"}],\"inLanguage\":\"pt-BR\"},{\"@type\":\"Person\",\"@id\":\"https:\/\/www.manaus.am.gov.br\/manauscult\/#\/schema\/person\/4e49f4e267757a06ca072ec61b2b9968\",\"name\":\"Adriana Costa\",\"image\":{\"@type\":\"ImageObject\",\"inLanguage\":\"pt-BR\",\"@id\":\"https:\/\/www.manaus.am.gov.br\/manauscult\/#\/schema\/person\/image\/\",\"url\":\"https:\/\/secure.gravatar.com\/avatar\/576258617ef7194f718179e766d57bd4?s=96&d=mm&r=g\",\"contentUrl\":\"https:\/\/secure.gravatar.com\/avatar\/576258617ef7194f718179e766d57bd4?s=96&d=mm&r=g\",\"caption\":\"Adriana Costa\"}}]}<\/script>\n<!-- \/ Yoast SEO plugin. -->","yoast_head_json":{"title":"Manaus marca presen\u00e7a em feira da Abav com estande pr\u00f3prio e foco na promo\u00e7\u00e3o do turismo amaz\u00f4nico","description":"A Prefeitura de Manaus, por meio da Funda\u00e7\u00e3o Municipal de Cultura, Turismo e Eventos (ManausCult), participa, mais uma vez, da \u201cAbav Expo 2025\u201d, a maior feira de turismo da Am\u00e9rica Latina, realizada pela Associa\u00e7\u00e3o Brasileira de Ag\u00eancias de Viagens (Abav).","robots":{"index":"noindex","follow":"follow"},"og_locale":"pt_BR","og_type":"article","og_title":"Manaus marca presen\u00e7a em feira da Abav com estande pr\u00f3prio e foco na promo\u00e7\u00e3o do turismo amaz\u00f4nico","og_description":"A Prefeitura de Manaus, por meio da Funda\u00e7\u00e3o Municipal de Cultura, Turismo e Eventos (ManausCult), participa, mais uma vez, da \u201cAbav Expo 2025\u201d, a maior feira de turismo da Am\u00e9rica Latina, realizada pela Associa\u00e7\u00e3o Brasileira de Ag\u00eancias de Viagens (Abav).","og_url":"https:\/\/www.manaus.am.gov.br\/manauscult\/prefeitura-manauscult-abav\/","og_site_name":"MANAUSCULT","article_published_time":"2025-10-09T13:59:38+00:00","article_modified_time":"2025-10-09T13:59:39+00:00","og_image":[{"width":768,"height":1024,"url":"https:\/\/www.manaus.am.gov.br\/manauscult\/wp-content\/uploads\/sites\/11\/2025\/10\/IMG_8981-1-768x1024.jpeg","type":"image\/jpeg"}],"author":"Adriana Costa","twitter_card":"summary_large_image","twitter_misc":{"Written by":"Adriana Costa","Est. reading time":"3 minutos"},"schema":{"@context":"https:\/\/schema.org","@graph":[{"@type":"WebPage","@id":"https:\/\/www.manaus.am.gov.br\/manauscult\/prefeitura-manauscult-abav\/","url":"https:\/\/www.manaus.am.gov.br\/manauscult\/prefeitura-manauscult-abav\/","name":"Manaus marca presen\u00e7a em feira da Abav com estande pr\u00f3prio e foco na promo\u00e7\u00e3o do turismo amaz\u00f4nico","isPartOf":{"@id":"https:\/\/www.manaus.am.gov.br\/manauscult\/#website"},"primaryImageOfPage":{"@id":"https:\/\/www.manaus.am.gov.br\/manauscult\/prefeitura-manauscult-abav\/#primaryimage"},"image":{"@id":"https:\/\/www.manaus.am.gov.br\/manauscult\/prefeitura-manauscult-abav\/#primaryimage"},"thumbnailUrl":"https:\/\/www.manaus.am.gov.br\/manauscult\/wp-content\/uploads\/sites\/11\/2025\/10\/IMG_8981-1.jpeg","datePublished":"2025-10-09T13:59:38+00:00","dateModified":"2025-10-09T13:59:39+00:00","author":{"@id":"https:\/\/www.manaus.am.gov.br\/manauscult\/#\/schema\/person\/4e49f4e267757a06ca072ec61b2b9968"},"description":"A Prefeitura de Manaus, por meio da Funda\u00e7\u00e3o Municipal de Cultura, Turismo e Eventos (ManausCult), participa, mais uma vez, da \u201cAbav Expo 2025\u201d, a maior feira de turismo da Am\u00e9rica Latina, realizada pela Associa\u00e7\u00e3o Brasileira de Ag\u00eancias de Viagens (Abav).","breadcrumb":{"@id":"https:\/\/www.manaus.am.gov.br\/manauscult\/prefeitura-manauscult-abav\/#breadcrumb"},"inLanguage":"pt-BR","potentialAction":[{"@type":"ReadAction","target":["https:\/\/www.manaus.am.gov.br\/manauscult\/prefeitura-manauscult-abav\/"]}]},{"@type":"ImageObject","inLanguage":"pt-BR","@id":"https:\/\/www.manaus.am.gov.br\/manauscult\/prefeitura-manauscult-abav\/#primaryimage","url":"https:\/\/www.manaus.am.gov.br\/manauscult\/wp-content\/uploads\/sites\/11\/2025\/10\/IMG_8981-1.jpeg","contentUrl":"https:\/\/www.manaus.am.gov.br\/manauscult\/wp-content\/uploads\/sites\/11\/2025\/10\/IMG_8981-1.jpeg","width":3024,"height":4032,"caption":"#paratodosverem - Imagem do estande pr\u00f3prio da Prefeitura de Manaus no evento da Abav 2025"},{"@type":"BreadcrumbList","@id":"https:\/\/www.manaus.am.gov.br\/manauscult\/prefeitura-manauscult-abav\/#breadcrumb","itemListElement":[{"@type":"ListItem","position":1,"name":"Home","item":"https:\/\/www.manaus.am.gov.br\/manauscult\/"},{"@type":"ListItem","position":2,"name":"Manaus marca presen\u00e7a em feira da Abav com estande pr\u00f3prio e foco na promo\u00e7\u00e3o do turismo amaz\u00f4nico"}]},{"@type":"WebSite","@id":"https:\/\/www.manaus.am.gov.br\/manauscult\/#website","url":"https:\/\/www.manaus.am.gov.br\/manauscult\/","name":"MANAUSCULT","description":"Prefeitura de Manaus","potentialAction":[{"@type":"SearchAction","target":{"@type":"EntryPoint","urlTemplate":"https:\/\/www.manaus.am.gov.br\/manauscult\/?s={search_term_string}"},"query-input":"required name=search_term_string"}],"inLanguage":"pt-BR"},{"@type":"Person","@id":"https:\/\/www.manaus.am.gov.br\/manauscult\/#\/schema\/person\/4e49f4e267757a06ca072ec61b2b9968","name":"Adriana Costa","image":{"@type":"ImageObject","inLanguage":"pt-BR","@id":"https:\/\/www.manaus.am.gov.br\/manauscult\/#\/schema\/person\/image\/","url":"https:\/\/secure.gravatar.com\/avatar\/576258617ef7194f718179e766d57bd4?s=96&d=mm&r=g","contentUrl":"https:\/\/secure.gravatar.com\/avatar\/576258617ef7194f718179e766d57bd4?s=96&d=mm&r=g","caption":"Adriana Costa"}}]}},"_links":{"self":[{"href":"https:\/\/www.manaus.am.gov.br\/manauscult\/wp-json\/wp\/v2\/posts\/4837"}],"collection":[{"href":"https:\/\/www.manaus.am.gov.br\/manauscult\/wp-json\/wp\/v2\/posts"}],"about":[{"href":"https:\/\/www.manaus.am.gov.br\/manauscult\/wp-json\/wp\/v2\/types\/post"}],"author":[{"embeddable":true,"href":"https:\/\/www.manaus.am.gov.br\/manauscult\/wp-json\/wp\/v2\/users\/23"}],"replies":[{"embeddable":true,"href":"https:\/\/www.manaus.am.gov.br\/manauscult\/wp-json\/wp\/v2\/comments?post=4837"}],"version-history":[{"count":0,"href":"https:\/\/www.manaus.am.gov.br\/manauscult\/wp-json\/wp\/v2\/posts\/4837\/revisions"}],"wp:featuredmedia":[{"embeddable":true,"href":"https:\/\/www.manaus.am.gov.br\/manauscult\/wp-json\/wp\/v2\/media\/4838"}],"wp:attachment":[{"href":"https:\/\/www.manaus.am.gov.br\/manauscult\/wp-json\/wp\/v2\/media?parent=4837"}],"wp:term":[{"taxonomy":"category","embeddable":true,"href":"https:\/\/www.manaus.am.gov.br\/manauscult\/wp-json\/wp\/v2\/categories?post=4837"},{"taxonomy":"post_tag","embeddable":true,"href":"https:\/\/www.manaus.am.gov.br\/manauscult\/wp-json\/wp\/v2\/tags?post=4837"}],"curies":[{"name":"wp","href":"https:\/\/api.w.org\/{rel}","templated":true}]}}