{"id":4832,"date":"2025-10-06T12:06:33","date_gmt":"2025-10-06T16:06:33","guid":{"rendered":"https:\/\/www.manaus.am.gov.br\/manauscult\/programacao-oficial-boi-manaus-2025\/"},"modified":"2025-10-06T12:06:33","modified_gmt":"2025-10-06T16:06:33","slug":"programacao-oficial-boi-manaus-2025","status":"publish","type":"post","link":"https:\/\/www.manaus.am.gov.br\/manauscult\/programacao-oficial-boi-manaus-2025\/","title":{"rendered":"Prefeitura inicia programa\u00e7\u00e3o oficial do \u2018Boi Manaus 2025\u2019 nesta quarta-feira, 8\/10, com destaque para o \u2018Boizinho Manaus\u2019 no Dia das Crian\u00e7as"},"content":{"rendered":"\n<p>A Prefeitura de Manaus, por meio da Funda\u00e7\u00e3o Municipal de Cultura, Turismo e Eventos (ManausCult), inicia, nesta quarta-feira, 8\/10, a programa\u00e7\u00e3o oficial do \u201cBoi Manaus 2025\u201d, um dos eventos mais aguardados do calend\u00e1rio cultural da cidade. A abertura ser\u00e1 marcada pela tradicional Feirinha do Tururi, que ocorrer\u00e1 at\u00e9 o pr\u00f3ximo domingo, 12\/10, no estacionamento do mirante L\u00facia Almeida, no centro hist\u00f3rico, reunindo artistas, barracas de comidas t\u00edpicas, artesanato e muito ritmo de boi-bumb\u00e1.<\/p>\n\n\n\n<p>Com entrada gratuita, o espa\u00e7o promete movimentar o cora\u00e7\u00e3o da cidade com uma atmosfera de alegria, tradi\u00e7\u00e3o e identidade amaz\u00f4nica. O evento abre o circuito de celebra\u00e7\u00f5es que antecedem o Boi Manaus, consolidando-se como ponto de encontro entre artistas, brincantes e o p\u00fablico apaixonado pela cultura popular.<\/p>\n\n\n\n<p>O grande destaque desta edi\u00e7\u00e3o ser\u00e1 o \u201cBoizinho Manaus\u201d, que acontecer\u00e1 no dia 12\/10, tamb\u00e9m no mirante L\u00facia Almeida. A novidade foi criada especialmente para celebrar o Dia das Crian\u00e7as, com uma programa\u00e7\u00e3o voltada para o p\u00fablico infantil e as fam\u00edlias, oferecendo um espa\u00e7o l\u00fadico, inclusivo e repleto de encanto. O evento refor\u00e7a o compromisso da prefeitura com a forma\u00e7\u00e3o cultural das novas gera\u00e7\u00f5es, aproximando as crian\u00e7as da tradi\u00e7\u00e3o do boi-bumb\u00e1.<\/p>\n\n\n\n<p>\u201cO \u2018Boizinho Manaus\u2019 \u00e9 um projeto que nos enche de orgulho. \u00c9 uma forma de perpetuar nossa cultura entre as novas gera\u00e7\u00f5es, despertando nelas o amor e o respeito pela tradi\u00e7\u00e3o do boi-bumb\u00e1. O objetivo \u00e9 que as crian\u00e7as cres\u00e7am vivenciando essa festa que \u00e9 s\u00edmbolo da nossa identidade amaz\u00f4nica\u201d, afirmou o diretor-presidente da ManausCult, Jender Lobato.<\/p>\n\n\n\n<p>Ap\u00f3s a Feirinha do Tururi, o p\u00fablico poder\u00e1 curtir o Esquenta do Boi Manaus, de 15 a 19\/10, no estacionamento do centro de conven\u00e7\u00f5es Professor Gilberto Mestrinho, o samb\u00f3dromo, reunindo atra\u00e7\u00f5es locais que manter\u00e3o o ritmo da celebra\u00e7\u00e3o at\u00e9 a chegada dos dias oficiais do evento.<\/p>\n\n\n\n<p>O \u201cBoi Manaus 2025\u201d ser\u00e1 realizado nos dias 24 e 25\/10, no samb\u00f3dromo, e promete uma edi\u00e7\u00e3o hist\u00f3rica. Este ano, a festa contar\u00e1 com a apresenta\u00e7\u00e3o completa dos itens oficiais dos bois Garantido e Caprichoso, de Parintins, que dividir\u00e3o o palco com os seis bois-bumb\u00e1s de Manaus, o Brilhante, Tira Prosa, Corre Campo, Clamor de Um Povo, Galante e Garanh\u00e3o, representando com orgulho o talento, a for\u00e7a e a diversidade da cultura folcl\u00f3rica da capital amazonense.<\/p>\n\n\n\n<p>Com uma programa\u00e7\u00e3o extensa e voltada para todos os p\u00fablicos, o \u201cBoi Manaus 2025\u201d reflete o empenho da prefeitura para a valoriza\u00e7\u00e3o da cultura popular, o fortalecimento da identidade amaz\u00f4nica e a democratiza\u00e7\u00e3o do acesso \u00e0 arte. Mais do que uma festa, o evento \u00e9 um verdadeiro retrato do orgulho manauara e da alegria de celebrar a cidade ao som do boi-bumb\u00e1.<\/p>\n\n\n\n<p>\u201cO Boi Manaus \u00e9 a celebra\u00e7\u00e3o do nosso orgulho em ser manauara. \u00c9 uma festa que une gera\u00e7\u00f5es e mostra ao Brasil a for\u00e7a da nossa cultura. Este ano, a participa\u00e7\u00e3o dos bois de Manaus tem um significado especial, \u00e9 o reconhecimento de quem faz o folclore pulsar o ano inteiro\u201d, finalizou Jender Lobato.<\/p>\n\n\n\n<figure class=\"wp-block-image size-large\"><img loading=\"lazy\" decoding=\"async\" width=\"1024\" height=\"682\" src=\"https:\/\/www.manaus.am.gov.br\/manauscult\/wp-content\/uploads\/sites\/11\/2025\/10\/Boi-Manaus-4-1024x682.jpeg\" alt=\"\" class=\"wp-image-4834\" srcset=\"https:\/\/www.manaus.am.gov.br\/manauscult\/wp-content\/uploads\/sites\/11\/2025\/10\/Boi-Manaus-4-1024x682.jpeg 1024w, https:\/\/www.manaus.am.gov.br\/manauscult\/wp-content\/uploads\/sites\/11\/2025\/10\/Boi-Manaus-4-300x200.jpeg 300w, https:\/\/www.manaus.am.gov.br\/manauscult\/wp-content\/uploads\/sites\/11\/2025\/10\/Boi-Manaus-4-768x512.jpeg 768w, https:\/\/www.manaus.am.gov.br\/manauscult\/wp-content\/uploads\/sites\/11\/2025\/10\/Boi-Manaus-4.jpeg 1536w\" sizes=\"(max-width: 1024px) 100vw, 1024px\" \/><\/figure>\n\n\n\n<p><strong>Confira a programa\u00e7\u00e3o completa:<\/strong><\/p>\n\n\n\n<p><strong>Feirinha do Tururi \u2013 Mirante L\u00facia Almeida<\/strong><\/p>\n\n\n\n<p>8\/10 (quarta-feira) \u2013 Todos os artistas (a partir das 19h)<\/p>\n\n\n\n<p>9\/10 (quinta-feira) \u2013 Paulinho Viana\/Jardel Bentes (19h); Helen Veras\/Bruno Costa (20h); Mara Lima\/Luanita Rangel (21h); Tony Medeiros\/Carlos Batata (22h)<\/p>\n\n\n\n<p>10\/10 (sexta-feira) \u2013 Luciano Ara\u00fajo\/M\u00e1rcia Novo (19h); Edilson Santana\/J\u00fanior Paulain (20h); David Assayag &amp; Batucada do Garantido (21h); Canto da Mata\/Klinger Jr. (22h)<\/p>\n\n\n\n<p>11\/10 (s\u00e1bado) \u2013 Rei Azevedo\/M\u00e1rcio do Boi (19h); M\u00e1rcia Siqueira\/Ianayra \/Julieta C\u00e2mara (20h); Patrick Ara\u00fajo &amp; Marujada de Guerra (21h); Sebasti\u00e3o Jr.\/Carlinhos do Boi (22h)<\/p>\n\n\n\n<p>12\/10 (domingo \u2013 Especial Dia das Crian\u00e7as) \u2013 Arlindo Neto\/Grupo Kaboclos (17h); Leonardo Castelo\/P.A. Chaves (18h); Edmundo Oran &amp; Caetano Medeiros (19h); Israel Paulain &amp; J. Paulo Farias (20h); Prince do Caprichoso\/Fabiano Neves (21h)<\/p>\n\n\n\n<p><strong>Esquenta do Boi Manaus \u2013 Samb\u00f3dromo de Manaus<\/strong><\/p>\n\n\n\n<p>15\/10 (quarta-feira) \u2013 Boi Clamor de Um Povo\/Boi Galante (19h); Nen\u00e9m do Boi\/Felipe Jr. (20h); Robson Jr.\/Alciro Neto (21h); Canto da Mata\/Grupo Kaboclos (22h)<\/p>\n\n\n\n<p>16\/10 (quinta-feira) \u2013 Boi Garanh\u00e3o\/Boi Tira Prosa (19h); Grupo Kuarup\/Banda Kamayur\u00e1 (20h); Arlindo Neto\/Paulinho Viana (21h); Tony Medeiros\/Curumins da Baixa (22h)<\/p>\n\n\n\n<p>17\/10 (sexta-feira) \u2013 Boi Brilhante\/Boi Corre Campo (19h); C\u00e9zar Pinheiro\/Dennis Martins (20h); Grupo A Toada\/Wenderson Rodrigues (21h); Leonardo Castelo\/P.A. Chaves (22h); Edilson Santana\/J\u00fanior Paulain (23h)<\/p>\n\n\n\n<p>18\/10 (s\u00e1bado) \u2013 Patrycky Monteiro\/Wilson Nobre (19h); Mara Lima\/Klinger Jr. (20h); Sebasti\u00e3o Jr.\/M\u00e1rcia Siqueira (21h); Prince do Caprichoso\/Fabiano Neves (22h); David Assayag &amp; Batucada do Garantido (23h)<\/p>\n\n\n\n<p>19\/10 (domingo) \u2013 Toada de Roda\/Adriano Aguiar (19h); Edmundo Oran\/Caetano Medeiros (20h); Israel Paulain\/Jo\u00e3o Paulo Farias (21h); Patrick Ara\u00fajo &amp; Marujada de Guerra (22h)<\/p>\n\n\n\n<p>&#8212; &#8212; &#8212;<\/p>\n\n\n\n<p><strong>Texto &#8211;<\/strong> J\u00e9ssica Trajano\/ManausCult<\/p>\n\n\n\n<p><strong>Fotos \u2013 <\/strong>Arquivo\/Semcom<\/p>\n","protected":false},"excerpt":{"rendered":"","protected":false},"author":39,"featured_media":4833,"comment_status":"closed","ping_status":"closed","sticky":false,"template":"","format":"standard","meta":{"footnotes":""},"categories":[3],"tags":[1737,1738,9,11,1180],"acf":[],"yoast_head":"<!-- This site is optimized with the Yoast SEO plugin v23.0 - https:\/\/yoast.com\/wordpress\/plugins\/seo\/ -->\n<title>Prefeitura inicia programa\u00e7\u00e3o oficial do \u2018Boi Manaus 2025<\/title>\n<meta name=\"description\" content=\"Prefeitura inicia programa\u00e7\u00e3o oficial do \u2018Boi Manaus 2025\u2019 nesta quarta-feira, 8\/10, com destaque para o \u2018Boizinho Manaus\u2019 no Dia das Crian\u00e7as.\" \/>\n<meta name=\"robots\" content=\"noindex, follow\" \/>\n<meta property=\"og:locale\" content=\"pt_BR\" \/>\n<meta property=\"og:type\" content=\"article\" \/>\n<meta property=\"og:title\" content=\"Prefeitura inicia programa\u00e7\u00e3o oficial do \u2018Boi Manaus 2025\" \/>\n<meta property=\"og:description\" content=\"Prefeitura inicia programa\u00e7\u00e3o oficial do \u2018Boi Manaus 2025\u2019 nesta quarta-feira, 8\/10, com destaque para o \u2018Boizinho Manaus\u2019 no Dia das Crian\u00e7as.\" \/>\n<meta property=\"og:url\" content=\"https:\/\/www.manaus.am.gov.br\/manauscult\/programacao-oficial-boi-manaus-2025\/\" \/>\n<meta property=\"og:site_name\" content=\"MANAUSCULT\" \/>\n<meta property=\"article:published_time\" content=\"2025-10-06T16:06:33+00:00\" \/>\n<meta property=\"og:image\" content=\"https:\/\/www.manaus.am.gov.br\/manauscult\/wp-content\/uploads\/sites\/11\/2025\/10\/Boi-Manaus-1.jpeg\" \/>\n\t<meta property=\"og:image:width\" content=\"1536\" \/>\n\t<meta property=\"og:image:height\" content=\"1024\" \/>\n\t<meta property=\"og:image:type\" content=\"image\/jpeg\" \/>\n<meta name=\"author\" content=\"Bruna Greco\" \/>\n<meta name=\"twitter:card\" content=\"summary_large_image\" \/>\n<meta name=\"twitter:label1\" content=\"Written by\" \/>\n\t<meta name=\"twitter:data1\" content=\"Bruna Greco\" \/>\n\t<meta name=\"twitter:label2\" content=\"Est. reading time\" \/>\n\t<meta name=\"twitter:data2\" content=\"5 minutos\" \/>\n<script type=\"application\/ld+json\" class=\"yoast-schema-graph\">{\"@context\":\"https:\/\/schema.org\",\"@graph\":[{\"@type\":\"WebPage\",\"@id\":\"https:\/\/www.manaus.am.gov.br\/manauscult\/programacao-oficial-boi-manaus-2025\/\",\"url\":\"https:\/\/www.manaus.am.gov.br\/manauscult\/programacao-oficial-boi-manaus-2025\/\",\"name\":\"Prefeitura inicia programa\u00e7\u00e3o oficial do \u2018Boi Manaus 2025\",\"isPartOf\":{\"@id\":\"https:\/\/www.manaus.am.gov.br\/manauscult\/#website\"},\"primaryImageOfPage\":{\"@id\":\"https:\/\/www.manaus.am.gov.br\/manauscult\/programacao-oficial-boi-manaus-2025\/#primaryimage\"},\"image\":{\"@id\":\"https:\/\/www.manaus.am.gov.br\/manauscult\/programacao-oficial-boi-manaus-2025\/#primaryimage\"},\"thumbnailUrl\":\"https:\/\/www.manaus.am.gov.br\/manauscult\/wp-content\/uploads\/sites\/11\/2025\/10\/Boi-Manaus-1.jpeg\",\"datePublished\":\"2025-10-06T16:06:33+00:00\",\"dateModified\":\"2025-10-06T16:06:33+00:00\",\"author\":{\"@id\":\"https:\/\/www.manaus.am.gov.br\/manauscult\/#\/schema\/person\/05d223aea2bf115f9883a6ff3683d81b\"},\"description\":\"Prefeitura inicia programa\u00e7\u00e3o oficial do \u2018Boi Manaus 2025\u2019 nesta quarta-feira, 8\/10, com destaque para o \u2018Boizinho Manaus\u2019 no Dia das Crian\u00e7as.\",\"breadcrumb\":{\"@id\":\"https:\/\/www.manaus.am.gov.br\/manauscult\/programacao-oficial-boi-manaus-2025\/#breadcrumb\"},\"inLanguage\":\"pt-BR\",\"potentialAction\":[{\"@type\":\"ReadAction\",\"target\":[\"https:\/\/www.manaus.am.gov.br\/manauscult\/programacao-oficial-boi-manaus-2025\/\"]}]},{\"@type\":\"ImageObject\",\"inLanguage\":\"pt-BR\",\"@id\":\"https:\/\/www.manaus.am.gov.br\/manauscult\/programacao-oficial-boi-manaus-2025\/#primaryimage\",\"url\":\"https:\/\/www.manaus.am.gov.br\/manauscult\/wp-content\/uploads\/sites\/11\/2025\/10\/Boi-Manaus-1.jpeg\",\"contentUrl\":\"https:\/\/www.manaus.am.gov.br\/manauscult\/wp-content\/uploads\/sites\/11\/2025\/10\/Boi-Manaus-1.jpeg\",\"width\":1536,\"height\":1024,\"caption\":\"#paratodosverem - P\u00fablico prestigiando programa\u00e7\u00e3o do \\\"Boi Manaus\\\"\"},{\"@type\":\"BreadcrumbList\",\"@id\":\"https:\/\/www.manaus.am.gov.br\/manauscult\/programacao-oficial-boi-manaus-2025\/#breadcrumb\",\"itemListElement\":[{\"@type\":\"ListItem\",\"position\":1,\"name\":\"Home\",\"item\":\"https:\/\/www.manaus.am.gov.br\/manauscult\/\"},{\"@type\":\"ListItem\",\"position\":2,\"name\":\"Prefeitura inicia programa\u00e7\u00e3o oficial do \u2018Boi Manaus 2025\u2019 nesta quarta-feira, 8\/10, com destaque para o \u2018Boizinho Manaus\u2019 no Dia das Crian\u00e7as\"}]},{\"@type\":\"WebSite\",\"@id\":\"https:\/\/www.manaus.am.gov.br\/manauscult\/#website\",\"url\":\"https:\/\/www.manaus.am.gov.br\/manauscult\/\",\"name\":\"MANAUSCULT\",\"description\":\"Prefeitura de Manaus\",\"potentialAction\":[{\"@type\":\"SearchAction\",\"target\":{\"@type\":\"EntryPoint\",\"urlTemplate\":\"https:\/\/www.manaus.am.gov.br\/manauscult\/?s={search_term_string}\"},\"query-input\":\"required name=search_term_string\"}],\"inLanguage\":\"pt-BR\"},{\"@type\":\"Person\",\"@id\":\"https:\/\/www.manaus.am.gov.br\/manauscult\/#\/schema\/person\/05d223aea2bf115f9883a6ff3683d81b\",\"name\":\"Bruna Greco\",\"image\":{\"@type\":\"ImageObject\",\"inLanguage\":\"pt-BR\",\"@id\":\"https:\/\/www.manaus.am.gov.br\/manauscult\/#\/schema\/person\/image\/\",\"url\":\"https:\/\/secure.gravatar.com\/avatar\/9c877d1a6adc2a055330e5c09a8653ce?s=96&d=mm&r=g\",\"contentUrl\":\"https:\/\/secure.gravatar.com\/avatar\/9c877d1a6adc2a055330e5c09a8653ce?s=96&d=mm&r=g\",\"caption\":\"Bruna Greco\"}}]}<\/script>\n<!-- \/ Yoast SEO plugin. -->","yoast_head_json":{"title":"Prefeitura inicia programa\u00e7\u00e3o oficial do \u2018Boi Manaus 2025","description":"Prefeitura inicia programa\u00e7\u00e3o oficial do \u2018Boi Manaus 2025\u2019 nesta quarta-feira, 8\/10, com destaque para o \u2018Boizinho Manaus\u2019 no Dia das Crian\u00e7as.","robots":{"index":"noindex","follow":"follow"},"og_locale":"pt_BR","og_type":"article","og_title":"Prefeitura inicia programa\u00e7\u00e3o oficial do \u2018Boi Manaus 2025","og_description":"Prefeitura inicia programa\u00e7\u00e3o oficial do \u2018Boi Manaus 2025\u2019 nesta quarta-feira, 8\/10, com destaque para o \u2018Boizinho Manaus\u2019 no Dia das Crian\u00e7as.","og_url":"https:\/\/www.manaus.am.gov.br\/manauscult\/programacao-oficial-boi-manaus-2025\/","og_site_name":"MANAUSCULT","article_published_time":"2025-10-06T16:06:33+00:00","og_image":[{"width":1536,"height":1024,"url":"https:\/\/www.manaus.am.gov.br\/manauscult\/wp-content\/uploads\/sites\/11\/2025\/10\/Boi-Manaus-1.jpeg","type":"image\/jpeg"}],"author":"Bruna Greco","twitter_card":"summary_large_image","twitter_misc":{"Written by":"Bruna Greco","Est. reading time":"5 minutos"},"schema":{"@context":"https:\/\/schema.org","@graph":[{"@type":"WebPage","@id":"https:\/\/www.manaus.am.gov.br\/manauscult\/programacao-oficial-boi-manaus-2025\/","url":"https:\/\/www.manaus.am.gov.br\/manauscult\/programacao-oficial-boi-manaus-2025\/","name":"Prefeitura inicia programa\u00e7\u00e3o oficial do \u2018Boi Manaus 2025","isPartOf":{"@id":"https:\/\/www.manaus.am.gov.br\/manauscult\/#website"},"primaryImageOfPage":{"@id":"https:\/\/www.manaus.am.gov.br\/manauscult\/programacao-oficial-boi-manaus-2025\/#primaryimage"},"image":{"@id":"https:\/\/www.manaus.am.gov.br\/manauscult\/programacao-oficial-boi-manaus-2025\/#primaryimage"},"thumbnailUrl":"https:\/\/www.manaus.am.gov.br\/manauscult\/wp-content\/uploads\/sites\/11\/2025\/10\/Boi-Manaus-1.jpeg","datePublished":"2025-10-06T16:06:33+00:00","dateModified":"2025-10-06T16:06:33+00:00","author":{"@id":"https:\/\/www.manaus.am.gov.br\/manauscult\/#\/schema\/person\/05d223aea2bf115f9883a6ff3683d81b"},"description":"Prefeitura inicia programa\u00e7\u00e3o oficial do \u2018Boi Manaus 2025\u2019 nesta quarta-feira, 8\/10, com destaque para o \u2018Boizinho Manaus\u2019 no Dia das Crian\u00e7as.","breadcrumb":{"@id":"https:\/\/www.manaus.am.gov.br\/manauscult\/programacao-oficial-boi-manaus-2025\/#breadcrumb"},"inLanguage":"pt-BR","potentialAction":[{"@type":"ReadAction","target":["https:\/\/www.manaus.am.gov.br\/manauscult\/programacao-oficial-boi-manaus-2025\/"]}]},{"@type":"ImageObject","inLanguage":"pt-BR","@id":"https:\/\/www.manaus.am.gov.br\/manauscult\/programacao-oficial-boi-manaus-2025\/#primaryimage","url":"https:\/\/www.manaus.am.gov.br\/manauscult\/wp-content\/uploads\/sites\/11\/2025\/10\/Boi-Manaus-1.jpeg","contentUrl":"https:\/\/www.manaus.am.gov.br\/manauscult\/wp-content\/uploads\/sites\/11\/2025\/10\/Boi-Manaus-1.jpeg","width":1536,"height":1024,"caption":"#paratodosverem - P\u00fablico prestigiando programa\u00e7\u00e3o do \"Boi Manaus\""},{"@type":"BreadcrumbList","@id":"https:\/\/www.manaus.am.gov.br\/manauscult\/programacao-oficial-boi-manaus-2025\/#breadcrumb","itemListElement":[{"@type":"ListItem","position":1,"name":"Home","item":"https:\/\/www.manaus.am.gov.br\/manauscult\/"},{"@type":"ListItem","position":2,"name":"Prefeitura inicia programa\u00e7\u00e3o oficial do \u2018Boi Manaus 2025\u2019 nesta quarta-feira, 8\/10, com destaque para o \u2018Boizinho Manaus\u2019 no Dia das Crian\u00e7as"}]},{"@type":"WebSite","@id":"https:\/\/www.manaus.am.gov.br\/manauscult\/#website","url":"https:\/\/www.manaus.am.gov.br\/manauscult\/","name":"MANAUSCULT","description":"Prefeitura de Manaus","potentialAction":[{"@type":"SearchAction","target":{"@type":"EntryPoint","urlTemplate":"https:\/\/www.manaus.am.gov.br\/manauscult\/?s={search_term_string}"},"query-input":"required name=search_term_string"}],"inLanguage":"pt-BR"},{"@type":"Person","@id":"https:\/\/www.manaus.am.gov.br\/manauscult\/#\/schema\/person\/05d223aea2bf115f9883a6ff3683d81b","name":"Bruna Greco","image":{"@type":"ImageObject","inLanguage":"pt-BR","@id":"https:\/\/www.manaus.am.gov.br\/manauscult\/#\/schema\/person\/image\/","url":"https:\/\/secure.gravatar.com\/avatar\/9c877d1a6adc2a055330e5c09a8653ce?s=96&d=mm&r=g","contentUrl":"https:\/\/secure.gravatar.com\/avatar\/9c877d1a6adc2a055330e5c09a8653ce?s=96&d=mm&r=g","caption":"Bruna Greco"}}]}},"_links":{"self":[{"href":"https:\/\/www.manaus.am.gov.br\/manauscult\/wp-json\/wp\/v2\/posts\/4832"}],"collection":[{"href":"https:\/\/www.manaus.am.gov.br\/manauscult\/wp-json\/wp\/v2\/posts"}],"about":[{"href":"https:\/\/www.manaus.am.gov.br\/manauscult\/wp-json\/wp\/v2\/types\/post"}],"author":[{"embeddable":true,"href":"https:\/\/www.manaus.am.gov.br\/manauscult\/wp-json\/wp\/v2\/users\/39"}],"replies":[{"embeddable":true,"href":"https:\/\/www.manaus.am.gov.br\/manauscult\/wp-json\/wp\/v2\/comments?post=4832"}],"version-history":[{"count":1,"href":"https:\/\/www.manaus.am.gov.br\/manauscult\/wp-json\/wp\/v2\/posts\/4832\/revisions"}],"predecessor-version":[{"id":4835,"href":"https:\/\/www.manaus.am.gov.br\/manauscult\/wp-json\/wp\/v2\/posts\/4832\/revisions\/4835"}],"wp:featuredmedia":[{"embeddable":true,"href":"https:\/\/www.manaus.am.gov.br\/manauscult\/wp-json\/wp\/v2\/media\/4833"}],"wp:attachment":[{"href":"https:\/\/www.manaus.am.gov.br\/manauscult\/wp-json\/wp\/v2\/media?parent=4832"}],"wp:term":[{"taxonomy":"category","embeddable":true,"href":"https:\/\/www.manaus.am.gov.br\/manauscult\/wp-json\/wp\/v2\/categories?post=4832"},{"taxonomy":"post_tag","embeddable":true,"href":"https:\/\/www.manaus.am.gov.br\/manauscult\/wp-json\/wp\/v2\/tags?post=4832"}],"curies":[{"name":"wp","href":"https:\/\/api.w.org\/{rel}","templated":true}]}}