{"id":4811,"date":"2025-09-22T13:24:57","date_gmt":"2025-09-22T17:24:57","guid":{"rendered":"https:\/\/www.manaus.am.gov.br\/manauscult\/prefeitura-manauscult-primaverademuseus\/"},"modified":"2025-09-25T09:30:58","modified_gmt":"2025-09-25T13:30:58","slug":"prefeitura-manauscult-primaverademuseus","status":"publish","type":"post","link":"https:\/\/www.manaus.am.gov.br\/manauscult\/prefeitura-manauscult-primaverademuseus\/","title":{"rendered":"\u2018Primavera dos Museus\u2019 inicia em Manaus com debate sobre mudan\u00e7as clim\u00e1ticas e cotidiano amaz\u00f4nico"},"content":{"rendered":"\n<p>A Prefeitura de Manaus, por meio da Funda\u00e7\u00e3o Municipal de Cultura, Turismo e Eventos (ManausCult), abriu, nesta segunda-feira, 22\/9, a programa\u00e7\u00e3o da 19\u00aa \u201cPrimavera dos Museus\u201d, que segue at\u00e9 26 de setembro com o tema \u201cMuseus e Mudan\u00e7as Clim\u00e1ticas\u201d.<\/p>\n\n\n\n<p>Para o diretor-presidente da ManausCult, Jender Lobato, o evento reafirma Manaus como centro cultural e espa\u00e7o de reflex\u00e3o sobre temas urgentes.&nbsp;\u201cA Amaz\u00f4nia \u00e9 o cora\u00e7\u00e3o do planeta, e nossos museus s\u00e3o espa\u00e7os vivos, de mem\u00f3ria e de transforma\u00e7\u00e3o. A \u2018Primavera dos Museus\u2019 nos permite unir ci\u00eancia, educa\u00e7\u00e3o e arte em um di\u00e1logo necess\u00e1rio sobre as mudan\u00e7as clim\u00e1ticas, que n\u00e3o s\u00e3o apenas um problema global, mas fazem parte do cotidiano de quem vive aqui na Amaz\u00f4nia\u201d, destacou Lobato.<\/p>\n\n\n\n<p>Realizado nacionalmente pelo Instituto Brasileiro de Museus (Ibram), o evento re\u00fane em Manaus uma ampla programa\u00e7\u00e3o em diferentes espa\u00e7os culturais da cidade, como o Museu da Cidade de Manaus, a biblioteca municipal Jo\u00e3o Evangelista e o Centro Cultural \u00d3scar Ramos. Est\u00e3o previstas rodas de conversa, exposi\u00e7\u00f5es interativas, palestras, lan\u00e7amentos liter\u00e1rios, apresenta\u00e7\u00f5es art\u00edsticas e at\u00e9 desfiles de moda inspirados no clima amaz\u00f4nico.<\/p>\n\n\n\n<p>Roda de conversa<\/p>\n\n\n\n<p>A abertura aconteceu na manh\u00e3 desta segunda-feira, no Museu da Cidade de Manaus, com a roda de conversa \u201cMudan\u00e7as Clim\u00e1ticas: Arte, Ci\u00eancia e Educa\u00e7\u00f5es nas Amaz\u00f4nias\u201d, organizada pelo coletivo Vidar IN-Tens\u00f5es, grupo de estudo e pesquisa vinculado ao Programa de P\u00f3s-Gradua\u00e7\u00e3o em Ensino de Ci\u00eancias, da Universidade do Estado do Amazonas (UEA).<\/p>\n\n\n\n<p>A media\u00e7\u00e3o foi conduzida pela professora M\u00f4nica de Oliveira Costa (UEA), que ressaltou a necessidade de repensar o modo de vida consumista que pressiona a natureza. \u201cAs mudan\u00e7as clim\u00e1ticas est\u00e3o ligadas \u00e0 nossa forma de viver, marcada por uma vis\u00e3o antropoc\u00eantrica em que tudo \u00e9 colocado a servi\u00e7o do ser humano. Nossas pesquisas buscam alternativas, integrando humanos, n\u00e3o humanos e mais que humanos, para construir modos de exist\u00eancia mais conectados e menos predat\u00f3rios\u201d, explicou a professora.<\/p>\n\n\n\n<p>O encontro contou com a presen\u00e7a de estudantes da gradua\u00e7\u00e3o, mestrado e doutorado, al\u00e9m de professores da rede b\u00e1sica. Para o mestrando em Ensino de Ci\u00eancias, Lucas Ferreira, a experi\u00eancia foi inspiradora. \u201cVer a arte dialogando com a ci\u00eancia e trazendo reflex\u00f5es sobre o clima da Amaz\u00f4nia \u00e9 algo que mexe com a gente. N\u00e3o \u00e9 uma discuss\u00e3o distante, \u00e9 sobre o nosso dia a dia e como nossas escolhas afetam o futuro\u201d, afirmou o estudante.<\/p>\n\n\n\n<p>Arte e cotidiano amaz\u00f4nico<\/p>\n\n\n\n<p>As discuss\u00f5es foram acompanhadas de produ\u00e7\u00f5es art\u00edsticas do coletivo, como cartilhas e pinturas digitais que convidam o p\u00fablico a imaginar novas formas de rela\u00e7\u00e3o com a natureza. Um exemplo \u00e9 o verbo \u201ctrepadeirizar\u201d, inspirado nas trepadeiras, que prop\u00f5e pensar a conviv\u00eancia e a integra\u00e7\u00e3o com o meio ambiente.<\/p>\n\n\n\n<p>Para a professora M\u00f4nica, essa jun\u00e7\u00e3o entre museu, arte e educa\u00e7\u00e3o \u00e9 essencial.<\/p>\n\n\n\n<p>\u201cFalar de mudan\u00e7as clim\u00e1ticas pode parecer algo abstrato, mas na Amaz\u00f4nia isso faz parte da vida cotidiana. A arte tem a pot\u00eancia de sensibilizar e alcan\u00e7ar p\u00fablicos que talvez n\u00e3o chegassem por outros caminhos\u201d, disse.<\/p>\n\n\n\n<p>Programa\u00e7\u00e3o<\/p>\n\n\n\n<p>A semana segue com uma programa\u00e7\u00e3o diversificada. Ainda nesta segunda-feira,&nbsp;a biblioteca&nbsp;municipal apresenta a exposi\u00e7\u00e3o \u201cImpactos Ambientais, Preserva\u00e7\u00e3o e Educa\u00e7\u00e3o: Projeto Acessibilidade sobre as \u00c1guas\u201d, idealizada pelo professor Albert de Souza Nunes, que trar\u00e1 reflex\u00f5es sobre inclus\u00e3o e mudan\u00e7as clim\u00e1ticas, especialmente no contexto ribeirinho.<\/p>\n\n\n\n<p>Na ter\u00e7a-feira, 23\/9, a \u201cPrimavera dos Museus\u201d ter\u00e1 palestra e sarau \u201cMuseus e Mudan\u00e7as Clim\u00e1ticas \u2013 Cultura Ambiental no Mundo das Artes\u201d, com os artistas Paulo Sadi e Bosquinho Poeta, no Centro Cultural \u00d3scar Ramos.<\/p>\n\n\n\n<p>J\u00e1 na quarta-feira, 24\/9, est\u00e1 programada a exposi\u00e7\u00e3o-instala\u00e7\u00e3o \u201cMudan\u00e7as Clim\u00e1ticas em Mosaicos\u201d, com o grupo CienciArte da UEA, no Museu da Cidade de Manaus.<\/p>\n\n\n\n<p>A programa\u00e7\u00e3o continua na quinta-feira, 25\/9, com o&nbsp; evento \u201cVidar em Festa\u201d, com lan\u00e7amentos de obras liter\u00e1rias e document\u00e1rio no Museu da Cidade.<\/p>\n\n\n\n<p>Para o \u00faltimo dia de evento, na sexta-feira, 26\/9, ter\u00e1 a palestra \u201cAcessibilidade sobre as \u00c1guas \u2013 Cultura Ribeirinha, Hist\u00f3ria e Inclus\u00e3o\u201d, na biblioteca municipal Jo\u00e3o Evangelista, e desfile \u201cEstilo que Conecta Clima e Cultura\u201d, no Museu da Cidade de Manaus.<\/p>\n\n\n\n<p>A 19\u00aa \u201cPrimavera dos Museus\u201d \u00e9 gratuita e aberta ao p\u00fablico. A programa\u00e7\u00e3o completa est\u00e1 dispon\u00edvel no site&nbsp;<a href=\"http:\/\/visite.museus.gov.br\/primavera-dos-museus\" target=\"_blank\" rel=\"noreferrer noopener\">visite.museus.gov.br\/primavera-dos-museus<\/a>.<\/p>\n\n\n\n<p>&#8212; &#8212; &#8212;<\/p>\n\n\n\n<p><strong>Texto <\/strong>&#8211; J\u00e9ssica Trajano\/ManausCult<\/p>\n\n\n\n<p><strong>Fotos <\/strong>\u2013 Divulga\u00e7\u00e3o\/ManausCult<\/p>\n","protected":false},"excerpt":{"rendered":"","protected":false},"author":23,"featured_media":4812,"comment_status":"closed","ping_status":"closed","sticky":false,"template":"","format":"standard","meta":{"footnotes":""},"categories":[3],"tags":[334,9,1726,11,1721,61],"acf":[],"yoast_head":"<!-- This site is optimized with the Yoast SEO plugin v23.0 - https:\/\/yoast.com\/wordpress\/plugins\/seo\/ -->\n<title>\u2018Primavera dos Museus\u2019 inicia em Manaus com debate sobre mudan\u00e7as clim\u00e1ticas e cotidiano amaz\u00f4nico<\/title>\n<meta name=\"description\" content=\"A Prefeitura de Manaus, por meio da Funda\u00e7\u00e3o Municipal de Cultura, Turismo e Eventos (ManausCult), abriu, nesta segunda-feira, 22\/9, a programa\u00e7\u00e3o da 19\u00aa \u201cPrimavera dos Museus\u201d, que segue at\u00e9 26 de setembro com o tema \u201cMuseus e Mudan\u00e7as Clim\u00e1ticas\u201d.\" \/>\n<meta name=\"robots\" content=\"noindex, follow\" \/>\n<meta property=\"og:locale\" content=\"pt_BR\" \/>\n<meta property=\"og:type\" content=\"article\" \/>\n<meta property=\"og:title\" content=\"\u2018Primavera dos Museus\u2019 inicia em Manaus com debate sobre mudan\u00e7as clim\u00e1ticas e cotidiano amaz\u00f4nico\" \/>\n<meta property=\"og:description\" content=\"A Prefeitura de Manaus, por meio da Funda\u00e7\u00e3o Municipal de Cultura, Turismo e Eventos (ManausCult), abriu, nesta segunda-feira, 22\/9, a programa\u00e7\u00e3o da 19\u00aa \u201cPrimavera dos Museus\u201d, que segue at\u00e9 26 de setembro com o tema \u201cMuseus e Mudan\u00e7as Clim\u00e1ticas\u201d.\" \/>\n<meta property=\"og:url\" content=\"https:\/\/www.manaus.am.gov.br\/manauscult\/prefeitura-manauscult-primaverademuseus\/\" \/>\n<meta property=\"og:site_name\" content=\"MANAUSCULT\" \/>\n<meta property=\"article:published_time\" content=\"2025-09-22T17:24:57+00:00\" \/>\n<meta property=\"article:modified_time\" content=\"2025-09-25T13:30:58+00:00\" \/>\n<meta property=\"og:image\" content=\"https:\/\/www.manaus.am.gov.br\/manauscult\/wp-content\/uploads\/sites\/11\/2025\/09\/WhatsApp-Image-2025-09-22-at-12.42.56.jpeg\" \/>\n\t<meta property=\"og:image:width\" content=\"1600\" \/>\n\t<meta property=\"og:image:height\" content=\"1200\" \/>\n\t<meta property=\"og:image:type\" content=\"image\/jpeg\" \/>\n<meta name=\"author\" content=\"Adriana Costa\" \/>\n<meta name=\"twitter:card\" content=\"summary_large_image\" \/>\n<meta name=\"twitter:label1\" content=\"Written by\" \/>\n\t<meta name=\"twitter:data1\" content=\"Adriana Costa\" \/>\n\t<meta name=\"twitter:label2\" content=\"Est. reading time\" \/>\n\t<meta name=\"twitter:data2\" content=\"4 minutos\" \/>\n<script type=\"application\/ld+json\" class=\"yoast-schema-graph\">{\"@context\":\"https:\/\/schema.org\",\"@graph\":[{\"@type\":\"WebPage\",\"@id\":\"https:\/\/www.manaus.am.gov.br\/manauscult\/prefeitura-manauscult-primaverademuseus\/\",\"url\":\"https:\/\/www.manaus.am.gov.br\/manauscult\/prefeitura-manauscult-primaverademuseus\/\",\"name\":\"\u2018Primavera dos Museus\u2019 inicia em Manaus com debate sobre mudan\u00e7as clim\u00e1ticas e cotidiano amaz\u00f4nico\",\"isPartOf\":{\"@id\":\"https:\/\/www.manaus.am.gov.br\/manauscult\/#website\"},\"primaryImageOfPage\":{\"@id\":\"https:\/\/www.manaus.am.gov.br\/manauscult\/prefeitura-manauscult-primaverademuseus\/#primaryimage\"},\"image\":{\"@id\":\"https:\/\/www.manaus.am.gov.br\/manauscult\/prefeitura-manauscult-primaverademuseus\/#primaryimage\"},\"thumbnailUrl\":\"https:\/\/www.manaus.am.gov.br\/manauscult\/wp-content\/uploads\/sites\/11\/2025\/09\/WhatsApp-Image-2025-09-22-at-12.42.56.jpeg\",\"datePublished\":\"2025-09-22T17:24:57+00:00\",\"dateModified\":\"2025-09-25T13:30:58+00:00\",\"author\":{\"@id\":\"https:\/\/www.manaus.am.gov.br\/manauscult\/#\/schema\/person\/4e49f4e267757a06ca072ec61b2b9968\"},\"description\":\"A Prefeitura de Manaus, por meio da Funda\u00e7\u00e3o Municipal de Cultura, Turismo e Eventos (ManausCult), abriu, nesta segunda-feira, 22\/9, a programa\u00e7\u00e3o da 19\u00aa \u201cPrimavera dos Museus\u201d, que segue at\u00e9 26 de setembro com o tema \u201cMuseus e Mudan\u00e7as Clim\u00e1ticas\u201d.\",\"breadcrumb\":{\"@id\":\"https:\/\/www.manaus.am.gov.br\/manauscult\/prefeitura-manauscult-primaverademuseus\/#breadcrumb\"},\"inLanguage\":\"pt-BR\",\"potentialAction\":[{\"@type\":\"ReadAction\",\"target\":[\"https:\/\/www.manaus.am.gov.br\/manauscult\/prefeitura-manauscult-primaverademuseus\/\"]}]},{\"@type\":\"ImageObject\",\"inLanguage\":\"pt-BR\",\"@id\":\"https:\/\/www.manaus.am.gov.br\/manauscult\/prefeitura-manauscult-primaverademuseus\/#primaryimage\",\"url\":\"https:\/\/www.manaus.am.gov.br\/manauscult\/wp-content\/uploads\/sites\/11\/2025\/09\/WhatsApp-Image-2025-09-22-at-12.42.56.jpeg\",\"contentUrl\":\"https:\/\/www.manaus.am.gov.br\/manauscult\/wp-content\/uploads\/sites\/11\/2025\/09\/WhatsApp-Image-2025-09-22-at-12.42.56.jpeg\",\"width\":1600,\"height\":1200},{\"@type\":\"BreadcrumbList\",\"@id\":\"https:\/\/www.manaus.am.gov.br\/manauscult\/prefeitura-manauscult-primaverademuseus\/#breadcrumb\",\"itemListElement\":[{\"@type\":\"ListItem\",\"position\":1,\"name\":\"Home\",\"item\":\"https:\/\/www.manaus.am.gov.br\/manauscult\/\"},{\"@type\":\"ListItem\",\"position\":2,\"name\":\"\u2018Primavera dos Museus\u2019 inicia em Manaus com debate sobre mudan\u00e7as clim\u00e1ticas e cotidiano amaz\u00f4nico\"}]},{\"@type\":\"WebSite\",\"@id\":\"https:\/\/www.manaus.am.gov.br\/manauscult\/#website\",\"url\":\"https:\/\/www.manaus.am.gov.br\/manauscult\/\",\"name\":\"MANAUSCULT\",\"description\":\"Prefeitura de Manaus\",\"potentialAction\":[{\"@type\":\"SearchAction\",\"target\":{\"@type\":\"EntryPoint\",\"urlTemplate\":\"https:\/\/www.manaus.am.gov.br\/manauscult\/?s={search_term_string}\"},\"query-input\":\"required name=search_term_string\"}],\"inLanguage\":\"pt-BR\"},{\"@type\":\"Person\",\"@id\":\"https:\/\/www.manaus.am.gov.br\/manauscult\/#\/schema\/person\/4e49f4e267757a06ca072ec61b2b9968\",\"name\":\"Adriana Costa\",\"image\":{\"@type\":\"ImageObject\",\"inLanguage\":\"pt-BR\",\"@id\":\"https:\/\/www.manaus.am.gov.br\/manauscult\/#\/schema\/person\/image\/\",\"url\":\"https:\/\/secure.gravatar.com\/avatar\/576258617ef7194f718179e766d57bd4?s=96&d=mm&r=g\",\"contentUrl\":\"https:\/\/secure.gravatar.com\/avatar\/576258617ef7194f718179e766d57bd4?s=96&d=mm&r=g\",\"caption\":\"Adriana Costa\"}}]}<\/script>\n<!-- \/ Yoast SEO plugin. -->","yoast_head_json":{"title":"\u2018Primavera dos Museus\u2019 inicia em Manaus com debate sobre mudan\u00e7as clim\u00e1ticas e cotidiano amaz\u00f4nico","description":"A Prefeitura de Manaus, por meio da Funda\u00e7\u00e3o Municipal de Cultura, Turismo e Eventos (ManausCult), abriu, nesta segunda-feira, 22\/9, a programa\u00e7\u00e3o da 19\u00aa \u201cPrimavera dos Museus\u201d, que segue at\u00e9 26 de setembro com o tema \u201cMuseus e Mudan\u00e7as Clim\u00e1ticas\u201d.","robots":{"index":"noindex","follow":"follow"},"og_locale":"pt_BR","og_type":"article","og_title":"\u2018Primavera dos Museus\u2019 inicia em Manaus com debate sobre mudan\u00e7as clim\u00e1ticas e cotidiano amaz\u00f4nico","og_description":"A Prefeitura de Manaus, por meio da Funda\u00e7\u00e3o Municipal de Cultura, Turismo e Eventos (ManausCult), abriu, nesta segunda-feira, 22\/9, a programa\u00e7\u00e3o da 19\u00aa \u201cPrimavera dos Museus\u201d, que segue at\u00e9 26 de setembro com o tema \u201cMuseus e Mudan\u00e7as Clim\u00e1ticas\u201d.","og_url":"https:\/\/www.manaus.am.gov.br\/manauscult\/prefeitura-manauscult-primaverademuseus\/","og_site_name":"MANAUSCULT","article_published_time":"2025-09-22T17:24:57+00:00","article_modified_time":"2025-09-25T13:30:58+00:00","og_image":[{"width":1600,"height":1200,"url":"https:\/\/www.manaus.am.gov.br\/manauscult\/wp-content\/uploads\/sites\/11\/2025\/09\/WhatsApp-Image-2025-09-22-at-12.42.56.jpeg","type":"image\/jpeg"}],"author":"Adriana Costa","twitter_card":"summary_large_image","twitter_misc":{"Written by":"Adriana Costa","Est. reading time":"4 minutos"},"schema":{"@context":"https:\/\/schema.org","@graph":[{"@type":"WebPage","@id":"https:\/\/www.manaus.am.gov.br\/manauscult\/prefeitura-manauscult-primaverademuseus\/","url":"https:\/\/www.manaus.am.gov.br\/manauscult\/prefeitura-manauscult-primaverademuseus\/","name":"\u2018Primavera dos Museus\u2019 inicia em Manaus com debate sobre mudan\u00e7as clim\u00e1ticas e cotidiano amaz\u00f4nico","isPartOf":{"@id":"https:\/\/www.manaus.am.gov.br\/manauscult\/#website"},"primaryImageOfPage":{"@id":"https:\/\/www.manaus.am.gov.br\/manauscult\/prefeitura-manauscult-primaverademuseus\/#primaryimage"},"image":{"@id":"https:\/\/www.manaus.am.gov.br\/manauscult\/prefeitura-manauscult-primaverademuseus\/#primaryimage"},"thumbnailUrl":"https:\/\/www.manaus.am.gov.br\/manauscult\/wp-content\/uploads\/sites\/11\/2025\/09\/WhatsApp-Image-2025-09-22-at-12.42.56.jpeg","datePublished":"2025-09-22T17:24:57+00:00","dateModified":"2025-09-25T13:30:58+00:00","author":{"@id":"https:\/\/www.manaus.am.gov.br\/manauscult\/#\/schema\/person\/4e49f4e267757a06ca072ec61b2b9968"},"description":"A Prefeitura de Manaus, por meio da Funda\u00e7\u00e3o Municipal de Cultura, Turismo e Eventos (ManausCult), abriu, nesta segunda-feira, 22\/9, a programa\u00e7\u00e3o da 19\u00aa \u201cPrimavera dos Museus\u201d, que segue at\u00e9 26 de setembro com o tema \u201cMuseus e Mudan\u00e7as Clim\u00e1ticas\u201d.","breadcrumb":{"@id":"https:\/\/www.manaus.am.gov.br\/manauscult\/prefeitura-manauscult-primaverademuseus\/#breadcrumb"},"inLanguage":"pt-BR","potentialAction":[{"@type":"ReadAction","target":["https:\/\/www.manaus.am.gov.br\/manauscult\/prefeitura-manauscult-primaverademuseus\/"]}]},{"@type":"ImageObject","inLanguage":"pt-BR","@id":"https:\/\/www.manaus.am.gov.br\/manauscult\/prefeitura-manauscult-primaverademuseus\/#primaryimage","url":"https:\/\/www.manaus.am.gov.br\/manauscult\/wp-content\/uploads\/sites\/11\/2025\/09\/WhatsApp-Image-2025-09-22-at-12.42.56.jpeg","contentUrl":"https:\/\/www.manaus.am.gov.br\/manauscult\/wp-content\/uploads\/sites\/11\/2025\/09\/WhatsApp-Image-2025-09-22-at-12.42.56.jpeg","width":1600,"height":1200},{"@type":"BreadcrumbList","@id":"https:\/\/www.manaus.am.gov.br\/manauscult\/prefeitura-manauscult-primaverademuseus\/#breadcrumb","itemListElement":[{"@type":"ListItem","position":1,"name":"Home","item":"https:\/\/www.manaus.am.gov.br\/manauscult\/"},{"@type":"ListItem","position":2,"name":"\u2018Primavera dos Museus\u2019 inicia em Manaus com debate sobre mudan\u00e7as clim\u00e1ticas e cotidiano amaz\u00f4nico"}]},{"@type":"WebSite","@id":"https:\/\/www.manaus.am.gov.br\/manauscult\/#website","url":"https:\/\/www.manaus.am.gov.br\/manauscult\/","name":"MANAUSCULT","description":"Prefeitura de Manaus","potentialAction":[{"@type":"SearchAction","target":{"@type":"EntryPoint","urlTemplate":"https:\/\/www.manaus.am.gov.br\/manauscult\/?s={search_term_string}"},"query-input":"required name=search_term_string"}],"inLanguage":"pt-BR"},{"@type":"Person","@id":"https:\/\/www.manaus.am.gov.br\/manauscult\/#\/schema\/person\/4e49f4e267757a06ca072ec61b2b9968","name":"Adriana Costa","image":{"@type":"ImageObject","inLanguage":"pt-BR","@id":"https:\/\/www.manaus.am.gov.br\/manauscult\/#\/schema\/person\/image\/","url":"https:\/\/secure.gravatar.com\/avatar\/576258617ef7194f718179e766d57bd4?s=96&d=mm&r=g","contentUrl":"https:\/\/secure.gravatar.com\/avatar\/576258617ef7194f718179e766d57bd4?s=96&d=mm&r=g","caption":"Adriana Costa"}}]}},"_links":{"self":[{"href":"https:\/\/www.manaus.am.gov.br\/manauscult\/wp-json\/wp\/v2\/posts\/4811"}],"collection":[{"href":"https:\/\/www.manaus.am.gov.br\/manauscult\/wp-json\/wp\/v2\/posts"}],"about":[{"href":"https:\/\/www.manaus.am.gov.br\/manauscult\/wp-json\/wp\/v2\/types\/post"}],"author":[{"embeddable":true,"href":"https:\/\/www.manaus.am.gov.br\/manauscult\/wp-json\/wp\/v2\/users\/23"}],"replies":[{"embeddable":true,"href":"https:\/\/www.manaus.am.gov.br\/manauscult\/wp-json\/wp\/v2\/comments?post=4811"}],"version-history":[{"count":1,"href":"https:\/\/www.manaus.am.gov.br\/manauscult\/wp-json\/wp\/v2\/posts\/4811\/revisions"}],"predecessor-version":[{"id":4818,"href":"https:\/\/www.manaus.am.gov.br\/manauscult\/wp-json\/wp\/v2\/posts\/4811\/revisions\/4818"}],"wp:featuredmedia":[{"embeddable":true,"href":"https:\/\/www.manaus.am.gov.br\/manauscult\/wp-json\/wp\/v2\/media\/4812"}],"wp:attachment":[{"href":"https:\/\/www.manaus.am.gov.br\/manauscult\/wp-json\/wp\/v2\/media?parent=4811"}],"wp:term":[{"taxonomy":"category","embeddable":true,"href":"https:\/\/www.manaus.am.gov.br\/manauscult\/wp-json\/wp\/v2\/categories?post=4811"},{"taxonomy":"post_tag","embeddable":true,"href":"https:\/\/www.manaus.am.gov.br\/manauscult\/wp-json\/wp\/v2\/tags?post=4811"}],"curies":[{"name":"wp","href":"https:\/\/api.w.org\/{rel}","templated":true}]}}