{"id":4807,"date":"2025-09-21T18:19:21","date_gmt":"2025-09-21T22:19:21","guid":{"rendered":"https:\/\/www.manaus.am.gov.br\/manauscult\/encerramento-capacitacao-turismo-base-comunitaria\/"},"modified":"2025-09-21T18:19:21","modified_gmt":"2025-09-21T22:19:21","slug":"encerramento-capacitacao-turismo-base-comunitaria","status":"publish","type":"post","link":"https:\/\/www.manaus.am.gov.br\/manauscult\/encerramento-capacitacao-turismo-base-comunitaria\/","title":{"rendered":"Prefeitura de Manaus encerra capacita\u00e7\u00e3o em Turismo de Base Comunit\u00e1ria na RDS do Tup\u00e9"},"content":{"rendered":"\n<p>A Prefeitura de Manaus, por meio da Funda\u00e7\u00e3o Municipal de Cultura, Turismo e Eventos (Manauscult), encerra, neste domingo, 21\/9, a terceira e \u00faltima etapa do curso de capacita\u00e7\u00e3o em Turismo de Base Comunit\u00e1ria, na Reserva de Desenvolvimento Sustent\u00e1vel (RDS) do Tup\u00e9, como parte do projeto Viv\u00eancias Amaz\u00f4nicas.<\/p>\n\n\n\n<p><br>A iniciativa, voltada a jovens e adultos de comunidades com potencial tur\u00edstico, promoveu um total de 270 horas de forma\u00e7\u00e3o ao longo de tr\u00eas etapas, no bairro Col\u00f4nia Ant\u00f4nio Aleixo, centro hist\u00f3rico e RDS do Tup\u00e9, beneficiando aproximadamente 300 participantes.<\/p>\n\n\n\n<p>O diretor-presidente da Manauscult, Jender Lobato, ressaltou que a a\u00e7\u00e3o representa um marco no fortalecimento do turismo comunit\u00e1rio em Manaus. \u201cO Turismo de Base Comunit\u00e1ria \u00e9 uma ferramenta poderosa de inclus\u00e3o e desenvolvimento. Cada morador capacitado se torna um multiplicador de conhecimento e um agente ativo na constru\u00e7\u00e3o de um turismo mais humano, sustent\u00e1vel e conectado \u00e0 nossa identidade cultural\u201d, destacou.<\/p>\n\n\n\n<p><br>Com 90 horas de carga hor\u00e1ria apenas na etapa final, o curso ofereceu conte\u00fados essenciais para o fortalecimento do turismo local. Entre os eixos formativos, estiveram: Desenvolvimento e Capacita\u00e7\u00e3o do Ecossistema do Turismo Local, que abordou mercado do turismo na Amaz\u00f4nia, \u00e9tica na comunica\u00e7\u00e3o, boas pr\u00e1ticas e manipula\u00e7\u00e3o de alimentos, ecoturismo comunit\u00e1rio e cria\u00e7\u00e3o de roteiros tur\u00edsticos; Empreendendo no Turismo, com mentalidade empreendedora, excel\u00eancia no atendimento ao turista e planejamento estrat\u00e9gico para neg\u00f3cios locais; e Inclus\u00e3o Digital e Marketing Pessoal, com foco em redes sociais, marketing pessoal e estrat\u00e9gias para pequenos empreendimentos.<br><br>Como forma de aplicar na pr\u00e1tica o aprendizado adquirido, as comunidades Livramento, F\u00e1tima e Abelha elaboraram um roteiro tur\u00edstico, oferecendo um dia de viv\u00eancia para as equipes que acompanharam o projeto como os instrutores do curso, equipe de monitoramento da Manauscult e setor de turismo.<\/p>\n\n\n\n<p>A atividade foi considerada um sucesso e demonstrou a capacidade dos moradores em planejar e conduzir experi\u00eancias tur\u00edsticas de qualidade, alinhadas ao que foi ensinado durante a capacita\u00e7\u00e3o. Al\u00e9m do exerc\u00edcio pr\u00e1tico, os participantes receberam certificados de conclus\u00e3o, marcando o encerramento do ciclo formativo.<\/p>\n\n\n\n<p><br>Para Daniel Silva, participante do curso e morador da comunidade, a experi\u00eancia foi transformadora. \u201cEstamos muito felizes em poder aplicar tudo o que aprendemos. Preparar e conduzir esse roteiro foi especial, porque mostramos na pr\u00e1tica o que \u00e9 o turismo comunit\u00e1rio e proporcionamos um verdadeiro passeio tur\u00edstico. Isso nos d\u00e1 confian\u00e7a de que podemos receber visitantes de forma profissional e acolhedora\u201d, afirmou.<\/p>\n\n\n\n<p><br>Todas as etapas do programa contaram com o acompanhamento da Comiss\u00e3o de Monitoramento da Manauscult, garantindo a qualidade do processo formativo.<\/p>\n\n\n\n<p><br>O projeto Viv\u00eancias Amaz\u00f4nicas integra as a\u00e7\u00f5es da Prefeitura de Manaus que t\u00eam como objetivo fortalecer a cultura e o turismo como vetores de inclus\u00e3o social, gera\u00e7\u00e3o de renda e valoriza\u00e7\u00e3o das comunidades tradicionais e urbanas da cidade.<\/p>\n\n\n\n<figure class=\"wp-block-image size-large\"><img loading=\"lazy\" decoding=\"async\" width=\"1024\" height=\"682\" src=\"https:\/\/www.manaus.am.gov.br\/manauscult\/wp-content\/uploads\/sites\/11\/2025\/09\/Projeto-4-1024x682.jpeg\" alt=\"\" class=\"wp-image-4809\" srcset=\"https:\/\/www.manaus.am.gov.br\/manauscult\/wp-content\/uploads\/sites\/11\/2025\/09\/Projeto-4-1024x682.jpeg 1024w, https:\/\/www.manaus.am.gov.br\/manauscult\/wp-content\/uploads\/sites\/11\/2025\/09\/Projeto-4-300x200.jpeg 300w, https:\/\/www.manaus.am.gov.br\/manauscult\/wp-content\/uploads\/sites\/11\/2025\/09\/Projeto-4-768x512.jpeg 768w, https:\/\/www.manaus.am.gov.br\/manauscult\/wp-content\/uploads\/sites\/11\/2025\/09\/Projeto-4-1536x1023.jpeg 1536w, https:\/\/www.manaus.am.gov.br\/manauscult\/wp-content\/uploads\/sites\/11\/2025\/09\/Projeto-4.jpeg 1600w\" sizes=\"(max-width: 1024px) 100vw, 1024px\" \/><\/figure>\n\n\n\n<p>&#8212; &#8212; &#8212;<\/p>\n\n\n\n<p><strong>Texto &#8211;<\/strong> J\u00e9ssica Trajano\/Manauscult<\/p>\n\n\n\n<p><strong>Fotos<\/strong> &#8211; Thelson Souza\/Manauscult<\/p>\n","protected":false},"excerpt":{"rendered":"","protected":false},"author":39,"featured_media":4808,"comment_status":"closed","ping_status":"closed","sticky":false,"template":"","format":"standard","meta":{"footnotes":""},"categories":[1052],"tags":[1724,94,9,11,1725],"acf":[],"yoast_head":"<!-- This site is optimized with the Yoast SEO plugin v23.0 - https:\/\/yoast.com\/wordpress\/plugins\/seo\/ -->\n<title>Prefeitura encerra capacita\u00e7\u00e3o em Turismo de Base Comunit\u00e1ria na RDS do Tup\u00e9<\/title>\n<meta name=\"description\" content=\"Prefeitura de Manaus, por meio da Manauscult, encerra capacita\u00e7\u00e3o em Turismo de Base Comunit\u00e1ria na RDS do Tup\u00e9.\" \/>\n<meta name=\"robots\" content=\"noindex, follow\" \/>\n<meta property=\"og:locale\" content=\"pt_BR\" \/>\n<meta property=\"og:type\" content=\"article\" \/>\n<meta property=\"og:title\" content=\"Prefeitura encerra capacita\u00e7\u00e3o em Turismo de Base Comunit\u00e1ria na RDS do Tup\u00e9\" \/>\n<meta property=\"og:description\" content=\"Prefeitura de Manaus, por meio da Manauscult, encerra capacita\u00e7\u00e3o em Turismo de Base Comunit\u00e1ria na RDS do Tup\u00e9.\" \/>\n<meta property=\"og:url\" content=\"https:\/\/www.manaus.am.gov.br\/manauscult\/encerramento-capacitacao-turismo-base-comunitaria\/\" \/>\n<meta property=\"og:site_name\" content=\"MANAUSCULT\" \/>\n<meta property=\"article:published_time\" content=\"2025-09-21T22:19:21+00:00\" \/>\n<meta property=\"og:image\" content=\"https:\/\/www.manaus.am.gov.br\/manauscult\/wp-content\/uploads\/sites\/11\/2025\/09\/Projeto-5.jpeg\" \/>\n\t<meta property=\"og:image:width\" content=\"1600\" \/>\n\t<meta property=\"og:image:height\" content=\"1066\" \/>\n\t<meta property=\"og:image:type\" content=\"image\/jpeg\" \/>\n<meta name=\"author\" content=\"Bruna Greco\" \/>\n<meta name=\"twitter:card\" content=\"summary_large_image\" \/>\n<meta name=\"twitter:label1\" content=\"Written by\" \/>\n\t<meta name=\"twitter:data1\" content=\"Bruna Greco\" \/>\n\t<meta name=\"twitter:label2\" content=\"Est. reading time\" \/>\n\t<meta name=\"twitter:data2\" content=\"3 minutos\" \/>\n<script type=\"application\/ld+json\" class=\"yoast-schema-graph\">{\"@context\":\"https:\/\/schema.org\",\"@graph\":[{\"@type\":\"WebPage\",\"@id\":\"https:\/\/www.manaus.am.gov.br\/manauscult\/encerramento-capacitacao-turismo-base-comunitaria\/\",\"url\":\"https:\/\/www.manaus.am.gov.br\/manauscult\/encerramento-capacitacao-turismo-base-comunitaria\/\",\"name\":\"Prefeitura encerra capacita\u00e7\u00e3o em Turismo de Base Comunit\u00e1ria na RDS do Tup\u00e9\",\"isPartOf\":{\"@id\":\"https:\/\/www.manaus.am.gov.br\/manauscult\/#website\"},\"primaryImageOfPage\":{\"@id\":\"https:\/\/www.manaus.am.gov.br\/manauscult\/encerramento-capacitacao-turismo-base-comunitaria\/#primaryimage\"},\"image\":{\"@id\":\"https:\/\/www.manaus.am.gov.br\/manauscult\/encerramento-capacitacao-turismo-base-comunitaria\/#primaryimage\"},\"thumbnailUrl\":\"https:\/\/www.manaus.am.gov.br\/manauscult\/wp-content\/uploads\/sites\/11\/2025\/09\/Projeto-5.jpeg\",\"datePublished\":\"2025-09-21T22:19:21+00:00\",\"dateModified\":\"2025-09-21T22:19:21+00:00\",\"author\":{\"@id\":\"https:\/\/www.manaus.am.gov.br\/manauscult\/#\/schema\/person\/05d223aea2bf115f9883a6ff3683d81b\"},\"description\":\"Prefeitura de Manaus, por meio da Manauscult, encerra capacita\u00e7\u00e3o em Turismo de Base Comunit\u00e1ria na RDS do Tup\u00e9.\",\"breadcrumb\":{\"@id\":\"https:\/\/www.manaus.am.gov.br\/manauscult\/encerramento-capacitacao-turismo-base-comunitaria\/#breadcrumb\"},\"inLanguage\":\"pt-BR\",\"potentialAction\":[{\"@type\":\"ReadAction\",\"target\":[\"https:\/\/www.manaus.am.gov.br\/manauscult\/encerramento-capacitacao-turismo-base-comunitaria\/\"]}]},{\"@type\":\"ImageObject\",\"inLanguage\":\"pt-BR\",\"@id\":\"https:\/\/www.manaus.am.gov.br\/manauscult\/encerramento-capacitacao-turismo-base-comunitaria\/#primaryimage\",\"url\":\"https:\/\/www.manaus.am.gov.br\/manauscult\/wp-content\/uploads\/sites\/11\/2025\/09\/Projeto-5.jpeg\",\"contentUrl\":\"https:\/\/www.manaus.am.gov.br\/manauscult\/wp-content\/uploads\/sites\/11\/2025\/09\/Projeto-5.jpeg\",\"width\":1600,\"height\":1066,\"caption\":\"#paratodosverem - Moradores da RDS do Tup\u00e9 e representantes da Manauscult posando para foto durante encerramento do curso de capacita\u00e7\u00e3o em Turismo de Base Comunit\u00e1ria\"},{\"@type\":\"BreadcrumbList\",\"@id\":\"https:\/\/www.manaus.am.gov.br\/manauscult\/encerramento-capacitacao-turismo-base-comunitaria\/#breadcrumb\",\"itemListElement\":[{\"@type\":\"ListItem\",\"position\":1,\"name\":\"Home\",\"item\":\"https:\/\/www.manaus.am.gov.br\/manauscult\/\"},{\"@type\":\"ListItem\",\"position\":2,\"name\":\"Prefeitura de Manaus encerra capacita\u00e7\u00e3o em Turismo de Base Comunit\u00e1ria na RDS do Tup\u00e9\"}]},{\"@type\":\"WebSite\",\"@id\":\"https:\/\/www.manaus.am.gov.br\/manauscult\/#website\",\"url\":\"https:\/\/www.manaus.am.gov.br\/manauscult\/\",\"name\":\"MANAUSCULT\",\"description\":\"Prefeitura de Manaus\",\"potentialAction\":[{\"@type\":\"SearchAction\",\"target\":{\"@type\":\"EntryPoint\",\"urlTemplate\":\"https:\/\/www.manaus.am.gov.br\/manauscult\/?s={search_term_string}\"},\"query-input\":\"required name=search_term_string\"}],\"inLanguage\":\"pt-BR\"},{\"@type\":\"Person\",\"@id\":\"https:\/\/www.manaus.am.gov.br\/manauscult\/#\/schema\/person\/05d223aea2bf115f9883a6ff3683d81b\",\"name\":\"Bruna Greco\",\"image\":{\"@type\":\"ImageObject\",\"inLanguage\":\"pt-BR\",\"@id\":\"https:\/\/www.manaus.am.gov.br\/manauscult\/#\/schema\/person\/image\/\",\"url\":\"https:\/\/secure.gravatar.com\/avatar\/9c877d1a6adc2a055330e5c09a8653ce?s=96&d=mm&r=g\",\"contentUrl\":\"https:\/\/secure.gravatar.com\/avatar\/9c877d1a6adc2a055330e5c09a8653ce?s=96&d=mm&r=g\",\"caption\":\"Bruna Greco\"}}]}<\/script>\n<!-- \/ Yoast SEO plugin. -->","yoast_head_json":{"title":"Prefeitura encerra capacita\u00e7\u00e3o em Turismo de Base Comunit\u00e1ria na RDS do Tup\u00e9","description":"Prefeitura de Manaus, por meio da Manauscult, encerra capacita\u00e7\u00e3o em Turismo de Base Comunit\u00e1ria na RDS do Tup\u00e9.","robots":{"index":"noindex","follow":"follow"},"og_locale":"pt_BR","og_type":"article","og_title":"Prefeitura encerra capacita\u00e7\u00e3o em Turismo de Base Comunit\u00e1ria na RDS do Tup\u00e9","og_description":"Prefeitura de Manaus, por meio da Manauscult, encerra capacita\u00e7\u00e3o em Turismo de Base Comunit\u00e1ria na RDS do Tup\u00e9.","og_url":"https:\/\/www.manaus.am.gov.br\/manauscult\/encerramento-capacitacao-turismo-base-comunitaria\/","og_site_name":"MANAUSCULT","article_published_time":"2025-09-21T22:19:21+00:00","og_image":[{"width":1600,"height":1066,"url":"https:\/\/www.manaus.am.gov.br\/manauscult\/wp-content\/uploads\/sites\/11\/2025\/09\/Projeto-5.jpeg","type":"image\/jpeg"}],"author":"Bruna Greco","twitter_card":"summary_large_image","twitter_misc":{"Written by":"Bruna Greco","Est. reading time":"3 minutos"},"schema":{"@context":"https:\/\/schema.org","@graph":[{"@type":"WebPage","@id":"https:\/\/www.manaus.am.gov.br\/manauscult\/encerramento-capacitacao-turismo-base-comunitaria\/","url":"https:\/\/www.manaus.am.gov.br\/manauscult\/encerramento-capacitacao-turismo-base-comunitaria\/","name":"Prefeitura encerra capacita\u00e7\u00e3o em Turismo de Base Comunit\u00e1ria na RDS do Tup\u00e9","isPartOf":{"@id":"https:\/\/www.manaus.am.gov.br\/manauscult\/#website"},"primaryImageOfPage":{"@id":"https:\/\/www.manaus.am.gov.br\/manauscult\/encerramento-capacitacao-turismo-base-comunitaria\/#primaryimage"},"image":{"@id":"https:\/\/www.manaus.am.gov.br\/manauscult\/encerramento-capacitacao-turismo-base-comunitaria\/#primaryimage"},"thumbnailUrl":"https:\/\/www.manaus.am.gov.br\/manauscult\/wp-content\/uploads\/sites\/11\/2025\/09\/Projeto-5.jpeg","datePublished":"2025-09-21T22:19:21+00:00","dateModified":"2025-09-21T22:19:21+00:00","author":{"@id":"https:\/\/www.manaus.am.gov.br\/manauscult\/#\/schema\/person\/05d223aea2bf115f9883a6ff3683d81b"},"description":"Prefeitura de Manaus, por meio da Manauscult, encerra capacita\u00e7\u00e3o em Turismo de Base Comunit\u00e1ria na RDS do Tup\u00e9.","breadcrumb":{"@id":"https:\/\/www.manaus.am.gov.br\/manauscult\/encerramento-capacitacao-turismo-base-comunitaria\/#breadcrumb"},"inLanguage":"pt-BR","potentialAction":[{"@type":"ReadAction","target":["https:\/\/www.manaus.am.gov.br\/manauscult\/encerramento-capacitacao-turismo-base-comunitaria\/"]}]},{"@type":"ImageObject","inLanguage":"pt-BR","@id":"https:\/\/www.manaus.am.gov.br\/manauscult\/encerramento-capacitacao-turismo-base-comunitaria\/#primaryimage","url":"https:\/\/www.manaus.am.gov.br\/manauscult\/wp-content\/uploads\/sites\/11\/2025\/09\/Projeto-5.jpeg","contentUrl":"https:\/\/www.manaus.am.gov.br\/manauscult\/wp-content\/uploads\/sites\/11\/2025\/09\/Projeto-5.jpeg","width":1600,"height":1066,"caption":"#paratodosverem - Moradores da RDS do Tup\u00e9 e representantes da Manauscult posando para foto durante encerramento do curso de capacita\u00e7\u00e3o em Turismo de Base Comunit\u00e1ria"},{"@type":"BreadcrumbList","@id":"https:\/\/www.manaus.am.gov.br\/manauscult\/encerramento-capacitacao-turismo-base-comunitaria\/#breadcrumb","itemListElement":[{"@type":"ListItem","position":1,"name":"Home","item":"https:\/\/www.manaus.am.gov.br\/manauscult\/"},{"@type":"ListItem","position":2,"name":"Prefeitura de Manaus encerra capacita\u00e7\u00e3o em Turismo de Base Comunit\u00e1ria na RDS do Tup\u00e9"}]},{"@type":"WebSite","@id":"https:\/\/www.manaus.am.gov.br\/manauscult\/#website","url":"https:\/\/www.manaus.am.gov.br\/manauscult\/","name":"MANAUSCULT","description":"Prefeitura de Manaus","potentialAction":[{"@type":"SearchAction","target":{"@type":"EntryPoint","urlTemplate":"https:\/\/www.manaus.am.gov.br\/manauscult\/?s={search_term_string}"},"query-input":"required name=search_term_string"}],"inLanguage":"pt-BR"},{"@type":"Person","@id":"https:\/\/www.manaus.am.gov.br\/manauscult\/#\/schema\/person\/05d223aea2bf115f9883a6ff3683d81b","name":"Bruna Greco","image":{"@type":"ImageObject","inLanguage":"pt-BR","@id":"https:\/\/www.manaus.am.gov.br\/manauscult\/#\/schema\/person\/image\/","url":"https:\/\/secure.gravatar.com\/avatar\/9c877d1a6adc2a055330e5c09a8653ce?s=96&d=mm&r=g","contentUrl":"https:\/\/secure.gravatar.com\/avatar\/9c877d1a6adc2a055330e5c09a8653ce?s=96&d=mm&r=g","caption":"Bruna Greco"}}]}},"_links":{"self":[{"href":"https:\/\/www.manaus.am.gov.br\/manauscult\/wp-json\/wp\/v2\/posts\/4807"}],"collection":[{"href":"https:\/\/www.manaus.am.gov.br\/manauscult\/wp-json\/wp\/v2\/posts"}],"about":[{"href":"https:\/\/www.manaus.am.gov.br\/manauscult\/wp-json\/wp\/v2\/types\/post"}],"author":[{"embeddable":true,"href":"https:\/\/www.manaus.am.gov.br\/manauscult\/wp-json\/wp\/v2\/users\/39"}],"replies":[{"embeddable":true,"href":"https:\/\/www.manaus.am.gov.br\/manauscult\/wp-json\/wp\/v2\/comments?post=4807"}],"version-history":[{"count":1,"href":"https:\/\/www.manaus.am.gov.br\/manauscult\/wp-json\/wp\/v2\/posts\/4807\/revisions"}],"predecessor-version":[{"id":4810,"href":"https:\/\/www.manaus.am.gov.br\/manauscult\/wp-json\/wp\/v2\/posts\/4807\/revisions\/4810"}],"wp:featuredmedia":[{"embeddable":true,"href":"https:\/\/www.manaus.am.gov.br\/manauscult\/wp-json\/wp\/v2\/media\/4808"}],"wp:attachment":[{"href":"https:\/\/www.manaus.am.gov.br\/manauscult\/wp-json\/wp\/v2\/media?parent=4807"}],"wp:term":[{"taxonomy":"category","embeddable":true,"href":"https:\/\/www.manaus.am.gov.br\/manauscult\/wp-json\/wp\/v2\/categories?post=4807"},{"taxonomy":"post_tag","embeddable":true,"href":"https:\/\/www.manaus.am.gov.br\/manauscult\/wp-json\/wp\/v2\/tags?post=4807"}],"curies":[{"name":"wp","href":"https:\/\/api.w.org\/{rel}","templated":true}]}}