{"id":479,"date":"2023-06-02T12:29:11","date_gmt":"2023-06-02T16:29:11","guid":{"rendered":"https:\/\/www.manaus.am.gov.br\/manauscult\/cadastro-de-artistas-e-profissionais-da-cultura-segue-aberto-ate-o-dia-15-de-junho\/"},"modified":"2023-06-02T12:29:12","modified_gmt":"2023-06-02T16:29:12","slug":"cadastro-de-artistas-e-profissionais-da-cultura-segue-aberto-ate-o-dia-15-de-junho","status":"publish","type":"post","link":"https:\/\/www.manaus.am.gov.br\/manauscult\/cadastro-de-artistas-e-profissionais-da-cultura-segue-aberto-ate-o-dia-15-de-junho\/","title":{"rendered":"<strong>Cadastro de artistas e profissionais da cultura segue aberto at\u00e9 o dia 15 de junho<\/strong>"},"content":{"rendered":"\n<p>A Prefeitura de Manaus, por meio da Funda\u00e7\u00e3o Municipal de Cultura, Turismo e Eventos (Manauscult), recebe, at\u00e9 15 de junho, as inscri\u00e7\u00f5es de artistas, grupos art\u00edsticos, produtores, t\u00e9cnicos e outros segmentos do meio art\u00edstico e cultural, bem como espa\u00e7os e empresas culturais, legalmente constitu\u00eddos como pessoas jur\u00eddicas ou n\u00e3o, que poder\u00e3o ser convocados para apresenta\u00e7\u00e3o nos projetos e atividades culturais promovidos pela administra\u00e7\u00e3o p\u00fablica municipal. A inscri\u00e7\u00e3o pode ser feita pelo link&nbsp;<a href=\"https:\/\/bit.ly\/CadastroCulturaManaus\" target=\"_blank\" rel=\"noreferrer noopener\">https:\/\/bit.ly\/CadastroCulturaManaus<\/a>.&nbsp;<\/p>\n\n\n\n<p>O diretor-presidente da Manauscult, Osvaldo Cardoso, ressalta a import\u00e2ncia do cadastro para os profissionais da cultura, como forma de mapeamento do setor na cidade. \u201c\u00c9 a partir dele que mapeamos os artistas e espa\u00e7os que movimentam a cultura na nossa cidade. Portanto, \u00e9 importante que os artistas que ainda n\u00e3o realizaram sua inscri\u00e7\u00e3o em nosso banco de dados, n\u00e3o percam essa oportunidade. Nos pr\u00f3ximos dias, vamos lan\u00e7ar, com o base no cadastro, o \u2018Arte Pela Cidade\u2019, projeto multicultural que faz parte do programa Cultura Itinerante e, tamb\u00e9m, por meio dele, vamos selecionar os artistas que participar\u00e3o de outras a\u00e7\u00f5es, como o Sou Manaus &#8211; Passo a Pa\u00e7o 2023, Boi Manaus e R\u00e9veillon\u201d, explicou Cardoso.&nbsp;<\/p>\n\n\n\n<p>O cadastro \u00e9 gratuito e poder\u00e1 ser realizado, integralmente, em ambiente e formato virtual, at\u00e9 o dia 15 de junho de 2023. A rela\u00e7\u00e3o dos artistas cadastrados at\u00e9 o momento est\u00e1 dispon\u00edvel no site&nbsp;<a href=\"http:\/\/www.manaus.am.gov.br\/\" target=\"_blank\" rel=\"noreferrer noopener\">www.manaus.am.gov.br<\/a>.&nbsp;<\/p>\n\n\n\n<p>O chamamento p\u00fablico ao setor cultural tem o intuito de dar continuidade ao cadastramento municipal, iniciado em 2013, visando mapear o setor cultural do munic\u00edpio de Manaus.<\/p>\n\n\n\n<p>&#8212; &#8212; &#8212;<\/p>\n\n\n\n<p><strong>Texto<\/strong>&nbsp;&#8211; Guilherme Torres \/ Manauscult&nbsp;<\/p>\n\n\n\n<p><strong>Foto<\/strong>&nbsp;&#8211; Oliveira Junior \/ Manauscult&nbsp;<\/p>\n","protected":false},"excerpt":{"rendered":"","protected":false},"author":23,"featured_media":480,"comment_status":"closed","ping_status":"closed","sticky":false,"template":"","format":"standard","meta":{"footnotes":""},"categories":[133],"tags":[134,135,136,9,11],"acf":[],"yoast_head":"<!-- This site is optimized with the Yoast SEO plugin v23.0 - https:\/\/yoast.com\/wordpress\/plugins\/seo\/ -->\n<title>Cadastro de artistas e profissionais da cultura segue aberto at\u00e9 o dia 15 de junho<\/title>\n<meta name=\"description\" content=\"A Prefeitura de Manaus, por meio da Funda\u00e7\u00e3o Municipal de Cultura, Turismo e Eventos (Manauscult), recebe, at\u00e9 15 de junho, as inscri\u00e7\u00f5es de artistas, grupos art\u00edsticos, produtores, t\u00e9cnicos e outros segmentos do meio art\u00edstico e cultural, bem como espa\u00e7os e empresas culturais, legalmente constitu\u00eddos como pessoas jur\u00eddicas ou n\u00e3o, que poder\u00e3o ser convocados para apresenta\u00e7\u00e3o nos projetos e atividades culturais promovidos pela administra\u00e7\u00e3o p\u00fablica municipal. A inscri\u00e7\u00e3o pode ser feita pelo link https:\/\/bit.ly\/CadastroCulturaManaus.\" \/>\n<meta name=\"robots\" content=\"noindex, follow\" \/>\n<meta property=\"og:locale\" content=\"pt_BR\" \/>\n<meta property=\"og:type\" content=\"article\" \/>\n<meta property=\"og:title\" content=\"Cadastro de artistas e profissionais da cultura segue aberto at\u00e9 o dia 15 de junho\" \/>\n<meta property=\"og:description\" content=\"A Prefeitura de Manaus, por meio da Funda\u00e7\u00e3o Municipal de Cultura, Turismo e Eventos (Manauscult), recebe, at\u00e9 15 de junho, as inscri\u00e7\u00f5es de artistas, grupos art\u00edsticos, produtores, t\u00e9cnicos e outros segmentos do meio art\u00edstico e cultural, bem como espa\u00e7os e empresas culturais, legalmente constitu\u00eddos como pessoas jur\u00eddicas ou n\u00e3o, que poder\u00e3o ser convocados para apresenta\u00e7\u00e3o nos projetos e atividades culturais promovidos pela administra\u00e7\u00e3o p\u00fablica municipal. A inscri\u00e7\u00e3o pode ser feita pelo link https:\/\/bit.ly\/CadastroCulturaManaus.\" \/>\n<meta property=\"og:url\" content=\"https:\/\/www.manaus.am.gov.br\/manauscult\/cadastro-de-artistas-e-profissionais-da-cultura-segue-aberto-ate-o-dia-15-de-junho\/\" \/>\n<meta property=\"og:site_name\" content=\"MANAUSCULT\" \/>\n<meta property=\"article:published_time\" content=\"2023-06-02T16:29:11+00:00\" \/>\n<meta property=\"article:modified_time\" content=\"2023-06-02T16:29:12+00:00\" \/>\n<meta property=\"og:image\" content=\"https:\/\/www.manaus.am.gov.br\/manauscult\/wp-content\/uploads\/sites\/11\/2023\/06\/WhatsApp-Image-2023-06-02-at-12.21.54.jpeg\" \/>\n\t<meta property=\"og:image:width\" content=\"1600\" \/>\n\t<meta property=\"og:image:height\" content=\"1200\" \/>\n\t<meta property=\"og:image:type\" content=\"image\/jpeg\" \/>\n<meta name=\"author\" content=\"Adriana Costa\" \/>\n<meta name=\"twitter:card\" content=\"summary_large_image\" \/>\n<meta name=\"twitter:label1\" content=\"Written by\" \/>\n\t<meta name=\"twitter:data1\" content=\"Adriana Costa\" \/>\n\t<meta name=\"twitter:label2\" content=\"Est. reading time\" \/>\n\t<meta name=\"twitter:data2\" content=\"2 minutos\" \/>\n<script type=\"application\/ld+json\" class=\"yoast-schema-graph\">{\"@context\":\"https:\/\/schema.org\",\"@graph\":[{\"@type\":\"WebPage\",\"@id\":\"https:\/\/www.manaus.am.gov.br\/manauscult\/cadastro-de-artistas-e-profissionais-da-cultura-segue-aberto-ate-o-dia-15-de-junho\/\",\"url\":\"https:\/\/www.manaus.am.gov.br\/manauscult\/cadastro-de-artistas-e-profissionais-da-cultura-segue-aberto-ate-o-dia-15-de-junho\/\",\"name\":\"Cadastro de artistas e profissionais da cultura segue aberto at\u00e9 o dia 15 de junho\",\"isPartOf\":{\"@id\":\"https:\/\/www.manaus.am.gov.br\/manauscult\/#website\"},\"primaryImageOfPage\":{\"@id\":\"https:\/\/www.manaus.am.gov.br\/manauscult\/cadastro-de-artistas-e-profissionais-da-cultura-segue-aberto-ate-o-dia-15-de-junho\/#primaryimage\"},\"image\":{\"@id\":\"https:\/\/www.manaus.am.gov.br\/manauscult\/cadastro-de-artistas-e-profissionais-da-cultura-segue-aberto-ate-o-dia-15-de-junho\/#primaryimage\"},\"thumbnailUrl\":\"https:\/\/www.manaus.am.gov.br\/manauscult\/wp-content\/uploads\/sites\/11\/2023\/06\/WhatsApp-Image-2023-06-02-at-12.21.54.jpeg\",\"datePublished\":\"2023-06-02T16:29:11+00:00\",\"dateModified\":\"2023-06-02T16:29:12+00:00\",\"author\":{\"@id\":\"https:\/\/www.manaus.am.gov.br\/manauscult\/#\/schema\/person\/4e49f4e267757a06ca072ec61b2b9968\"},\"description\":\"A Prefeitura de Manaus, por meio da Funda\u00e7\u00e3o Municipal de Cultura, Turismo e Eventos (Manauscult), recebe, at\u00e9 15 de junho, as inscri\u00e7\u00f5es de artistas, grupos art\u00edsticos, produtores, t\u00e9cnicos e outros segmentos do meio art\u00edstico e cultural, bem como espa\u00e7os e empresas culturais, legalmente constitu\u00eddos como pessoas jur\u00eddicas ou n\u00e3o, que poder\u00e3o ser convocados para apresenta\u00e7\u00e3o nos projetos e atividades culturais promovidos pela administra\u00e7\u00e3o p\u00fablica municipal. A inscri\u00e7\u00e3o pode ser feita pelo link https:\/\/bit.ly\/CadastroCulturaManaus.\",\"breadcrumb\":{\"@id\":\"https:\/\/www.manaus.am.gov.br\/manauscult\/cadastro-de-artistas-e-profissionais-da-cultura-segue-aberto-ate-o-dia-15-de-junho\/#breadcrumb\"},\"inLanguage\":\"pt-BR\",\"potentialAction\":[{\"@type\":\"ReadAction\",\"target\":[\"https:\/\/www.manaus.am.gov.br\/manauscult\/cadastro-de-artistas-e-profissionais-da-cultura-segue-aberto-ate-o-dia-15-de-junho\/\"]}]},{\"@type\":\"ImageObject\",\"inLanguage\":\"pt-BR\",\"@id\":\"https:\/\/www.manaus.am.gov.br\/manauscult\/cadastro-de-artistas-e-profissionais-da-cultura-segue-aberto-ate-o-dia-15-de-junho\/#primaryimage\",\"url\":\"https:\/\/www.manaus.am.gov.br\/manauscult\/wp-content\/uploads\/sites\/11\/2023\/06\/WhatsApp-Image-2023-06-02-at-12.21.54.jpeg\",\"contentUrl\":\"https:\/\/www.manaus.am.gov.br\/manauscult\/wp-content\/uploads\/sites\/11\/2023\/06\/WhatsApp-Image-2023-06-02-at-12.21.54.jpeg\",\"width\":1600,\"height\":1200},{\"@type\":\"BreadcrumbList\",\"@id\":\"https:\/\/www.manaus.am.gov.br\/manauscult\/cadastro-de-artistas-e-profissionais-da-cultura-segue-aberto-ate-o-dia-15-de-junho\/#breadcrumb\",\"itemListElement\":[{\"@type\":\"ListItem\",\"position\":1,\"name\":\"Home\",\"item\":\"https:\/\/www.manaus.am.gov.br\/manauscult\/\"},{\"@type\":\"ListItem\",\"position\":2,\"name\":\"Cadastro de artistas e profissionais da cultura segue aberto at\u00e9 o dia 15 de junho\"}]},{\"@type\":\"WebSite\",\"@id\":\"https:\/\/www.manaus.am.gov.br\/manauscult\/#website\",\"url\":\"https:\/\/www.manaus.am.gov.br\/manauscult\/\",\"name\":\"MANAUSCULT\",\"description\":\"Prefeitura de Manaus\",\"potentialAction\":[{\"@type\":\"SearchAction\",\"target\":{\"@type\":\"EntryPoint\",\"urlTemplate\":\"https:\/\/www.manaus.am.gov.br\/manauscult\/?s={search_term_string}\"},\"query-input\":\"required name=search_term_string\"}],\"inLanguage\":\"pt-BR\"},{\"@type\":\"Person\",\"@id\":\"https:\/\/www.manaus.am.gov.br\/manauscult\/#\/schema\/person\/4e49f4e267757a06ca072ec61b2b9968\",\"name\":\"Adriana Costa\",\"image\":{\"@type\":\"ImageObject\",\"inLanguage\":\"pt-BR\",\"@id\":\"https:\/\/www.manaus.am.gov.br\/manauscult\/#\/schema\/person\/image\/\",\"url\":\"https:\/\/secure.gravatar.com\/avatar\/576258617ef7194f718179e766d57bd4?s=96&d=mm&r=g\",\"contentUrl\":\"https:\/\/secure.gravatar.com\/avatar\/576258617ef7194f718179e766d57bd4?s=96&d=mm&r=g\",\"caption\":\"Adriana Costa\"}}]}<\/script>\n<!-- \/ Yoast SEO plugin. -->","yoast_head_json":{"title":"Cadastro de artistas e profissionais da cultura segue aberto at\u00e9 o dia 15 de junho","description":"A Prefeitura de Manaus, por meio da Funda\u00e7\u00e3o Municipal de Cultura, Turismo e Eventos (Manauscult), recebe, at\u00e9 15 de junho, as inscri\u00e7\u00f5es de artistas, grupos art\u00edsticos, produtores, t\u00e9cnicos e outros segmentos do meio art\u00edstico e cultural, bem como espa\u00e7os e empresas culturais, legalmente constitu\u00eddos como pessoas jur\u00eddicas ou n\u00e3o, que poder\u00e3o ser convocados para apresenta\u00e7\u00e3o nos projetos e atividades culturais promovidos pela administra\u00e7\u00e3o p\u00fablica municipal. A inscri\u00e7\u00e3o pode ser feita pelo link https:\/\/bit.ly\/CadastroCulturaManaus.","robots":{"index":"noindex","follow":"follow"},"og_locale":"pt_BR","og_type":"article","og_title":"Cadastro de artistas e profissionais da cultura segue aberto at\u00e9 o dia 15 de junho","og_description":"A Prefeitura de Manaus, por meio da Funda\u00e7\u00e3o Municipal de Cultura, Turismo e Eventos (Manauscult), recebe, at\u00e9 15 de junho, as inscri\u00e7\u00f5es de artistas, grupos art\u00edsticos, produtores, t\u00e9cnicos e outros segmentos do meio art\u00edstico e cultural, bem como espa\u00e7os e empresas culturais, legalmente constitu\u00eddos como pessoas jur\u00eddicas ou n\u00e3o, que poder\u00e3o ser convocados para apresenta\u00e7\u00e3o nos projetos e atividades culturais promovidos pela administra\u00e7\u00e3o p\u00fablica municipal. A inscri\u00e7\u00e3o pode ser feita pelo link https:\/\/bit.ly\/CadastroCulturaManaus.","og_url":"https:\/\/www.manaus.am.gov.br\/manauscult\/cadastro-de-artistas-e-profissionais-da-cultura-segue-aberto-ate-o-dia-15-de-junho\/","og_site_name":"MANAUSCULT","article_published_time":"2023-06-02T16:29:11+00:00","article_modified_time":"2023-06-02T16:29:12+00:00","og_image":[{"width":1600,"height":1200,"url":"https:\/\/www.manaus.am.gov.br\/manauscult\/wp-content\/uploads\/sites\/11\/2023\/06\/WhatsApp-Image-2023-06-02-at-12.21.54.jpeg","type":"image\/jpeg"}],"author":"Adriana Costa","twitter_card":"summary_large_image","twitter_misc":{"Written by":"Adriana Costa","Est. reading time":"2 minutos"},"schema":{"@context":"https:\/\/schema.org","@graph":[{"@type":"WebPage","@id":"https:\/\/www.manaus.am.gov.br\/manauscult\/cadastro-de-artistas-e-profissionais-da-cultura-segue-aberto-ate-o-dia-15-de-junho\/","url":"https:\/\/www.manaus.am.gov.br\/manauscult\/cadastro-de-artistas-e-profissionais-da-cultura-segue-aberto-ate-o-dia-15-de-junho\/","name":"Cadastro de artistas e profissionais da cultura segue aberto at\u00e9 o dia 15 de junho","isPartOf":{"@id":"https:\/\/www.manaus.am.gov.br\/manauscult\/#website"},"primaryImageOfPage":{"@id":"https:\/\/www.manaus.am.gov.br\/manauscult\/cadastro-de-artistas-e-profissionais-da-cultura-segue-aberto-ate-o-dia-15-de-junho\/#primaryimage"},"image":{"@id":"https:\/\/www.manaus.am.gov.br\/manauscult\/cadastro-de-artistas-e-profissionais-da-cultura-segue-aberto-ate-o-dia-15-de-junho\/#primaryimage"},"thumbnailUrl":"https:\/\/www.manaus.am.gov.br\/manauscult\/wp-content\/uploads\/sites\/11\/2023\/06\/WhatsApp-Image-2023-06-02-at-12.21.54.jpeg","datePublished":"2023-06-02T16:29:11+00:00","dateModified":"2023-06-02T16:29:12+00:00","author":{"@id":"https:\/\/www.manaus.am.gov.br\/manauscult\/#\/schema\/person\/4e49f4e267757a06ca072ec61b2b9968"},"description":"A Prefeitura de Manaus, por meio da Funda\u00e7\u00e3o Municipal de Cultura, Turismo e Eventos (Manauscult), recebe, at\u00e9 15 de junho, as inscri\u00e7\u00f5es de artistas, grupos art\u00edsticos, produtores, t\u00e9cnicos e outros segmentos do meio art\u00edstico e cultural, bem como espa\u00e7os e empresas culturais, legalmente constitu\u00eddos como pessoas jur\u00eddicas ou n\u00e3o, que poder\u00e3o ser convocados para apresenta\u00e7\u00e3o nos projetos e atividades culturais promovidos pela administra\u00e7\u00e3o p\u00fablica municipal. A inscri\u00e7\u00e3o pode ser feita pelo link https:\/\/bit.ly\/CadastroCulturaManaus.","breadcrumb":{"@id":"https:\/\/www.manaus.am.gov.br\/manauscult\/cadastro-de-artistas-e-profissionais-da-cultura-segue-aberto-ate-o-dia-15-de-junho\/#breadcrumb"},"inLanguage":"pt-BR","potentialAction":[{"@type":"ReadAction","target":["https:\/\/www.manaus.am.gov.br\/manauscult\/cadastro-de-artistas-e-profissionais-da-cultura-segue-aberto-ate-o-dia-15-de-junho\/"]}]},{"@type":"ImageObject","inLanguage":"pt-BR","@id":"https:\/\/www.manaus.am.gov.br\/manauscult\/cadastro-de-artistas-e-profissionais-da-cultura-segue-aberto-ate-o-dia-15-de-junho\/#primaryimage","url":"https:\/\/www.manaus.am.gov.br\/manauscult\/wp-content\/uploads\/sites\/11\/2023\/06\/WhatsApp-Image-2023-06-02-at-12.21.54.jpeg","contentUrl":"https:\/\/www.manaus.am.gov.br\/manauscult\/wp-content\/uploads\/sites\/11\/2023\/06\/WhatsApp-Image-2023-06-02-at-12.21.54.jpeg","width":1600,"height":1200},{"@type":"BreadcrumbList","@id":"https:\/\/www.manaus.am.gov.br\/manauscult\/cadastro-de-artistas-e-profissionais-da-cultura-segue-aberto-ate-o-dia-15-de-junho\/#breadcrumb","itemListElement":[{"@type":"ListItem","position":1,"name":"Home","item":"https:\/\/www.manaus.am.gov.br\/manauscult\/"},{"@type":"ListItem","position":2,"name":"Cadastro de artistas e profissionais da cultura segue aberto at\u00e9 o dia 15 de junho"}]},{"@type":"WebSite","@id":"https:\/\/www.manaus.am.gov.br\/manauscult\/#website","url":"https:\/\/www.manaus.am.gov.br\/manauscult\/","name":"MANAUSCULT","description":"Prefeitura de Manaus","potentialAction":[{"@type":"SearchAction","target":{"@type":"EntryPoint","urlTemplate":"https:\/\/www.manaus.am.gov.br\/manauscult\/?s={search_term_string}"},"query-input":"required name=search_term_string"}],"inLanguage":"pt-BR"},{"@type":"Person","@id":"https:\/\/www.manaus.am.gov.br\/manauscult\/#\/schema\/person\/4e49f4e267757a06ca072ec61b2b9968","name":"Adriana Costa","image":{"@type":"ImageObject","inLanguage":"pt-BR","@id":"https:\/\/www.manaus.am.gov.br\/manauscult\/#\/schema\/person\/image\/","url":"https:\/\/secure.gravatar.com\/avatar\/576258617ef7194f718179e766d57bd4?s=96&d=mm&r=g","contentUrl":"https:\/\/secure.gravatar.com\/avatar\/576258617ef7194f718179e766d57bd4?s=96&d=mm&r=g","caption":"Adriana Costa"}}]}},"_links":{"self":[{"href":"https:\/\/www.manaus.am.gov.br\/manauscult\/wp-json\/wp\/v2\/posts\/479"}],"collection":[{"href":"https:\/\/www.manaus.am.gov.br\/manauscult\/wp-json\/wp\/v2\/posts"}],"about":[{"href":"https:\/\/www.manaus.am.gov.br\/manauscult\/wp-json\/wp\/v2\/types\/post"}],"author":[{"embeddable":true,"href":"https:\/\/www.manaus.am.gov.br\/manauscult\/wp-json\/wp\/v2\/users\/23"}],"replies":[{"embeddable":true,"href":"https:\/\/www.manaus.am.gov.br\/manauscult\/wp-json\/wp\/v2\/comments?post=479"}],"version-history":[{"count":0,"href":"https:\/\/www.manaus.am.gov.br\/manauscult\/wp-json\/wp\/v2\/posts\/479\/revisions"}],"wp:featuredmedia":[{"embeddable":true,"href":"https:\/\/www.manaus.am.gov.br\/manauscult\/wp-json\/wp\/v2\/media\/480"}],"wp:attachment":[{"href":"https:\/\/www.manaus.am.gov.br\/manauscult\/wp-json\/wp\/v2\/media?parent=479"}],"wp:term":[{"taxonomy":"category","embeddable":true,"href":"https:\/\/www.manaus.am.gov.br\/manauscult\/wp-json\/wp\/v2\/categories?post=479"},{"taxonomy":"post_tag","embeddable":true,"href":"https:\/\/www.manaus.am.gov.br\/manauscult\/wp-json\/wp\/v2\/tags?post=479"}],"curies":[{"name":"wp","href":"https:\/\/api.w.org\/{rel}","templated":true}]}}