{"id":4756,"date":"2025-09-13T13:22:56","date_gmt":"2025-09-13T17:22:56","guid":{"rendered":"https:\/\/www.manaus.am.gov.br\/manauscult\/projeto-concultura-nos-bairros\/"},"modified":"2025-09-13T13:26:25","modified_gmt":"2025-09-13T17:26:25","slug":"projeto-concultura-nos-bairros","status":"publish","type":"post","link":"https:\/\/www.manaus.am.gov.br\/manauscult\/projeto-concultura-nos-bairros\/","title":{"rendered":"Projeto \u2018Concultura nos Bairros\u2019 da Prefeitura de Manaus leva a\u00e7\u00f5es culturais ao Novo Aleixo"},"content":{"rendered":"\n<p>A Prefeitura de Manaus, por meio do Conselho Municipal de Cultura (Concultura), realizou, neste s\u00e1bado, 13\/9, mais uma edi\u00e7\u00e3o do projeto \u201cConcultura nos Bairros\u201d. Desta vez, o evento aconteceu na Casa Coletiva, localizada no bairro Novo Aleixo, na zona Norte da capital amazonense.<br><br>O presidente do Concultura, Tony Medeiros, destacou a import\u00e2ncia da parceria com o espa\u00e7o cultural local para fortalecer e descentralizar as a\u00e7\u00f5es culturais na cidade.<br><br>\u201cEssa parceria com a Casa Coletiva \u00e9 fundamental para promover e fortalecer a cultura nos bairros, especialmente nas zonas perif\u00e9ricas. Nosso objetivo \u00e9 levar conhecimento, oportunidades e pol\u00edticas p\u00fablicas a todos os cantos de Manaus\u201d, afirmou o presidente.<br><br>Durante o encontro, foram abordadas tem\u00e1ticas como a elabora\u00e7\u00e3o de projetos culturais voltados \u00e0 participa\u00e7\u00e3o em editais da Pol\u00edtica Nacional Aldir Blanc (Pnab), al\u00e9m da import\u00e2ncia de manter um portf\u00f3lio estruturado para artistas e fazedores de cultura.<br><br>A gestora da Casa Coletiva, Michelle Andrews, ressaltou o papel do espa\u00e7o na democratiza\u00e7\u00e3o do acesso \u00e0 cultura e ao conhecimento.<br><br>\u201cO &#8216;Concultura nos Bairros&#8217; tem tudo a ver com a Casa Coletiva, pois ambos pensam a cultura de forma descentralizada. Trazer o evento para c\u00e1 \u00e9 reconhecer a pot\u00eancia da produ\u00e7\u00e3o cultural da periferia e mostrar que esse territ\u00f3rio tamb\u00e9m pode ser protagonista. A Casa est\u00e1 preparada para receber a\u00e7\u00f5es como essa, com estrutura e engajamento local\u201d, explicou Michelle.<br><br><strong>Atividades<\/strong><br><br>A programa\u00e7\u00e3o contou ainda com a participa\u00e7\u00e3o do grupo l\u00fadico de educa\u00e7\u00e3o ambiental &#8220;Garis da Alegria&#8221;, da Secretaria Municipal de Limpeza Urbana (Semulsp). Eles realizaram uma apresenta\u00e7\u00e3o de sensibiliza\u00e7\u00e3o sobre descarte correto de res\u00edduos, coleta seletiva, reciclagem e boas pr\u00e1ticas ambientais.<br><br>Al\u00e9m das palestras e atividades culturais, os participantes tamb\u00e9m tiveram acesso a orienta\u00e7\u00f5es jur\u00eddicas e cont\u00e1beis, bem como informa\u00e7\u00f5es para abertura de Microempreendedor Individual (MEI), oferecendo suporte essencial \u00e0 regulariza\u00e7\u00e3o e profissionaliza\u00e7\u00e3o de artistas e agentes culturais.<br><br><strong>Projeto <\/strong><br><br>Com car\u00e1ter itinerante e cont\u00ednuo, o projeto \u201cConcultura nos Bairros&#8221; tem novas edi\u00e7\u00f5es previstas para os pr\u00f3ximos meses, contemplando diferentes zonas da cidade. A proposta \u00e9 democratizar o conhecimento sobre os mecanismos de fomento \u00e0 cultura, ampliar o alcance das pol\u00edticas p\u00fablicas e contribuir para o fortalecimento da produ\u00e7\u00e3o art\u00edstica local.<\/p>\n\n\n\n<figure class=\"wp-block-image size-large\"><img loading=\"lazy\" decoding=\"async\" width=\"1024\" height=\"768\" src=\"https:\/\/www.manaus.am.gov.br\/manauscult\/wp-content\/uploads\/sites\/11\/2025\/09\/Projeto-\u2018Concultura-nos-Bairros-1024x768.jpg\" alt=\"\" class=\"wp-image-4759\" srcset=\"https:\/\/www.manaus.am.gov.br\/manauscult\/wp-content\/uploads\/sites\/11\/2025\/09\/Projeto-\u2018Concultura-nos-Bairros-1024x768.jpg 1024w, https:\/\/www.manaus.am.gov.br\/manauscult\/wp-content\/uploads\/sites\/11\/2025\/09\/Projeto-\u2018Concultura-nos-Bairros-300x225.jpg 300w, https:\/\/www.manaus.am.gov.br\/manauscult\/wp-content\/uploads\/sites\/11\/2025\/09\/Projeto-\u2018Concultura-nos-Bairros-768x576.jpg 768w, https:\/\/www.manaus.am.gov.br\/manauscult\/wp-content\/uploads\/sites\/11\/2025\/09\/Projeto-\u2018Concultura-nos-Bairros-1536x1152.jpg 1536w, https:\/\/www.manaus.am.gov.br\/manauscult\/wp-content\/uploads\/sites\/11\/2025\/09\/Projeto-\u2018Concultura-nos-Bairros.jpg 1600w\" sizes=\"(max-width: 1024px) 100vw, 1024px\" \/><\/figure>\n\n\n\n<p><br>A a\u00e7\u00e3o \u00e9 promovida pela Prefeitura de Manaus, por meio do Concultura, reafirmando o compromisso com a cultura como ferramenta de transforma\u00e7\u00e3o social.<\/p>\n\n\n\n<p>\u2014 \u2014 \u2014<br><strong>Texto &#8211;<\/strong> Ismael Oliveira \/ Concultura<br><strong>Fotos &#8211; <\/strong>Valdo Le\u00e3o \/ Semcom e Ismael Oliveira \/ Concultura<br><strong>Dispon\u00edveis em &#8211;<\/strong> <a href=\"https:\/\/flic.kr\/s\/aHBqjCtVus\">https:\/\/flic.kr\/s\/aHBqjCtVus<\/a>\u00a0\u00a0<\/p>\n","protected":false},"excerpt":{"rendered":"","protected":false},"author":68,"featured_media":4757,"comment_status":"closed","ping_status":"closed","sticky":false,"template":"","format":"standard","meta":{"footnotes":""},"categories":[12],"tags":[11,1719],"acf":[],"yoast_head":"<!-- This site is optimized with the Yoast SEO plugin v23.0 - https:\/\/yoast.com\/wordpress\/plugins\/seo\/ -->\n<title>Projeto \u2018Concultura nos Bairros\u2019 da Prefeitura de Manaus leva a\u00e7\u00f5es culturais ao Novo Aleixo<\/title>\n<meta name=\"description\" content=\"A Prefeitura de Manaus, por meio do Conselho Municipal de Cultura (Concultura), realizou, neste s\u00e1bado, 13\/9, mais uma edi\u00e7\u00e3o do projeto \u201cConcultura nos Bairros\u201d. Desta vez, o evento aconteceu na Casa Coletiva, localizada no bairro Novo Aleixo, na zona Norte da capital amazonense.\" \/>\n<meta name=\"robots\" content=\"noindex, follow\" \/>\n<meta property=\"og:locale\" content=\"pt_BR\" \/>\n<meta property=\"og:type\" content=\"article\" \/>\n<meta property=\"og:title\" content=\"Projeto \u2018Concultura nos Bairros\u2019 da Prefeitura de Manaus leva a\u00e7\u00f5es culturais ao Novo Aleixo\" \/>\n<meta property=\"og:description\" content=\"A Prefeitura de Manaus, por meio do Conselho Municipal de Cultura (Concultura), realizou, neste s\u00e1bado, 13\/9, mais uma edi\u00e7\u00e3o do projeto \u201cConcultura nos Bairros\u201d. Desta vez, o evento aconteceu na Casa Coletiva, localizada no bairro Novo Aleixo, na zona Norte da capital amazonense.\" \/>\n<meta property=\"og:url\" content=\"https:\/\/www.manaus.am.gov.br\/manauscult\/projeto-concultura-nos-bairros\/\" \/>\n<meta property=\"og:site_name\" content=\"MANAUSCULT\" \/>\n<meta property=\"article:published_time\" content=\"2025-09-13T17:22:56+00:00\" \/>\n<meta property=\"article:modified_time\" content=\"2025-09-13T17:26:25+00:00\" \/>\n<meta property=\"og:image\" content=\"https:\/\/www.manaus.am.gov.br\/manauscult\/wp-content\/uploads\/sites\/11\/2025\/09\/54784406355_c06e15c225_c.jpg\" \/>\n\t<meta property=\"og:image:width\" content=\"799\" \/>\n\t<meta property=\"og:image:height\" content=\"533\" \/>\n\t<meta property=\"og:image:type\" content=\"image\/jpeg\" \/>\n<meta name=\"author\" content=\"bvalente\" \/>\n<meta name=\"twitter:card\" content=\"summary_large_image\" \/>\n<meta name=\"twitter:label1\" content=\"Written by\" \/>\n\t<meta name=\"twitter:data1\" content=\"bvalente\" \/>\n\t<meta name=\"twitter:label2\" content=\"Est. reading time\" \/>\n\t<meta name=\"twitter:data2\" content=\"3 minutos\" \/>\n<script type=\"application\/ld+json\" class=\"yoast-schema-graph\">{\"@context\":\"https:\/\/schema.org\",\"@graph\":[{\"@type\":\"WebPage\",\"@id\":\"https:\/\/www.manaus.am.gov.br\/manauscult\/projeto-concultura-nos-bairros\/\",\"url\":\"https:\/\/www.manaus.am.gov.br\/manauscult\/projeto-concultura-nos-bairros\/\",\"name\":\"Projeto \u2018Concultura nos Bairros\u2019 da Prefeitura de Manaus leva a\u00e7\u00f5es culturais ao Novo Aleixo\",\"isPartOf\":{\"@id\":\"https:\/\/www.manaus.am.gov.br\/manauscult\/#website\"},\"primaryImageOfPage\":{\"@id\":\"https:\/\/www.manaus.am.gov.br\/manauscult\/projeto-concultura-nos-bairros\/#primaryimage\"},\"image\":{\"@id\":\"https:\/\/www.manaus.am.gov.br\/manauscult\/projeto-concultura-nos-bairros\/#primaryimage\"},\"thumbnailUrl\":\"https:\/\/www.manaus.am.gov.br\/manauscult\/wp-content\/uploads\/sites\/11\/2025\/09\/54784406355_c06e15c225_c.jpg\",\"datePublished\":\"2025-09-13T17:22:56+00:00\",\"dateModified\":\"2025-09-13T17:26:25+00:00\",\"author\":{\"@id\":\"https:\/\/www.manaus.am.gov.br\/manauscult\/#\/schema\/person\/466a0e03ae4b6062809046bd560ac955\"},\"description\":\"A Prefeitura de Manaus, por meio do Conselho Municipal de Cultura (Concultura), realizou, neste s\u00e1bado, 13\/9, mais uma edi\u00e7\u00e3o do projeto \u201cConcultura nos Bairros\u201d. Desta vez, o evento aconteceu na Casa Coletiva, localizada no bairro Novo Aleixo, na zona Norte da capital amazonense.\",\"breadcrumb\":{\"@id\":\"https:\/\/www.manaus.am.gov.br\/manauscult\/projeto-concultura-nos-bairros\/#breadcrumb\"},\"inLanguage\":\"pt-BR\",\"potentialAction\":[{\"@type\":\"ReadAction\",\"target\":[\"https:\/\/www.manaus.am.gov.br\/manauscult\/projeto-concultura-nos-bairros\/\"]}]},{\"@type\":\"ImageObject\",\"inLanguage\":\"pt-BR\",\"@id\":\"https:\/\/www.manaus.am.gov.br\/manauscult\/projeto-concultura-nos-bairros\/#primaryimage\",\"url\":\"https:\/\/www.manaus.am.gov.br\/manauscult\/wp-content\/uploads\/sites\/11\/2025\/09\/54784406355_c06e15c225_c.jpg\",\"contentUrl\":\"https:\/\/www.manaus.am.gov.br\/manauscult\/wp-content\/uploads\/sites\/11\/2025\/09\/54784406355_c06e15c225_c.jpg\",\"width\":799,\"height\":533},{\"@type\":\"BreadcrumbList\",\"@id\":\"https:\/\/www.manaus.am.gov.br\/manauscult\/projeto-concultura-nos-bairros\/#breadcrumb\",\"itemListElement\":[{\"@type\":\"ListItem\",\"position\":1,\"name\":\"Home\",\"item\":\"https:\/\/www.manaus.am.gov.br\/manauscult\/\"},{\"@type\":\"ListItem\",\"position\":2,\"name\":\"Projeto \u2018Concultura nos Bairros\u2019 da Prefeitura de Manaus leva a\u00e7\u00f5es culturais ao Novo Aleixo\"}]},{\"@type\":\"WebSite\",\"@id\":\"https:\/\/www.manaus.am.gov.br\/manauscult\/#website\",\"url\":\"https:\/\/www.manaus.am.gov.br\/manauscult\/\",\"name\":\"MANAUSCULT\",\"description\":\"Prefeitura de Manaus\",\"potentialAction\":[{\"@type\":\"SearchAction\",\"target\":{\"@type\":\"EntryPoint\",\"urlTemplate\":\"https:\/\/www.manaus.am.gov.br\/manauscult\/?s={search_term_string}\"},\"query-input\":\"required name=search_term_string\"}],\"inLanguage\":\"pt-BR\"},{\"@type\":\"Person\",\"@id\":\"https:\/\/www.manaus.am.gov.br\/manauscult\/#\/schema\/person\/466a0e03ae4b6062809046bd560ac955\",\"name\":\"bvalente\",\"image\":{\"@type\":\"ImageObject\",\"inLanguage\":\"pt-BR\",\"@id\":\"https:\/\/www.manaus.am.gov.br\/manauscult\/#\/schema\/person\/image\/\",\"url\":\"https:\/\/secure.gravatar.com\/avatar\/3e69bc2b014bdad41adfec3a39de07d2?s=96&d=mm&r=g\",\"contentUrl\":\"https:\/\/secure.gravatar.com\/avatar\/3e69bc2b014bdad41adfec3a39de07d2?s=96&d=mm&r=g\",\"caption\":\"bvalente\"}}]}<\/script>\n<!-- \/ Yoast SEO plugin. -->","yoast_head_json":{"title":"Projeto \u2018Concultura nos Bairros\u2019 da Prefeitura de Manaus leva a\u00e7\u00f5es culturais ao Novo Aleixo","description":"A Prefeitura de Manaus, por meio do Conselho Municipal de Cultura (Concultura), realizou, neste s\u00e1bado, 13\/9, mais uma edi\u00e7\u00e3o do projeto \u201cConcultura nos Bairros\u201d. Desta vez, o evento aconteceu na Casa Coletiva, localizada no bairro Novo Aleixo, na zona Norte da capital amazonense.","robots":{"index":"noindex","follow":"follow"},"og_locale":"pt_BR","og_type":"article","og_title":"Projeto \u2018Concultura nos Bairros\u2019 da Prefeitura de Manaus leva a\u00e7\u00f5es culturais ao Novo Aleixo","og_description":"A Prefeitura de Manaus, por meio do Conselho Municipal de Cultura (Concultura), realizou, neste s\u00e1bado, 13\/9, mais uma edi\u00e7\u00e3o do projeto \u201cConcultura nos Bairros\u201d. Desta vez, o evento aconteceu na Casa Coletiva, localizada no bairro Novo Aleixo, na zona Norte da capital amazonense.","og_url":"https:\/\/www.manaus.am.gov.br\/manauscult\/projeto-concultura-nos-bairros\/","og_site_name":"MANAUSCULT","article_published_time":"2025-09-13T17:22:56+00:00","article_modified_time":"2025-09-13T17:26:25+00:00","og_image":[{"width":799,"height":533,"url":"https:\/\/www.manaus.am.gov.br\/manauscult\/wp-content\/uploads\/sites\/11\/2025\/09\/54784406355_c06e15c225_c.jpg","type":"image\/jpeg"}],"author":"bvalente","twitter_card":"summary_large_image","twitter_misc":{"Written by":"bvalente","Est. reading time":"3 minutos"},"schema":{"@context":"https:\/\/schema.org","@graph":[{"@type":"WebPage","@id":"https:\/\/www.manaus.am.gov.br\/manauscult\/projeto-concultura-nos-bairros\/","url":"https:\/\/www.manaus.am.gov.br\/manauscult\/projeto-concultura-nos-bairros\/","name":"Projeto \u2018Concultura nos Bairros\u2019 da Prefeitura de Manaus leva a\u00e7\u00f5es culturais ao Novo Aleixo","isPartOf":{"@id":"https:\/\/www.manaus.am.gov.br\/manauscult\/#website"},"primaryImageOfPage":{"@id":"https:\/\/www.manaus.am.gov.br\/manauscult\/projeto-concultura-nos-bairros\/#primaryimage"},"image":{"@id":"https:\/\/www.manaus.am.gov.br\/manauscult\/projeto-concultura-nos-bairros\/#primaryimage"},"thumbnailUrl":"https:\/\/www.manaus.am.gov.br\/manauscult\/wp-content\/uploads\/sites\/11\/2025\/09\/54784406355_c06e15c225_c.jpg","datePublished":"2025-09-13T17:22:56+00:00","dateModified":"2025-09-13T17:26:25+00:00","author":{"@id":"https:\/\/www.manaus.am.gov.br\/manauscult\/#\/schema\/person\/466a0e03ae4b6062809046bd560ac955"},"description":"A Prefeitura de Manaus, por meio do Conselho Municipal de Cultura (Concultura), realizou, neste s\u00e1bado, 13\/9, mais uma edi\u00e7\u00e3o do projeto \u201cConcultura nos Bairros\u201d. Desta vez, o evento aconteceu na Casa Coletiva, localizada no bairro Novo Aleixo, na zona Norte da capital amazonense.","breadcrumb":{"@id":"https:\/\/www.manaus.am.gov.br\/manauscult\/projeto-concultura-nos-bairros\/#breadcrumb"},"inLanguage":"pt-BR","potentialAction":[{"@type":"ReadAction","target":["https:\/\/www.manaus.am.gov.br\/manauscult\/projeto-concultura-nos-bairros\/"]}]},{"@type":"ImageObject","inLanguage":"pt-BR","@id":"https:\/\/www.manaus.am.gov.br\/manauscult\/projeto-concultura-nos-bairros\/#primaryimage","url":"https:\/\/www.manaus.am.gov.br\/manauscult\/wp-content\/uploads\/sites\/11\/2025\/09\/54784406355_c06e15c225_c.jpg","contentUrl":"https:\/\/www.manaus.am.gov.br\/manauscult\/wp-content\/uploads\/sites\/11\/2025\/09\/54784406355_c06e15c225_c.jpg","width":799,"height":533},{"@type":"BreadcrumbList","@id":"https:\/\/www.manaus.am.gov.br\/manauscult\/projeto-concultura-nos-bairros\/#breadcrumb","itemListElement":[{"@type":"ListItem","position":1,"name":"Home","item":"https:\/\/www.manaus.am.gov.br\/manauscult\/"},{"@type":"ListItem","position":2,"name":"Projeto \u2018Concultura nos Bairros\u2019 da Prefeitura de Manaus leva a\u00e7\u00f5es culturais ao Novo Aleixo"}]},{"@type":"WebSite","@id":"https:\/\/www.manaus.am.gov.br\/manauscult\/#website","url":"https:\/\/www.manaus.am.gov.br\/manauscult\/","name":"MANAUSCULT","description":"Prefeitura de Manaus","potentialAction":[{"@type":"SearchAction","target":{"@type":"EntryPoint","urlTemplate":"https:\/\/www.manaus.am.gov.br\/manauscult\/?s={search_term_string}"},"query-input":"required name=search_term_string"}],"inLanguage":"pt-BR"},{"@type":"Person","@id":"https:\/\/www.manaus.am.gov.br\/manauscult\/#\/schema\/person\/466a0e03ae4b6062809046bd560ac955","name":"bvalente","image":{"@type":"ImageObject","inLanguage":"pt-BR","@id":"https:\/\/www.manaus.am.gov.br\/manauscult\/#\/schema\/person\/image\/","url":"https:\/\/secure.gravatar.com\/avatar\/3e69bc2b014bdad41adfec3a39de07d2?s=96&d=mm&r=g","contentUrl":"https:\/\/secure.gravatar.com\/avatar\/3e69bc2b014bdad41adfec3a39de07d2?s=96&d=mm&r=g","caption":"bvalente"}}]}},"_links":{"self":[{"href":"https:\/\/www.manaus.am.gov.br\/manauscult\/wp-json\/wp\/v2\/posts\/4756"}],"collection":[{"href":"https:\/\/www.manaus.am.gov.br\/manauscult\/wp-json\/wp\/v2\/posts"}],"about":[{"href":"https:\/\/www.manaus.am.gov.br\/manauscult\/wp-json\/wp\/v2\/types\/post"}],"author":[{"embeddable":true,"href":"https:\/\/www.manaus.am.gov.br\/manauscult\/wp-json\/wp\/v2\/users\/68"}],"replies":[{"embeddable":true,"href":"https:\/\/www.manaus.am.gov.br\/manauscult\/wp-json\/wp\/v2\/comments?post=4756"}],"version-history":[{"count":2,"href":"https:\/\/www.manaus.am.gov.br\/manauscult\/wp-json\/wp\/v2\/posts\/4756\/revisions"}],"predecessor-version":[{"id":4760,"href":"https:\/\/www.manaus.am.gov.br\/manauscult\/wp-json\/wp\/v2\/posts\/4756\/revisions\/4760"}],"wp:featuredmedia":[{"embeddable":true,"href":"https:\/\/www.manaus.am.gov.br\/manauscult\/wp-json\/wp\/v2\/media\/4757"}],"wp:attachment":[{"href":"https:\/\/www.manaus.am.gov.br\/manauscult\/wp-json\/wp\/v2\/media?parent=4756"}],"wp:term":[{"taxonomy":"category","embeddable":true,"href":"https:\/\/www.manaus.am.gov.br\/manauscult\/wp-json\/wp\/v2\/categories?post=4756"},{"taxonomy":"post_tag","embeddable":true,"href":"https:\/\/www.manaus.am.gov.br\/manauscult\/wp-json\/wp\/v2\/tags?post=4756"}],"curies":[{"name":"wp","href":"https:\/\/api.w.org\/{rel}","templated":true}]}}