{"id":4710,"date":"2025-09-08T13:29:02","date_gmt":"2025-09-08T17:29:02","guid":{"rendered":"https:\/\/www.manaus.am.gov.br\/manauscult\/inclusao-protecao-social-soumanaus-2025\/"},"modified":"2025-09-08T13:29:02","modified_gmt":"2025-09-08T17:29:02","slug":"inclusao-protecao-social-soumanaus-2025","status":"publish","type":"post","link":"https:\/\/www.manaus.am.gov.br\/manauscult\/inclusao-protecao-social-soumanaus-2025\/","title":{"rendered":"Prefeitura de Manaus garante inclus\u00e3o e prote\u00e7\u00e3o social no \u2018#SouManaus 2025\u2019"},"content":{"rendered":"\n<p>A Prefeitura de Manaus, por meio da Secretaria Municipal da Mulher, Assist\u00eancia Social e Cidadania (Semasc), refor\u00e7ou seu compromisso com a inclus\u00e3o e a acessibilidade ao oferecer uma estrutura completa para Pessoas com Defici\u00eancia (PcDs) durante o \u201c#SouManaus Passo a Pa\u00e7o 2025\u201d, realizado nos dias 5, 6 e 7\/9, no centro hist\u00f3rico da capital.<\/p>\n\n\n\n<p>A \u00e1rea exclusiva para PcDs foi criada para garantir acessibilidade, conforto e seguran\u00e7a, reafirmando o car\u00e1ter democr\u00e1tico do festival. O espa\u00e7o contou com rampas de acesso, banheiros adaptados, sinaliza\u00e7\u00e3o inclusiva, atendimento priorit\u00e1rio e o suporte de equipes treinadas para atender pessoas com defici\u00eancia e seus acompanhantes. Ao longo dos tr\u00eas dias de evento, 50 servidores atuaram diariamente na \u00e1rea, que recebeu 780 pessoas com defici\u00eancia e acompanhantes.<\/p>\n\n\n\n<p>Al\u00e9m do atendimento voltado \u00e0 acessibilidade, a secretaria realizou uma ampla atua\u00e7\u00e3o social durante o festival, com mais de 1.200 abordagens sociais, atendendo adolescentes em uso abusivo de \u00e1lcool e drogas, crian\u00e7as acompanhadas por adolescentes, fam\u00edlias com crian\u00e7as menores de 12 anos e casos de crian\u00e7as perdidas. As equipes tamb\u00e9m identificaram 70 pessoas em situa\u00e7\u00e3o de rua e 36 casos de trabalho infantil, que foram acolhidos e encaminhados para a rede de prote\u00e7\u00e3o socioassistencial.<\/p>\n\n\n\n<p>Para o titular da Semasc, Saullo Vianna, os n\u00fameros demonstram o compromisso da Prefeitura de Manaus com a inclus\u00e3o e a cidadania. \u201cO \u2018#SouManaus 2025\u2019 mostrou que \u00e9 poss\u00edvel unir cultura, inclus\u00e3o e cidadania. A presen\u00e7a das nossas equipes fez a diferen\u00e7a para proteger crian\u00e7as, acolher pessoas em situa\u00e7\u00e3o de rua e dar dignidade a quem mais precisa. Manaus est\u00e1 preparada para realizar grandes eventos sem deixar ningu\u00e9m para tr\u00e1s\u201d, destacou.<\/p>\n\n\n\n<p>A iniciativa integra um conjunto de medidas implementadas pela Prefeitura de Manaus para tornar o festival um espa\u00e7o inclusivo, seguro e acess\u00edvel. Al\u00e9m da \u00e1rea exclusiva para PcDs, foram disponibilizadas \u00e1reas adaptadas nos principais palcos e pontos de informa\u00e7\u00e3o acess\u00edveis, refor\u00e7ando o compromisso da gest\u00e3o municipal com a cidadania, a inclus\u00e3o e os direitos humanos.<\/p>\n\n\n\n<figure class=\"wp-block-image size-large\"><img loading=\"lazy\" decoding=\"async\" width=\"682\" height=\"1024\" src=\"https:\/\/www.manaus.am.gov.br\/manauscult\/wp-content\/uploads\/sites\/11\/2025\/09\/54770187560_96d5a443b2_o-1-1-682x1024.jpg\" alt=\"\" class=\"wp-image-4711\" srcset=\"https:\/\/www.manaus.am.gov.br\/manauscult\/wp-content\/uploads\/sites\/11\/2025\/09\/54770187560_96d5a443b2_o-1-1-682x1024.jpg 682w, https:\/\/www.manaus.am.gov.br\/manauscult\/wp-content\/uploads\/sites\/11\/2025\/09\/54770187560_96d5a443b2_o-1-1-200x300.jpg 200w, https:\/\/www.manaus.am.gov.br\/manauscult\/wp-content\/uploads\/sites\/11\/2025\/09\/54770187560_96d5a443b2_o-1-1-768x1152.jpg 768w, https:\/\/www.manaus.am.gov.br\/manauscult\/wp-content\/uploads\/sites\/11\/2025\/09\/54770187560_96d5a443b2_o-1-1.jpg 853w\" sizes=\"(max-width: 682px) 100vw, 682px\" \/><\/figure>\n\n\n\n<p>&#8212; &#8212; &#8212;<\/p>\n\n\n\n<p><strong>Texto &#8211; <\/strong>Syrrames Nobre\/Semasc<strong><br>Fotos \u2013 <\/strong>Divulga\u00e7\u00e3o\/Semcom<\/p>\n","protected":false},"excerpt":{"rendered":"","protected":false},"author":39,"featured_media":4712,"comment_status":"closed","ping_status":"closed","sticky":false,"template":"","format":"standard","meta":{"footnotes":""},"categories":[237],"tags":[1715,1716,1717,11,81],"acf":[],"yoast_head":"<!-- This site is optimized with the Yoast SEO plugin v23.0 - https:\/\/yoast.com\/wordpress\/plugins\/seo\/ -->\n<title>Prefeitura garante inclus\u00e3o e prote\u00e7\u00e3o social no \u2018#SouManaus\u2019<\/title>\n<meta name=\"description\" content=\"Prefeitura de Manaus, por meio da Semasc, garante inclus\u00e3o e prote\u00e7\u00e3o social no \u2018#SouManaus Passo a Pa\u00e7o 2025\u2019.\" \/>\n<meta name=\"robots\" content=\"noindex, follow\" \/>\n<meta property=\"og:locale\" content=\"pt_BR\" \/>\n<meta property=\"og:type\" content=\"article\" \/>\n<meta property=\"og:title\" content=\"Prefeitura garante inclus\u00e3o e prote\u00e7\u00e3o social no \u2018#SouManaus\u2019\" \/>\n<meta property=\"og:description\" content=\"Prefeitura de Manaus, por meio da Semasc, garante inclus\u00e3o e prote\u00e7\u00e3o social no \u2018#SouManaus Passo a Pa\u00e7o 2025\u2019.\" \/>\n<meta property=\"og:url\" content=\"https:\/\/www.manaus.am.gov.br\/manauscult\/inclusao-protecao-social-soumanaus-2025\/\" \/>\n<meta property=\"og:site_name\" content=\"MANAUSCULT\" \/>\n<meta property=\"article:published_time\" content=\"2025-09-08T17:29:02+00:00\" \/>\n<meta property=\"og:image\" content=\"https:\/\/www.manaus.am.gov.br\/manauscult\/wp-content\/uploads\/sites\/11\/2025\/09\/54772529139_e2c672c3dd_o-1.jpg\" \/>\n\t<meta property=\"og:image:width\" content=\"1280\" \/>\n\t<meta property=\"og:image:height\" content=\"853\" \/>\n\t<meta property=\"og:image:type\" content=\"image\/jpeg\" \/>\n<meta name=\"author\" content=\"Bruna Greco\" \/>\n<meta name=\"twitter:card\" content=\"summary_large_image\" \/>\n<meta name=\"twitter:label1\" content=\"Written by\" \/>\n\t<meta name=\"twitter:data1\" content=\"Bruna Greco\" \/>\n\t<meta name=\"twitter:label2\" content=\"Est. reading time\" \/>\n\t<meta name=\"twitter:data2\" content=\"3 minutos\" \/>\n<script type=\"application\/ld+json\" class=\"yoast-schema-graph\">{\"@context\":\"https:\/\/schema.org\",\"@graph\":[{\"@type\":\"WebPage\",\"@id\":\"https:\/\/www.manaus.am.gov.br\/manauscult\/inclusao-protecao-social-soumanaus-2025\/\",\"url\":\"https:\/\/www.manaus.am.gov.br\/manauscult\/inclusao-protecao-social-soumanaus-2025\/\",\"name\":\"Prefeitura garante inclus\u00e3o e prote\u00e7\u00e3o social no \u2018#SouManaus\u2019\",\"isPartOf\":{\"@id\":\"https:\/\/www.manaus.am.gov.br\/manauscult\/#website\"},\"primaryImageOfPage\":{\"@id\":\"https:\/\/www.manaus.am.gov.br\/manauscult\/inclusao-protecao-social-soumanaus-2025\/#primaryimage\"},\"image\":{\"@id\":\"https:\/\/www.manaus.am.gov.br\/manauscult\/inclusao-protecao-social-soumanaus-2025\/#primaryimage\"},\"thumbnailUrl\":\"https:\/\/www.manaus.am.gov.br\/manauscult\/wp-content\/uploads\/sites\/11\/2025\/09\/54772529139_e2c672c3dd_o-1.jpg\",\"datePublished\":\"2025-09-08T17:29:02+00:00\",\"dateModified\":\"2025-09-08T17:29:02+00:00\",\"author\":{\"@id\":\"https:\/\/www.manaus.am.gov.br\/manauscult\/#\/schema\/person\/05d223aea2bf115f9883a6ff3683d81b\"},\"description\":\"Prefeitura de Manaus, por meio da Semasc, garante inclus\u00e3o e prote\u00e7\u00e3o social no \u2018#SouManaus Passo a Pa\u00e7o 2025\u2019.\",\"breadcrumb\":{\"@id\":\"https:\/\/www.manaus.am.gov.br\/manauscult\/inclusao-protecao-social-soumanaus-2025\/#breadcrumb\"},\"inLanguage\":\"pt-BR\",\"potentialAction\":[{\"@type\":\"ReadAction\",\"target\":[\"https:\/\/www.manaus.am.gov.br\/manauscult\/inclusao-protecao-social-soumanaus-2025\/\"]}]},{\"@type\":\"ImageObject\",\"inLanguage\":\"pt-BR\",\"@id\":\"https:\/\/www.manaus.am.gov.br\/manauscult\/inclusao-protecao-social-soumanaus-2025\/#primaryimage\",\"url\":\"https:\/\/www.manaus.am.gov.br\/manauscult\/wp-content\/uploads\/sites\/11\/2025\/09\/54772529139_e2c672c3dd_o-1.jpg\",\"contentUrl\":\"https:\/\/www.manaus.am.gov.br\/manauscult\/wp-content\/uploads\/sites\/11\/2025\/09\/54772529139_e2c672c3dd_o-1.jpg\",\"width\":1280,\"height\":853,\"caption\":\"#paratodosverem - Pessoa com Defici\u00eancia (PcD) com acompanhante aproveitando a programa\u00e7\u00e3o do \\\"#SouManaus Passo a Pa\u00e7o 2025\\\" em \u00e1rea exclusiva\"},{\"@type\":\"BreadcrumbList\",\"@id\":\"https:\/\/www.manaus.am.gov.br\/manauscult\/inclusao-protecao-social-soumanaus-2025\/#breadcrumb\",\"itemListElement\":[{\"@type\":\"ListItem\",\"position\":1,\"name\":\"Home\",\"item\":\"https:\/\/www.manaus.am.gov.br\/manauscult\/\"},{\"@type\":\"ListItem\",\"position\":2,\"name\":\"Prefeitura de Manaus garante inclus\u00e3o e prote\u00e7\u00e3o social no \u2018#SouManaus 2025\u2019\"}]},{\"@type\":\"WebSite\",\"@id\":\"https:\/\/www.manaus.am.gov.br\/manauscult\/#website\",\"url\":\"https:\/\/www.manaus.am.gov.br\/manauscult\/\",\"name\":\"MANAUSCULT\",\"description\":\"Prefeitura de Manaus\",\"potentialAction\":[{\"@type\":\"SearchAction\",\"target\":{\"@type\":\"EntryPoint\",\"urlTemplate\":\"https:\/\/www.manaus.am.gov.br\/manauscult\/?s={search_term_string}\"},\"query-input\":\"required name=search_term_string\"}],\"inLanguage\":\"pt-BR\"},{\"@type\":\"Person\",\"@id\":\"https:\/\/www.manaus.am.gov.br\/manauscult\/#\/schema\/person\/05d223aea2bf115f9883a6ff3683d81b\",\"name\":\"Bruna Greco\",\"image\":{\"@type\":\"ImageObject\",\"inLanguage\":\"pt-BR\",\"@id\":\"https:\/\/www.manaus.am.gov.br\/manauscult\/#\/schema\/person\/image\/\",\"url\":\"https:\/\/secure.gravatar.com\/avatar\/9c877d1a6adc2a055330e5c09a8653ce?s=96&d=mm&r=g\",\"contentUrl\":\"https:\/\/secure.gravatar.com\/avatar\/9c877d1a6adc2a055330e5c09a8653ce?s=96&d=mm&r=g\",\"caption\":\"Bruna Greco\"}}]}<\/script>\n<!-- \/ Yoast SEO plugin. -->","yoast_head_json":{"title":"Prefeitura garante inclus\u00e3o e prote\u00e7\u00e3o social no \u2018#SouManaus\u2019","description":"Prefeitura de Manaus, por meio da Semasc, garante inclus\u00e3o e prote\u00e7\u00e3o social no \u2018#SouManaus Passo a Pa\u00e7o 2025\u2019.","robots":{"index":"noindex","follow":"follow"},"og_locale":"pt_BR","og_type":"article","og_title":"Prefeitura garante inclus\u00e3o e prote\u00e7\u00e3o social no \u2018#SouManaus\u2019","og_description":"Prefeitura de Manaus, por meio da Semasc, garante inclus\u00e3o e prote\u00e7\u00e3o social no \u2018#SouManaus Passo a Pa\u00e7o 2025\u2019.","og_url":"https:\/\/www.manaus.am.gov.br\/manauscult\/inclusao-protecao-social-soumanaus-2025\/","og_site_name":"MANAUSCULT","article_published_time":"2025-09-08T17:29:02+00:00","og_image":[{"width":1280,"height":853,"url":"https:\/\/www.manaus.am.gov.br\/manauscult\/wp-content\/uploads\/sites\/11\/2025\/09\/54772529139_e2c672c3dd_o-1.jpg","type":"image\/jpeg"}],"author":"Bruna Greco","twitter_card":"summary_large_image","twitter_misc":{"Written by":"Bruna Greco","Est. reading time":"3 minutos"},"schema":{"@context":"https:\/\/schema.org","@graph":[{"@type":"WebPage","@id":"https:\/\/www.manaus.am.gov.br\/manauscult\/inclusao-protecao-social-soumanaus-2025\/","url":"https:\/\/www.manaus.am.gov.br\/manauscult\/inclusao-protecao-social-soumanaus-2025\/","name":"Prefeitura garante inclus\u00e3o e prote\u00e7\u00e3o social no \u2018#SouManaus\u2019","isPartOf":{"@id":"https:\/\/www.manaus.am.gov.br\/manauscult\/#website"},"primaryImageOfPage":{"@id":"https:\/\/www.manaus.am.gov.br\/manauscult\/inclusao-protecao-social-soumanaus-2025\/#primaryimage"},"image":{"@id":"https:\/\/www.manaus.am.gov.br\/manauscult\/inclusao-protecao-social-soumanaus-2025\/#primaryimage"},"thumbnailUrl":"https:\/\/www.manaus.am.gov.br\/manauscult\/wp-content\/uploads\/sites\/11\/2025\/09\/54772529139_e2c672c3dd_o-1.jpg","datePublished":"2025-09-08T17:29:02+00:00","dateModified":"2025-09-08T17:29:02+00:00","author":{"@id":"https:\/\/www.manaus.am.gov.br\/manauscult\/#\/schema\/person\/05d223aea2bf115f9883a6ff3683d81b"},"description":"Prefeitura de Manaus, por meio da Semasc, garante inclus\u00e3o e prote\u00e7\u00e3o social no \u2018#SouManaus Passo a Pa\u00e7o 2025\u2019.","breadcrumb":{"@id":"https:\/\/www.manaus.am.gov.br\/manauscult\/inclusao-protecao-social-soumanaus-2025\/#breadcrumb"},"inLanguage":"pt-BR","potentialAction":[{"@type":"ReadAction","target":["https:\/\/www.manaus.am.gov.br\/manauscult\/inclusao-protecao-social-soumanaus-2025\/"]}]},{"@type":"ImageObject","inLanguage":"pt-BR","@id":"https:\/\/www.manaus.am.gov.br\/manauscult\/inclusao-protecao-social-soumanaus-2025\/#primaryimage","url":"https:\/\/www.manaus.am.gov.br\/manauscult\/wp-content\/uploads\/sites\/11\/2025\/09\/54772529139_e2c672c3dd_o-1.jpg","contentUrl":"https:\/\/www.manaus.am.gov.br\/manauscult\/wp-content\/uploads\/sites\/11\/2025\/09\/54772529139_e2c672c3dd_o-1.jpg","width":1280,"height":853,"caption":"#paratodosverem - Pessoa com Defici\u00eancia (PcD) com acompanhante aproveitando a programa\u00e7\u00e3o do \"#SouManaus Passo a Pa\u00e7o 2025\" em \u00e1rea exclusiva"},{"@type":"BreadcrumbList","@id":"https:\/\/www.manaus.am.gov.br\/manauscult\/inclusao-protecao-social-soumanaus-2025\/#breadcrumb","itemListElement":[{"@type":"ListItem","position":1,"name":"Home","item":"https:\/\/www.manaus.am.gov.br\/manauscult\/"},{"@type":"ListItem","position":2,"name":"Prefeitura de Manaus garante inclus\u00e3o e prote\u00e7\u00e3o social no \u2018#SouManaus 2025\u2019"}]},{"@type":"WebSite","@id":"https:\/\/www.manaus.am.gov.br\/manauscult\/#website","url":"https:\/\/www.manaus.am.gov.br\/manauscult\/","name":"MANAUSCULT","description":"Prefeitura de Manaus","potentialAction":[{"@type":"SearchAction","target":{"@type":"EntryPoint","urlTemplate":"https:\/\/www.manaus.am.gov.br\/manauscult\/?s={search_term_string}"},"query-input":"required name=search_term_string"}],"inLanguage":"pt-BR"},{"@type":"Person","@id":"https:\/\/www.manaus.am.gov.br\/manauscult\/#\/schema\/person\/05d223aea2bf115f9883a6ff3683d81b","name":"Bruna Greco","image":{"@type":"ImageObject","inLanguage":"pt-BR","@id":"https:\/\/www.manaus.am.gov.br\/manauscult\/#\/schema\/person\/image\/","url":"https:\/\/secure.gravatar.com\/avatar\/9c877d1a6adc2a055330e5c09a8653ce?s=96&d=mm&r=g","contentUrl":"https:\/\/secure.gravatar.com\/avatar\/9c877d1a6adc2a055330e5c09a8653ce?s=96&d=mm&r=g","caption":"Bruna Greco"}}]}},"_links":{"self":[{"href":"https:\/\/www.manaus.am.gov.br\/manauscult\/wp-json\/wp\/v2\/posts\/4710"}],"collection":[{"href":"https:\/\/www.manaus.am.gov.br\/manauscult\/wp-json\/wp\/v2\/posts"}],"about":[{"href":"https:\/\/www.manaus.am.gov.br\/manauscult\/wp-json\/wp\/v2\/types\/post"}],"author":[{"embeddable":true,"href":"https:\/\/www.manaus.am.gov.br\/manauscult\/wp-json\/wp\/v2\/users\/39"}],"replies":[{"embeddable":true,"href":"https:\/\/www.manaus.am.gov.br\/manauscult\/wp-json\/wp\/v2\/comments?post=4710"}],"version-history":[{"count":1,"href":"https:\/\/www.manaus.am.gov.br\/manauscult\/wp-json\/wp\/v2\/posts\/4710\/revisions"}],"predecessor-version":[{"id":4714,"href":"https:\/\/www.manaus.am.gov.br\/manauscult\/wp-json\/wp\/v2\/posts\/4710\/revisions\/4714"}],"wp:featuredmedia":[{"embeddable":true,"href":"https:\/\/www.manaus.am.gov.br\/manauscult\/wp-json\/wp\/v2\/media\/4712"}],"wp:attachment":[{"href":"https:\/\/www.manaus.am.gov.br\/manauscult\/wp-json\/wp\/v2\/media?parent=4710"}],"wp:term":[{"taxonomy":"category","embeddable":true,"href":"https:\/\/www.manaus.am.gov.br\/manauscult\/wp-json\/wp\/v2\/categories?post=4710"},{"taxonomy":"post_tag","embeddable":true,"href":"https:\/\/www.manaus.am.gov.br\/manauscult\/wp-json\/wp\/v2\/tags?post=4710"}],"curies":[{"name":"wp","href":"https:\/\/api.w.org\/{rel}","templated":true}]}}