{"id":4672,"date":"2025-09-06T17:26:05","date_gmt":"2025-09-06T21:26:05","guid":{"rendered":"https:\/\/www.manaus.am.gov.br\/manauscult\/reciclagem-soumanaus-2025\/"},"modified":"2025-09-06T17:26:05","modified_gmt":"2025-09-06T21:26:05","slug":"reciclagem-soumanaus-2025","status":"publish","type":"post","link":"https:\/\/www.manaus.am.gov.br\/manauscult\/reciclagem-soumanaus-2025\/","title":{"rendered":"Reciclagem ganha protagonismo no \u2018#SouManaus Passo a Pa\u00e7o 2025\u2019 e fortalece cidadania local"},"content":{"rendered":"\n<p>O \u201c#SouManaus Passo a Pa\u00e7o 2025\u201d, organizado pela Prefeitura de Manaus, que acontece at\u00e9 o dia 7\/9, no centro hist\u00f3rico, mostrou que o festival tamb\u00e9m \u00e9 um espa\u00e7o de cidadania e sustentabilidade. Com foco em res\u00edduos de maior valor econ\u00f4mico, como latinhas de alum\u00ednio e garrafas PET, a Secretaria Municipal de Limpeza Urbana (Semulsp) realizou uma opera\u00e7\u00e3o que resultou na coleta de 1.200 quilos de material no primeiro dia do evento.<\/p>\n\n\n\n<p>O volume representa n\u00e3o apenas a preserva\u00e7\u00e3o ambiental, mas tamb\u00e9m renda direta para catadores e cooperados que integram essas organiza\u00e7\u00f5es. O subsecret\u00e1rio da Semulsp, Laurimar Costa, destacou que a a\u00e7\u00e3o especial do evento n\u00e3o se limitou em apenas garantir a limpeza da cidade, mas tamb\u00e9m envolveu a cadeia da reciclagem, em parceria com duas associa\u00e7\u00f5es fundamentais: Lixo e Cidadania e Recicla Manaus.<\/p>\n\n\n\n<p>\u201cO esfor\u00e7o coletivo demonstra a import\u00e2ncia de unir poder p\u00fablico, sociedade e associa\u00e7\u00f5es para transformar o lixo em oportunidade. Cada garrafa e cada latinha recolhida \u00e9 mais do que um res\u00edduo: \u00e9 a prova de que Manaus pode crescer sem abrir m\u00e3o do cuidado com o meio ambiente e com as pessoas que vivem dele\u201d, afirmou.<\/p>\n\n\n\n<p><strong>Inclus\u00e3o e cidadania em pr\u00e1tica<\/strong><\/p>\n\n\n\n<p>O modelo aplicado no festival mostra que eventos culturais de grande porte podem ser aliados de uma economia mais justa, em que reciclagem, gera\u00e7\u00e3o de renda e preserva\u00e7\u00e3o ambiental caminham juntas. O envolvimento das associa\u00e7\u00f5es reafirma o papel social da coleta seletiva e a relev\u00e2ncia de pol\u00edticas p\u00fablicas que priorizam n\u00e3o apenas a limpeza urbana, mas tamb\u00e9m a inclus\u00e3o dos trabalhadores da reciclagem como protagonistas da mudan\u00e7a.<\/p>\n\n\n\n<figure class=\"wp-block-image size-large\"><img loading=\"lazy\" decoding=\"async\" width=\"1024\" height=\"472\" src=\"https:\/\/www.manaus.am.gov.br\/manauscult\/wp-content\/uploads\/sites\/11\/2025\/09\/Limpeza-8-1024x472.jpeg\" alt=\"\" class=\"wp-image-4674\" srcset=\"https:\/\/www.manaus.am.gov.br\/manauscult\/wp-content\/uploads\/sites\/11\/2025\/09\/Limpeza-8-1024x472.jpeg 1024w, https:\/\/www.manaus.am.gov.br\/manauscult\/wp-content\/uploads\/sites\/11\/2025\/09\/Limpeza-8-300x138.jpeg 300w, https:\/\/www.manaus.am.gov.br\/manauscult\/wp-content\/uploads\/sites\/11\/2025\/09\/Limpeza-8-768x354.jpeg 768w, https:\/\/www.manaus.am.gov.br\/manauscult\/wp-content\/uploads\/sites\/11\/2025\/09\/Limpeza-8-1536x708.jpeg 1536w, https:\/\/www.manaus.am.gov.br\/manauscult\/wp-content\/uploads\/sites\/11\/2025\/09\/Limpeza-8.jpeg 1600w\" sizes=\"(max-width: 1024px) 100vw, 1024px\" \/><\/figure>\n\n\n\n<p>&#8212; &#8212; &#8212;<\/p>\n\n\n\n<p><strong>Texto e fotos \u2013<\/strong> Divulga\u00e7\u00e3o\/Semulsp<\/p>\n","protected":false},"excerpt":{"rendered":"","protected":false},"author":39,"featured_media":4673,"comment_status":"closed","ping_status":"closed","sticky":false,"template":"","format":"standard","meta":{"footnotes":""},"categories":[489],"tags":[1458,1702,11,1703,73],"acf":[],"yoast_head":"<!-- This site is optimized with the Yoast SEO plugin v23.0 - https:\/\/yoast.com\/wordpress\/plugins\/seo\/ -->\n<title>Reciclagem ganha protagonismo no \u2018#SouManaus 2025\u2019<\/title>\n<meta name=\"description\" content=\"Reciclagem ganha protagonismo no \u2018#SouManaus Passo a Pa\u00e7o 2025\u2019 e fortalece cidadania local com opera\u00e7\u00e3o da Semulsp.\" \/>\n<meta name=\"robots\" content=\"noindex, follow\" \/>\n<meta property=\"og:locale\" content=\"pt_BR\" \/>\n<meta property=\"og:type\" content=\"article\" \/>\n<meta property=\"og:title\" content=\"Reciclagem ganha protagonismo no \u2018#SouManaus 2025\u2019\" \/>\n<meta property=\"og:description\" content=\"Reciclagem ganha protagonismo no \u2018#SouManaus Passo a Pa\u00e7o 2025\u2019 e fortalece cidadania local com opera\u00e7\u00e3o da Semulsp.\" \/>\n<meta property=\"og:url\" content=\"https:\/\/www.manaus.am.gov.br\/manauscult\/reciclagem-soumanaus-2025\/\" \/>\n<meta property=\"og:site_name\" content=\"MANAUSCULT\" \/>\n<meta property=\"article:published_time\" content=\"2025-09-06T21:26:05+00:00\" \/>\n<meta property=\"og:image\" content=\"https:\/\/www.manaus.am.gov.br\/manauscult\/wp-content\/uploads\/sites\/11\/2025\/09\/Limpeza-4.jpeg\" \/>\n\t<meta property=\"og:image:width\" content=\"1599\" \/>\n\t<meta property=\"og:image:height\" content=\"899\" \/>\n\t<meta property=\"og:image:type\" content=\"image\/jpeg\" \/>\n<meta name=\"author\" content=\"Bruna Greco\" \/>\n<meta name=\"twitter:card\" content=\"summary_large_image\" \/>\n<meta name=\"twitter:label1\" content=\"Written by\" \/>\n\t<meta name=\"twitter:data1\" content=\"Bruna Greco\" \/>\n\t<meta name=\"twitter:label2\" content=\"Est. reading time\" \/>\n\t<meta name=\"twitter:data2\" content=\"2 minutos\" \/>\n<script type=\"application\/ld+json\" class=\"yoast-schema-graph\">{\"@context\":\"https:\/\/schema.org\",\"@graph\":[{\"@type\":\"WebPage\",\"@id\":\"https:\/\/www.manaus.am.gov.br\/manauscult\/reciclagem-soumanaus-2025\/\",\"url\":\"https:\/\/www.manaus.am.gov.br\/manauscult\/reciclagem-soumanaus-2025\/\",\"name\":\"Reciclagem ganha protagonismo no \u2018#SouManaus 2025\u2019\",\"isPartOf\":{\"@id\":\"https:\/\/www.manaus.am.gov.br\/manauscult\/#website\"},\"primaryImageOfPage\":{\"@id\":\"https:\/\/www.manaus.am.gov.br\/manauscult\/reciclagem-soumanaus-2025\/#primaryimage\"},\"image\":{\"@id\":\"https:\/\/www.manaus.am.gov.br\/manauscult\/reciclagem-soumanaus-2025\/#primaryimage\"},\"thumbnailUrl\":\"https:\/\/www.manaus.am.gov.br\/manauscult\/wp-content\/uploads\/sites\/11\/2025\/09\/Limpeza-4.jpeg\",\"datePublished\":\"2025-09-06T21:26:05+00:00\",\"dateModified\":\"2025-09-06T21:26:05+00:00\",\"author\":{\"@id\":\"https:\/\/www.manaus.am.gov.br\/manauscult\/#\/schema\/person\/05d223aea2bf115f9883a6ff3683d81b\"},\"description\":\"Reciclagem ganha protagonismo no \u2018#SouManaus Passo a Pa\u00e7o 2025\u2019 e fortalece cidadania local com opera\u00e7\u00e3o da Semulsp.\",\"breadcrumb\":{\"@id\":\"https:\/\/www.manaus.am.gov.br\/manauscult\/reciclagem-soumanaus-2025\/#breadcrumb\"},\"inLanguage\":\"pt-BR\",\"potentialAction\":[{\"@type\":\"ReadAction\",\"target\":[\"https:\/\/www.manaus.am.gov.br\/manauscult\/reciclagem-soumanaus-2025\/\"]}]},{\"@type\":\"ImageObject\",\"inLanguage\":\"pt-BR\",\"@id\":\"https:\/\/www.manaus.am.gov.br\/manauscult\/reciclagem-soumanaus-2025\/#primaryimage\",\"url\":\"https:\/\/www.manaus.am.gov.br\/manauscult\/wp-content\/uploads\/sites\/11\/2025\/09\/Limpeza-4.jpeg\",\"contentUrl\":\"https:\/\/www.manaus.am.gov.br\/manauscult\/wp-content\/uploads\/sites\/11\/2025\/09\/Limpeza-4.jpeg\",\"width\":1599,\"height\":899,\"caption\":\"#paratodosverem - Equipe da Semulsp realizando limpeza durante o festival \\\"#SouManaus 2025\\\"\"},{\"@type\":\"BreadcrumbList\",\"@id\":\"https:\/\/www.manaus.am.gov.br\/manauscult\/reciclagem-soumanaus-2025\/#breadcrumb\",\"itemListElement\":[{\"@type\":\"ListItem\",\"position\":1,\"name\":\"Home\",\"item\":\"https:\/\/www.manaus.am.gov.br\/manauscult\/\"},{\"@type\":\"ListItem\",\"position\":2,\"name\":\"Reciclagem ganha protagonismo no \u2018#SouManaus Passo a Pa\u00e7o 2025\u2019 e fortalece cidadania local\"}]},{\"@type\":\"WebSite\",\"@id\":\"https:\/\/www.manaus.am.gov.br\/manauscult\/#website\",\"url\":\"https:\/\/www.manaus.am.gov.br\/manauscult\/\",\"name\":\"MANAUSCULT\",\"description\":\"Prefeitura de Manaus\",\"potentialAction\":[{\"@type\":\"SearchAction\",\"target\":{\"@type\":\"EntryPoint\",\"urlTemplate\":\"https:\/\/www.manaus.am.gov.br\/manauscult\/?s={search_term_string}\"},\"query-input\":\"required name=search_term_string\"}],\"inLanguage\":\"pt-BR\"},{\"@type\":\"Person\",\"@id\":\"https:\/\/www.manaus.am.gov.br\/manauscult\/#\/schema\/person\/05d223aea2bf115f9883a6ff3683d81b\",\"name\":\"Bruna Greco\",\"image\":{\"@type\":\"ImageObject\",\"inLanguage\":\"pt-BR\",\"@id\":\"https:\/\/www.manaus.am.gov.br\/manauscult\/#\/schema\/person\/image\/\",\"url\":\"https:\/\/secure.gravatar.com\/avatar\/9c877d1a6adc2a055330e5c09a8653ce?s=96&d=mm&r=g\",\"contentUrl\":\"https:\/\/secure.gravatar.com\/avatar\/9c877d1a6adc2a055330e5c09a8653ce?s=96&d=mm&r=g\",\"caption\":\"Bruna Greco\"}}]}<\/script>\n<!-- \/ Yoast SEO plugin. -->","yoast_head_json":{"title":"Reciclagem ganha protagonismo no \u2018#SouManaus 2025\u2019","description":"Reciclagem ganha protagonismo no \u2018#SouManaus Passo a Pa\u00e7o 2025\u2019 e fortalece cidadania local com opera\u00e7\u00e3o da Semulsp.","robots":{"index":"noindex","follow":"follow"},"og_locale":"pt_BR","og_type":"article","og_title":"Reciclagem ganha protagonismo no \u2018#SouManaus 2025\u2019","og_description":"Reciclagem ganha protagonismo no \u2018#SouManaus Passo a Pa\u00e7o 2025\u2019 e fortalece cidadania local com opera\u00e7\u00e3o da Semulsp.","og_url":"https:\/\/www.manaus.am.gov.br\/manauscult\/reciclagem-soumanaus-2025\/","og_site_name":"MANAUSCULT","article_published_time":"2025-09-06T21:26:05+00:00","og_image":[{"width":1599,"height":899,"url":"https:\/\/www.manaus.am.gov.br\/manauscult\/wp-content\/uploads\/sites\/11\/2025\/09\/Limpeza-4.jpeg","type":"image\/jpeg"}],"author":"Bruna Greco","twitter_card":"summary_large_image","twitter_misc":{"Written by":"Bruna Greco","Est. reading time":"2 minutos"},"schema":{"@context":"https:\/\/schema.org","@graph":[{"@type":"WebPage","@id":"https:\/\/www.manaus.am.gov.br\/manauscult\/reciclagem-soumanaus-2025\/","url":"https:\/\/www.manaus.am.gov.br\/manauscult\/reciclagem-soumanaus-2025\/","name":"Reciclagem ganha protagonismo no \u2018#SouManaus 2025\u2019","isPartOf":{"@id":"https:\/\/www.manaus.am.gov.br\/manauscult\/#website"},"primaryImageOfPage":{"@id":"https:\/\/www.manaus.am.gov.br\/manauscult\/reciclagem-soumanaus-2025\/#primaryimage"},"image":{"@id":"https:\/\/www.manaus.am.gov.br\/manauscult\/reciclagem-soumanaus-2025\/#primaryimage"},"thumbnailUrl":"https:\/\/www.manaus.am.gov.br\/manauscult\/wp-content\/uploads\/sites\/11\/2025\/09\/Limpeza-4.jpeg","datePublished":"2025-09-06T21:26:05+00:00","dateModified":"2025-09-06T21:26:05+00:00","author":{"@id":"https:\/\/www.manaus.am.gov.br\/manauscult\/#\/schema\/person\/05d223aea2bf115f9883a6ff3683d81b"},"description":"Reciclagem ganha protagonismo no \u2018#SouManaus Passo a Pa\u00e7o 2025\u2019 e fortalece cidadania local com opera\u00e7\u00e3o da Semulsp.","breadcrumb":{"@id":"https:\/\/www.manaus.am.gov.br\/manauscult\/reciclagem-soumanaus-2025\/#breadcrumb"},"inLanguage":"pt-BR","potentialAction":[{"@type":"ReadAction","target":["https:\/\/www.manaus.am.gov.br\/manauscult\/reciclagem-soumanaus-2025\/"]}]},{"@type":"ImageObject","inLanguage":"pt-BR","@id":"https:\/\/www.manaus.am.gov.br\/manauscult\/reciclagem-soumanaus-2025\/#primaryimage","url":"https:\/\/www.manaus.am.gov.br\/manauscult\/wp-content\/uploads\/sites\/11\/2025\/09\/Limpeza-4.jpeg","contentUrl":"https:\/\/www.manaus.am.gov.br\/manauscult\/wp-content\/uploads\/sites\/11\/2025\/09\/Limpeza-4.jpeg","width":1599,"height":899,"caption":"#paratodosverem - Equipe da Semulsp realizando limpeza durante o festival \"#SouManaus 2025\""},{"@type":"BreadcrumbList","@id":"https:\/\/www.manaus.am.gov.br\/manauscult\/reciclagem-soumanaus-2025\/#breadcrumb","itemListElement":[{"@type":"ListItem","position":1,"name":"Home","item":"https:\/\/www.manaus.am.gov.br\/manauscult\/"},{"@type":"ListItem","position":2,"name":"Reciclagem ganha protagonismo no \u2018#SouManaus Passo a Pa\u00e7o 2025\u2019 e fortalece cidadania local"}]},{"@type":"WebSite","@id":"https:\/\/www.manaus.am.gov.br\/manauscult\/#website","url":"https:\/\/www.manaus.am.gov.br\/manauscult\/","name":"MANAUSCULT","description":"Prefeitura de Manaus","potentialAction":[{"@type":"SearchAction","target":{"@type":"EntryPoint","urlTemplate":"https:\/\/www.manaus.am.gov.br\/manauscult\/?s={search_term_string}"},"query-input":"required name=search_term_string"}],"inLanguage":"pt-BR"},{"@type":"Person","@id":"https:\/\/www.manaus.am.gov.br\/manauscult\/#\/schema\/person\/05d223aea2bf115f9883a6ff3683d81b","name":"Bruna Greco","image":{"@type":"ImageObject","inLanguage":"pt-BR","@id":"https:\/\/www.manaus.am.gov.br\/manauscult\/#\/schema\/person\/image\/","url":"https:\/\/secure.gravatar.com\/avatar\/9c877d1a6adc2a055330e5c09a8653ce?s=96&d=mm&r=g","contentUrl":"https:\/\/secure.gravatar.com\/avatar\/9c877d1a6adc2a055330e5c09a8653ce?s=96&d=mm&r=g","caption":"Bruna Greco"}}]}},"_links":{"self":[{"href":"https:\/\/www.manaus.am.gov.br\/manauscult\/wp-json\/wp\/v2\/posts\/4672"}],"collection":[{"href":"https:\/\/www.manaus.am.gov.br\/manauscult\/wp-json\/wp\/v2\/posts"}],"about":[{"href":"https:\/\/www.manaus.am.gov.br\/manauscult\/wp-json\/wp\/v2\/types\/post"}],"author":[{"embeddable":true,"href":"https:\/\/www.manaus.am.gov.br\/manauscult\/wp-json\/wp\/v2\/users\/39"}],"replies":[{"embeddable":true,"href":"https:\/\/www.manaus.am.gov.br\/manauscult\/wp-json\/wp\/v2\/comments?post=4672"}],"version-history":[{"count":1,"href":"https:\/\/www.manaus.am.gov.br\/manauscult\/wp-json\/wp\/v2\/posts\/4672\/revisions"}],"predecessor-version":[{"id":4675,"href":"https:\/\/www.manaus.am.gov.br\/manauscult\/wp-json\/wp\/v2\/posts\/4672\/revisions\/4675"}],"wp:featuredmedia":[{"embeddable":true,"href":"https:\/\/www.manaus.am.gov.br\/manauscult\/wp-json\/wp\/v2\/media\/4673"}],"wp:attachment":[{"href":"https:\/\/www.manaus.am.gov.br\/manauscult\/wp-json\/wp\/v2\/media?parent=4672"}],"wp:term":[{"taxonomy":"category","embeddable":true,"href":"https:\/\/www.manaus.am.gov.br\/manauscult\/wp-json\/wp\/v2\/categories?post=4672"},{"taxonomy":"post_tag","embeddable":true,"href":"https:\/\/www.manaus.am.gov.br\/manauscult\/wp-json\/wp\/v2\/tags?post=4672"}],"curies":[{"name":"wp","href":"https:\/\/api.w.org\/{rel}","templated":true}]}}