{"id":4666,"date":"2025-09-07T18:49:11","date_gmt":"2025-09-07T22:49:11","guid":{"rendered":"https:\/\/www.manaus.am.gov.br\/manauscult\/ocorrencias-saude-segundo-dia-soumanaus-2025\/"},"modified":"2025-09-07T18:49:11","modified_gmt":"2025-09-07T22:49:11","slug":"ocorrencias-saude-segundo-dia-soumanaus-2025","status":"publish","type":"post","link":"https:\/\/www.manaus.am.gov.br\/manauscult\/ocorrencias-saude-segundo-dia-soumanaus-2025\/","title":{"rendered":"Prefeitura registra 106 ocorr\u00eancias de sa\u00fade no segundo dia do \u2018#SouManaus 2025\u2019"},"content":{"rendered":"\n<p>A Prefeitura de Manaus, por meio da Secretaria Municipal de Sa\u00fade (Semsa), registrou 106 ocorr\u00eancias m\u00e9dicas, neste s\u00e1bado, 6\/9, segundo dia do \u201c#SouManaus Passo a Pa\u00e7o 2025\u201d, em seus tr\u00eas postos de atendimento m\u00e9dico instalados no evento. Os casos de urg\u00eancia e emerg\u00eancia hipertensiva foram os mais frequentes com 18 registros, seguidos por situa\u00e7\u00f5es relacionadas \u00e0 fadiga, tamb\u00e9m com 18 ocorr\u00eancias. Em terceiro lugar, estiveram os transtornos associados ao uso de \u00e1lcool e outras drogas, que somaram 11 casos.<\/p>\n\n\n\n<p>As equipes tamb\u00e9m prestaram assist\u00eancia a pessoas que apresentaram mal-estar geral (sete casos), epis\u00f3dios de v\u00f4mito e diarreia (sete casos) e n\u00e1useas associadas a v\u00f4mito (seis casos). Al\u00e9m disso, houve cinco atendimentos relacionados a crises de ansiedade.<\/p>\n\n\n\n<p>As demais interven\u00e7\u00f5es foram direcionadas a situa\u00e7\u00f5es pontuais, como insufici\u00eancia respirat\u00f3ria, dorm\u00eancia no rosto, quedas, cortes e luxa\u00e7\u00f5es, entre outros. Ao todo, sete pacientes precisaram ser removidos pelo Servi\u00e7o de Atendimento M\u00f3vel de Urg\u00eancia (Samu) para unidades de pronto atendimento ou hospitais de urg\u00eancia e emerg\u00eancia.<\/p>\n\n\n\n<p>\u201cNossas equipes iniciaram a prepara\u00e7\u00e3o para o atendimento pr\u00e9-hospitalar muitas horas antes do in\u00edcio do festival, justamente para que a maioria das situa\u00e7\u00f5es fosse resolvida ainda no local e conseguimos atingir esse objetivo. Foram poucas as ocorr\u00eancias que necessitaram de remo\u00e7\u00e3o. Todos est\u00e3o de parab\u00e9ns\u201d, destacou a assessora t\u00e9cnica da Subsecretaria de Assist\u00eancia \u00e0 Sa\u00fade da Semsa, Aldeniza Ara\u00fajo.<\/p>\n\n\n\n<p>Somando os atendimentos de quinta e sexta-feira, 5 e 6\/9, as equipes de sa\u00fade da Semsa contabilizaram 171 ocorr\u00eancias e 10 remo\u00e7\u00f5es. Os casos de fadiga (31), urg\u00eancia e emerg\u00eancia hipertensiva (26) e transtornos relacionados ao uso de \u00e1lcool e drogas (13) figuram entre os de maior n\u00famero, seguidos de mal-estar geral (11) e crises de ansiedade (10).<\/p>\n\n\n\n<figure class=\"wp-block-image size-full\"><img loading=\"lazy\" decoding=\"async\" width=\"612\" height=\"568\" src=\"https:\/\/www.manaus.am.gov.br\/manauscult\/wp-content\/uploads\/sites\/11\/2025\/09\/WhatsApp-Image-2025-09-07-at-19.18.22.jpeg\" alt=\"\" class=\"wp-image-4668\" srcset=\"https:\/\/www.manaus.am.gov.br\/manauscult\/wp-content\/uploads\/sites\/11\/2025\/09\/WhatsApp-Image-2025-09-07-at-19.18.22.jpeg 612w, https:\/\/www.manaus.am.gov.br\/manauscult\/wp-content\/uploads\/sites\/11\/2025\/09\/WhatsApp-Image-2025-09-07-at-19.18.22-300x278.jpeg 300w\" sizes=\"(max-width: 612px) 100vw, 612px\" \/><\/figure>\n\n\n\n<p>&#8212; &#8212; &#8212;<\/p>\n\n\n\n<p><strong>Texto <\/strong>&#8211; Divulga\u00e7\u00e3o\/Semsa<\/p>\n\n\n\n<p><strong>Fotos \u2013 <\/strong>Divulga\u00e7\u00e3o\/Semsa<\/p>\n","protected":false},"excerpt":{"rendered":"","protected":false},"author":39,"featured_media":4667,"comment_status":"closed","ping_status":"closed","sticky":false,"template":"","format":"standard","meta":{"footnotes":""},"categories":[1700],"tags":[1591,1701,11,1076,123],"acf":[],"yoast_head":"<!-- This site is optimized with the Yoast SEO plugin v23.0 - https:\/\/yoast.com\/wordpress\/plugins\/seo\/ -->\n<title>106 ocorr\u00eancias de sa\u00fade no segundo dia do \u2018#SouManaus 2025\u2019<\/title>\n<meta name=\"description\" content=\"Prefeitura de Manaus, por meio da Semsa, registra 106 ocorr\u00eancias de sa\u00fade no segundo dia do \u2018#SouManaus 2025\u2019.\" \/>\n<meta name=\"robots\" content=\"noindex, follow\" \/>\n<meta property=\"og:locale\" content=\"pt_BR\" \/>\n<meta property=\"og:type\" content=\"article\" \/>\n<meta property=\"og:title\" content=\"106 ocorr\u00eancias de sa\u00fade no segundo dia do \u2018#SouManaus 2025\u2019\" \/>\n<meta property=\"og:description\" content=\"Prefeitura de Manaus, por meio da Semsa, registra 106 ocorr\u00eancias de sa\u00fade no segundo dia do \u2018#SouManaus 2025\u2019.\" \/>\n<meta property=\"og:url\" content=\"https:\/\/www.manaus.am.gov.br\/manauscult\/ocorrencias-saude-segundo-dia-soumanaus-2025\/\" \/>\n<meta property=\"og:site_name\" content=\"MANAUSCULT\" \/>\n<meta property=\"article:published_time\" content=\"2025-09-07T22:49:11+00:00\" \/>\n<meta property=\"og:image\" content=\"https:\/\/www.manaus.am.gov.br\/manauscult\/wp-content\/uploads\/sites\/11\/2025\/09\/WhatsApp-Image-2025-09-07-at-19.15.38-1.jpeg\" \/>\n\t<meta property=\"og:image:width\" content=\"1372\" \/>\n\t<meta property=\"og:image:height\" content=\"720\" \/>\n\t<meta property=\"og:image:type\" content=\"image\/jpeg\" \/>\n<meta name=\"author\" content=\"Bruna Greco\" \/>\n<meta name=\"twitter:card\" content=\"summary_large_image\" \/>\n<meta name=\"twitter:label1\" content=\"Written by\" \/>\n\t<meta name=\"twitter:data1\" content=\"Bruna Greco\" \/>\n\t<meta name=\"twitter:label2\" content=\"Est. reading time\" \/>\n\t<meta name=\"twitter:data2\" content=\"2 minutos\" \/>\n<script type=\"application\/ld+json\" class=\"yoast-schema-graph\">{\"@context\":\"https:\/\/schema.org\",\"@graph\":[{\"@type\":\"WebPage\",\"@id\":\"https:\/\/www.manaus.am.gov.br\/manauscult\/ocorrencias-saude-segundo-dia-soumanaus-2025\/\",\"url\":\"https:\/\/www.manaus.am.gov.br\/manauscult\/ocorrencias-saude-segundo-dia-soumanaus-2025\/\",\"name\":\"106 ocorr\u00eancias de sa\u00fade no segundo dia do \u2018#SouManaus 2025\u2019\",\"isPartOf\":{\"@id\":\"https:\/\/www.manaus.am.gov.br\/manauscult\/#website\"},\"primaryImageOfPage\":{\"@id\":\"https:\/\/www.manaus.am.gov.br\/manauscult\/ocorrencias-saude-segundo-dia-soumanaus-2025\/#primaryimage\"},\"image\":{\"@id\":\"https:\/\/www.manaus.am.gov.br\/manauscult\/ocorrencias-saude-segundo-dia-soumanaus-2025\/#primaryimage\"},\"thumbnailUrl\":\"https:\/\/www.manaus.am.gov.br\/manauscult\/wp-content\/uploads\/sites\/11\/2025\/09\/WhatsApp-Image-2025-09-07-at-19.15.38-1.jpeg\",\"datePublished\":\"2025-09-07T22:49:11+00:00\",\"dateModified\":\"2025-09-07T22:49:11+00:00\",\"author\":{\"@id\":\"https:\/\/www.manaus.am.gov.br\/manauscult\/#\/schema\/person\/05d223aea2bf115f9883a6ff3683d81b\"},\"description\":\"Prefeitura de Manaus, por meio da Semsa, registra 106 ocorr\u00eancias de sa\u00fade no segundo dia do \u2018#SouManaus 2025\u2019.\",\"breadcrumb\":{\"@id\":\"https:\/\/www.manaus.am.gov.br\/manauscult\/ocorrencias-saude-segundo-dia-soumanaus-2025\/#breadcrumb\"},\"inLanguage\":\"pt-BR\",\"potentialAction\":[{\"@type\":\"ReadAction\",\"target\":[\"https:\/\/www.manaus.am.gov.br\/manauscult\/ocorrencias-saude-segundo-dia-soumanaus-2025\/\"]}]},{\"@type\":\"ImageObject\",\"inLanguage\":\"pt-BR\",\"@id\":\"https:\/\/www.manaus.am.gov.br\/manauscult\/ocorrencias-saude-segundo-dia-soumanaus-2025\/#primaryimage\",\"url\":\"https:\/\/www.manaus.am.gov.br\/manauscult\/wp-content\/uploads\/sites\/11\/2025\/09\/WhatsApp-Image-2025-09-07-at-19.15.38-1.jpeg\",\"contentUrl\":\"https:\/\/www.manaus.am.gov.br\/manauscult\/wp-content\/uploads\/sites\/11\/2025\/09\/WhatsApp-Image-2025-09-07-at-19.15.38-1.jpeg\",\"width\":1372,\"height\":720,\"caption\":\"#paratodosverem - Profissionais da Semsa atuando em posto de atendimento do \\\"#SouManaus Passo a Pa\u00e7o 2025\\\"\"},{\"@type\":\"BreadcrumbList\",\"@id\":\"https:\/\/www.manaus.am.gov.br\/manauscult\/ocorrencias-saude-segundo-dia-soumanaus-2025\/#breadcrumb\",\"itemListElement\":[{\"@type\":\"ListItem\",\"position\":1,\"name\":\"Home\",\"item\":\"https:\/\/www.manaus.am.gov.br\/manauscult\/\"},{\"@type\":\"ListItem\",\"position\":2,\"name\":\"Prefeitura registra 106 ocorr\u00eancias de sa\u00fade no segundo dia do \u2018#SouManaus 2025\u2019\"}]},{\"@type\":\"WebSite\",\"@id\":\"https:\/\/www.manaus.am.gov.br\/manauscult\/#website\",\"url\":\"https:\/\/www.manaus.am.gov.br\/manauscult\/\",\"name\":\"MANAUSCULT\",\"description\":\"Prefeitura de Manaus\",\"potentialAction\":[{\"@type\":\"SearchAction\",\"target\":{\"@type\":\"EntryPoint\",\"urlTemplate\":\"https:\/\/www.manaus.am.gov.br\/manauscult\/?s={search_term_string}\"},\"query-input\":\"required name=search_term_string\"}],\"inLanguage\":\"pt-BR\"},{\"@type\":\"Person\",\"@id\":\"https:\/\/www.manaus.am.gov.br\/manauscult\/#\/schema\/person\/05d223aea2bf115f9883a6ff3683d81b\",\"name\":\"Bruna Greco\",\"image\":{\"@type\":\"ImageObject\",\"inLanguage\":\"pt-BR\",\"@id\":\"https:\/\/www.manaus.am.gov.br\/manauscult\/#\/schema\/person\/image\/\",\"url\":\"https:\/\/secure.gravatar.com\/avatar\/9c877d1a6adc2a055330e5c09a8653ce?s=96&d=mm&r=g\",\"contentUrl\":\"https:\/\/secure.gravatar.com\/avatar\/9c877d1a6adc2a055330e5c09a8653ce?s=96&d=mm&r=g\",\"caption\":\"Bruna Greco\"}}]}<\/script>\n<!-- \/ Yoast SEO plugin. -->","yoast_head_json":{"title":"106 ocorr\u00eancias de sa\u00fade no segundo dia do \u2018#SouManaus 2025\u2019","description":"Prefeitura de Manaus, por meio da Semsa, registra 106 ocorr\u00eancias de sa\u00fade no segundo dia do \u2018#SouManaus 2025\u2019.","robots":{"index":"noindex","follow":"follow"},"og_locale":"pt_BR","og_type":"article","og_title":"106 ocorr\u00eancias de sa\u00fade no segundo dia do \u2018#SouManaus 2025\u2019","og_description":"Prefeitura de Manaus, por meio da Semsa, registra 106 ocorr\u00eancias de sa\u00fade no segundo dia do \u2018#SouManaus 2025\u2019.","og_url":"https:\/\/www.manaus.am.gov.br\/manauscult\/ocorrencias-saude-segundo-dia-soumanaus-2025\/","og_site_name":"MANAUSCULT","article_published_time":"2025-09-07T22:49:11+00:00","og_image":[{"width":1372,"height":720,"url":"https:\/\/www.manaus.am.gov.br\/manauscult\/wp-content\/uploads\/sites\/11\/2025\/09\/WhatsApp-Image-2025-09-07-at-19.15.38-1.jpeg","type":"image\/jpeg"}],"author":"Bruna Greco","twitter_card":"summary_large_image","twitter_misc":{"Written by":"Bruna Greco","Est. reading time":"2 minutos"},"schema":{"@context":"https:\/\/schema.org","@graph":[{"@type":"WebPage","@id":"https:\/\/www.manaus.am.gov.br\/manauscult\/ocorrencias-saude-segundo-dia-soumanaus-2025\/","url":"https:\/\/www.manaus.am.gov.br\/manauscult\/ocorrencias-saude-segundo-dia-soumanaus-2025\/","name":"106 ocorr\u00eancias de sa\u00fade no segundo dia do \u2018#SouManaus 2025\u2019","isPartOf":{"@id":"https:\/\/www.manaus.am.gov.br\/manauscult\/#website"},"primaryImageOfPage":{"@id":"https:\/\/www.manaus.am.gov.br\/manauscult\/ocorrencias-saude-segundo-dia-soumanaus-2025\/#primaryimage"},"image":{"@id":"https:\/\/www.manaus.am.gov.br\/manauscult\/ocorrencias-saude-segundo-dia-soumanaus-2025\/#primaryimage"},"thumbnailUrl":"https:\/\/www.manaus.am.gov.br\/manauscult\/wp-content\/uploads\/sites\/11\/2025\/09\/WhatsApp-Image-2025-09-07-at-19.15.38-1.jpeg","datePublished":"2025-09-07T22:49:11+00:00","dateModified":"2025-09-07T22:49:11+00:00","author":{"@id":"https:\/\/www.manaus.am.gov.br\/manauscult\/#\/schema\/person\/05d223aea2bf115f9883a6ff3683d81b"},"description":"Prefeitura de Manaus, por meio da Semsa, registra 106 ocorr\u00eancias de sa\u00fade no segundo dia do \u2018#SouManaus 2025\u2019.","breadcrumb":{"@id":"https:\/\/www.manaus.am.gov.br\/manauscult\/ocorrencias-saude-segundo-dia-soumanaus-2025\/#breadcrumb"},"inLanguage":"pt-BR","potentialAction":[{"@type":"ReadAction","target":["https:\/\/www.manaus.am.gov.br\/manauscult\/ocorrencias-saude-segundo-dia-soumanaus-2025\/"]}]},{"@type":"ImageObject","inLanguage":"pt-BR","@id":"https:\/\/www.manaus.am.gov.br\/manauscult\/ocorrencias-saude-segundo-dia-soumanaus-2025\/#primaryimage","url":"https:\/\/www.manaus.am.gov.br\/manauscult\/wp-content\/uploads\/sites\/11\/2025\/09\/WhatsApp-Image-2025-09-07-at-19.15.38-1.jpeg","contentUrl":"https:\/\/www.manaus.am.gov.br\/manauscult\/wp-content\/uploads\/sites\/11\/2025\/09\/WhatsApp-Image-2025-09-07-at-19.15.38-1.jpeg","width":1372,"height":720,"caption":"#paratodosverem - Profissionais da Semsa atuando em posto de atendimento do \"#SouManaus Passo a Pa\u00e7o 2025\""},{"@type":"BreadcrumbList","@id":"https:\/\/www.manaus.am.gov.br\/manauscult\/ocorrencias-saude-segundo-dia-soumanaus-2025\/#breadcrumb","itemListElement":[{"@type":"ListItem","position":1,"name":"Home","item":"https:\/\/www.manaus.am.gov.br\/manauscult\/"},{"@type":"ListItem","position":2,"name":"Prefeitura registra 106 ocorr\u00eancias de sa\u00fade no segundo dia do \u2018#SouManaus 2025\u2019"}]},{"@type":"WebSite","@id":"https:\/\/www.manaus.am.gov.br\/manauscult\/#website","url":"https:\/\/www.manaus.am.gov.br\/manauscult\/","name":"MANAUSCULT","description":"Prefeitura de Manaus","potentialAction":[{"@type":"SearchAction","target":{"@type":"EntryPoint","urlTemplate":"https:\/\/www.manaus.am.gov.br\/manauscult\/?s={search_term_string}"},"query-input":"required name=search_term_string"}],"inLanguage":"pt-BR"},{"@type":"Person","@id":"https:\/\/www.manaus.am.gov.br\/manauscult\/#\/schema\/person\/05d223aea2bf115f9883a6ff3683d81b","name":"Bruna Greco","image":{"@type":"ImageObject","inLanguage":"pt-BR","@id":"https:\/\/www.manaus.am.gov.br\/manauscult\/#\/schema\/person\/image\/","url":"https:\/\/secure.gravatar.com\/avatar\/9c877d1a6adc2a055330e5c09a8653ce?s=96&d=mm&r=g","contentUrl":"https:\/\/secure.gravatar.com\/avatar\/9c877d1a6adc2a055330e5c09a8653ce?s=96&d=mm&r=g","caption":"Bruna Greco"}}]}},"_links":{"self":[{"href":"https:\/\/www.manaus.am.gov.br\/manauscult\/wp-json\/wp\/v2\/posts\/4666"}],"collection":[{"href":"https:\/\/www.manaus.am.gov.br\/manauscult\/wp-json\/wp\/v2\/posts"}],"about":[{"href":"https:\/\/www.manaus.am.gov.br\/manauscult\/wp-json\/wp\/v2\/types\/post"}],"author":[{"embeddable":true,"href":"https:\/\/www.manaus.am.gov.br\/manauscult\/wp-json\/wp\/v2\/users\/39"}],"replies":[{"embeddable":true,"href":"https:\/\/www.manaus.am.gov.br\/manauscult\/wp-json\/wp\/v2\/comments?post=4666"}],"version-history":[{"count":1,"href":"https:\/\/www.manaus.am.gov.br\/manauscult\/wp-json\/wp\/v2\/posts\/4666\/revisions"}],"predecessor-version":[{"id":4671,"href":"https:\/\/www.manaus.am.gov.br\/manauscult\/wp-json\/wp\/v2\/posts\/4666\/revisions\/4671"}],"wp:featuredmedia":[{"embeddable":true,"href":"https:\/\/www.manaus.am.gov.br\/manauscult\/wp-json\/wp\/v2\/media\/4667"}],"wp:attachment":[{"href":"https:\/\/www.manaus.am.gov.br\/manauscult\/wp-json\/wp\/v2\/media?parent=4666"}],"wp:term":[{"taxonomy":"category","embeddable":true,"href":"https:\/\/www.manaus.am.gov.br\/manauscult\/wp-json\/wp\/v2\/categories?post=4666"},{"taxonomy":"post_tag","embeddable":true,"href":"https:\/\/www.manaus.am.gov.br\/manauscult\/wp-json\/wp\/v2\/tags?post=4666"}],"curies":[{"name":"wp","href":"https:\/\/api.w.org\/{rel}","templated":true}]}}