{"id":4652,"date":"2025-09-07T23:30:55","date_gmt":"2025-09-08T03:30:55","guid":{"rendered":"https:\/\/www.manaus.am.gov.br\/manauscult\/soumanaus-2025-talentos-locais-estacao-das-artes\/"},"modified":"2025-09-07T23:30:55","modified_gmt":"2025-09-08T03:30:55","slug":"soumanaus-2025-talentos-locais-estacao-das-artes","status":"publish","type":"post","link":"https:\/\/www.manaus.am.gov.br\/manauscult\/soumanaus-2025-talentos-locais-estacao-das-artes\/","title":{"rendered":"Prefeitura encerra \u2018#SouManaus 2025\u2019 valorizando talentos locais na Esta\u00e7\u00e3o das Artes"},"content":{"rendered":"\n<p>A Prefeitura de Manaus, por meio da Funda\u00e7\u00e3o Municipal de Cultura, Turismo e Eventos (Manauscult), realizou, neste domingo, 7\/9, o encerramento da \u201cEsta\u00e7\u00e3o das Artes\u201d, espa\u00e7o dedicado \u00e0 valoriza\u00e7\u00e3o da produ\u00e7\u00e3o art\u00edstica local como parte do festival \u201c#SouManaus Passo a Pa\u00e7o 2025\u201d. Um dos grandes destaques desta edi\u00e7\u00e3o foi a Companhia Cultura Amaz\u00f4nica, que encantou o p\u00fablico com apresenta\u00e7\u00f5es marcantes no mirante L\u00facia Almeida, localizado no centro hist\u00f3rico da capital.<\/p>\n\n\n\n<p>O espet\u00e1culo emocionou o p\u00fablico ao reafirmar o circo como uma linguagem art\u00edstica contempor\u00e2nea, inclusiva e enraizada na identidade amaz\u00f4nica. No \u201c#SouManaus 2025\u201d, a Companhia Cultura Amaz\u00f4nica presenteou os espectadores com performances de tirar o f\u00f4lego, envolvendo acrobacias em tecidos, lira, faixa, mastro e at\u00e9 a impressionante suspens\u00e3o capilar.<\/p>\n\n\n\n<p>De acordo com o gestor da Companhia Cultura Amaz\u00f4nica (CIA), Yghor Palhano, de 45 anos, a Esta\u00e7\u00e3o das Artes recebeu diversas apresenta\u00e7\u00f5es de circo, com n\u00fameros de acrobacia a\u00e9rea e de solo, incluindo t\u00e9cnicas como tecido, lira, polip\u00eandulo e trap\u00e9zio. \u201cFazer parte do \u2018#SouManaus 2025\u2019 \u00e9 magn\u00edfico. O evento valoriza as artes circenses, d\u00e1 visibilidade aos artistas locais e promove a difus\u00e3o da arte e da cultura. \u00c9 uma celebra\u00e7\u00e3o da criatividade amaz\u00f4nica para o Brasil e para o mundo\u201d, afirmou.<\/p>\n\n\n\n<p>O elenco contou com artistas renomados da cena circense local, incluindo acrobatas, alunos do CTLX e apresenta\u00e7\u00f5es especiais do Palha\u00e7o Pingo e de Kil Andrade, que animaram o p\u00fablico com muita irrever\u00eancia e carisma.<\/p>\n\n\n\n<p>A jovem artista Paula Nascimento, de 11 anos, integrante do grupo de Gin\u00e1stica Art\u00edstica CTLX, comentou sua participa\u00e7\u00e3o no festival. \u201cFoi uma experi\u00eancia incr\u00edvel. Apresentei a gin\u00e1stica e achei tudo muito legal. \u00c9 a nossa primeira participa\u00e7\u00e3o no \u2018#SouManaus\u2019 e estou muito feliz por fazer parte do evento\u201d, finalizou.<\/p>\n\n\n\n<figure class=\"wp-block-image size-large\"><img loading=\"lazy\" decoding=\"async\" width=\"768\" height=\"1024\" src=\"https:\/\/www.manaus.am.gov.br\/manauscult\/wp-content\/uploads\/sites\/11\/2025\/09\/WhatsApp-Image-2025-09-07-at-21.35.35-768x1024.jpeg\" alt=\"\" class=\"wp-image-4654\" srcset=\"https:\/\/www.manaus.am.gov.br\/manauscult\/wp-content\/uploads\/sites\/11\/2025\/09\/WhatsApp-Image-2025-09-07-at-21.35.35-768x1024.jpeg 768w, https:\/\/www.manaus.am.gov.br\/manauscult\/wp-content\/uploads\/sites\/11\/2025\/09\/WhatsApp-Image-2025-09-07-at-21.35.35-225x300.jpeg 225w, https:\/\/www.manaus.am.gov.br\/manauscult\/wp-content\/uploads\/sites\/11\/2025\/09\/WhatsApp-Image-2025-09-07-at-21.35.35-1152x1536.jpeg 1152w, https:\/\/www.manaus.am.gov.br\/manauscult\/wp-content\/uploads\/sites\/11\/2025\/09\/WhatsApp-Image-2025-09-07-at-21.35.35.jpeg 1200w\" sizes=\"(max-width: 768px) 100vw, 768px\" \/><\/figure>\n\n\n\n<p>&#8212; &#8212; &#8212;<\/p>\n\n\n\n<p><strong>Texto &#8211;<\/strong> Thalia Rodrigues\/Semcom<\/p>\n\n\n\n<p><strong>Fotos \u2013 <\/strong>Divulga\u00e7\u00e3o\/Semcom<\/p>\n","protected":false},"excerpt":{"rendered":"","protected":false},"author":39,"featured_media":4653,"comment_status":"closed","ping_status":"closed","sticky":false,"template":"","format":"standard","meta":{"footnotes":""},"categories":[12],"tags":[1458,1650,9,11,1695],"acf":[],"yoast_head":"<!-- This site is optimized with the Yoast SEO plugin v23.0 - https:\/\/yoast.com\/wordpress\/plugins\/seo\/ -->\n<title>&#039;#SouManaus 2025\u2019 valoriza talentos locais na Esta\u00e7\u00e3o das Artes<\/title>\n<meta name=\"description\" content=\"Prefeitura encerra \u2018#SouManaus Passo a Pa\u00e7o 2025\u2019 valorizando talentos locais na Esta\u00e7\u00e3o das Artes durante os tr\u00eas dias de festival.\" \/>\n<meta name=\"robots\" content=\"noindex, follow\" \/>\n<meta property=\"og:locale\" content=\"pt_BR\" \/>\n<meta property=\"og:type\" content=\"article\" \/>\n<meta property=\"og:title\" content=\"&#039;#SouManaus 2025\u2019 valoriza talentos locais na Esta\u00e7\u00e3o das Artes\" \/>\n<meta property=\"og:description\" content=\"Prefeitura encerra \u2018#SouManaus Passo a Pa\u00e7o 2025\u2019 valorizando talentos locais na Esta\u00e7\u00e3o das Artes durante os tr\u00eas dias de festival.\" \/>\n<meta property=\"og:url\" content=\"https:\/\/www.manaus.am.gov.br\/manauscult\/soumanaus-2025-talentos-locais-estacao-das-artes\/\" \/>\n<meta property=\"og:site_name\" content=\"MANAUSCULT\" \/>\n<meta property=\"article:published_time\" content=\"2025-09-08T03:30:55+00:00\" \/>\n<meta property=\"og:image\" content=\"https:\/\/www.manaus.am.gov.br\/manauscult\/wp-content\/uploads\/sites\/11\/2025\/09\/WhatsApp-Image-2025-09-07-at-21.35.34-1.jpeg\" \/>\n\t<meta property=\"og:image:width\" content=\"1600\" \/>\n\t<meta property=\"og:image:height\" content=\"1200\" \/>\n\t<meta property=\"og:image:type\" content=\"image\/jpeg\" \/>\n<meta name=\"author\" content=\"Bruna Greco\" \/>\n<meta name=\"twitter:card\" content=\"summary_large_image\" \/>\n<meta name=\"twitter:label1\" content=\"Written by\" \/>\n\t<meta name=\"twitter:data1\" content=\"Bruna Greco\" \/>\n\t<meta name=\"twitter:label2\" content=\"Est. reading time\" \/>\n\t<meta name=\"twitter:data2\" content=\"2 minutos\" \/>\n<script type=\"application\/ld+json\" class=\"yoast-schema-graph\">{\"@context\":\"https:\/\/schema.org\",\"@graph\":[{\"@type\":\"WebPage\",\"@id\":\"https:\/\/www.manaus.am.gov.br\/manauscult\/soumanaus-2025-talentos-locais-estacao-das-artes\/\",\"url\":\"https:\/\/www.manaus.am.gov.br\/manauscult\/soumanaus-2025-talentos-locais-estacao-das-artes\/\",\"name\":\"'#SouManaus 2025\u2019 valoriza talentos locais na Esta\u00e7\u00e3o das Artes\",\"isPartOf\":{\"@id\":\"https:\/\/www.manaus.am.gov.br\/manauscult\/#website\"},\"primaryImageOfPage\":{\"@id\":\"https:\/\/www.manaus.am.gov.br\/manauscult\/soumanaus-2025-talentos-locais-estacao-das-artes\/#primaryimage\"},\"image\":{\"@id\":\"https:\/\/www.manaus.am.gov.br\/manauscult\/soumanaus-2025-talentos-locais-estacao-das-artes\/#primaryimage\"},\"thumbnailUrl\":\"https:\/\/www.manaus.am.gov.br\/manauscult\/wp-content\/uploads\/sites\/11\/2025\/09\/WhatsApp-Image-2025-09-07-at-21.35.34-1.jpeg\",\"datePublished\":\"2025-09-08T03:30:55+00:00\",\"dateModified\":\"2025-09-08T03:30:55+00:00\",\"author\":{\"@id\":\"https:\/\/www.manaus.am.gov.br\/manauscult\/#\/schema\/person\/05d223aea2bf115f9883a6ff3683d81b\"},\"description\":\"Prefeitura encerra \u2018#SouManaus Passo a Pa\u00e7o 2025\u2019 valorizando talentos locais na Esta\u00e7\u00e3o das Artes durante os tr\u00eas dias de festival.\",\"breadcrumb\":{\"@id\":\"https:\/\/www.manaus.am.gov.br\/manauscult\/soumanaus-2025-talentos-locais-estacao-das-artes\/#breadcrumb\"},\"inLanguage\":\"pt-BR\",\"potentialAction\":[{\"@type\":\"ReadAction\",\"target\":[\"https:\/\/www.manaus.am.gov.br\/manauscult\/soumanaus-2025-talentos-locais-estacao-das-artes\/\"]}]},{\"@type\":\"ImageObject\",\"inLanguage\":\"pt-BR\",\"@id\":\"https:\/\/www.manaus.am.gov.br\/manauscult\/soumanaus-2025-talentos-locais-estacao-das-artes\/#primaryimage\",\"url\":\"https:\/\/www.manaus.am.gov.br\/manauscult\/wp-content\/uploads\/sites\/11\/2025\/09\/WhatsApp-Image-2025-09-07-at-21.35.34-1.jpeg\",\"contentUrl\":\"https:\/\/www.manaus.am.gov.br\/manauscult\/wp-content\/uploads\/sites\/11\/2025\/09\/WhatsApp-Image-2025-09-07-at-21.35.34-1.jpeg\",\"width\":1600,\"height\":1200,\"caption\":\"#paratodosverem - Companhia Cultura Amaz\u00f4nica se apresentando na Esta\u00e7\u00e3o das Artes durante o \\\"#SouManaus Passo a Pa\u00e7o 2025\\\"\"},{\"@type\":\"BreadcrumbList\",\"@id\":\"https:\/\/www.manaus.am.gov.br\/manauscult\/soumanaus-2025-talentos-locais-estacao-das-artes\/#breadcrumb\",\"itemListElement\":[{\"@type\":\"ListItem\",\"position\":1,\"name\":\"Home\",\"item\":\"https:\/\/www.manaus.am.gov.br\/manauscult\/\"},{\"@type\":\"ListItem\",\"position\":2,\"name\":\"Prefeitura encerra \u2018#SouManaus 2025\u2019 valorizando talentos locais na Esta\u00e7\u00e3o das Artes\"}]},{\"@type\":\"WebSite\",\"@id\":\"https:\/\/www.manaus.am.gov.br\/manauscult\/#website\",\"url\":\"https:\/\/www.manaus.am.gov.br\/manauscult\/\",\"name\":\"MANAUSCULT\",\"description\":\"Prefeitura de Manaus\",\"potentialAction\":[{\"@type\":\"SearchAction\",\"target\":{\"@type\":\"EntryPoint\",\"urlTemplate\":\"https:\/\/www.manaus.am.gov.br\/manauscult\/?s={search_term_string}\"},\"query-input\":\"required name=search_term_string\"}],\"inLanguage\":\"pt-BR\"},{\"@type\":\"Person\",\"@id\":\"https:\/\/www.manaus.am.gov.br\/manauscult\/#\/schema\/person\/05d223aea2bf115f9883a6ff3683d81b\",\"name\":\"Bruna Greco\",\"image\":{\"@type\":\"ImageObject\",\"inLanguage\":\"pt-BR\",\"@id\":\"https:\/\/www.manaus.am.gov.br\/manauscult\/#\/schema\/person\/image\/\",\"url\":\"https:\/\/secure.gravatar.com\/avatar\/9c877d1a6adc2a055330e5c09a8653ce?s=96&d=mm&r=g\",\"contentUrl\":\"https:\/\/secure.gravatar.com\/avatar\/9c877d1a6adc2a055330e5c09a8653ce?s=96&d=mm&r=g\",\"caption\":\"Bruna Greco\"}}]}<\/script>\n<!-- \/ Yoast SEO plugin. -->","yoast_head_json":{"title":"'#SouManaus 2025\u2019 valoriza talentos locais na Esta\u00e7\u00e3o das Artes","description":"Prefeitura encerra \u2018#SouManaus Passo a Pa\u00e7o 2025\u2019 valorizando talentos locais na Esta\u00e7\u00e3o das Artes durante os tr\u00eas dias de festival.","robots":{"index":"noindex","follow":"follow"},"og_locale":"pt_BR","og_type":"article","og_title":"'#SouManaus 2025\u2019 valoriza talentos locais na Esta\u00e7\u00e3o das Artes","og_description":"Prefeitura encerra \u2018#SouManaus Passo a Pa\u00e7o 2025\u2019 valorizando talentos locais na Esta\u00e7\u00e3o das Artes durante os tr\u00eas dias de festival.","og_url":"https:\/\/www.manaus.am.gov.br\/manauscult\/soumanaus-2025-talentos-locais-estacao-das-artes\/","og_site_name":"MANAUSCULT","article_published_time":"2025-09-08T03:30:55+00:00","og_image":[{"width":1600,"height":1200,"url":"https:\/\/www.manaus.am.gov.br\/manauscult\/wp-content\/uploads\/sites\/11\/2025\/09\/WhatsApp-Image-2025-09-07-at-21.35.34-1.jpeg","type":"image\/jpeg"}],"author":"Bruna Greco","twitter_card":"summary_large_image","twitter_misc":{"Written by":"Bruna Greco","Est. reading time":"2 minutos"},"schema":{"@context":"https:\/\/schema.org","@graph":[{"@type":"WebPage","@id":"https:\/\/www.manaus.am.gov.br\/manauscult\/soumanaus-2025-talentos-locais-estacao-das-artes\/","url":"https:\/\/www.manaus.am.gov.br\/manauscult\/soumanaus-2025-talentos-locais-estacao-das-artes\/","name":"'#SouManaus 2025\u2019 valoriza talentos locais na Esta\u00e7\u00e3o das Artes","isPartOf":{"@id":"https:\/\/www.manaus.am.gov.br\/manauscult\/#website"},"primaryImageOfPage":{"@id":"https:\/\/www.manaus.am.gov.br\/manauscult\/soumanaus-2025-talentos-locais-estacao-das-artes\/#primaryimage"},"image":{"@id":"https:\/\/www.manaus.am.gov.br\/manauscult\/soumanaus-2025-talentos-locais-estacao-das-artes\/#primaryimage"},"thumbnailUrl":"https:\/\/www.manaus.am.gov.br\/manauscult\/wp-content\/uploads\/sites\/11\/2025\/09\/WhatsApp-Image-2025-09-07-at-21.35.34-1.jpeg","datePublished":"2025-09-08T03:30:55+00:00","dateModified":"2025-09-08T03:30:55+00:00","author":{"@id":"https:\/\/www.manaus.am.gov.br\/manauscult\/#\/schema\/person\/05d223aea2bf115f9883a6ff3683d81b"},"description":"Prefeitura encerra \u2018#SouManaus Passo a Pa\u00e7o 2025\u2019 valorizando talentos locais na Esta\u00e7\u00e3o das Artes durante os tr\u00eas dias de festival.","breadcrumb":{"@id":"https:\/\/www.manaus.am.gov.br\/manauscult\/soumanaus-2025-talentos-locais-estacao-das-artes\/#breadcrumb"},"inLanguage":"pt-BR","potentialAction":[{"@type":"ReadAction","target":["https:\/\/www.manaus.am.gov.br\/manauscult\/soumanaus-2025-talentos-locais-estacao-das-artes\/"]}]},{"@type":"ImageObject","inLanguage":"pt-BR","@id":"https:\/\/www.manaus.am.gov.br\/manauscult\/soumanaus-2025-talentos-locais-estacao-das-artes\/#primaryimage","url":"https:\/\/www.manaus.am.gov.br\/manauscult\/wp-content\/uploads\/sites\/11\/2025\/09\/WhatsApp-Image-2025-09-07-at-21.35.34-1.jpeg","contentUrl":"https:\/\/www.manaus.am.gov.br\/manauscult\/wp-content\/uploads\/sites\/11\/2025\/09\/WhatsApp-Image-2025-09-07-at-21.35.34-1.jpeg","width":1600,"height":1200,"caption":"#paratodosverem - Companhia Cultura Amaz\u00f4nica se apresentando na Esta\u00e7\u00e3o das Artes durante o \"#SouManaus Passo a Pa\u00e7o 2025\""},{"@type":"BreadcrumbList","@id":"https:\/\/www.manaus.am.gov.br\/manauscult\/soumanaus-2025-talentos-locais-estacao-das-artes\/#breadcrumb","itemListElement":[{"@type":"ListItem","position":1,"name":"Home","item":"https:\/\/www.manaus.am.gov.br\/manauscult\/"},{"@type":"ListItem","position":2,"name":"Prefeitura encerra \u2018#SouManaus 2025\u2019 valorizando talentos locais na Esta\u00e7\u00e3o das Artes"}]},{"@type":"WebSite","@id":"https:\/\/www.manaus.am.gov.br\/manauscult\/#website","url":"https:\/\/www.manaus.am.gov.br\/manauscult\/","name":"MANAUSCULT","description":"Prefeitura de Manaus","potentialAction":[{"@type":"SearchAction","target":{"@type":"EntryPoint","urlTemplate":"https:\/\/www.manaus.am.gov.br\/manauscult\/?s={search_term_string}"},"query-input":"required name=search_term_string"}],"inLanguage":"pt-BR"},{"@type":"Person","@id":"https:\/\/www.manaus.am.gov.br\/manauscult\/#\/schema\/person\/05d223aea2bf115f9883a6ff3683d81b","name":"Bruna Greco","image":{"@type":"ImageObject","inLanguage":"pt-BR","@id":"https:\/\/www.manaus.am.gov.br\/manauscult\/#\/schema\/person\/image\/","url":"https:\/\/secure.gravatar.com\/avatar\/9c877d1a6adc2a055330e5c09a8653ce?s=96&d=mm&r=g","contentUrl":"https:\/\/secure.gravatar.com\/avatar\/9c877d1a6adc2a055330e5c09a8653ce?s=96&d=mm&r=g","caption":"Bruna Greco"}}]}},"_links":{"self":[{"href":"https:\/\/www.manaus.am.gov.br\/manauscult\/wp-json\/wp\/v2\/posts\/4652"}],"collection":[{"href":"https:\/\/www.manaus.am.gov.br\/manauscult\/wp-json\/wp\/v2\/posts"}],"about":[{"href":"https:\/\/www.manaus.am.gov.br\/manauscult\/wp-json\/wp\/v2\/types\/post"}],"author":[{"embeddable":true,"href":"https:\/\/www.manaus.am.gov.br\/manauscult\/wp-json\/wp\/v2\/users\/39"}],"replies":[{"embeddable":true,"href":"https:\/\/www.manaus.am.gov.br\/manauscult\/wp-json\/wp\/v2\/comments?post=4652"}],"version-history":[{"count":1,"href":"https:\/\/www.manaus.am.gov.br\/manauscult\/wp-json\/wp\/v2\/posts\/4652\/revisions"}],"predecessor-version":[{"id":4655,"href":"https:\/\/www.manaus.am.gov.br\/manauscult\/wp-json\/wp\/v2\/posts\/4652\/revisions\/4655"}],"wp:featuredmedia":[{"embeddable":true,"href":"https:\/\/www.manaus.am.gov.br\/manauscult\/wp-json\/wp\/v2\/media\/4653"}],"wp:attachment":[{"href":"https:\/\/www.manaus.am.gov.br\/manauscult\/wp-json\/wp\/v2\/media?parent=4652"}],"wp:term":[{"taxonomy":"category","embeddable":true,"href":"https:\/\/www.manaus.am.gov.br\/manauscult\/wp-json\/wp\/v2\/categories?post=4652"},{"taxonomy":"post_tag","embeddable":true,"href":"https:\/\/www.manaus.am.gov.br\/manauscult\/wp-json\/wp\/v2\/tags?post=4652"}],"curies":[{"name":"wp","href":"https:\/\/api.w.org\/{rel}","templated":true}]}}