{"id":4648,"date":"2025-09-07T22:36:59","date_gmt":"2025-09-08T02:36:59","guid":{"rendered":"https:\/\/www.manaus.am.gov.br\/manauscult\/soumanaus-2025-espaco-moda\/"},"modified":"2025-09-07T22:36:59","modified_gmt":"2025-09-08T02:36:59","slug":"soumanaus-2025-espaco-moda","status":"publish","type":"post","link":"https:\/\/www.manaus.am.gov.br\/manauscult\/soumanaus-2025-espaco-moda\/","title":{"rendered":"Festival \u2018#SouManaus Passo a Pa\u00e7o 2025\u2019 encanta p\u00fablico com \u2018Espa\u00e7o Moda\u2019, beleza e bem-estar"},"content":{"rendered":"\n<p>Durante o \u00faltimo dia do maior festival gratuito de artes integradas do Brasil, o \u201c#SouManaus Passo a Pa\u00e7o 2025\u201d, realizado Prefeitura de Manaus, neste domingo, 7\/9, a comunidade fashion recebeu um espa\u00e7o exclusivo para atrair os apaixonados por moda, regionalidade e cultura, e tudo isso no mesmo local, no \u201cEspa\u00e7o Moda\u201d, beleza e bem-estar.<\/p>\n\n\n\n<p>A \u00e1rea oferece diferentes atividades criativas dentro da cultura nortista, como pe\u00e7as de artesanato, acess\u00f3rios confeccionados com sementes, roupas com estampas regionais e muito mais.<\/p>\n\n\n\n<p>\u201cO espa\u00e7o une arte e moda. J\u00e1 faz alguns anos que a prefeitura investe nesta \u00e1rea e estamos reunidos aqui para contar um pouco da hist\u00f3ria da arte por meio da moda e disponibilizando a \u00e1rea para empreendedores\u201d, afirmou a produtora Lylle Abreu, de 49 anos.<\/p>\n\n\n\n<p>Os artes\u00e3os utilizam o Espa\u00e7o Moda para empreender e expor sua arte para o p\u00fablico, como a Fernanda Fernandes, de 33 anos.<\/p>\n\n\n\n<p>\u201cFicamos muito felizes em receber essa oportunidade da prefeitura de podermos impulsionar nosso empreendimento. \u00c9 meu segundo ano participando do evento e est\u00e1 cada vez mais bonito e bom para as nossas vendas\u201d, destacou a empreendedora.<\/p>\n\n\n\n<p>O \u201c#SouManaus 2025\u201d ofereceu a diversos artistas locais a oportunidade de expressar sua arte, identidade e gerar renda a partir disso. A Prefeitura de Manaus reafirma seu compromisso com a popula\u00e7\u00e3o manauara por meio do empreendedorismo, cultura e do entretenimento.<\/p>\n\n\n\n<figure class=\"wp-block-image size-full\"><img loading=\"lazy\" decoding=\"async\" width=\"636\" height=\"488\" src=\"https:\/\/www.manaus.am.gov.br\/manauscult\/wp-content\/uploads\/sites\/11\/2025\/09\/Espaco-Moda-4.jpg\" alt=\"\" class=\"wp-image-4650\" srcset=\"https:\/\/www.manaus.am.gov.br\/manauscult\/wp-content\/uploads\/sites\/11\/2025\/09\/Espaco-Moda-4.jpg 636w, https:\/\/www.manaus.am.gov.br\/manauscult\/wp-content\/uploads\/sites\/11\/2025\/09\/Espaco-Moda-4-300x230.jpg 300w\" sizes=\"(max-width: 636px) 100vw, 636px\" \/><\/figure>\n\n\n\n<p>&#8212; &#8212; &#8212;<\/p>\n\n\n\n<p><strong>Texto<\/strong> &#8211; Eduarda Lira\/Semcom<\/p>\n\n\n\n<p><strong>Fotos<\/strong> &#8211; Sayanne Monteiro\/Semcom<\/p>\n","protected":false},"excerpt":{"rendered":"","protected":false},"author":39,"featured_media":4649,"comment_status":"closed","ping_status":"closed","sticky":false,"template":"","format":"standard","meta":{"footnotes":""},"categories":[1599],"tags":[1458,1694,1654,9,11],"acf":[],"yoast_head":"<!-- This site is optimized with the Yoast SEO plugin v23.0 - https:\/\/yoast.com\/wordpress\/plugins\/seo\/ -->\n<title>#SouManaus 2025 encanta p\u00fablico com \u2018Espa\u00e7o Moda\u2019<\/title>\n<meta name=\"description\" content=\"Festival \u2018#SouManaus Passo a Pa\u00e7o 2025\u2019 encanta p\u00fablico com \u2018Espa\u00e7o Moda\u2019, beleza e bem-estar durante os tr\u00eas dias de evento.\" \/>\n<meta name=\"robots\" content=\"noindex, follow\" \/>\n<meta property=\"og:locale\" content=\"pt_BR\" \/>\n<meta property=\"og:type\" content=\"article\" \/>\n<meta property=\"og:title\" content=\"#SouManaus 2025 encanta p\u00fablico com \u2018Espa\u00e7o Moda\u2019\" \/>\n<meta property=\"og:description\" content=\"Festival \u2018#SouManaus Passo a Pa\u00e7o 2025\u2019 encanta p\u00fablico com \u2018Espa\u00e7o Moda\u2019, beleza e bem-estar durante os tr\u00eas dias de evento.\" \/>\n<meta property=\"og:url\" content=\"https:\/\/www.manaus.am.gov.br\/manauscult\/soumanaus-2025-espaco-moda\/\" \/>\n<meta property=\"og:site_name\" content=\"MANAUSCULT\" \/>\n<meta property=\"article:published_time\" content=\"2025-09-08T02:36:59+00:00\" \/>\n<meta property=\"og:image\" content=\"https:\/\/www.manaus.am.gov.br\/manauscult\/wp-content\/uploads\/sites\/11\/2025\/09\/Espaco-Moda-1.jpg\" \/>\n\t<meta property=\"og:image:width\" content=\"650\" \/>\n\t<meta property=\"og:image:height\" content=\"487\" \/>\n\t<meta property=\"og:image:type\" content=\"image\/jpeg\" \/>\n<meta name=\"author\" content=\"Bruna Greco\" \/>\n<meta name=\"twitter:card\" content=\"summary_large_image\" \/>\n<meta name=\"twitter:label1\" content=\"Written by\" \/>\n\t<meta name=\"twitter:data1\" content=\"Bruna Greco\" \/>\n\t<meta name=\"twitter:label2\" content=\"Est. reading time\" \/>\n\t<meta name=\"twitter:data2\" content=\"2 minutos\" \/>\n<script type=\"application\/ld+json\" class=\"yoast-schema-graph\">{\"@context\":\"https:\/\/schema.org\",\"@graph\":[{\"@type\":\"WebPage\",\"@id\":\"https:\/\/www.manaus.am.gov.br\/manauscult\/soumanaus-2025-espaco-moda\/\",\"url\":\"https:\/\/www.manaus.am.gov.br\/manauscult\/soumanaus-2025-espaco-moda\/\",\"name\":\"#SouManaus 2025 encanta p\u00fablico com \u2018Espa\u00e7o Moda\u2019\",\"isPartOf\":{\"@id\":\"https:\/\/www.manaus.am.gov.br\/manauscult\/#website\"},\"primaryImageOfPage\":{\"@id\":\"https:\/\/www.manaus.am.gov.br\/manauscult\/soumanaus-2025-espaco-moda\/#primaryimage\"},\"image\":{\"@id\":\"https:\/\/www.manaus.am.gov.br\/manauscult\/soumanaus-2025-espaco-moda\/#primaryimage\"},\"thumbnailUrl\":\"https:\/\/www.manaus.am.gov.br\/manauscult\/wp-content\/uploads\/sites\/11\/2025\/09\/Espaco-Moda-1.jpg\",\"datePublished\":\"2025-09-08T02:36:59+00:00\",\"dateModified\":\"2025-09-08T02:36:59+00:00\",\"author\":{\"@id\":\"https:\/\/www.manaus.am.gov.br\/manauscult\/#\/schema\/person\/05d223aea2bf115f9883a6ff3683d81b\"},\"description\":\"Festival \u2018#SouManaus Passo a Pa\u00e7o 2025\u2019 encanta p\u00fablico com \u2018Espa\u00e7o Moda\u2019, beleza e bem-estar durante os tr\u00eas dias de evento.\",\"breadcrumb\":{\"@id\":\"https:\/\/www.manaus.am.gov.br\/manauscult\/soumanaus-2025-espaco-moda\/#breadcrumb\"},\"inLanguage\":\"pt-BR\",\"potentialAction\":[{\"@type\":\"ReadAction\",\"target\":[\"https:\/\/www.manaus.am.gov.br\/manauscult\/soumanaus-2025-espaco-moda\/\"]}]},{\"@type\":\"ImageObject\",\"inLanguage\":\"pt-BR\",\"@id\":\"https:\/\/www.manaus.am.gov.br\/manauscult\/soumanaus-2025-espaco-moda\/#primaryimage\",\"url\":\"https:\/\/www.manaus.am.gov.br\/manauscult\/wp-content\/uploads\/sites\/11\/2025\/09\/Espaco-Moda-1.jpg\",\"contentUrl\":\"https:\/\/www.manaus.am.gov.br\/manauscult\/wp-content\/uploads\/sites\/11\/2025\/09\/Espaco-Moda-1.jpg\",\"width\":650,\"height\":487,\"caption\":\"#paratodosverem - P\u00fablico prestigiando o \\\"Espa\u00e7o Moda\\\" durante o \\\"#SouManaus Passo a Pa\u00e7o 2025\\\"\"},{\"@type\":\"BreadcrumbList\",\"@id\":\"https:\/\/www.manaus.am.gov.br\/manauscult\/soumanaus-2025-espaco-moda\/#breadcrumb\",\"itemListElement\":[{\"@type\":\"ListItem\",\"position\":1,\"name\":\"Home\",\"item\":\"https:\/\/www.manaus.am.gov.br\/manauscult\/\"},{\"@type\":\"ListItem\",\"position\":2,\"name\":\"Festival \u2018#SouManaus Passo a Pa\u00e7o 2025\u2019 encanta p\u00fablico com \u2018Espa\u00e7o Moda\u2019, beleza e bem-estar\"}]},{\"@type\":\"WebSite\",\"@id\":\"https:\/\/www.manaus.am.gov.br\/manauscult\/#website\",\"url\":\"https:\/\/www.manaus.am.gov.br\/manauscult\/\",\"name\":\"MANAUSCULT\",\"description\":\"Prefeitura de Manaus\",\"potentialAction\":[{\"@type\":\"SearchAction\",\"target\":{\"@type\":\"EntryPoint\",\"urlTemplate\":\"https:\/\/www.manaus.am.gov.br\/manauscult\/?s={search_term_string}\"},\"query-input\":\"required name=search_term_string\"}],\"inLanguage\":\"pt-BR\"},{\"@type\":\"Person\",\"@id\":\"https:\/\/www.manaus.am.gov.br\/manauscult\/#\/schema\/person\/05d223aea2bf115f9883a6ff3683d81b\",\"name\":\"Bruna Greco\",\"image\":{\"@type\":\"ImageObject\",\"inLanguage\":\"pt-BR\",\"@id\":\"https:\/\/www.manaus.am.gov.br\/manauscult\/#\/schema\/person\/image\/\",\"url\":\"https:\/\/secure.gravatar.com\/avatar\/9c877d1a6adc2a055330e5c09a8653ce?s=96&d=mm&r=g\",\"contentUrl\":\"https:\/\/secure.gravatar.com\/avatar\/9c877d1a6adc2a055330e5c09a8653ce?s=96&d=mm&r=g\",\"caption\":\"Bruna Greco\"}}]}<\/script>\n<!-- \/ Yoast SEO plugin. -->","yoast_head_json":{"title":"#SouManaus 2025 encanta p\u00fablico com \u2018Espa\u00e7o Moda\u2019","description":"Festival \u2018#SouManaus Passo a Pa\u00e7o 2025\u2019 encanta p\u00fablico com \u2018Espa\u00e7o Moda\u2019, beleza e bem-estar durante os tr\u00eas dias de evento.","robots":{"index":"noindex","follow":"follow"},"og_locale":"pt_BR","og_type":"article","og_title":"#SouManaus 2025 encanta p\u00fablico com \u2018Espa\u00e7o Moda\u2019","og_description":"Festival \u2018#SouManaus Passo a Pa\u00e7o 2025\u2019 encanta p\u00fablico com \u2018Espa\u00e7o Moda\u2019, beleza e bem-estar durante os tr\u00eas dias de evento.","og_url":"https:\/\/www.manaus.am.gov.br\/manauscult\/soumanaus-2025-espaco-moda\/","og_site_name":"MANAUSCULT","article_published_time":"2025-09-08T02:36:59+00:00","og_image":[{"width":650,"height":487,"url":"https:\/\/www.manaus.am.gov.br\/manauscult\/wp-content\/uploads\/sites\/11\/2025\/09\/Espaco-Moda-1.jpg","type":"image\/jpeg"}],"author":"Bruna Greco","twitter_card":"summary_large_image","twitter_misc":{"Written by":"Bruna Greco","Est. reading time":"2 minutos"},"schema":{"@context":"https:\/\/schema.org","@graph":[{"@type":"WebPage","@id":"https:\/\/www.manaus.am.gov.br\/manauscult\/soumanaus-2025-espaco-moda\/","url":"https:\/\/www.manaus.am.gov.br\/manauscult\/soumanaus-2025-espaco-moda\/","name":"#SouManaus 2025 encanta p\u00fablico com \u2018Espa\u00e7o Moda\u2019","isPartOf":{"@id":"https:\/\/www.manaus.am.gov.br\/manauscult\/#website"},"primaryImageOfPage":{"@id":"https:\/\/www.manaus.am.gov.br\/manauscult\/soumanaus-2025-espaco-moda\/#primaryimage"},"image":{"@id":"https:\/\/www.manaus.am.gov.br\/manauscult\/soumanaus-2025-espaco-moda\/#primaryimage"},"thumbnailUrl":"https:\/\/www.manaus.am.gov.br\/manauscult\/wp-content\/uploads\/sites\/11\/2025\/09\/Espaco-Moda-1.jpg","datePublished":"2025-09-08T02:36:59+00:00","dateModified":"2025-09-08T02:36:59+00:00","author":{"@id":"https:\/\/www.manaus.am.gov.br\/manauscult\/#\/schema\/person\/05d223aea2bf115f9883a6ff3683d81b"},"description":"Festival \u2018#SouManaus Passo a Pa\u00e7o 2025\u2019 encanta p\u00fablico com \u2018Espa\u00e7o Moda\u2019, beleza e bem-estar durante os tr\u00eas dias de evento.","breadcrumb":{"@id":"https:\/\/www.manaus.am.gov.br\/manauscult\/soumanaus-2025-espaco-moda\/#breadcrumb"},"inLanguage":"pt-BR","potentialAction":[{"@type":"ReadAction","target":["https:\/\/www.manaus.am.gov.br\/manauscult\/soumanaus-2025-espaco-moda\/"]}]},{"@type":"ImageObject","inLanguage":"pt-BR","@id":"https:\/\/www.manaus.am.gov.br\/manauscult\/soumanaus-2025-espaco-moda\/#primaryimage","url":"https:\/\/www.manaus.am.gov.br\/manauscult\/wp-content\/uploads\/sites\/11\/2025\/09\/Espaco-Moda-1.jpg","contentUrl":"https:\/\/www.manaus.am.gov.br\/manauscult\/wp-content\/uploads\/sites\/11\/2025\/09\/Espaco-Moda-1.jpg","width":650,"height":487,"caption":"#paratodosverem - P\u00fablico prestigiando o \"Espa\u00e7o Moda\" durante o \"#SouManaus Passo a Pa\u00e7o 2025\""},{"@type":"BreadcrumbList","@id":"https:\/\/www.manaus.am.gov.br\/manauscult\/soumanaus-2025-espaco-moda\/#breadcrumb","itemListElement":[{"@type":"ListItem","position":1,"name":"Home","item":"https:\/\/www.manaus.am.gov.br\/manauscult\/"},{"@type":"ListItem","position":2,"name":"Festival \u2018#SouManaus Passo a Pa\u00e7o 2025\u2019 encanta p\u00fablico com \u2018Espa\u00e7o Moda\u2019, beleza e bem-estar"}]},{"@type":"WebSite","@id":"https:\/\/www.manaus.am.gov.br\/manauscult\/#website","url":"https:\/\/www.manaus.am.gov.br\/manauscult\/","name":"MANAUSCULT","description":"Prefeitura de Manaus","potentialAction":[{"@type":"SearchAction","target":{"@type":"EntryPoint","urlTemplate":"https:\/\/www.manaus.am.gov.br\/manauscult\/?s={search_term_string}"},"query-input":"required name=search_term_string"}],"inLanguage":"pt-BR"},{"@type":"Person","@id":"https:\/\/www.manaus.am.gov.br\/manauscult\/#\/schema\/person\/05d223aea2bf115f9883a6ff3683d81b","name":"Bruna Greco","image":{"@type":"ImageObject","inLanguage":"pt-BR","@id":"https:\/\/www.manaus.am.gov.br\/manauscult\/#\/schema\/person\/image\/","url":"https:\/\/secure.gravatar.com\/avatar\/9c877d1a6adc2a055330e5c09a8653ce?s=96&d=mm&r=g","contentUrl":"https:\/\/secure.gravatar.com\/avatar\/9c877d1a6adc2a055330e5c09a8653ce?s=96&d=mm&r=g","caption":"Bruna Greco"}}]}},"_links":{"self":[{"href":"https:\/\/www.manaus.am.gov.br\/manauscult\/wp-json\/wp\/v2\/posts\/4648"}],"collection":[{"href":"https:\/\/www.manaus.am.gov.br\/manauscult\/wp-json\/wp\/v2\/posts"}],"about":[{"href":"https:\/\/www.manaus.am.gov.br\/manauscult\/wp-json\/wp\/v2\/types\/post"}],"author":[{"embeddable":true,"href":"https:\/\/www.manaus.am.gov.br\/manauscult\/wp-json\/wp\/v2\/users\/39"}],"replies":[{"embeddable":true,"href":"https:\/\/www.manaus.am.gov.br\/manauscult\/wp-json\/wp\/v2\/comments?post=4648"}],"version-history":[{"count":1,"href":"https:\/\/www.manaus.am.gov.br\/manauscult\/wp-json\/wp\/v2\/posts\/4648\/revisions"}],"predecessor-version":[{"id":4651,"href":"https:\/\/www.manaus.am.gov.br\/manauscult\/wp-json\/wp\/v2\/posts\/4648\/revisions\/4651"}],"wp:featuredmedia":[{"embeddable":true,"href":"https:\/\/www.manaus.am.gov.br\/manauscult\/wp-json\/wp\/v2\/media\/4649"}],"wp:attachment":[{"href":"https:\/\/www.manaus.am.gov.br\/manauscult\/wp-json\/wp\/v2\/media?parent=4648"}],"wp:term":[{"taxonomy":"category","embeddable":true,"href":"https:\/\/www.manaus.am.gov.br\/manauscult\/wp-json\/wp\/v2\/categories?post=4648"},{"taxonomy":"post_tag","embeddable":true,"href":"https:\/\/www.manaus.am.gov.br\/manauscult\/wp-json\/wp\/v2\/tags?post=4648"}],"curies":[{"name":"wp","href":"https:\/\/api.w.org\/{rel}","templated":true}]}}