{"id":4640,"date":"2025-09-07T21:45:49","date_gmt":"2025-09-08T01:45:49","guid":{"rendered":"https:\/\/www.manaus.am.gov.br\/manauscult\/praca-dom-pedro-2o-soumanaus-2025\/"},"modified":"2025-09-07T21:45:49","modified_gmt":"2025-09-08T01:45:49","slug":"praca-dom-pedro-2o-soumanaus-2025","status":"publish","type":"post","link":"https:\/\/www.manaus.am.gov.br\/manauscult\/praca-dom-pedro-2o-soumanaus-2025\/","title":{"rendered":"M\u00fasica, cultura e conex\u00f5es movimentam a pra\u00e7a Dom Pedro 2\u00ba no \u00faltimo dia do \u2018#SouManaus Passo a Pa\u00e7o 2025\u2019"},"content":{"rendered":"\n<p>O festival \u201c#SouManaus Passo a Pa\u00e7o 2025\u201d, realizado pela Prefeitura de Manaus, se consolida como um dos grandes destaques do calend\u00e1rio cultural da cidade, transformando o centro hist\u00f3rico em um verdadeiro epicentro de arte, m\u00fasica e encontros. A edi\u00e7\u00e3o deste ano ofereceu uma programa\u00e7\u00e3o musical de peso, mas tamb\u00e9m refor\u00e7ou o papel da pra\u00e7a Dom Pedro 2\u00ba como um ponto de encontro da capital.<\/p>\n\n\n\n<p>Os palcos principais, como o Alf\u00e2ndega e o Malcher, foram os pontos altos da participa\u00e7\u00e3o do p\u00fablico no evento. Mas o \u201c#SouManaus\u201d vai muito al\u00e9m dos grandes shows, a \u00e1rea gastron\u00f4mica foi uma atra\u00e7\u00e3o a mais, com barracas e food trucks, oferecendo a culin\u00e1ria local, desde o tradicional tacac\u00e1 at\u00e9 os pratos mais sofisticados.<\/p>\n\n\n\n<p>O palco Coreto, localizado na pra\u00e7a Dom Pedro 2\u00ba, foi um dos grandes destaques, com apresenta\u00e7\u00f5es de artistas locais e uma trilha sonora para quem queria apenas sentar e aproveitar o evento. O palco se tornou um espa\u00e7o de descoberta, onde o p\u00fablico p\u00f4de apreciar novos talentos e g\u00eaneros menos explorados nos palcos maiores.<\/p>\n\n\n\n<p>Al\u00e9m da m\u00fasica, a pra\u00e7a foi um ponto de converg\u00eancia social. Pessoas de todas as idades e estilos se reuniram para apreciar a culin\u00e1ria diversificada, reencontrar amigos e conhecer gente nova.<\/p>\n\n\n\n<p>&#8220;\u00c9 t\u00e3o bom poder passear aqui, sentir essa energia, ver pessoas reunidas e provar um pouco de tudo. A gente vem pela m\u00fasica, claro, mas a pra\u00e7a \u00e9 onde a gente realmente sente a cidade. Onde a gente se conecta e conhece novas pessoas\u201d, comentou a estudante Ana Clara Gomes, de 22 anos.<\/p>\n\n\n\n<p>Aproveitando a diversidade do evento, Maria de F\u00e1tima Souza, de 55 anos, que estava com a fam\u00edlia, falou sobre a experi\u00eancia de prestigiar o evento em todas as suas edi\u00e7\u00f5es. &#8220;Eu venho todo ano. Para mim, a pra\u00e7a \u00e9 a mais gostosa. A gente encontra os amigos, faz um lanche e ainda escuta uma boa m\u00fasica&#8221;, finalizou.<\/p>\n\n\n\n<figure class=\"wp-block-image size-large\"><img loading=\"lazy\" decoding=\"async\" width=\"1024\" height=\"683\" src=\"https:\/\/www.manaus.am.gov.br\/manauscult\/wp-content\/uploads\/sites\/11\/2025\/09\/Espacos-da-praca-Dom-Pedro-2-o-3-1024x683.jpeg\" alt=\"\" class=\"wp-image-4642\" srcset=\"https:\/\/www.manaus.am.gov.br\/manauscult\/wp-content\/uploads\/sites\/11\/2025\/09\/Espacos-da-praca-Dom-Pedro-2-o-3-1024x683.jpeg 1024w, https:\/\/www.manaus.am.gov.br\/manauscult\/wp-content\/uploads\/sites\/11\/2025\/09\/Espacos-da-praca-Dom-Pedro-2-o-3-300x200.jpeg 300w, https:\/\/www.manaus.am.gov.br\/manauscult\/wp-content\/uploads\/sites\/11\/2025\/09\/Espacos-da-praca-Dom-Pedro-2-o-3-768x512.jpeg 768w, https:\/\/www.manaus.am.gov.br\/manauscult\/wp-content\/uploads\/sites\/11\/2025\/09\/Espacos-da-praca-Dom-Pedro-2-o-3.jpeg 1280w\" sizes=\"(max-width: 1024px) 100vw, 1024px\" \/><\/figure>\n\n\n\n<p>&#8212; &#8212; &#8212;<\/p>\n\n\n\n<p><strong>Texto &#8211;<\/strong> Alisson Castro\/Semcom <\/p>\n\n\n\n<p><strong>Fotos &#8211;<\/strong> Karol Silva\/Semcom<\/p>\n","protected":false},"excerpt":{"rendered":"","protected":false},"author":39,"featured_media":4641,"comment_status":"closed","ping_status":"closed","sticky":false,"template":"","format":"standard","meta":{"footnotes":""},"categories":[793],"tags":[1458,9,1691,11,1692],"acf":[],"yoast_head":"<!-- This site is optimized with the Yoast SEO plugin v23.0 - https:\/\/yoast.com\/wordpress\/plugins\/seo\/ -->\n<title>M\u00fasica, cultura e conex\u00f5es movimentam a pra\u00e7a Dom Pedro 2\u00ba no \u00faltimo dia do \u2018#SouManaus Passo a Pa\u00e7o 2025\u2019<\/title>\n<meta name=\"description\" content=\"M\u00fasica, cultura e conex\u00f5es movimentam a pra\u00e7a Dom Pedro 2\u00ba no \u00faltimo dia do \u2018#SouManaus Passo a Pa\u00e7o 2025\u2019.\" \/>\n<meta name=\"robots\" content=\"noindex, follow\" \/>\n<meta property=\"og:locale\" content=\"pt_BR\" \/>\n<meta property=\"og:type\" content=\"article\" \/>\n<meta property=\"og:title\" content=\"M\u00fasica, cultura e conex\u00f5es movimentam a pra\u00e7a Dom Pedro 2\u00ba no \u00faltimo dia do \u2018#SouManaus Passo a Pa\u00e7o 2025\u2019\" \/>\n<meta property=\"og:description\" content=\"M\u00fasica, cultura e conex\u00f5es movimentam a pra\u00e7a Dom Pedro 2\u00ba no \u00faltimo dia do \u2018#SouManaus Passo a Pa\u00e7o 2025\u2019.\" \/>\n<meta property=\"og:url\" content=\"https:\/\/www.manaus.am.gov.br\/manauscult\/praca-dom-pedro-2o-soumanaus-2025\/\" \/>\n<meta property=\"og:site_name\" content=\"MANAUSCULT\" \/>\n<meta property=\"article:published_time\" content=\"2025-09-08T01:45:49+00:00\" \/>\n<meta property=\"og:image\" content=\"https:\/\/www.manaus.am.gov.br\/manauscult\/wp-content\/uploads\/sites\/11\/2025\/09\/Espacos-da-praca-Dom-Pedro-2-o-1.jpeg\" \/>\n\t<meta property=\"og:image:width\" content=\"1280\" \/>\n\t<meta property=\"og:image:height\" content=\"854\" \/>\n\t<meta property=\"og:image:type\" content=\"image\/jpeg\" \/>\n<meta name=\"author\" content=\"Bruna Greco\" \/>\n<meta name=\"twitter:card\" content=\"summary_large_image\" \/>\n<meta name=\"twitter:label1\" content=\"Written by\" \/>\n\t<meta name=\"twitter:data1\" content=\"Bruna Greco\" \/>\n\t<meta name=\"twitter:label2\" content=\"Est. reading time\" \/>\n\t<meta name=\"twitter:data2\" content=\"3 minutos\" \/>\n<script type=\"application\/ld+json\" class=\"yoast-schema-graph\">{\"@context\":\"https:\/\/schema.org\",\"@graph\":[{\"@type\":\"WebPage\",\"@id\":\"https:\/\/www.manaus.am.gov.br\/manauscult\/praca-dom-pedro-2o-soumanaus-2025\/\",\"url\":\"https:\/\/www.manaus.am.gov.br\/manauscult\/praca-dom-pedro-2o-soumanaus-2025\/\",\"name\":\"M\u00fasica, cultura e conex\u00f5es movimentam a pra\u00e7a Dom Pedro 2\u00ba no \u00faltimo dia do \u2018#SouManaus Passo a Pa\u00e7o 2025\u2019\",\"isPartOf\":{\"@id\":\"https:\/\/www.manaus.am.gov.br\/manauscult\/#website\"},\"primaryImageOfPage\":{\"@id\":\"https:\/\/www.manaus.am.gov.br\/manauscult\/praca-dom-pedro-2o-soumanaus-2025\/#primaryimage\"},\"image\":{\"@id\":\"https:\/\/www.manaus.am.gov.br\/manauscult\/praca-dom-pedro-2o-soumanaus-2025\/#primaryimage\"},\"thumbnailUrl\":\"https:\/\/www.manaus.am.gov.br\/manauscult\/wp-content\/uploads\/sites\/11\/2025\/09\/Espacos-da-praca-Dom-Pedro-2-o-1.jpeg\",\"datePublished\":\"2025-09-08T01:45:49+00:00\",\"dateModified\":\"2025-09-08T01:45:49+00:00\",\"author\":{\"@id\":\"https:\/\/www.manaus.am.gov.br\/manauscult\/#\/schema\/person\/05d223aea2bf115f9883a6ff3683d81b\"},\"description\":\"M\u00fasica, cultura e conex\u00f5es movimentam a pra\u00e7a Dom Pedro 2\u00ba no \u00faltimo dia do \u2018#SouManaus Passo a Pa\u00e7o 2025\u2019.\",\"breadcrumb\":{\"@id\":\"https:\/\/www.manaus.am.gov.br\/manauscult\/praca-dom-pedro-2o-soumanaus-2025\/#breadcrumb\"},\"inLanguage\":\"pt-BR\",\"potentialAction\":[{\"@type\":\"ReadAction\",\"target\":[\"https:\/\/www.manaus.am.gov.br\/manauscult\/praca-dom-pedro-2o-soumanaus-2025\/\"]}]},{\"@type\":\"ImageObject\",\"inLanguage\":\"pt-BR\",\"@id\":\"https:\/\/www.manaus.am.gov.br\/manauscult\/praca-dom-pedro-2o-soumanaus-2025\/#primaryimage\",\"url\":\"https:\/\/www.manaus.am.gov.br\/manauscult\/wp-content\/uploads\/sites\/11\/2025\/09\/Espacos-da-praca-Dom-Pedro-2-o-1.jpeg\",\"contentUrl\":\"https:\/\/www.manaus.am.gov.br\/manauscult\/wp-content\/uploads\/sites\/11\/2025\/09\/Espacos-da-praca-Dom-Pedro-2-o-1.jpeg\",\"width\":1280,\"height\":854,\"caption\":\"#paratodosverem - P\u00fablico prestigiando do palco Coreto, na pra\u00e7a Dom Pedro 2\u00ba, durante o \\\"#SouManaus Passo a Pa\u00e7o 2025\\\"\"},{\"@type\":\"BreadcrumbList\",\"@id\":\"https:\/\/www.manaus.am.gov.br\/manauscult\/praca-dom-pedro-2o-soumanaus-2025\/#breadcrumb\",\"itemListElement\":[{\"@type\":\"ListItem\",\"position\":1,\"name\":\"Home\",\"item\":\"https:\/\/www.manaus.am.gov.br\/manauscult\/\"},{\"@type\":\"ListItem\",\"position\":2,\"name\":\"M\u00fasica, cultura e conex\u00f5es movimentam a pra\u00e7a Dom Pedro 2\u00ba no \u00faltimo dia do \u2018#SouManaus Passo a Pa\u00e7o 2025\u2019\"}]},{\"@type\":\"WebSite\",\"@id\":\"https:\/\/www.manaus.am.gov.br\/manauscult\/#website\",\"url\":\"https:\/\/www.manaus.am.gov.br\/manauscult\/\",\"name\":\"MANAUSCULT\",\"description\":\"Prefeitura de Manaus\",\"potentialAction\":[{\"@type\":\"SearchAction\",\"target\":{\"@type\":\"EntryPoint\",\"urlTemplate\":\"https:\/\/www.manaus.am.gov.br\/manauscult\/?s={search_term_string}\"},\"query-input\":\"required name=search_term_string\"}],\"inLanguage\":\"pt-BR\"},{\"@type\":\"Person\",\"@id\":\"https:\/\/www.manaus.am.gov.br\/manauscult\/#\/schema\/person\/05d223aea2bf115f9883a6ff3683d81b\",\"name\":\"Bruna Greco\",\"image\":{\"@type\":\"ImageObject\",\"inLanguage\":\"pt-BR\",\"@id\":\"https:\/\/www.manaus.am.gov.br\/manauscult\/#\/schema\/person\/image\/\",\"url\":\"https:\/\/secure.gravatar.com\/avatar\/9c877d1a6adc2a055330e5c09a8653ce?s=96&d=mm&r=g\",\"contentUrl\":\"https:\/\/secure.gravatar.com\/avatar\/9c877d1a6adc2a055330e5c09a8653ce?s=96&d=mm&r=g\",\"caption\":\"Bruna Greco\"}}]}<\/script>\n<!-- \/ Yoast SEO plugin. -->","yoast_head_json":{"title":"M\u00fasica, cultura e conex\u00f5es movimentam a pra\u00e7a Dom Pedro 2\u00ba no \u00faltimo dia do \u2018#SouManaus Passo a Pa\u00e7o 2025\u2019","description":"M\u00fasica, cultura e conex\u00f5es movimentam a pra\u00e7a Dom Pedro 2\u00ba no \u00faltimo dia do \u2018#SouManaus Passo a Pa\u00e7o 2025\u2019.","robots":{"index":"noindex","follow":"follow"},"og_locale":"pt_BR","og_type":"article","og_title":"M\u00fasica, cultura e conex\u00f5es movimentam a pra\u00e7a Dom Pedro 2\u00ba no \u00faltimo dia do \u2018#SouManaus Passo a Pa\u00e7o 2025\u2019","og_description":"M\u00fasica, cultura e conex\u00f5es movimentam a pra\u00e7a Dom Pedro 2\u00ba no \u00faltimo dia do \u2018#SouManaus Passo a Pa\u00e7o 2025\u2019.","og_url":"https:\/\/www.manaus.am.gov.br\/manauscult\/praca-dom-pedro-2o-soumanaus-2025\/","og_site_name":"MANAUSCULT","article_published_time":"2025-09-08T01:45:49+00:00","og_image":[{"width":1280,"height":854,"url":"https:\/\/www.manaus.am.gov.br\/manauscult\/wp-content\/uploads\/sites\/11\/2025\/09\/Espacos-da-praca-Dom-Pedro-2-o-1.jpeg","type":"image\/jpeg"}],"author":"Bruna Greco","twitter_card":"summary_large_image","twitter_misc":{"Written by":"Bruna Greco","Est. reading time":"3 minutos"},"schema":{"@context":"https:\/\/schema.org","@graph":[{"@type":"WebPage","@id":"https:\/\/www.manaus.am.gov.br\/manauscult\/praca-dom-pedro-2o-soumanaus-2025\/","url":"https:\/\/www.manaus.am.gov.br\/manauscult\/praca-dom-pedro-2o-soumanaus-2025\/","name":"M\u00fasica, cultura e conex\u00f5es movimentam a pra\u00e7a Dom Pedro 2\u00ba no \u00faltimo dia do \u2018#SouManaus Passo a Pa\u00e7o 2025\u2019","isPartOf":{"@id":"https:\/\/www.manaus.am.gov.br\/manauscult\/#website"},"primaryImageOfPage":{"@id":"https:\/\/www.manaus.am.gov.br\/manauscult\/praca-dom-pedro-2o-soumanaus-2025\/#primaryimage"},"image":{"@id":"https:\/\/www.manaus.am.gov.br\/manauscult\/praca-dom-pedro-2o-soumanaus-2025\/#primaryimage"},"thumbnailUrl":"https:\/\/www.manaus.am.gov.br\/manauscult\/wp-content\/uploads\/sites\/11\/2025\/09\/Espacos-da-praca-Dom-Pedro-2-o-1.jpeg","datePublished":"2025-09-08T01:45:49+00:00","dateModified":"2025-09-08T01:45:49+00:00","author":{"@id":"https:\/\/www.manaus.am.gov.br\/manauscult\/#\/schema\/person\/05d223aea2bf115f9883a6ff3683d81b"},"description":"M\u00fasica, cultura e conex\u00f5es movimentam a pra\u00e7a Dom Pedro 2\u00ba no \u00faltimo dia do \u2018#SouManaus Passo a Pa\u00e7o 2025\u2019.","breadcrumb":{"@id":"https:\/\/www.manaus.am.gov.br\/manauscult\/praca-dom-pedro-2o-soumanaus-2025\/#breadcrumb"},"inLanguage":"pt-BR","potentialAction":[{"@type":"ReadAction","target":["https:\/\/www.manaus.am.gov.br\/manauscult\/praca-dom-pedro-2o-soumanaus-2025\/"]}]},{"@type":"ImageObject","inLanguage":"pt-BR","@id":"https:\/\/www.manaus.am.gov.br\/manauscult\/praca-dom-pedro-2o-soumanaus-2025\/#primaryimage","url":"https:\/\/www.manaus.am.gov.br\/manauscult\/wp-content\/uploads\/sites\/11\/2025\/09\/Espacos-da-praca-Dom-Pedro-2-o-1.jpeg","contentUrl":"https:\/\/www.manaus.am.gov.br\/manauscult\/wp-content\/uploads\/sites\/11\/2025\/09\/Espacos-da-praca-Dom-Pedro-2-o-1.jpeg","width":1280,"height":854,"caption":"#paratodosverem - P\u00fablico prestigiando do palco Coreto, na pra\u00e7a Dom Pedro 2\u00ba, durante o \"#SouManaus Passo a Pa\u00e7o 2025\""},{"@type":"BreadcrumbList","@id":"https:\/\/www.manaus.am.gov.br\/manauscult\/praca-dom-pedro-2o-soumanaus-2025\/#breadcrumb","itemListElement":[{"@type":"ListItem","position":1,"name":"Home","item":"https:\/\/www.manaus.am.gov.br\/manauscult\/"},{"@type":"ListItem","position":2,"name":"M\u00fasica, cultura e conex\u00f5es movimentam a pra\u00e7a Dom Pedro 2\u00ba no \u00faltimo dia do \u2018#SouManaus Passo a Pa\u00e7o 2025\u2019"}]},{"@type":"WebSite","@id":"https:\/\/www.manaus.am.gov.br\/manauscult\/#website","url":"https:\/\/www.manaus.am.gov.br\/manauscult\/","name":"MANAUSCULT","description":"Prefeitura de Manaus","potentialAction":[{"@type":"SearchAction","target":{"@type":"EntryPoint","urlTemplate":"https:\/\/www.manaus.am.gov.br\/manauscult\/?s={search_term_string}"},"query-input":"required name=search_term_string"}],"inLanguage":"pt-BR"},{"@type":"Person","@id":"https:\/\/www.manaus.am.gov.br\/manauscult\/#\/schema\/person\/05d223aea2bf115f9883a6ff3683d81b","name":"Bruna Greco","image":{"@type":"ImageObject","inLanguage":"pt-BR","@id":"https:\/\/www.manaus.am.gov.br\/manauscult\/#\/schema\/person\/image\/","url":"https:\/\/secure.gravatar.com\/avatar\/9c877d1a6adc2a055330e5c09a8653ce?s=96&d=mm&r=g","contentUrl":"https:\/\/secure.gravatar.com\/avatar\/9c877d1a6adc2a055330e5c09a8653ce?s=96&d=mm&r=g","caption":"Bruna Greco"}}]}},"_links":{"self":[{"href":"https:\/\/www.manaus.am.gov.br\/manauscult\/wp-json\/wp\/v2\/posts\/4640"}],"collection":[{"href":"https:\/\/www.manaus.am.gov.br\/manauscult\/wp-json\/wp\/v2\/posts"}],"about":[{"href":"https:\/\/www.manaus.am.gov.br\/manauscult\/wp-json\/wp\/v2\/types\/post"}],"author":[{"embeddable":true,"href":"https:\/\/www.manaus.am.gov.br\/manauscult\/wp-json\/wp\/v2\/users\/39"}],"replies":[{"embeddable":true,"href":"https:\/\/www.manaus.am.gov.br\/manauscult\/wp-json\/wp\/v2\/comments?post=4640"}],"version-history":[{"count":1,"href":"https:\/\/www.manaus.am.gov.br\/manauscult\/wp-json\/wp\/v2\/posts\/4640\/revisions"}],"predecessor-version":[{"id":4643,"href":"https:\/\/www.manaus.am.gov.br\/manauscult\/wp-json\/wp\/v2\/posts\/4640\/revisions\/4643"}],"wp:featuredmedia":[{"embeddable":true,"href":"https:\/\/www.manaus.am.gov.br\/manauscult\/wp-json\/wp\/v2\/media\/4641"}],"wp:attachment":[{"href":"https:\/\/www.manaus.am.gov.br\/manauscult\/wp-json\/wp\/v2\/media?parent=4640"}],"wp:term":[{"taxonomy":"category","embeddable":true,"href":"https:\/\/www.manaus.am.gov.br\/manauscult\/wp-json\/wp\/v2\/categories?post=4640"},{"taxonomy":"post_tag","embeddable":true,"href":"https:\/\/www.manaus.am.gov.br\/manauscult\/wp-json\/wp\/v2\/tags?post=4640"}],"curies":[{"name":"wp","href":"https:\/\/api.w.org\/{rel}","templated":true}]}}